{"id":10027,"date":"2019-02-18T11:39:11","date_gmt":"2019-02-18T10:39:11","guid":{"rendered":"http:\/\/bautizoycomunion.com\/?p=10027"},"modified":"2020-02-15T23:07:29","modified_gmt":"2020-02-15T22:07:29","slug":"soy-la-madrina-en-un-bautizo-que-me-pongo","status":"publish","type":"post","link":"https:\/\/bautizoycomunion.com\/index.php\/2019\/02\/18\/soy-la-madrina-en-un-bautizo-que-me-pongo\/","title":{"rendered":"Soy la madrina en un Bautizo \u00bfque me pongo?"},"content":{"rendered":"<h1>Ideas de como vestir en un Bautizo<\/h1>\n<p>Empezamos ya la cuenta atr\u00e1s para la primavera y con ella llegan los <strong>Bautizos<\/strong>, esos eventos en los que no sabes muy bien si toca arreglarse mucho o no. Desde estas lineas,os invitamos a disfrutar de ese d\u00eda y de el placer de vestiros para una ocasi\u00f3n diferente.<\/p>\n<p><img loading=\"lazy\" decoding=\"async\" class=\"aligncenter size-full wp-image-10029\" src=\"http:\/\/bautizoycomunion.com\/wp-content\/uploads\/2019\/02\/soy-la-madrina-de-un-bautizo-que-me-pongo.jpg\" alt=\"madrina en un Bautizo que me pongo\" width=\"1200\" height=\"641\" srcset=\"https:\/\/bautizoycomunion.com\/wp-content\/uploads\/2019\/02\/soy-la-madrina-de-un-bautizo-que-me-pongo.jpg 1200w, https:\/\/bautizoycomunion.com\/wp-content\/uploads\/2019\/02\/soy-la-madrina-de-un-bautizo-que-me-pongo-300x160.jpg 300w, https:\/\/bautizoycomunion.com\/wp-content\/uploads\/2019\/02\/soy-la-madrina-de-un-bautizo-que-me-pongo-768x410.jpg 768w, https:\/\/bautizoycomunion.com\/wp-content\/uploads\/2019\/02\/soy-la-madrina-de-un-bautizo-que-me-pongo-1024x547.jpg 1024w\" sizes=\"auto, (max-width: 1200px) 100vw, 1200px\" \/><br \/>\nNo busqu\u00e9is looks complicados ni rebuscados. Valorad que un <strong>Bautizo<\/strong> siempre se celebra de d\u00eda y que generalmente de ma\u00f1ana o a primera hora de la tarde, por lo que si no quer\u00e9is caer en los cl\u00e1sicos t\u00f3picos, \u00edos a un vestuario sencillo, prendas que puedan servirte de fondo de armario y deleitaos en los complementos. Recuerda que el ni\u00f1o es el protagonista de este d\u00eda, y si en alg\u00fan momento lo coges, nunca debes quitarle protagonismo con tu ropa, as\u00ed que ni volantes ,ni vol\u00famenes.<\/p>\n<p><img loading=\"lazy\" decoding=\"async\" class=\"aligncenter size-full wp-image-10030\" src=\"http:\/\/bautizoycomunion.com\/wp-content\/uploads\/2019\/02\/que-ponerse-para-un-bautizo.jpg\" alt=\"tocados bautizo\" width=\"1200\" height=\"689\" srcset=\"https:\/\/bautizoycomunion.com\/wp-content\/uploads\/2019\/02\/que-ponerse-para-un-bautizo.jpg 1200w, https:\/\/bautizoycomunion.com\/wp-content\/uploads\/2019\/02\/que-ponerse-para-un-bautizo-300x172.jpg 300w, https:\/\/bautizoycomunion.com\/wp-content\/uploads\/2019\/02\/que-ponerse-para-un-bautizo-768x441.jpg 768w, https:\/\/bautizoycomunion.com\/wp-content\/uploads\/2019\/02\/que-ponerse-para-un-bautizo-1024x588.jpg 1024w\" sizes=\"auto, (max-width: 1200px) 100vw, 1200px\" \/><br \/>\nZapatos, bolso y un buen tocado o sombrero de no muy grandes dimensiones puede ser vuestro detalle perfecto. Quiz\u00e1 est\u00e9s pensando en el cl\u00e1sico broche de plumas o la cl\u00e1sica flor, pero si la Feria viene despu\u00e9s.<\/p>\n<p><img loading=\"lazy\" decoding=\"async\" class=\"aligncenter size-full wp-image-10031\" src=\"http:\/\/bautizoycomunion.com\/wp-content\/uploads\/2019\/02\/ideas-de-tocados-para-ponerse-en-una-Bautizo-o-Comunion.jpg\" alt=\"madrina tocados bautizo\" width=\"1200\" height=\"770\" srcset=\"https:\/\/bautizoycomunion.com\/wp-content\/uploads\/2019\/02\/ideas-de-tocados-para-ponerse-en-una-Bautizo-o-Comunion.jpg 1200w, https:\/\/bautizoycomunion.com\/wp-content\/uploads\/2019\/02\/ideas-de-tocados-para-ponerse-en-una-Bautizo-o-Comunion-300x193.jpg 300w, https:\/\/bautizoycomunion.com\/wp-content\/uploads\/2019\/02\/ideas-de-tocados-para-ponerse-en-una-Bautizo-o-Comunion-768x493.jpg 768w, https:\/\/bautizoycomunion.com\/wp-content\/uploads\/2019\/02\/ideas-de-tocados-para-ponerse-en-una-Bautizo-o-Comunion-1024x657.jpg 1024w\" sizes=\"auto, (max-width: 1200px) 100vw, 1200px\" \/><\/p>\n<p>Olv\u00eddate de ser discreta, aqu\u00ed es donde tienes que dar un paso al frente y arriesgarte con materiales y formas. Si el invierno es de terciopelos, fieltros y lanas, la primavera es m\u00e1s de sedas, organzas, encajes y finas pieles, por lo que apostar por un pillbox en seda y encaje o una diadema de fina piel de cabra o de plumas ser\u00e1 siempre un acierto. Para ello, <strong>la marca de artesan\u00eda sombrerera PGF<\/strong> os presenta algunas ideas que seguro os encantar\u00e1n. Ellas te har\u00e1n un asesoramiento personalizado para que encuentres la pieza que m\u00e1s te favorece y con la que te sentir\u00e1s especial. Y si lo prefieres puedes dise\u00f1arlo con ellas para que en cuesti\u00f3n de d\u00edas te lo fabriquen como m\u00e1s te guste. Piezas \u00fanicas que podr\u00e1s guardar como joyas y alg\u00fan d\u00eda \u00bfQui\u00e9n sabe si se lo podr\u00e1s prestar a tu hija en el <strong>Bautizo<\/strong> de tu nieto?<\/p>\n<p><img loading=\"lazy\" decoding=\"async\" class=\"aligncenter size-full wp-image-10032\" src=\"http:\/\/bautizoycomunion.com\/wp-content\/uploads\/2019\/02\/que-ponerse-para-una-comunion.jpg\" alt=\"como vestirse para un Bautizo\" width=\"1535\" height=\"1025\" srcset=\"https:\/\/bautizoycomunion.com\/wp-content\/uploads\/2019\/02\/que-ponerse-para-una-comunion.jpg 1535w, https:\/\/bautizoycomunion.com\/wp-content\/uploads\/2019\/02\/que-ponerse-para-una-comunion-300x200.jpg 300w, https:\/\/bautizoycomunion.com\/wp-content\/uploads\/2019\/02\/que-ponerse-para-una-comunion-768x513.jpg 768w, https:\/\/bautizoycomunion.com\/wp-content\/uploads\/2019\/02\/que-ponerse-para-una-comunion-1024x684.jpg 1024w\" sizes=\"auto, (max-width: 1535px) 100vw, 1535px\" \/><\/p>\n<p>Joyer\u00eda de&nbsp;<a href=\"https:\/\/limonae.com\/45-joyas-personalizadas-para-mujer\" target=\"_blank\" rel=\"noopener noreferrer\">Limonae<\/a><\/p>\n<p>Tocados artesanales de&nbsp;<a href=\"https:\/\/pgfontanals.wixsite.com\/pgfontanals\" target=\"_blank\" rel=\"noopener noreferrer\">PGF<\/a><\/p>\n<p>Fotograf\u00edas de&nbsp;<a href=\"https:\/\/www.instagram.com\/taillefer_photography\/\" target=\"_blank\" rel=\"noopener noreferrer\">Mar Taillefer<\/a><\/p>\n<p>No lo dudes y en los pr\u00f3ximos&nbsp;<strong>Bautizos y Comuniones<\/strong>&nbsp;pon el punto chic a tu&nbsp;<strong>look<\/strong>&nbsp;con el complemento&nbsp;<strong>m\u00e1s elegante<\/strong>&nbsp;de la moda y deja que te recuerden para siempre.<\/p>\n","protected":false},"excerpt":{"rendered":"<p>Ideas de como vestir en un Bautizo Empezamos ya la cuenta atr\u00e1s para la primavera y con ella llegan los Bautizos, esos eventos en los que no sabes muy bien si toca arreglarse mucho o no. Desde estas lineas,os invitamos a disfrutar de ese d\u00eda y de el placer de &hellip; <a class=\"more-link\" href=\"https:\/\/bautizoycomunion.com\/index.php\/2019\/02\/18\/soy-la-madrina-en-un-bautizo-que-me-pongo\/\"><span class=\"more-msg\">Sigue leyendo &rarr;<\/span><\/a><\/p>\n","protected":false},"author":1,"featured_media":10030,"comment_status":"closed","ping_status":"open","sticky":false,"template":"","format":"standard","meta":{"footnotes":""},"categories":[1111],"tags":[1223,877,878,1224],"class_list":["post-10027","post","type-post","status-publish","format-standard","has-post-thumbnail","hentry","category-diademas-bautizo","tag-madrina","tag-tocados","tag-tocados-bautizo","tag-tocados-madrina"],"yoast_head":"<!-- This site is optimized with the Yoast SEO plugin v26.1.1 - https:\/\/yoast.com\/wordpress\/plugins\/seo\/ -->\n<title>Soy la madrina en un Bautizo \u00bfque me pongo? &#8211; Bautizo y Comunion<\/title>\n<meta name=\"robots\" content=\"index, follow, max-snippet:-1, max-image-preview:large, max-video-preview:-1\" \/>\n<link rel=\"canonical\" href=\"https:\/\/bautizoycomunion.com\/index.php\/2019\/02\/18\/soy-la-madrina-en-un-bautizo-que-me-pongo\/\" \/>\n<meta property=\"og:locale\" content=\"es_ES\" \/>\n<meta property=\"og:type\" content=\"article\" \/>\n<meta property=\"og:title\" content=\"Soy la madrina en un Bautizo \u00bfque me pongo? &#8211; Bautizo y Comunion\" \/>\n<meta property=\"og:description\" content=\"Ideas de como vestir en un Bautizo Empezamos ya la cuenta atr\u00e1s para la primavera y con ella llegan los Bautizos, esos eventos en los que no sabes muy bien si toca arreglarse mucho o no. Desde estas lineas,os invitamos a disfrutar de ese d\u00eda y de el placer de &hellip; Sigue leyendo &rarr;\" \/>\n<meta property=\"og:url\" content=\"https:\/\/bautizoycomunion.com\/index.php\/2019\/02\/18\/soy-la-madrina-en-un-bautizo-que-me-pongo\/\" \/>\n<meta property=\"og:site_name\" content=\"Bautizo y Comunion\" \/>\n<meta property=\"article:publisher\" content=\"https:\/\/www.facebook.com\/BautizosyComuniones\" \/>\n<meta property=\"article:published_time\" content=\"2019-02-18T10:39:11+00:00\" \/>\n<meta property=\"article:modified_time\" content=\"2020-02-15T22:07:29+00:00\" \/>\n<meta property=\"og:image\" content=\"https:\/\/bautizoycomunion.com\/wp-content\/uploads\/2019\/02\/que-ponerse-para-un-bautizo.jpg\" \/>\n\t<meta property=\"og:image:width\" content=\"1200\" \/>\n\t<meta property=\"og:image:height\" content=\"689\" \/>\n\t<meta property=\"og:image:type\" content=\"image\/jpeg\" \/>\n<meta name=\"author\" content=\"Mar\" \/>\n<meta name=\"twitter:card\" content=\"summary_large_image\" \/>\n<meta name=\"twitter:creator\" content=\"@BautizoComunion\" \/>\n<meta name=\"twitter:site\" content=\"@BautizoComunion\" \/>\n<meta name=\"twitter:label1\" content=\"Escrito por\" \/>\n\t<meta name=\"twitter:data1\" content=\"Mar\" \/>\n\t<meta name=\"twitter:label2\" content=\"Tiempo de lectura\" \/>\n\t<meta name=\"twitter:data2\" content=\"2 minutos\" \/>\n<script type=\"application\/ld+json\" class=\"yoast-schema-graph\">{\"@context\":\"https:\/\/schema.org\",\"@graph\":[{\"@type\":\"Article\",\"@id\":\"https:\/\/bautizoycomunion.com\/index.php\/2019\/02\/18\/soy-la-madrina-en-un-bautizo-que-me-pongo\/#article\",\"isPartOf\":{\"@id\":\"https:\/\/bautizoycomunion.com\/index.php\/2019\/02\/18\/soy-la-madrina-en-un-bautizo-que-me-pongo\/\"},\"author\":{\"name\":\"Mar\",\"@id\":\"https:\/\/bautizoycomunion.com\/#\/schema\/person\/12e57d2607b3ab06cbc6c8a7f65949d6\"},\"headline\":\"Soy la madrina en un Bautizo \u00bfque me pongo?\",\"datePublished\":\"2019-02-18T10:39:11+00:00\",\"dateModified\":\"2020-02-15T22:07:29+00:00\",\"mainEntityOfPage\":{\"@id\":\"https:\/\/bautizoycomunion.com\/index.php\/2019\/02\/18\/soy-la-madrina-en-un-bautizo-que-me-pongo\/\"},\"wordCount\":428,\"publisher\":{\"@id\":\"https:\/\/bautizoycomunion.com\/#organization\"},\"image\":{\"@id\":\"https:\/\/bautizoycomunion.com\/index.php\/2019\/02\/18\/soy-la-madrina-en-un-bautizo-que-me-pongo\/#primaryimage\"},\"thumbnailUrl\":\"https:\/\/bautizoycomunion.com\/wp-content\/uploads\/2019\/02\/que-ponerse-para-un-bautizo.jpg\",\"keywords\":[\"madrina\",\"tocados\",\"tocados Bautizo\",\"tocados madrina\"],\"articleSection\":[\"Diademas para Bautizo\"],\"inLanguage\":\"es\"},{\"@type\":\"WebPage\",\"@id\":\"https:\/\/bautizoycomunion.com\/index.php\/2019\/02\/18\/soy-la-madrina-en-un-bautizo-que-me-pongo\/\",\"url\":\"https:\/\/bautizoycomunion.com\/index.php\/2019\/02\/18\/soy-la-madrina-en-un-bautizo-que-me-pongo\/\",\"name\":\"Soy la madrina en un Bautizo \u00bfque me pongo? &#8211; Bautizo y Comunion\",\"isPartOf\":{\"@id\":\"https:\/\/bautizoycomunion.com\/#website\"},\"primaryImageOfPage\":{\"@id\":\"https:\/\/bautizoycomunion.com\/index.php\/2019\/02\/18\/soy-la-madrina-en-un-bautizo-que-me-pongo\/#primaryimage\"},\"image\":{\"@id\":\"https:\/\/bautizoycomunion.com\/index.php\/2019\/02\/18\/soy-la-madrina-en-un-bautizo-que-me-pongo\/#primaryimage\"},\"thumbnailUrl\":\"https:\/\/bautizoycomunion.com\/wp-content\/uploads\/2019\/02\/que-ponerse-para-un-bautizo.jpg\",\"datePublished\":\"2019-02-18T10:39:11+00:00\",\"dateModified\":\"2020-02-15T22:07:29+00:00\",\"breadcrumb\":{\"@id\":\"https:\/\/bautizoycomunion.com\/index.php\/2019\/02\/18\/soy-la-madrina-en-un-bautizo-que-me-pongo\/#breadcrumb\"},\"inLanguage\":\"es\",\"potentialAction\":[{\"@type\":\"ReadAction\",\"target\":[\"https:\/\/bautizoycomunion.com\/index.php\/2019\/02\/18\/soy-la-madrina-en-un-bautizo-que-me-pongo\/\"]}]},{\"@type\":\"ImageObject\",\"inLanguage\":\"es\",\"@id\":\"https:\/\/bautizoycomunion.com\/index.php\/2019\/02\/18\/soy-la-madrina-en-un-bautizo-que-me-pongo\/#primaryimage\",\"url\":\"https:\/\/bautizoycomunion.com\/wp-content\/uploads\/2019\/02\/que-ponerse-para-un-bautizo.jpg\",\"contentUrl\":\"https:\/\/bautizoycomunion.com\/wp-content\/uploads\/2019\/02\/que-ponerse-para-un-bautizo.jpg\",\"width\":1200,\"height\":689,\"caption\":\"tocados bautizo\"},{\"@type\":\"BreadcrumbList\",\"@id\":\"https:\/\/bautizoycomunion.com\/index.php\/2019\/02\/18\/soy-la-madrina-en-un-bautizo-que-me-pongo\/#breadcrumb\",\"itemListElement\":[{\"@type\":\"ListItem\",\"position\":1,\"name\":\"Portada\",\"item\":\"https:\/\/bautizoycomunion.com\/\"},{\"@type\":\"ListItem\",\"position\":2,\"name\":\"Soy la madrina en un Bautizo \u00bfque me pongo?\"}]},{\"@type\":\"WebSite\",\"@id\":\"https:\/\/bautizoycomunion.com\/#website\",\"url\":\"https:\/\/bautizoycomunion.com\/\",\"name\":\"Bautizo y Comunion\",\"description\":\"\",\"publisher\":{\"@id\":\"https:\/\/bautizoycomunion.com\/#organization\"},\"potentialAction\":[{\"@type\":\"SearchAction\",\"target\":{\"@type\":\"EntryPoint\",\"urlTemplate\":\"https:\/\/bautizoycomunion.com\/?s={search_term_string}\"},\"query-input\":{\"@type\":\"PropertyValueSpecification\",\"valueRequired\":true,\"valueName\":\"search_term_string\"}}],\"inLanguage\":\"es\"},{\"@type\":\"Organization\",\"@id\":\"https:\/\/bautizoycomunion.com\/#organization\",\"name\":\"Bautizo y Comunion\",\"url\":\"https:\/\/bautizoycomunion.com\/\",\"logo\":{\"@type\":\"ImageObject\",\"inLanguage\":\"es\",\"@id\":\"https:\/\/bautizoycomunion.com\/#\/schema\/logo\/image\/\",\"url\":\"https:\/\/bautizoycomunion.com\/wp-content\/uploads\/2020\/02\/logo-bautizo-y-comunion.jpg\",\"contentUrl\":\"https:\/\/bautizoycomunion.com\/wp-content\/uploads\/2020\/02\/logo-bautizo-y-comunion.jpg\",\"width\":128,\"height\":128,\"caption\":\"Bautizo y Comunion\"},\"image\":{\"@id\":\"https:\/\/bautizoycomunion.com\/#\/schema\/logo\/image\/\"},\"sameAs\":[\"https:\/\/www.facebook.com\/BautizosyComuniones\",\"https:\/\/x.com\/BautizoComunion\",\"https:\/\/www.instagram.com\/bautizoycomunion\/\",\"https:\/\/www.pinterest.es\/BautizoComunion\/\",\"https:\/\/www.youtube.com\/user\/BautizoyComunionTV\"]},{\"@type\":\"Person\",\"@id\":\"https:\/\/bautizoycomunion.com\/#\/schema\/person\/12e57d2607b3ab06cbc6c8a7f65949d6\",\"name\":\"Mar\",\"image\":{\"@type\":\"ImageObject\",\"inLanguage\":\"es\",\"@id\":\"https:\/\/bautizoycomunion.com\/#\/schema\/person\/image\/\",\"url\":\"https:\/\/secure.gravatar.com\/avatar\/71e69d02c62d24b5ab647c982f7ab3d63ba828e112128713a54d5890a8fa5610?s=96&d=mm&r=g\",\"contentUrl\":\"https:\/\/secure.gravatar.com\/avatar\/71e69d02c62d24b5ab647c982f7ab3d63ba828e112128713a54d5890a8fa5610?s=96&d=mm&r=g\",\"caption\":\"Mar\"}}]}<\/script>\n<!-- \/ Yoast SEO plugin. -->","yoast_head_json":{"title":"Soy la madrina en un Bautizo \u00bfque me pongo? &#8211; Bautizo y Comunion","robots":{"index":"index","follow":"follow","max-snippet":"max-snippet:-1","max-image-preview":"max-image-preview:large","max-video-preview":"max-video-preview:-1"},"canonical":"https:\/\/bautizoycomunion.com\/index.php\/2019\/02\/18\/soy-la-madrina-en-un-bautizo-que-me-pongo\/","og_locale":"es_ES","og_type":"article","og_title":"Soy la madrina en un Bautizo \u00bfque me pongo? &#8211; Bautizo y Comunion","og_description":"Ideas de como vestir en un Bautizo Empezamos ya la cuenta atr\u00e1s para la primavera y con ella llegan los Bautizos, esos eventos en los que no sabes muy bien si toca arreglarse mucho o no. Desde estas lineas,os invitamos a disfrutar de ese d\u00eda y de el placer de &hellip; Sigue leyendo &rarr;","og_url":"https:\/\/bautizoycomunion.com\/index.php\/2019\/02\/18\/soy-la-madrina-en-un-bautizo-que-me-pongo\/","og_site_name":"Bautizo y Comunion","article_publisher":"https:\/\/www.facebook.com\/BautizosyComuniones","article_published_time":"2019-02-18T10:39:11+00:00","article_modified_time":"2020-02-15T22:07:29+00:00","og_image":[{"width":1200,"height":689,"url":"https:\/\/bautizoycomunion.com\/wp-content\/uploads\/2019\/02\/que-ponerse-para-un-bautizo.jpg","type":"image\/jpeg"}],"author":"Mar","twitter_card":"summary_large_image","twitter_creator":"@BautizoComunion","twitter_site":"@BautizoComunion","twitter_misc":{"Escrito por":"Mar","Tiempo de lectura":"2 minutos"},"schema":{"@context":"https:\/\/schema.org","@graph":[{"@type":"Article","@id":"https:\/\/bautizoycomunion.com\/index.php\/2019\/02\/18\/soy-la-madrina-en-un-bautizo-que-me-pongo\/#article","isPartOf":{"@id":"https:\/\/bautizoycomunion.com\/index.php\/2019\/02\/18\/soy-la-madrina-en-un-bautizo-que-me-pongo\/"},"author":{"name":"Mar","@id":"https:\/\/bautizoycomunion.com\/#\/schema\/person\/12e57d2607b3ab06cbc6c8a7f65949d6"},"headline":"Soy la madrina en un Bautizo \u00bfque me pongo?","datePublished":"2019-02-18T10:39:11+00:00","dateModified":"2020-02-15T22:07:29+00:00","mainEntityOfPage":{"@id":"https:\/\/bautizoycomunion.com\/index.php\/2019\/02\/18\/soy-la-madrina-en-un-bautizo-que-me-pongo\/"},"wordCount":428,"publisher":{"@id":"https:\/\/bautizoycomunion.com\/#organization"},"image":{"@id":"https:\/\/bautizoycomunion.com\/index.php\/2019\/02\/18\/soy-la-madrina-en-un-bautizo-que-me-pongo\/#primaryimage"},"thumbnailUrl":"https:\/\/bautizoycomunion.com\/wp-content\/uploads\/2019\/02\/que-ponerse-para-un-bautizo.jpg","keywords":["madrina","tocados","tocados Bautizo","tocados madrina"],"articleSection":["Diademas para Bautizo"],"inLanguage":"es"},{"@type":"WebPage","@id":"https:\/\/bautizoycomunion.com\/index.php\/2019\/02\/18\/soy-la-madrina-en-un-bautizo-que-me-pongo\/","url":"https:\/\/bautizoycomunion.com\/index.php\/2019\/02\/18\/soy-la-madrina-en-un-bautizo-que-me-pongo\/","name":"Soy la madrina en un Bautizo \u00bfque me pongo? &#8211; Bautizo y Comunion","isPartOf":{"@id":"https:\/\/bautizoycomunion.com\/#website"},"primaryImageOfPage":{"@id":"https:\/\/bautizoycomunion.com\/index.php\/2019\/02\/18\/soy-la-madrina-en-un-bautizo-que-me-pongo\/#primaryimage"},"image":{"@id":"https:\/\/bautizoycomunion.com\/index.php\/2019\/02\/18\/soy-la-madrina-en-un-bautizo-que-me-pongo\/#primaryimage"},"thumbnailUrl":"https:\/\/bautizoycomunion.com\/wp-content\/uploads\/2019\/02\/que-ponerse-para-un-bautizo.jpg","datePublished":"2019-02-18T10:39:11+00:00","dateModified":"2020-02-15T22:07:29+00:00","breadcrumb":{"@id":"https:\/\/bautizoycomunion.com\/index.php\/2019\/02\/18\/soy-la-madrina-en-un-bautizo-que-me-pongo\/#breadcrumb"},"inLanguage":"es","potentialAction":[{"@type":"ReadAction","target":["https:\/\/bautizoycomunion.com\/index.php\/2019\/02\/18\/soy-la-madrina-en-un-bautizo-que-me-pongo\/"]}]},{"@type":"ImageObject","inLanguage":"es","@id":"https:\/\/bautizoycomunion.com\/index.php\/2019\/02\/18\/soy-la-madrina-en-un-bautizo-que-me-pongo\/#primaryimage","url":"https:\/\/bautizoycomunion.com\/wp-content\/uploads\/2019\/02\/que-ponerse-para-un-bautizo.jpg","contentUrl":"https:\/\/bautizoycomunion.com\/wp-content\/uploads\/2019\/02\/que-ponerse-para-un-bautizo.jpg","width":1200,"height":689,"caption":"tocados bautizo"},{"@type":"BreadcrumbList","@id":"https:\/\/bautizoycomunion.com\/index.php\/2019\/02\/18\/soy-la-madrina-en-un-bautizo-que-me-pongo\/#breadcrumb","itemListElement":[{"@type":"ListItem","position":1,"name":"Portada","item":"https:\/\/bautizoycomunion.com\/"},{"@type":"ListItem","position":2,"name":"Soy la madrina en un Bautizo \u00bfque me pongo?"}]},{"@type":"WebSite","@id":"https:\/\/bautizoycomunion.com\/#website","url":"https:\/\/bautizoycomunion.com\/","name":"Bautizo y Comunion","description":"","publisher":{"@id":"https:\/\/bautizoycomunion.com\/#organization"},"potentialAction":[{"@type":"SearchAction","target":{"@type":"EntryPoint","urlTemplate":"https:\/\/bautizoycomunion.com\/?s={search_term_string}"},"query-input":{"@type":"PropertyValueSpecification","valueRequired":true,"valueName":"search_term_string"}}],"inLanguage":"es"},{"@type":"Organization","@id":"https:\/\/bautizoycomunion.com\/#organization","name":"Bautizo y Comunion","url":"https:\/\/bautizoycomunion.com\/","logo":{"@type":"ImageObject","inLanguage":"es","@id":"https:\/\/bautizoycomunion.com\/#\/schema\/logo\/image\/","url":"https:\/\/bautizoycomunion.com\/wp-content\/uploads\/2020\/02\/logo-bautizo-y-comunion.jpg","contentUrl":"https:\/\/bautizoycomunion.com\/wp-content\/uploads\/2020\/02\/logo-bautizo-y-comunion.jpg","width":128,"height":128,"caption":"Bautizo y Comunion"},"image":{"@id":"https:\/\/bautizoycomunion.com\/#\/schema\/logo\/image\/"},"sameAs":["https:\/\/www.facebook.com\/BautizosyComuniones","https:\/\/x.com\/BautizoComunion","https:\/\/www.instagram.com\/bautizoycomunion\/","https:\/\/www.pinterest.es\/BautizoComunion\/","https:\/\/www.youtube.com\/user\/BautizoyComunionTV"]},{"@type":"Person","@id":"https:\/\/bautizoycomunion.com\/#\/schema\/person\/12e57d2607b3ab06cbc6c8a7f65949d6","name":"Mar","image":{"@type":"ImageObject","inLanguage":"es","@id":"https:\/\/bautizoycomunion.com\/#\/schema\/person\/image\/","url":"https:\/\/secure.gravatar.com\/avatar\/71e69d02c62d24b5ab647c982f7ab3d63ba828e112128713a54d5890a8fa5610?s=96&d=mm&r=g","contentUrl":"https:\/\/secure.gravatar.com\/avatar\/71e69d02c62d24b5ab647c982f7ab3d63ba828e112128713a54d5890a8fa5610?s=96&d=mm&r=g","caption":"Mar"}}]}},"_links":{"self":[{"href":"https:\/\/bautizoycomunion.com\/index.php\/wp-json\/wp\/v2\/posts\/10027","targetHints":{"allow":["GET"]}}],"collection":[{"href":"https:\/\/bautizoycomunion.com\/index.php\/wp-json\/wp\/v2\/posts"}],"about":[{"href":"https:\/\/bautizoycomunion.com\/index.php\/wp-json\/wp\/v2\/types\/post"}],"author":[{"embeddable":true,"href":"https:\/\/bautizoycomunion.com\/index.php\/wp-json\/wp\/v2\/users\/1"}],"replies":[{"embeddable":true,"href":"https:\/\/bautizoycomunion.com\/index.php\/wp-json\/wp\/v2\/comments?post=10027"}],"version-history":[{"count":3,"href":"https:\/\/bautizoycomunion.com\/index.php\/wp-json\/wp\/v2\/posts\/10027\/revisions"}],"predecessor-version":[{"id":10583,"href":"https:\/\/bautizoycomunion.com\/index.php\/wp-json\/wp\/v2\/posts\/10027\/revisions\/10583"}],"wp:featuredmedia":[{"embeddable":true,"href":"https:\/\/bautizoycomunion.com\/index.php\/wp-json\/wp\/v2\/media\/10030"}],"wp:attachment":[{"href":"https:\/\/bautizoycomunion.com\/index.php\/wp-json\/wp\/v2\/media?parent=10027"}],"wp:term":[{"taxonomy":"category","embeddable":true,"href":"https:\/\/bautizoycomunion.com\/index.php\/wp-json\/wp\/v2\/categories?post=10027"},{"taxonomy":"post_tag","embeddable":true,"href":"https:\/\/bautizoycomunion.com\/index.php\/wp-json\/wp\/v2\/tags?post=10027"}],"curies":[{"name":"wp","href":"https:\/\/api.w.org\/{rel}","templated":true}]}}