{"id":10035,"date":"2019-03-11T11:17:56","date_gmt":"2019-03-11T10:17:56","guid":{"rendered":"http:\/\/bautizoycomunion.com\/?p=10035"},"modified":"2020-02-15T23:02:15","modified_gmt":"2020-02-15T22:02:15","slug":"consejos-para-vestir-en-una-comunion-look-de-invitada","status":"publish","type":"post","link":"https:\/\/bautizoycomunion.com\/index.php\/2019\/03\/11\/consejos-para-vestir-en-una-comunion-look-de-invitada\/","title":{"rendered":"Consejos para vestir en una comuni\u00f3n: look de invitada"},"content":{"rendered":"<h1 class=\"LC20lb\">Ideas para vestirse en una Primera Comuni\u00f3n<\/h1>\n<p>Llega el buen tiempo y con ello la \u00e9poca de <strong>Comuniones<\/strong> y este a\u00f1o ha llegado ese momento que tem\u00edas y deseabas a partes casi iguales: la comuni\u00f3n de tu hija o hijo. \u00bfY tu, que te vas a poner?<\/p>\n<p><img loading=\"lazy\" decoding=\"async\" class=\"aligncenter wp-image-10036 size-full\" title=\"que me pongo para una primera comunion\" src=\"http:\/\/bautizoycomunion.com\/wp-content\/uploads\/2019\/02\/que-me-pongo-para-una-primera-comunion.jpg\" alt=\"como ir vestida en una comunion\" width=\"1200\" height=\"519\" srcset=\"https:\/\/bautizoycomunion.com\/wp-content\/uploads\/2019\/02\/que-me-pongo-para-una-primera-comunion.jpg 1200w, https:\/\/bautizoycomunion.com\/wp-content\/uploads\/2019\/02\/que-me-pongo-para-una-primera-comunion-300x130.jpg 300w, https:\/\/bautizoycomunion.com\/wp-content\/uploads\/2019\/02\/que-me-pongo-para-una-primera-comunion-768x332.jpg 768w, https:\/\/bautizoycomunion.com\/wp-content\/uploads\/2019\/02\/que-me-pongo-para-una-primera-comunion-1024x443.jpg 1024w\" sizes=\"auto, (max-width: 1200px) 100vw, 1200px\" \/><\/p>\n<h1 class=\"LC20lb\">Aciertos y errores para vestirse con estilo en una comuni\u00f3n<\/h1>\n<p>Es cierto que las comuniones han evolucionado mucho aunque no en el fondo, si en la forma y elegir el vestido de comuni\u00f3n de tu hija es casi equiparable a la elecci\u00f3n del vestido de novia. El tuyo debe ser uno mucho m\u00e1s sencillo. Recuerda que la protagonista es tu hija.<\/p>\n<p><img loading=\"lazy\" decoding=\"async\" class=\"aligncenter wp-image-10032 size-full\" title=\"look invitada comunion\" src=\"http:\/\/bautizoycomunion.com\/wp-content\/uploads\/2019\/02\/que-ponerse-para-una-comunion.jpg\" alt=\"como vestirse para un Bautizo\" width=\"1535\" height=\"1025\" srcset=\"https:\/\/bautizoycomunion.com\/wp-content\/uploads\/2019\/02\/que-ponerse-para-una-comunion.jpg 1535w, https:\/\/bautizoycomunion.com\/wp-content\/uploads\/2019\/02\/que-ponerse-para-una-comunion-300x200.jpg 300w, https:\/\/bautizoycomunion.com\/wp-content\/uploads\/2019\/02\/que-ponerse-para-una-comunion-768x513.jpg 768w, https:\/\/bautizoycomunion.com\/wp-content\/uploads\/2019\/02\/que-ponerse-para-una-comunion-1024x684.jpg 1024w\" sizes=\"auto, (max-width: 1535px) 100vw, 1535px\" \/><\/p>\n<p>Un traje de chaqueta o un vestido en tonos claros ser\u00e1 perfecto para esa ocasi\u00f3n. Siendo una celebraci\u00f3n de d\u00eda es importante que huyamos de tonos muy oscuros y por supuesto de brillos. Ahora bien, \u00bfte has planteado adornar tu look con algun complemento elegante que marque tu personalidad?<\/p>\n<p>Hemos encontrado en <strong>la marca PGF<\/strong> una versi\u00f3n actualizada de tocados y adornos para el pelo, incluyendo versiones en fina piel de cabra, cristal e incluso plumas que sin duda complementan aquellos looks m\u00e1s desenfadados y alegres. Sombreros inspirados en los a\u00f1os 50\/60.<\/p>\n<p>Medias capotas de paja trenzada o sus caracteristicos medios turbantes de organza, que dan un toque diferente y actual a tu vestido o traje.<\/p>\n<h1>Tocados para invitadas<\/h1>\n<p><img loading=\"lazy\" decoding=\"async\" class=\"aligncenter wp-image-10031 size-full\" title=\"tocados originales artesanales especiales\" src=\"http:\/\/bautizoycomunion.com\/wp-content\/uploads\/2019\/02\/ideas-de-tocados-para-ponerse-en-una-Bautizo-o-Comunion.jpg\" alt=\"madrina tocados bautizo o comunion\" width=\"1200\" height=\"770\" srcset=\"https:\/\/bautizoycomunion.com\/wp-content\/uploads\/2019\/02\/ideas-de-tocados-para-ponerse-en-una-Bautizo-o-Comunion.jpg 1200w, https:\/\/bautizoycomunion.com\/wp-content\/uploads\/2019\/02\/ideas-de-tocados-para-ponerse-en-una-Bautizo-o-Comunion-300x193.jpg 300w, https:\/\/bautizoycomunion.com\/wp-content\/uploads\/2019\/02\/ideas-de-tocados-para-ponerse-en-una-Bautizo-o-Comunion-768x493.jpg 768w, https:\/\/bautizoycomunion.com\/wp-content\/uploads\/2019\/02\/ideas-de-tocados-para-ponerse-en-una-Bautizo-o-Comunion-1024x657.jpg 1024w\" sizes=\"auto, (max-width: 1200px) 100vw, 1200px\" \/><\/p>\n<p>En <strong>PGF<\/strong>, todos los productos son trabajados a mano y de forma totalmente artesanal, por lo que te ofrece adem\u00e1s un impecable servicio personalizado con el que puedes dise\u00f1ar con ellas tu idea o la de tu hija, de forma que bajo su asesoramiento podr\u00e1s tener tu pieza \u00fanica para ese d\u00eda y que tu hija se sienta tan especial como se merece.<\/p>\n<p><img loading=\"lazy\" decoding=\"async\" class=\"aligncenter wp-image-10038 size-full\" title=\"tocados para comunion\" src=\"http:\/\/bautizoycomunion.com\/wp-content\/uploads\/2019\/02\/Ideas-para-vestirse-en-una-Primera-Comuni\u00f3n.jpg\" alt=\"tocados artesanales\" width=\"1200\" height=\"726\" srcset=\"https:\/\/bautizoycomunion.com\/wp-content\/uploads\/2019\/02\/Ideas-para-vestirse-en-una-Primera-Comuni\u00f3n.jpg 1200w, https:\/\/bautizoycomunion.com\/wp-content\/uploads\/2019\/02\/Ideas-para-vestirse-en-una-Primera-Comuni\u00f3n-300x182.jpg 300w, https:\/\/bautizoycomunion.com\/wp-content\/uploads\/2019\/02\/Ideas-para-vestirse-en-una-Primera-Comuni\u00f3n-768x465.jpg 768w, https:\/\/bautizoycomunion.com\/wp-content\/uploads\/2019\/02\/Ideas-para-vestirse-en-una-Primera-Comuni\u00f3n-1024x620.jpg 1024w\" sizes=\"auto, (max-width: 1200px) 100vw, 1200px\" \/><\/p>\n<p><img loading=\"lazy\" decoding=\"async\" class=\"aligncenter wp-image-10040 size-full\" title=\"look invitada comunion. que me pongo para una comunion\" src=\"http:\/\/bautizoycomunion.com\/wp-content\/uploads\/2019\/02\/tocado-madrina-bautizo.jpg\" alt=\"tocados artesanales\" width=\"1200\" height=\"1200\" srcset=\"https:\/\/bautizoycomunion.com\/wp-content\/uploads\/2019\/02\/tocado-madrina-bautizo.jpg 1200w, https:\/\/bautizoycomunion.com\/wp-content\/uploads\/2019\/02\/tocado-madrina-bautizo-150x150.jpg 150w, https:\/\/bautizoycomunion.com\/wp-content\/uploads\/2019\/02\/tocado-madrina-bautizo-300x300.jpg 300w, https:\/\/bautizoycomunion.com\/wp-content\/uploads\/2019\/02\/tocado-madrina-bautizo-768x768.jpg 768w, https:\/\/bautizoycomunion.com\/wp-content\/uploads\/2019\/02\/tocado-madrina-bautizo-1024x1024.jpg 1024w\" sizes=\"auto, (max-width: 1200px) 100vw, 1200px\" \/><\/p>\n<p>&nbsp;<\/p>\n<p><a href=\"https:\/\/limonae.com\/45-joyas-personalizadas-para-mujer\" target=\"_blank\" rel=\"noopener noreferrer\"><img loading=\"lazy\" decoding=\"async\" class=\"aligncenter wp-image-10017 size-full\" title=\"collar aro de oro grabado\" src=\"http:\/\/bautizoycomunion.com\/wp-content\/uploads\/2019\/01\/complementos-para-vestirse-para-un-Bautizo-o-Comunion.jpg\" alt=\"como vestirse para un Bautizo o Comunion\" width=\"1200\" height=\"1200\" srcset=\"https:\/\/bautizoycomunion.com\/wp-content\/uploads\/2019\/01\/complementos-para-vestirse-para-un-Bautizo-o-Comunion.jpg 1200w, https:\/\/bautizoycomunion.com\/wp-content\/uploads\/2019\/01\/complementos-para-vestirse-para-un-Bautizo-o-Comunion-150x150.jpg 150w, https:\/\/bautizoycomunion.com\/wp-content\/uploads\/2019\/01\/complementos-para-vestirse-para-un-Bautizo-o-Comunion-300x300.jpg 300w, https:\/\/bautizoycomunion.com\/wp-content\/uploads\/2019\/01\/complementos-para-vestirse-para-un-Bautizo-o-Comunion-768x768.jpg 768w, https:\/\/bautizoycomunion.com\/wp-content\/uploads\/2019\/01\/complementos-para-vestirse-para-un-Bautizo-o-Comunion-1024x1024.jpg 1024w\" sizes=\"auto, (max-width: 1200px) 100vw, 1200px\" \/><\/a><\/p>\n<p>Adem\u00e1s de un tocado puedes completar tu look con una peque\u00f1a joya como las que nos ofrece Limonae, joyer\u00eda online donde podr\u00e1s encontrar un mont\u00f3n de piezas en plata y en oro, pulseras, colgantes&#8230; y lo mejor que las graban con los nombres o iniciales que quieras.<\/p>\n<p>En la foto de arriba podemos ver un colgante de oro en forma de aro con una frase especial grabada. En la foto de abajo vemos una estrella de plata ba\u00f1ada en oro con una inicial grabada.<\/p>\n<p><a href=\"https:\/\/limonae.com\/45-joyas-personalizadas-para-mujer\" target=\"_blank\" rel=\"noopener noreferrer\"><img loading=\"lazy\" decoding=\"async\" class=\"aligncenter wp-image-10037 size-full\" title=\"estrella de plata ba\u00f1ada en oro grabada\" src=\"http:\/\/bautizoycomunion.com\/wp-content\/uploads\/2019\/02\/colgante-estrella-de-oro.jpg\" alt=\"que me pongo para la comunion de mi hijo o hija\" width=\"1200\" height=\"1200\" srcset=\"https:\/\/bautizoycomunion.com\/wp-content\/uploads\/2019\/02\/colgante-estrella-de-oro.jpg 1200w, https:\/\/bautizoycomunion.com\/wp-content\/uploads\/2019\/02\/colgante-estrella-de-oro-150x150.jpg 150w, https:\/\/bautizoycomunion.com\/wp-content\/uploads\/2019\/02\/colgante-estrella-de-oro-300x300.jpg 300w, https:\/\/bautizoycomunion.com\/wp-content\/uploads\/2019\/02\/colgante-estrella-de-oro-768x768.jpg 768w, https:\/\/bautizoycomunion.com\/wp-content\/uploads\/2019\/02\/colgante-estrella-de-oro-1024x1024.jpg 1024w\" sizes=\"auto, (max-width: 1200px) 100vw, 1200px\" \/><\/a><\/p>\n<p>&nbsp;<\/p>\n<p>Joyer\u00eda de&nbsp;<a href=\"https:\/\/limonae.com\/45-joyas-personalizadas-para-mujer\" target=\"_blank\" rel=\"noopener noreferrer\">Limonae<\/a><\/p>\n<p>Tocados artesanales de&nbsp;<a href=\"https:\/\/pgfontanals.wixsite.com\/pgfontanals\" target=\"_blank\" rel=\"noopener noreferrer\">PGF<\/a><\/p>\n<p>Fotograf\u00edas de&nbsp;<a href=\"https:\/\/www.instagram.com\/taillefer_photography\/\" target=\"_blank\" rel=\"noopener noreferrer\">Mar Taillefer<\/a><\/p>\n<p>No lo dudes y en los pr\u00f3ximos&nbsp;<strong>Bautizos y Comuniones<\/strong>&nbsp;pon el punto chic a tu&nbsp;<strong>look<\/strong>&nbsp;con el complemento&nbsp;<strong>m\u00e1s elegante<\/strong>&nbsp;de la moda y deja que te recuerden para siempre.<\/p>\n","protected":false},"excerpt":{"rendered":"<p>Ideas para vestirse en una Primera Comuni\u00f3n Llega el buen tiempo y con ello la \u00e9poca de Comuniones y este a\u00f1o ha llegado ese momento que tem\u00edas y deseabas a partes casi iguales: la comuni\u00f3n de tu hija o hijo. \u00bfY tu, que te vas a poner? Aciertos y errores &hellip; <a class=\"more-link\" href=\"https:\/\/bautizoycomunion.com\/index.php\/2019\/03\/11\/consejos-para-vestir-en-una-comunion-look-de-invitada\/\"><span class=\"more-msg\">Sigue leyendo &rarr;<\/span><\/a><\/p>\n","protected":false},"author":1,"featured_media":10037,"comment_status":"closed","ping_status":"open","sticky":false,"template":"","format":"standard","meta":{"footnotes":""},"categories":[15,16],"tags":[175,184,1226,1222,877,1225],"class_list":["post-10035","post","type-post","status-publish","format-standard","has-post-thumbnail","hentry","category-tocados-y-coronas","category-uncategorized","tag-comunion","tag-comuniones","tag-look-invitada","tag-que-me-pongo-para-una-comunion","tag-tocados","tag-tocados-invitadas"],"yoast_head":"<!-- This site is optimized with the Yoast SEO plugin v26.1.1 - https:\/\/yoast.com\/wordpress\/plugins\/seo\/ -->\n<title>Consejos para vestir en una comuni\u00f3n: look de invitada &#8211; Bautizo y Comunion<\/title>\n<meta name=\"robots\" content=\"index, follow, max-snippet:-1, max-image-preview:large, max-video-preview:-1\" \/>\n<link rel=\"canonical\" href=\"https:\/\/bautizoycomunion.com\/index.php\/2019\/03\/11\/consejos-para-vestir-en-una-comunion-look-de-invitada\/\" \/>\n<meta property=\"og:locale\" content=\"es_ES\" \/>\n<meta property=\"og:type\" content=\"article\" \/>\n<meta property=\"og:title\" content=\"Consejos para vestir en una comuni\u00f3n: look de invitada &#8211; Bautizo y Comunion\" \/>\n<meta property=\"og:description\" content=\"Ideas para vestirse en una Primera Comuni\u00f3n Llega el buen tiempo y con ello la \u00e9poca de Comuniones y este a\u00f1o ha llegado ese momento que tem\u00edas y deseabas a partes casi iguales: la comuni\u00f3n de tu hija o hijo. \u00bfY tu, que te vas a poner? Aciertos y errores &hellip; Sigue leyendo &rarr;\" \/>\n<meta property=\"og:url\" content=\"https:\/\/bautizoycomunion.com\/index.php\/2019\/03\/11\/consejos-para-vestir-en-una-comunion-look-de-invitada\/\" \/>\n<meta property=\"og:site_name\" content=\"Bautizo y Comunion\" \/>\n<meta property=\"article:publisher\" content=\"https:\/\/www.facebook.com\/BautizosyComuniones\" \/>\n<meta property=\"article:published_time\" content=\"2019-03-11T10:17:56+00:00\" \/>\n<meta property=\"article:modified_time\" content=\"2020-02-15T22:02:15+00:00\" \/>\n<meta property=\"og:image\" content=\"https:\/\/bautizoycomunion.com\/wp-content\/uploads\/2019\/02\/colgante-estrella-de-oro.jpg\" \/>\n\t<meta property=\"og:image:width\" content=\"1200\" \/>\n\t<meta property=\"og:image:height\" content=\"1200\" \/>\n\t<meta property=\"og:image:type\" content=\"image\/jpeg\" \/>\n<meta name=\"author\" content=\"Mar\" \/>\n<meta name=\"twitter:card\" content=\"summary_large_image\" \/>\n<meta name=\"twitter:creator\" content=\"@BautizoComunion\" \/>\n<meta name=\"twitter:site\" content=\"@BautizoComunion\" \/>\n<meta name=\"twitter:label1\" content=\"Escrito por\" \/>\n\t<meta name=\"twitter:data1\" content=\"Mar\" \/>\n\t<meta name=\"twitter:label2\" content=\"Tiempo de lectura\" \/>\n\t<meta name=\"twitter:data2\" content=\"2 minutos\" \/>\n<script type=\"application\/ld+json\" class=\"yoast-schema-graph\">{\"@context\":\"https:\/\/schema.org\",\"@graph\":[{\"@type\":\"Article\",\"@id\":\"https:\/\/bautizoycomunion.com\/index.php\/2019\/03\/11\/consejos-para-vestir-en-una-comunion-look-de-invitada\/#article\",\"isPartOf\":{\"@id\":\"https:\/\/bautizoycomunion.com\/index.php\/2019\/03\/11\/consejos-para-vestir-en-una-comunion-look-de-invitada\/\"},\"author\":{\"name\":\"Mar\",\"@id\":\"https:\/\/bautizoycomunion.com\/#\/schema\/person\/12e57d2607b3ab06cbc6c8a7f65949d6\"},\"headline\":\"Consejos para vestir en una comuni\u00f3n: look de invitada\",\"datePublished\":\"2019-03-11T10:17:56+00:00\",\"dateModified\":\"2020-02-15T22:02:15+00:00\",\"mainEntityOfPage\":{\"@id\":\"https:\/\/bautizoycomunion.com\/index.php\/2019\/03\/11\/consejos-para-vestir-en-una-comunion-look-de-invitada\/\"},\"wordCount\":465,\"publisher\":{\"@id\":\"https:\/\/bautizoycomunion.com\/#organization\"},\"image\":{\"@id\":\"https:\/\/bautizoycomunion.com\/index.php\/2019\/03\/11\/consejos-para-vestir-en-una-comunion-look-de-invitada\/#primaryimage\"},\"thumbnailUrl\":\"https:\/\/bautizoycomunion.com\/wp-content\/uploads\/2019\/02\/colgante-estrella-de-oro.jpg\",\"keywords\":[\"comunion\",\"comuniones\",\"look invitada\",\"que me pongo para una Comunion\",\"tocados\",\"tocados invitadas\"],\"articleSection\":[\"Tocados, diademas, coronas de flores y peinados Comuni\u00f3n\",\"Todas las entradas\"],\"inLanguage\":\"es\"},{\"@type\":\"WebPage\",\"@id\":\"https:\/\/bautizoycomunion.com\/index.php\/2019\/03\/11\/consejos-para-vestir-en-una-comunion-look-de-invitada\/\",\"url\":\"https:\/\/bautizoycomunion.com\/index.php\/2019\/03\/11\/consejos-para-vestir-en-una-comunion-look-de-invitada\/\",\"name\":\"Consejos para vestir en una comuni\u00f3n: look de invitada &#8211; Bautizo y Comunion\",\"isPartOf\":{\"@id\":\"https:\/\/bautizoycomunion.com\/#website\"},\"primaryImageOfPage\":{\"@id\":\"https:\/\/bautizoycomunion.com\/index.php\/2019\/03\/11\/consejos-para-vestir-en-una-comunion-look-de-invitada\/#primaryimage\"},\"image\":{\"@id\":\"https:\/\/bautizoycomunion.com\/index.php\/2019\/03\/11\/consejos-para-vestir-en-una-comunion-look-de-invitada\/#primaryimage\"},\"thumbnailUrl\":\"https:\/\/bautizoycomunion.com\/wp-content\/uploads\/2019\/02\/colgante-estrella-de-oro.jpg\",\"datePublished\":\"2019-03-11T10:17:56+00:00\",\"dateModified\":\"2020-02-15T22:02:15+00:00\",\"breadcrumb\":{\"@id\":\"https:\/\/bautizoycomunion.com\/index.php\/2019\/03\/11\/consejos-para-vestir-en-una-comunion-look-de-invitada\/#breadcrumb\"},\"inLanguage\":\"es\",\"potentialAction\":[{\"@type\":\"ReadAction\",\"target\":[\"https:\/\/bautizoycomunion.com\/index.php\/2019\/03\/11\/consejos-para-vestir-en-una-comunion-look-de-invitada\/\"]}]},{\"@type\":\"ImageObject\",\"inLanguage\":\"es\",\"@id\":\"https:\/\/bautizoycomunion.com\/index.php\/2019\/03\/11\/consejos-para-vestir-en-una-comunion-look-de-invitada\/#primaryimage\",\"url\":\"https:\/\/bautizoycomunion.com\/wp-content\/uploads\/2019\/02\/colgante-estrella-de-oro.jpg\",\"contentUrl\":\"https:\/\/bautizoycomunion.com\/wp-content\/uploads\/2019\/02\/colgante-estrella-de-oro.jpg\",\"width\":1200,\"height\":1200,\"caption\":\"que me pongo para la comunion de mi hijo o hija\"},{\"@type\":\"BreadcrumbList\",\"@id\":\"https:\/\/bautizoycomunion.com\/index.php\/2019\/03\/11\/consejos-para-vestir-en-una-comunion-look-de-invitada\/#breadcrumb\",\"itemListElement\":[{\"@type\":\"ListItem\",\"position\":1,\"name\":\"Portada\",\"item\":\"https:\/\/bautizoycomunion.com\/\"},{\"@type\":\"ListItem\",\"position\":2,\"name\":\"Consejos para vestir en una comuni\u00f3n: look de invitada\"}]},{\"@type\":\"WebSite\",\"@id\":\"https:\/\/bautizoycomunion.com\/#website\",\"url\":\"https:\/\/bautizoycomunion.com\/\",\"name\":\"Bautizo y Comunion\",\"description\":\"\",\"publisher\":{\"@id\":\"https:\/\/bautizoycomunion.com\/#organization\"},\"potentialAction\":[{\"@type\":\"SearchAction\",\"target\":{\"@type\":\"EntryPoint\",\"urlTemplate\":\"https:\/\/bautizoycomunion.com\/?s={search_term_string}\"},\"query-input\":{\"@type\":\"PropertyValueSpecification\",\"valueRequired\":true,\"valueName\":\"search_term_string\"}}],\"inLanguage\":\"es\"},{\"@type\":\"Organization\",\"@id\":\"https:\/\/bautizoycomunion.com\/#organization\",\"name\":\"Bautizo y Comunion\",\"url\":\"https:\/\/bautizoycomunion.com\/\",\"logo\":{\"@type\":\"ImageObject\",\"inLanguage\":\"es\",\"@id\":\"https:\/\/bautizoycomunion.com\/#\/schema\/logo\/image\/\",\"url\":\"https:\/\/bautizoycomunion.com\/wp-content\/uploads\/2020\/02\/logo-bautizo-y-comunion.jpg\",\"contentUrl\":\"https:\/\/bautizoycomunion.com\/wp-content\/uploads\/2020\/02\/logo-bautizo-y-comunion.jpg\",\"width\":128,\"height\":128,\"caption\":\"Bautizo y Comunion\"},\"image\":{\"@id\":\"https:\/\/bautizoycomunion.com\/#\/schema\/logo\/image\/\"},\"sameAs\":[\"https:\/\/www.facebook.com\/BautizosyComuniones\",\"https:\/\/x.com\/BautizoComunion\",\"https:\/\/www.instagram.com\/bautizoycomunion\/\",\"https:\/\/www.pinterest.es\/BautizoComunion\/\",\"https:\/\/www.youtube.com\/user\/BautizoyComunionTV\"]},{\"@type\":\"Person\",\"@id\":\"https:\/\/bautizoycomunion.com\/#\/schema\/person\/12e57d2607b3ab06cbc6c8a7f65949d6\",\"name\":\"Mar\",\"image\":{\"@type\":\"ImageObject\",\"inLanguage\":\"es\",\"@id\":\"https:\/\/bautizoycomunion.com\/#\/schema\/person\/image\/\",\"url\":\"https:\/\/secure.gravatar.com\/avatar\/71e69d02c62d24b5ab647c982f7ab3d63ba828e112128713a54d5890a8fa5610?s=96&d=mm&r=g\",\"contentUrl\":\"https:\/\/secure.gravatar.com\/avatar\/71e69d02c62d24b5ab647c982f7ab3d63ba828e112128713a54d5890a8fa5610?s=96&d=mm&r=g\",\"caption\":\"Mar\"}}]}<\/script>\n<!-- \/ Yoast SEO plugin. -->","yoast_head_json":{"title":"Consejos para vestir en una comuni\u00f3n: look de invitada &#8211; Bautizo y Comunion","robots":{"index":"index","follow":"follow","max-snippet":"max-snippet:-1","max-image-preview":"max-image-preview:large","max-video-preview":"max-video-preview:-1"},"canonical":"https:\/\/bautizoycomunion.com\/index.php\/2019\/03\/11\/consejos-para-vestir-en-una-comunion-look-de-invitada\/","og_locale":"es_ES","og_type":"article","og_title":"Consejos para vestir en una comuni\u00f3n: look de invitada &#8211; Bautizo y Comunion","og_description":"Ideas para vestirse en una Primera Comuni\u00f3n Llega el buen tiempo y con ello la \u00e9poca de Comuniones y este a\u00f1o ha llegado ese momento que tem\u00edas y deseabas a partes casi iguales: la comuni\u00f3n de tu hija o hijo. \u00bfY tu, que te vas a poner? Aciertos y errores &hellip; Sigue leyendo &rarr;","og_url":"https:\/\/bautizoycomunion.com\/index.php\/2019\/03\/11\/consejos-para-vestir-en-una-comunion-look-de-invitada\/","og_site_name":"Bautizo y Comunion","article_publisher":"https:\/\/www.facebook.com\/BautizosyComuniones","article_published_time":"2019-03-11T10:17:56+00:00","article_modified_time":"2020-02-15T22:02:15+00:00","og_image":[{"width":1200,"height":1200,"url":"https:\/\/bautizoycomunion.com\/wp-content\/uploads\/2019\/02\/colgante-estrella-de-oro.jpg","type":"image\/jpeg"}],"author":"Mar","twitter_card":"summary_large_image","twitter_creator":"@BautizoComunion","twitter_site":"@BautizoComunion","twitter_misc":{"Escrito por":"Mar","Tiempo de lectura":"2 minutos"},"schema":{"@context":"https:\/\/schema.org","@graph":[{"@type":"Article","@id":"https:\/\/bautizoycomunion.com\/index.php\/2019\/03\/11\/consejos-para-vestir-en-una-comunion-look-de-invitada\/#article","isPartOf":{"@id":"https:\/\/bautizoycomunion.com\/index.php\/2019\/03\/11\/consejos-para-vestir-en-una-comunion-look-de-invitada\/"},"author":{"name":"Mar","@id":"https:\/\/bautizoycomunion.com\/#\/schema\/person\/12e57d2607b3ab06cbc6c8a7f65949d6"},"headline":"Consejos para vestir en una comuni\u00f3n: look de invitada","datePublished":"2019-03-11T10:17:56+00:00","dateModified":"2020-02-15T22:02:15+00:00","mainEntityOfPage":{"@id":"https:\/\/bautizoycomunion.com\/index.php\/2019\/03\/11\/consejos-para-vestir-en-una-comunion-look-de-invitada\/"},"wordCount":465,"publisher":{"@id":"https:\/\/bautizoycomunion.com\/#organization"},"image":{"@id":"https:\/\/bautizoycomunion.com\/index.php\/2019\/03\/11\/consejos-para-vestir-en-una-comunion-look-de-invitada\/#primaryimage"},"thumbnailUrl":"https:\/\/bautizoycomunion.com\/wp-content\/uploads\/2019\/02\/colgante-estrella-de-oro.jpg","keywords":["comunion","comuniones","look invitada","que me pongo para una Comunion","tocados","tocados invitadas"],"articleSection":["Tocados, diademas, coronas de flores y peinados Comuni\u00f3n","Todas las entradas"],"inLanguage":"es"},{"@type":"WebPage","@id":"https:\/\/bautizoycomunion.com\/index.php\/2019\/03\/11\/consejos-para-vestir-en-una-comunion-look-de-invitada\/","url":"https:\/\/bautizoycomunion.com\/index.php\/2019\/03\/11\/consejos-para-vestir-en-una-comunion-look-de-invitada\/","name":"Consejos para vestir en una comuni\u00f3n: look de invitada &#8211; Bautizo y Comunion","isPartOf":{"@id":"https:\/\/bautizoycomunion.com\/#website"},"primaryImageOfPage":{"@id":"https:\/\/bautizoycomunion.com\/index.php\/2019\/03\/11\/consejos-para-vestir-en-una-comunion-look-de-invitada\/#primaryimage"},"image":{"@id":"https:\/\/bautizoycomunion.com\/index.php\/2019\/03\/11\/consejos-para-vestir-en-una-comunion-look-de-invitada\/#primaryimage"},"thumbnailUrl":"https:\/\/bautizoycomunion.com\/wp-content\/uploads\/2019\/02\/colgante-estrella-de-oro.jpg","datePublished":"2019-03-11T10:17:56+00:00","dateModified":"2020-02-15T22:02:15+00:00","breadcrumb":{"@id":"https:\/\/bautizoycomunion.com\/index.php\/2019\/03\/11\/consejos-para-vestir-en-una-comunion-look-de-invitada\/#breadcrumb"},"inLanguage":"es","potentialAction":[{"@type":"ReadAction","target":["https:\/\/bautizoycomunion.com\/index.php\/2019\/03\/11\/consejos-para-vestir-en-una-comunion-look-de-invitada\/"]}]},{"@type":"ImageObject","inLanguage":"es","@id":"https:\/\/bautizoycomunion.com\/index.php\/2019\/03\/11\/consejos-para-vestir-en-una-comunion-look-de-invitada\/#primaryimage","url":"https:\/\/bautizoycomunion.com\/wp-content\/uploads\/2019\/02\/colgante-estrella-de-oro.jpg","contentUrl":"https:\/\/bautizoycomunion.com\/wp-content\/uploads\/2019\/02\/colgante-estrella-de-oro.jpg","width":1200,"height":1200,"caption":"que me pongo para la comunion de mi hijo o hija"},{"@type":"BreadcrumbList","@id":"https:\/\/bautizoycomunion.com\/index.php\/2019\/03\/11\/consejos-para-vestir-en-una-comunion-look-de-invitada\/#breadcrumb","itemListElement":[{"@type":"ListItem","position":1,"name":"Portada","item":"https:\/\/bautizoycomunion.com\/"},{"@type":"ListItem","position":2,"name":"Consejos para vestir en una comuni\u00f3n: look de invitada"}]},{"@type":"WebSite","@id":"https:\/\/bautizoycomunion.com\/#website","url":"https:\/\/bautizoycomunion.com\/","name":"Bautizo y Comunion","description":"","publisher":{"@id":"https:\/\/bautizoycomunion.com\/#organization"},"potentialAction":[{"@type":"SearchAction","target":{"@type":"EntryPoint","urlTemplate":"https:\/\/bautizoycomunion.com\/?s={search_term_string}"},"query-input":{"@type":"PropertyValueSpecification","valueRequired":true,"valueName":"search_term_string"}}],"inLanguage":"es"},{"@type":"Organization","@id":"https:\/\/bautizoycomunion.com\/#organization","name":"Bautizo y Comunion","url":"https:\/\/bautizoycomunion.com\/","logo":{"@type":"ImageObject","inLanguage":"es","@id":"https:\/\/bautizoycomunion.com\/#\/schema\/logo\/image\/","url":"https:\/\/bautizoycomunion.com\/wp-content\/uploads\/2020\/02\/logo-bautizo-y-comunion.jpg","contentUrl":"https:\/\/bautizoycomunion.com\/wp-content\/uploads\/2020\/02\/logo-bautizo-y-comunion.jpg","width":128,"height":128,"caption":"Bautizo y Comunion"},"image":{"@id":"https:\/\/bautizoycomunion.com\/#\/schema\/logo\/image\/"},"sameAs":["https:\/\/www.facebook.com\/BautizosyComuniones","https:\/\/x.com\/BautizoComunion","https:\/\/www.instagram.com\/bautizoycomunion\/","https:\/\/www.pinterest.es\/BautizoComunion\/","https:\/\/www.youtube.com\/user\/BautizoyComunionTV"]},{"@type":"Person","@id":"https:\/\/bautizoycomunion.com\/#\/schema\/person\/12e57d2607b3ab06cbc6c8a7f65949d6","name":"Mar","image":{"@type":"ImageObject","inLanguage":"es","@id":"https:\/\/bautizoycomunion.com\/#\/schema\/person\/image\/","url":"https:\/\/secure.gravatar.com\/avatar\/71e69d02c62d24b5ab647c982f7ab3d63ba828e112128713a54d5890a8fa5610?s=96&d=mm&r=g","contentUrl":"https:\/\/secure.gravatar.com\/avatar\/71e69d02c62d24b5ab647c982f7ab3d63ba828e112128713a54d5890a8fa5610?s=96&d=mm&r=g","caption":"Mar"}}]}},"_links":{"self":[{"href":"https:\/\/bautizoycomunion.com\/index.php\/wp-json\/wp\/v2\/posts\/10035","targetHints":{"allow":["GET"]}}],"collection":[{"href":"https:\/\/bautizoycomunion.com\/index.php\/wp-json\/wp\/v2\/posts"}],"about":[{"href":"https:\/\/bautizoycomunion.com\/index.php\/wp-json\/wp\/v2\/types\/post"}],"author":[{"embeddable":true,"href":"https:\/\/bautizoycomunion.com\/index.php\/wp-json\/wp\/v2\/users\/1"}],"replies":[{"embeddable":true,"href":"https:\/\/bautizoycomunion.com\/index.php\/wp-json\/wp\/v2\/comments?post=10035"}],"version-history":[{"count":5,"href":"https:\/\/bautizoycomunion.com\/index.php\/wp-json\/wp\/v2\/posts\/10035\/revisions"}],"predecessor-version":[{"id":10580,"href":"https:\/\/bautizoycomunion.com\/index.php\/wp-json\/wp\/v2\/posts\/10035\/revisions\/10580"}],"wp:featuredmedia":[{"embeddable":true,"href":"https:\/\/bautizoycomunion.com\/index.php\/wp-json\/wp\/v2\/media\/10037"}],"wp:attachment":[{"href":"https:\/\/bautizoycomunion.com\/index.php\/wp-json\/wp\/v2\/media?parent=10035"}],"wp:term":[{"taxonomy":"category","embeddable":true,"href":"https:\/\/bautizoycomunion.com\/index.php\/wp-json\/wp\/v2\/categories?post=10035"},{"taxonomy":"post_tag","embeddable":true,"href":"https:\/\/bautizoycomunion.com\/index.php\/wp-json\/wp\/v2\/tags?post=10035"}],"curies":[{"name":"wp","href":"https:\/\/api.w.org\/{rel}","templated":true}]}}