{"id":10073,"date":"2019-03-05T14:24:09","date_gmt":"2019-03-05T13:24:09","guid":{"rendered":"http:\/\/bautizoycomunion.com\/?p=10073"},"modified":"2020-02-15T23:04:00","modified_gmt":"2020-02-15T22:04:00","slug":"reportajes-fotograficos-de-noonu-para-primeras-comuniones","status":"publish","type":"post","link":"https:\/\/bautizoycomunion.com\/index.php\/2019\/03\/05\/reportajes-fotograficos-de-noonu-para-primeras-comuniones\/","title":{"rendered":"Reportajes fotogr\u00e1ficos de Noonu para Primeras Comuniones"},"content":{"rendered":"<p>Hoy<strong> Luis Visconti de <a href=\"http:\/\/noonu.es\/\" target=\"_blank\" rel=\"noopener noreferrer\">Noonu Fotograf\u00eda<\/a><\/strong> nos habla de su pasi\u00f3n por la fotograf\u00eda infantil y especialmente de sus <strong>reportajes fotogr\u00e1ficos para Primeras Comuniones<\/strong>:<\/p>\n<p><a href=\"http:\/\/noonu.es\/\" target=\"_blank\" rel=\"noopener noreferrer\"><img loading=\"lazy\" decoding=\"async\" class=\"alignnone wp-image-10075 size-full\" title=\"Sesiones de fotos para primeras comuniones\" src=\"http:\/\/bautizoycomunion.com\/wp-content\/uploads\/2019\/03\/Noonu-reportajes-de-comunion-madrid-1-8.jpg\" alt=\"Sesion de fotos\" width=\"940\" height=\"627\" srcset=\"https:\/\/bautizoycomunion.com\/wp-content\/uploads\/2019\/03\/Noonu-reportajes-de-comunion-madrid-1-8.jpg 940w, https:\/\/bautizoycomunion.com\/wp-content\/uploads\/2019\/03\/Noonu-reportajes-de-comunion-madrid-1-8-300x200.jpg 300w, https:\/\/bautizoycomunion.com\/wp-content\/uploads\/2019\/03\/Noonu-reportajes-de-comunion-madrid-1-8-768x512.jpg 768w\" sizes=\"auto, (max-width: 940px) 100vw, 940px\" \/><\/a><\/p>\n<p>La <strong>fotograf\u00eda infantil<\/strong> necesita paciencia, buen gusto en los encuadres y mucha experiencia. <strong>Nos gusta la fotograf\u00eda actual, divertida y elegante, huimos de los posados aburridos<\/strong>. Los ni\u00f1os no posan, juegan, se divierten y es eso lo que pretendemos, jugar con ellos y que se diviertan.<\/p>\n<p><a href=\"http:\/\/noonu.es\/\" target=\"_blank\" rel=\"noopener noreferrer\"><img loading=\"lazy\" decoding=\"async\" class=\"alignnone wp-image-10077 size-full\" title=\"Reportaje fotografico primera comunion\" src=\"http:\/\/bautizoycomunion.com\/wp-content\/uploads\/2019\/03\/Noonu-reportajes-de-comunion-madrid-7.jpg\" alt=\"Fotos primeras comuniones\" width=\"940\" height=\"627\" srcset=\"https:\/\/bautizoycomunion.com\/wp-content\/uploads\/2019\/03\/Noonu-reportajes-de-comunion-madrid-7.jpg 940w, https:\/\/bautizoycomunion.com\/wp-content\/uploads\/2019\/03\/Noonu-reportajes-de-comunion-madrid-7-300x200.jpg 300w, https:\/\/bautizoycomunion.com\/wp-content\/uploads\/2019\/03\/Noonu-reportajes-de-comunion-madrid-7-768x512.jpg 768w\" sizes=\"auto, (max-width: 940px) 100vw, 940px\" \/><\/a><\/p>\n<p><a href=\"http:\/\/noonu.es\/\" target=\"_blank\" rel=\"noopener noreferrer\"><img loading=\"lazy\" decoding=\"async\" class=\"alignnone wp-image-10079 size-full\" title=\"Sesiones de fotos para primeras comuniones\" src=\"http:\/\/bautizoycomunion.com\/wp-content\/uploads\/2019\/03\/Noonu-reportajes-de-comunion-madrid-3-2.jpg\" alt=\"Fotos profesionales Noonu\" width=\"940\" height=\"627\" srcset=\"https:\/\/bautizoycomunion.com\/wp-content\/uploads\/2019\/03\/Noonu-reportajes-de-comunion-madrid-3-2.jpg 940w, https:\/\/bautizoycomunion.com\/wp-content\/uploads\/2019\/03\/Noonu-reportajes-de-comunion-madrid-3-2-300x200.jpg 300w, https:\/\/bautizoycomunion.com\/wp-content\/uploads\/2019\/03\/Noonu-reportajes-de-comunion-madrid-3-2-768x512.jpg 768w\" sizes=\"auto, (max-width: 940px) 100vw, 940px\" \/><\/a><br \/>\nLa alegr\u00eda de recibir regalos, estar con sus familiares y amigos ser el centro de atenci\u00f3n en ese d\u00eda les hace felices y les hace sentir importantes y eso es lo que nos motiva para <strong>reflejar todos esos sentimientos de alegr\u00eda en nuestros reportajes<\/strong>.<\/p>\n<p><strong>Buscamos la elegancia en los encuadres<\/strong>, los momentos que hacen que ese reportaje sea \u00fanico y diferente a cualquier otro.<\/p>\n<p><a href=\"http:\/\/noonu.es\/\" target=\"_blank\" rel=\"noopener noreferrer\"><img loading=\"lazy\" decoding=\"async\" class=\"alignnone wp-image-10074 size-full\" title=\"Reportaje fotografico de familia\" src=\"http:\/\/bautizoycomunion.com\/wp-content\/uploads\/2019\/03\/Noonu-reportajes-de-comunion-madrid-1-2.jpg\" alt=\"Sesiones de fotos de Comuni\u00f3n\" width=\"940\" height=\"662\" srcset=\"https:\/\/bautizoycomunion.com\/wp-content\/uploads\/2019\/03\/Noonu-reportajes-de-comunion-madrid-1-2.jpg 940w, https:\/\/bautizoycomunion.com\/wp-content\/uploads\/2019\/03\/Noonu-reportajes-de-comunion-madrid-1-2-300x211.jpg 300w, https:\/\/bautizoycomunion.com\/wp-content\/uploads\/2019\/03\/Noonu-reportajes-de-comunion-madrid-1-2-768x541.jpg 768w\" sizes=\"auto, (max-width: 940px) 100vw, 940px\" \/><\/a><\/p>\n<p><a href=\"http:\/\/noonu.es\/\"><img loading=\"lazy\" decoding=\"async\" class=\"alignnone size-full wp-image-10085\" src=\"http:\/\/bautizoycomunion.com\/wp-content\/uploads\/2019\/03\/Noonu-reportajes-de-comunion-madrid-1-15.jpg\" alt=\"reportaje fotografico noonu\" width=\"940\" height=\"627\" srcset=\"https:\/\/bautizoycomunion.com\/wp-content\/uploads\/2019\/03\/Noonu-reportajes-de-comunion-madrid-1-15.jpg 940w, https:\/\/bautizoycomunion.com\/wp-content\/uploads\/2019\/03\/Noonu-reportajes-de-comunion-madrid-1-15-300x200.jpg 300w, https:\/\/bautizoycomunion.com\/wp-content\/uploads\/2019\/03\/Noonu-reportajes-de-comunion-madrid-1-15-768x512.jpg 768w\" sizes=\"auto, (max-width: 940px) 100vw, 940px\" \/><\/a><\/p>\n<p>Hacemos dos tipos de reportaje, un <strong>reportaje Pre-Comuni\u00f3n<\/strong> que consiste en dos horas de reportaje en localizaci\u00f3n elegida por nuestros clientes o conjuntamente, en fecha anterior a la Comuni\u00f3n, en el que tenemos tiempo y tranquilidad para hacer un reportaje m\u00e1s extenso centr\u00e1ndonos en los ni\u00f1os y sus hermanos. Este reportaje nos encanta, es m\u00e1s art\u00edstico que el del d\u00eda de la Comuni\u00f3n porque tenemos esa posibilidad de elegir la localizaci\u00f3n y tenemos ese tiempo y tranquilidad extras para mimar todos los detalles para las fotos queden bonitas.<\/p>\n<p><a href=\"http:\/\/noonu.es\/\" target=\"_blank\" rel=\"noopener noreferrer\"><img loading=\"lazy\" decoding=\"async\" class=\"alignnone wp-image-10076 size-full\" title=\"Sesiones de fotos primera comunion\" src=\"http:\/\/bautizoycomunion.com\/wp-content\/uploads\/2019\/03\/Noonu-reportajes-de-comunion-madrid-1-33.jpg\" alt=\"Sesiones de fotos para primeras comuniones\" width=\"940\" height=\"627\" srcset=\"https:\/\/bautizoycomunion.com\/wp-content\/uploads\/2019\/03\/Noonu-reportajes-de-comunion-madrid-1-33.jpg 940w, https:\/\/bautizoycomunion.com\/wp-content\/uploads\/2019\/03\/Noonu-reportajes-de-comunion-madrid-1-33-300x200.jpg 300w, https:\/\/bautizoycomunion.com\/wp-content\/uploads\/2019\/03\/Noonu-reportajes-de-comunion-madrid-1-33-768x512.jpg 768w\" sizes=\"auto, (max-width: 940px) 100vw, 940px\" \/><\/a><\/p>\n<p><a href=\"http:\/\/noonu.es\/\" target=\"_blank\" rel=\"noopener noreferrer\"><img loading=\"lazy\" decoding=\"async\" class=\"alignnone wp-image-10090 size-full\" title=\"Reportaje fotografico Primera Comunion\" src=\"http:\/\/bautizoycomunion.com\/wp-content\/uploads\/2019\/03\/Noonu-reportajes-de-comunion-madrid-1-34.jpg\" alt=\"Sesiones de fotos Noonu\" width=\"940\" height=\"627\" srcset=\"https:\/\/bautizoycomunion.com\/wp-content\/uploads\/2019\/03\/Noonu-reportajes-de-comunion-madrid-1-34.jpg 940w, https:\/\/bautizoycomunion.com\/wp-content\/uploads\/2019\/03\/Noonu-reportajes-de-comunion-madrid-1-34-300x200.jpg 300w, https:\/\/bautizoycomunion.com\/wp-content\/uploads\/2019\/03\/Noonu-reportajes-de-comunion-madrid-1-34-768x512.jpg 768w\" sizes=\"auto, (max-width: 940px) 100vw, 940px\" \/><\/a>El <strong>otro reportaje<\/strong> que hacemos es <strong>el del d\u00eda de la Comuni\u00f3n<\/strong> en el que nos centramos m\u00e1s en recoger en nuestras fotos esa alegr\u00eda que hemos comentado y en el encuentro con los familiares y amigos.<\/p>\n<p>En uno u otro reportaje nuestro objetivo es hacer una fotograf\u00eda diferente, alegre y original.<\/p>\n<p><a href=\"http:\/\/noonu.es\/\" target=\"_blank\" rel=\"noopener noreferrer\"><img loading=\"lazy\" decoding=\"async\" class=\"alignnone wp-image-10087 size-full\" title=\"Sesiones de fotos con Noonu\" src=\"http:\/\/bautizoycomunion.com\/wp-content\/uploads\/2019\/03\/Noonu-reportajes-de-comunion-madrid-1-23.jpg\" alt=\"fotos primeras comuniones\" width=\"940\" height=\"627\" srcset=\"https:\/\/bautizoycomunion.com\/wp-content\/uploads\/2019\/03\/Noonu-reportajes-de-comunion-madrid-1-23.jpg 940w, https:\/\/bautizoycomunion.com\/wp-content\/uploads\/2019\/03\/Noonu-reportajes-de-comunion-madrid-1-23-300x200.jpg 300w, https:\/\/bautizoycomunion.com\/wp-content\/uploads\/2019\/03\/Noonu-reportajes-de-comunion-madrid-1-23-768x512.jpg 768w\" sizes=\"auto, (max-width: 940px) 100vw, 940px\" \/><\/a><\/p>\n<p>Nuestras fotos y v\u00eddeos reflejan todo eso, las caras de los ni\u00f1os en este d\u00eda lo dicen todo y expresan lo que es la Primera Comuni\u00f3n para ellos.<\/p>\n<p>Nos encanta la fotograf\u00eda infantil, no nos puede gustar m\u00e1s hacer fotos a los ni\u00f1os, es nuestra pasi\u00f3n, es un trabajo dif\u00edcil pero gratificante si sabes sacar partido de esa espontaneidad que tienen.<\/p>\n<p>Noonu.<\/p>\n<p><a href=\"http:\/\/noonu.es\/\" target=\"_blank\" rel=\"noopener noreferrer\"><img loading=\"lazy\" decoding=\"async\" class=\"alignnone wp-image-10088 size-full\" title=\"Luis Visconti\" src=\"http:\/\/bautizoycomunion.com\/wp-content\/uploads\/2019\/03\/Luis-Visconti.jpg\" alt=\"Noonu Fotografia\" width=\"940\" height=\"574\" srcset=\"https:\/\/bautizoycomunion.com\/wp-content\/uploads\/2019\/03\/Luis-Visconti.jpg 940w, https:\/\/bautizoycomunion.com\/wp-content\/uploads\/2019\/03\/Luis-Visconti-300x183.jpg 300w, https:\/\/bautizoycomunion.com\/wp-content\/uploads\/2019\/03\/Luis-Visconti-768x469.jpg 768w\" sizes=\"auto, (max-width: 940px) 100vw, 940px\" \/><\/a><\/p>\n<p>Ll\u00e1manos o d\u00e9janos un mensaje y nos pondremos en contacto contigo lo antes posible<\/p>\n<p>Calle Vel\u00e1zquez, 15 &#8211; 1\u00ba Derecha 28001 Madrid (Cita previa)<\/p>\n<div>Web: <a href=\"http:\/\/noonu.es\/\" target=\"_blank\" rel=\"noopener noreferrer\">www.noonu.es<\/a><\/div>\n<div class=\"telephone\">Tel.&nbsp;<a class=\"fijo\" href=\"tel:+34639 64 84 64\"> 639 64 84 64<\/a><\/div>\n<div class=\"email\">Mail:<a href=\"mailto:hola@noonu.es\"> hola@noonu.es<\/a><\/div>\n","protected":false},"excerpt":{"rendered":"<p>Hoy Luis Visconti de Noonu Fotograf\u00eda nos habla de su pasi\u00f3n por la fotograf\u00eda infantil y especialmente de sus reportajes fotogr\u00e1ficos para Primeras Comuniones: La fotograf\u00eda infantil necesita paciencia, buen gusto en los encuadres y mucha experiencia. Nos gusta la fotograf\u00eda actual, divertida y elegante, huimos de los posados aburridos. &hellip; <a class=\"more-link\" href=\"https:\/\/bautizoycomunion.com\/index.php\/2019\/03\/05\/reportajes-fotograficos-de-noonu-para-primeras-comuniones\/\"><span class=\"more-msg\">Sigue leyendo &rarr;<\/span><\/a><\/p>\n","protected":false},"author":3,"featured_media":10075,"comment_status":"closed","ping_status":"open","sticky":false,"template":"","format":"standard","meta":{"footnotes":""},"categories":[8,16],"tags":[398,399,608,609,783,784,826,827,828],"class_list":["post-10073","post","type-post","status-publish","format-standard","has-post-thumbnail","hentry","category-fotografos-comunion-bautizo","category-uncategorized","tag-fotografia-comunion","tag-fotografia-comuniones","tag-noonu","tag-noonu-fotografia","tag-reportaje-fotografico-comunion","tag-reportajes-fotos-comuniones","tag-sesion-de-fotos","tag-sesion-de-fotos-comuniones","tag-sesiones-de-fotos"],"yoast_head":"<!-- This site is optimized with the Yoast SEO plugin v26.1.1 - https:\/\/yoast.com\/wordpress\/plugins\/seo\/ -->\n<title>Reportajes fotogr\u00e1ficos de Noonu para Primeras Comuniones &#8211; Bautizo y Comunion<\/title>\n<meta name=\"robots\" content=\"index, follow, max-snippet:-1, max-image-preview:large, max-video-preview:-1\" \/>\n<link rel=\"canonical\" href=\"https:\/\/bautizoycomunion.com\/index.php\/2019\/03\/05\/reportajes-fotograficos-de-noonu-para-primeras-comuniones\/\" \/>\n<meta property=\"og:locale\" content=\"es_ES\" \/>\n<meta property=\"og:type\" content=\"article\" \/>\n<meta property=\"og:title\" content=\"Reportajes fotogr\u00e1ficos de Noonu para Primeras Comuniones &#8211; Bautizo y Comunion\" \/>\n<meta property=\"og:description\" content=\"Hoy Luis Visconti de Noonu Fotograf\u00eda nos habla de su pasi\u00f3n por la fotograf\u00eda infantil y especialmente de sus reportajes fotogr\u00e1ficos para Primeras Comuniones: La fotograf\u00eda infantil necesita paciencia, buen gusto en los encuadres y mucha experiencia. Nos gusta la fotograf\u00eda actual, divertida y elegante, huimos de los posados aburridos. &hellip; Sigue leyendo &rarr;\" \/>\n<meta property=\"og:url\" content=\"https:\/\/bautizoycomunion.com\/index.php\/2019\/03\/05\/reportajes-fotograficos-de-noonu-para-primeras-comuniones\/\" \/>\n<meta property=\"og:site_name\" content=\"Bautizo y Comunion\" \/>\n<meta property=\"article:publisher\" content=\"https:\/\/www.facebook.com\/BautizosyComuniones\" \/>\n<meta property=\"article:published_time\" content=\"2019-03-05T13:24:09+00:00\" \/>\n<meta property=\"article:modified_time\" content=\"2020-02-15T22:04:00+00:00\" \/>\n<meta property=\"og:image\" content=\"https:\/\/bautizoycomunion.com\/wp-content\/uploads\/2019\/03\/Noonu-reportajes-de-comunion-madrid-1-8.jpg\" \/>\n\t<meta property=\"og:image:width\" content=\"940\" \/>\n\t<meta property=\"og:image:height\" content=\"627\" \/>\n\t<meta property=\"og:image:type\" content=\"image\/jpeg\" \/>\n<meta name=\"author\" content=\"publisher\" \/>\n<meta name=\"twitter:card\" content=\"summary_large_image\" \/>\n<meta name=\"twitter:creator\" content=\"@BautizoComunion\" \/>\n<meta name=\"twitter:site\" content=\"@BautizoComunion\" \/>\n<meta name=\"twitter:label1\" content=\"Escrito por\" \/>\n\t<meta name=\"twitter:data1\" content=\"publisher\" \/>\n\t<meta name=\"twitter:label2\" content=\"Tiempo de lectura\" \/>\n\t<meta name=\"twitter:data2\" content=\"2 minutos\" \/>\n<script type=\"application\/ld+json\" class=\"yoast-schema-graph\">{\"@context\":\"https:\/\/schema.org\",\"@graph\":[{\"@type\":\"Article\",\"@id\":\"https:\/\/bautizoycomunion.com\/index.php\/2019\/03\/05\/reportajes-fotograficos-de-noonu-para-primeras-comuniones\/#article\",\"isPartOf\":{\"@id\":\"https:\/\/bautizoycomunion.com\/index.php\/2019\/03\/05\/reportajes-fotograficos-de-noonu-para-primeras-comuniones\/\"},\"author\":{\"name\":\"publisher\",\"@id\":\"https:\/\/bautizoycomunion.com\/#\/schema\/person\/71b91ab759bf77b5348a2f95d85e8ba0\"},\"headline\":\"Reportajes fotogr\u00e1ficos de Noonu para Primeras Comuniones\",\"datePublished\":\"2019-03-05T13:24:09+00:00\",\"dateModified\":\"2020-02-15T22:04:00+00:00\",\"mainEntityOfPage\":{\"@id\":\"https:\/\/bautizoycomunion.com\/index.php\/2019\/03\/05\/reportajes-fotograficos-de-noonu-para-primeras-comuniones\/\"},\"wordCount\":414,\"publisher\":{\"@id\":\"https:\/\/bautizoycomunion.com\/#organization\"},\"image\":{\"@id\":\"https:\/\/bautizoycomunion.com\/index.php\/2019\/03\/05\/reportajes-fotograficos-de-noonu-para-primeras-comuniones\/#primaryimage\"},\"thumbnailUrl\":\"https:\/\/bautizoycomunion.com\/wp-content\/uploads\/2019\/03\/Noonu-reportajes-de-comunion-madrid-1-8.jpg\",\"keywords\":[\"fotografia comunion\",\"Fotograf\u00eda Comuniones\",\"noonu\",\"noonu fotografia\",\"reportaje fotografico comuni\u00f3n\",\"Reportajes fotos comuniones\",\"sesion de fotos\",\"sesion de fotos comuniones\",\"sesiones de fotos\"],\"articleSection\":[\"Fotografos\",\"Todas las entradas\"],\"inLanguage\":\"es\"},{\"@type\":\"WebPage\",\"@id\":\"https:\/\/bautizoycomunion.com\/index.php\/2019\/03\/05\/reportajes-fotograficos-de-noonu-para-primeras-comuniones\/\",\"url\":\"https:\/\/bautizoycomunion.com\/index.php\/2019\/03\/05\/reportajes-fotograficos-de-noonu-para-primeras-comuniones\/\",\"name\":\"Reportajes fotogr\u00e1ficos de Noonu para Primeras Comuniones &#8211; Bautizo y Comunion\",\"isPartOf\":{\"@id\":\"https:\/\/bautizoycomunion.com\/#website\"},\"primaryImageOfPage\":{\"@id\":\"https:\/\/bautizoycomunion.com\/index.php\/2019\/03\/05\/reportajes-fotograficos-de-noonu-para-primeras-comuniones\/#primaryimage\"},\"image\":{\"@id\":\"https:\/\/bautizoycomunion.com\/index.php\/2019\/03\/05\/reportajes-fotograficos-de-noonu-para-primeras-comuniones\/#primaryimage\"},\"thumbnailUrl\":\"https:\/\/bautizoycomunion.com\/wp-content\/uploads\/2019\/03\/Noonu-reportajes-de-comunion-madrid-1-8.jpg\",\"datePublished\":\"2019-03-05T13:24:09+00:00\",\"dateModified\":\"2020-02-15T22:04:00+00:00\",\"breadcrumb\":{\"@id\":\"https:\/\/bautizoycomunion.com\/index.php\/2019\/03\/05\/reportajes-fotograficos-de-noonu-para-primeras-comuniones\/#breadcrumb\"},\"inLanguage\":\"es\",\"potentialAction\":[{\"@type\":\"ReadAction\",\"target\":[\"https:\/\/bautizoycomunion.com\/index.php\/2019\/03\/05\/reportajes-fotograficos-de-noonu-para-primeras-comuniones\/\"]}]},{\"@type\":\"ImageObject\",\"inLanguage\":\"es\",\"@id\":\"https:\/\/bautizoycomunion.com\/index.php\/2019\/03\/05\/reportajes-fotograficos-de-noonu-para-primeras-comuniones\/#primaryimage\",\"url\":\"https:\/\/bautizoycomunion.com\/wp-content\/uploads\/2019\/03\/Noonu-reportajes-de-comunion-madrid-1-8.jpg\",\"contentUrl\":\"https:\/\/bautizoycomunion.com\/wp-content\/uploads\/2019\/03\/Noonu-reportajes-de-comunion-madrid-1-8.jpg\",\"width\":940,\"height\":627,\"caption\":\"Sesion de fotos\"},{\"@type\":\"BreadcrumbList\",\"@id\":\"https:\/\/bautizoycomunion.com\/index.php\/2019\/03\/05\/reportajes-fotograficos-de-noonu-para-primeras-comuniones\/#breadcrumb\",\"itemListElement\":[{\"@type\":\"ListItem\",\"position\":1,\"name\":\"Portada\",\"item\":\"https:\/\/bautizoycomunion.com\/\"},{\"@type\":\"ListItem\",\"position\":2,\"name\":\"Reportajes fotogr\u00e1ficos de Noonu para Primeras Comuniones\"}]},{\"@type\":\"WebSite\",\"@id\":\"https:\/\/bautizoycomunion.com\/#website\",\"url\":\"https:\/\/bautizoycomunion.com\/\",\"name\":\"Bautizo y Comunion\",\"description\":\"\",\"publisher\":{\"@id\":\"https:\/\/bautizoycomunion.com\/#organization\"},\"potentialAction\":[{\"@type\":\"SearchAction\",\"target\":{\"@type\":\"EntryPoint\",\"urlTemplate\":\"https:\/\/bautizoycomunion.com\/?s={search_term_string}\"},\"query-input\":{\"@type\":\"PropertyValueSpecification\",\"valueRequired\":true,\"valueName\":\"search_term_string\"}}],\"inLanguage\":\"es\"},{\"@type\":\"Organization\",\"@id\":\"https:\/\/bautizoycomunion.com\/#organization\",\"name\":\"Bautizo y Comunion\",\"url\":\"https:\/\/bautizoycomunion.com\/\",\"logo\":{\"@type\":\"ImageObject\",\"inLanguage\":\"es\",\"@id\":\"https:\/\/bautizoycomunion.com\/#\/schema\/logo\/image\/\",\"url\":\"https:\/\/bautizoycomunion.com\/wp-content\/uploads\/2020\/02\/logo-bautizo-y-comunion.jpg\",\"contentUrl\":\"https:\/\/bautizoycomunion.com\/wp-content\/uploads\/2020\/02\/logo-bautizo-y-comunion.jpg\",\"width\":128,\"height\":128,\"caption\":\"Bautizo y Comunion\"},\"image\":{\"@id\":\"https:\/\/bautizoycomunion.com\/#\/schema\/logo\/image\/\"},\"sameAs\":[\"https:\/\/www.facebook.com\/BautizosyComuniones\",\"https:\/\/x.com\/BautizoComunion\",\"https:\/\/www.instagram.com\/bautizoycomunion\/\",\"https:\/\/www.pinterest.es\/BautizoComunion\/\",\"https:\/\/www.youtube.com\/user\/BautizoyComunionTV\"]},{\"@type\":\"Person\",\"@id\":\"https:\/\/bautizoycomunion.com\/#\/schema\/person\/71b91ab759bf77b5348a2f95d85e8ba0\",\"name\":\"publisher\",\"image\":{\"@type\":\"ImageObject\",\"inLanguage\":\"es\",\"@id\":\"https:\/\/bautizoycomunion.com\/#\/schema\/person\/image\/\",\"url\":\"https:\/\/secure.gravatar.com\/avatar\/b678a6a8c15d6fa37228489ffa29aff56590dfc95fbec3aa2c2f2cc9013b082f?s=96&d=mm&r=g\",\"contentUrl\":\"https:\/\/secure.gravatar.com\/avatar\/b678a6a8c15d6fa37228489ffa29aff56590dfc95fbec3aa2c2f2cc9013b082f?s=96&d=mm&r=g\",\"caption\":\"publisher\"}}]}<\/script>\n<!-- \/ Yoast SEO plugin. -->","yoast_head_json":{"title":"Reportajes fotogr\u00e1ficos de Noonu para Primeras Comuniones &#8211; Bautizo y Comunion","robots":{"index":"index","follow":"follow","max-snippet":"max-snippet:-1","max-image-preview":"max-image-preview:large","max-video-preview":"max-video-preview:-1"},"canonical":"https:\/\/bautizoycomunion.com\/index.php\/2019\/03\/05\/reportajes-fotograficos-de-noonu-para-primeras-comuniones\/","og_locale":"es_ES","og_type":"article","og_title":"Reportajes fotogr\u00e1ficos de Noonu para Primeras Comuniones &#8211; Bautizo y Comunion","og_description":"Hoy Luis Visconti de Noonu Fotograf\u00eda nos habla de su pasi\u00f3n por la fotograf\u00eda infantil y especialmente de sus reportajes fotogr\u00e1ficos para Primeras Comuniones: La fotograf\u00eda infantil necesita paciencia, buen gusto en los encuadres y mucha experiencia. Nos gusta la fotograf\u00eda actual, divertida y elegante, huimos de los posados aburridos. &hellip; Sigue leyendo &rarr;","og_url":"https:\/\/bautizoycomunion.com\/index.php\/2019\/03\/05\/reportajes-fotograficos-de-noonu-para-primeras-comuniones\/","og_site_name":"Bautizo y Comunion","article_publisher":"https:\/\/www.facebook.com\/BautizosyComuniones","article_published_time":"2019-03-05T13:24:09+00:00","article_modified_time":"2020-02-15T22:04:00+00:00","og_image":[{"width":940,"height":627,"url":"https:\/\/bautizoycomunion.com\/wp-content\/uploads\/2019\/03\/Noonu-reportajes-de-comunion-madrid-1-8.jpg","type":"image\/jpeg"}],"author":"publisher","twitter_card":"summary_large_image","twitter_creator":"@BautizoComunion","twitter_site":"@BautizoComunion","twitter_misc":{"Escrito por":"publisher","Tiempo de lectura":"2 minutos"},"schema":{"@context":"https:\/\/schema.org","@graph":[{"@type":"Article","@id":"https:\/\/bautizoycomunion.com\/index.php\/2019\/03\/05\/reportajes-fotograficos-de-noonu-para-primeras-comuniones\/#article","isPartOf":{"@id":"https:\/\/bautizoycomunion.com\/index.php\/2019\/03\/05\/reportajes-fotograficos-de-noonu-para-primeras-comuniones\/"},"author":{"name":"publisher","@id":"https:\/\/bautizoycomunion.com\/#\/schema\/person\/71b91ab759bf77b5348a2f95d85e8ba0"},"headline":"Reportajes fotogr\u00e1ficos de Noonu para Primeras Comuniones","datePublished":"2019-03-05T13:24:09+00:00","dateModified":"2020-02-15T22:04:00+00:00","mainEntityOfPage":{"@id":"https:\/\/bautizoycomunion.com\/index.php\/2019\/03\/05\/reportajes-fotograficos-de-noonu-para-primeras-comuniones\/"},"wordCount":414,"publisher":{"@id":"https:\/\/bautizoycomunion.com\/#organization"},"image":{"@id":"https:\/\/bautizoycomunion.com\/index.php\/2019\/03\/05\/reportajes-fotograficos-de-noonu-para-primeras-comuniones\/#primaryimage"},"thumbnailUrl":"https:\/\/bautizoycomunion.com\/wp-content\/uploads\/2019\/03\/Noonu-reportajes-de-comunion-madrid-1-8.jpg","keywords":["fotografia comunion","Fotograf\u00eda Comuniones","noonu","noonu fotografia","reportaje fotografico comuni\u00f3n","Reportajes fotos comuniones","sesion de fotos","sesion de fotos comuniones","sesiones de fotos"],"articleSection":["Fotografos","Todas las entradas"],"inLanguage":"es"},{"@type":"WebPage","@id":"https:\/\/bautizoycomunion.com\/index.php\/2019\/03\/05\/reportajes-fotograficos-de-noonu-para-primeras-comuniones\/","url":"https:\/\/bautizoycomunion.com\/index.php\/2019\/03\/05\/reportajes-fotograficos-de-noonu-para-primeras-comuniones\/","name":"Reportajes fotogr\u00e1ficos de Noonu para Primeras Comuniones &#8211; Bautizo y Comunion","isPartOf":{"@id":"https:\/\/bautizoycomunion.com\/#website"},"primaryImageOfPage":{"@id":"https:\/\/bautizoycomunion.com\/index.php\/2019\/03\/05\/reportajes-fotograficos-de-noonu-para-primeras-comuniones\/#primaryimage"},"image":{"@id":"https:\/\/bautizoycomunion.com\/index.php\/2019\/03\/05\/reportajes-fotograficos-de-noonu-para-primeras-comuniones\/#primaryimage"},"thumbnailUrl":"https:\/\/bautizoycomunion.com\/wp-content\/uploads\/2019\/03\/Noonu-reportajes-de-comunion-madrid-1-8.jpg","datePublished":"2019-03-05T13:24:09+00:00","dateModified":"2020-02-15T22:04:00+00:00","breadcrumb":{"@id":"https:\/\/bautizoycomunion.com\/index.php\/2019\/03\/05\/reportajes-fotograficos-de-noonu-para-primeras-comuniones\/#breadcrumb"},"inLanguage":"es","potentialAction":[{"@type":"ReadAction","target":["https:\/\/bautizoycomunion.com\/index.php\/2019\/03\/05\/reportajes-fotograficos-de-noonu-para-primeras-comuniones\/"]}]},{"@type":"ImageObject","inLanguage":"es","@id":"https:\/\/bautizoycomunion.com\/index.php\/2019\/03\/05\/reportajes-fotograficos-de-noonu-para-primeras-comuniones\/#primaryimage","url":"https:\/\/bautizoycomunion.com\/wp-content\/uploads\/2019\/03\/Noonu-reportajes-de-comunion-madrid-1-8.jpg","contentUrl":"https:\/\/bautizoycomunion.com\/wp-content\/uploads\/2019\/03\/Noonu-reportajes-de-comunion-madrid-1-8.jpg","width":940,"height":627,"caption":"Sesion de fotos"},{"@type":"BreadcrumbList","@id":"https:\/\/bautizoycomunion.com\/index.php\/2019\/03\/05\/reportajes-fotograficos-de-noonu-para-primeras-comuniones\/#breadcrumb","itemListElement":[{"@type":"ListItem","position":1,"name":"Portada","item":"https:\/\/bautizoycomunion.com\/"},{"@type":"ListItem","position":2,"name":"Reportajes fotogr\u00e1ficos de Noonu para Primeras Comuniones"}]},{"@type":"WebSite","@id":"https:\/\/bautizoycomunion.com\/#website","url":"https:\/\/bautizoycomunion.com\/","name":"Bautizo y Comunion","description":"","publisher":{"@id":"https:\/\/bautizoycomunion.com\/#organization"},"potentialAction":[{"@type":"SearchAction","target":{"@type":"EntryPoint","urlTemplate":"https:\/\/bautizoycomunion.com\/?s={search_term_string}"},"query-input":{"@type":"PropertyValueSpecification","valueRequired":true,"valueName":"search_term_string"}}],"inLanguage":"es"},{"@type":"Organization","@id":"https:\/\/bautizoycomunion.com\/#organization","name":"Bautizo y Comunion","url":"https:\/\/bautizoycomunion.com\/","logo":{"@type":"ImageObject","inLanguage":"es","@id":"https:\/\/bautizoycomunion.com\/#\/schema\/logo\/image\/","url":"https:\/\/bautizoycomunion.com\/wp-content\/uploads\/2020\/02\/logo-bautizo-y-comunion.jpg","contentUrl":"https:\/\/bautizoycomunion.com\/wp-content\/uploads\/2020\/02\/logo-bautizo-y-comunion.jpg","width":128,"height":128,"caption":"Bautizo y Comunion"},"image":{"@id":"https:\/\/bautizoycomunion.com\/#\/schema\/logo\/image\/"},"sameAs":["https:\/\/www.facebook.com\/BautizosyComuniones","https:\/\/x.com\/BautizoComunion","https:\/\/www.instagram.com\/bautizoycomunion\/","https:\/\/www.pinterest.es\/BautizoComunion\/","https:\/\/www.youtube.com\/user\/BautizoyComunionTV"]},{"@type":"Person","@id":"https:\/\/bautizoycomunion.com\/#\/schema\/person\/71b91ab759bf77b5348a2f95d85e8ba0","name":"publisher","image":{"@type":"ImageObject","inLanguage":"es","@id":"https:\/\/bautizoycomunion.com\/#\/schema\/person\/image\/","url":"https:\/\/secure.gravatar.com\/avatar\/b678a6a8c15d6fa37228489ffa29aff56590dfc95fbec3aa2c2f2cc9013b082f?s=96&d=mm&r=g","contentUrl":"https:\/\/secure.gravatar.com\/avatar\/b678a6a8c15d6fa37228489ffa29aff56590dfc95fbec3aa2c2f2cc9013b082f?s=96&d=mm&r=g","caption":"publisher"}}]}},"_links":{"self":[{"href":"https:\/\/bautizoycomunion.com\/index.php\/wp-json\/wp\/v2\/posts\/10073","targetHints":{"allow":["GET"]}}],"collection":[{"href":"https:\/\/bautizoycomunion.com\/index.php\/wp-json\/wp\/v2\/posts"}],"about":[{"href":"https:\/\/bautizoycomunion.com\/index.php\/wp-json\/wp\/v2\/types\/post"}],"author":[{"embeddable":true,"href":"https:\/\/bautizoycomunion.com\/index.php\/wp-json\/wp\/v2\/users\/3"}],"replies":[{"embeddable":true,"href":"https:\/\/bautizoycomunion.com\/index.php\/wp-json\/wp\/v2\/comments?post=10073"}],"version-history":[{"count":9,"href":"https:\/\/bautizoycomunion.com\/index.php\/wp-json\/wp\/v2\/posts\/10073\/revisions"}],"predecessor-version":[{"id":10406,"href":"https:\/\/bautizoycomunion.com\/index.php\/wp-json\/wp\/v2\/posts\/10073\/revisions\/10406"}],"wp:featuredmedia":[{"embeddable":true,"href":"https:\/\/bautizoycomunion.com\/index.php\/wp-json\/wp\/v2\/media\/10075"}],"wp:attachment":[{"href":"https:\/\/bautizoycomunion.com\/index.php\/wp-json\/wp\/v2\/media?parent=10073"}],"wp:term":[{"taxonomy":"category","embeddable":true,"href":"https:\/\/bautizoycomunion.com\/index.php\/wp-json\/wp\/v2\/categories?post=10073"},{"taxonomy":"post_tag","embeddable":true,"href":"https:\/\/bautizoycomunion.com\/index.php\/wp-json\/wp\/v2\/tags?post=10073"}],"curies":[{"name":"wp","href":"https:\/\/api.w.org\/{rel}","templated":true}]}}