{"id":10135,"date":"2019-04-09T11:10:42","date_gmt":"2019-04-09T09:10:42","guid":{"rendered":"http:\/\/bautizoycomunion.com\/?p=10135"},"modified":"2020-02-15T23:00:56","modified_gmt":"2020-02-15T22:00:56","slug":"albumes-de-fotos-y-libros-de-firma-a-medida-para-primeras-comuniones","status":"publish","type":"post","link":"https:\/\/bautizoycomunion.com\/index.php\/2019\/04\/09\/albumes-de-fotos-y-libros-de-firma-a-medida-para-primeras-comuniones\/","title":{"rendered":"Albumes de fotos y libros de firma a medida para Primeras Comuniones"},"content":{"rendered":"<p>Si vas a asistir a una Primera Comuni\u00f3n este a\u00f1o seguro que estar\u00e1s pensando en el regalo que le har\u00e1s a la ni\u00f1a o el ni\u00f1o en ese d\u00eda tan especial. Hoy nos gustar\u00eda recomendaros una marca, o mejor dicho una artista, que nos ha llamado la atenci\u00f3n, se trata de <a href=\"https:\/\/www.instagram.com\/arte_conroy\" target=\"_blank\" rel=\"noopener noreferrer\"><strong>arte_conroy<\/strong><\/a>.<\/p>\n<p><img loading=\"lazy\" decoding=\"async\" class=\"alignnone size-full wp-image-10139\" style=\"font-size: 0.875em;\" src=\"http:\/\/bautizoycomunion.com\/wp-content\/uploads\/2019\/04\/libros-de-firmas-personalizados.jpg\" alt=\"\" width=\"1210\" height=\"600\" srcset=\"https:\/\/bautizoycomunion.com\/wp-content\/uploads\/2019\/04\/libros-de-firmas-personalizados.jpg 1210w, https:\/\/bautizoycomunion.com\/wp-content\/uploads\/2019\/04\/libros-de-firmas-personalizados-300x149.jpg 300w, https:\/\/bautizoycomunion.com\/wp-content\/uploads\/2019\/04\/libros-de-firmas-personalizados-768x381.jpg 768w, https:\/\/bautizoycomunion.com\/wp-content\/uploads\/2019\/04\/libros-de-firmas-personalizados-1024x508.jpg 1024w\" sizes=\"auto, (max-width: 1210px) 100vw, 1210px\" \/><\/p>\n<p>Detr\u00e1s de arte_conroy est\u00e1 Roy Arechaga, que crea a mano la m\u00e1s preciosa papeler\u00eda personalizada, desde <strong>\u00e1lbumes de fotos, diarios, cuadernos, libros de recetas, agendas, cuadernos de bit\u00e1cora<\/strong> y muchas cosas m\u00e1s.<\/p>\n<p><img loading=\"lazy\" decoding=\"async\" class=\"alignnone size-full wp-image-10137\" src=\"http:\/\/bautizoycomunion.com\/wp-content\/uploads\/2019\/04\/albumes-personalizados.jpg\" alt=\"\" width=\"1210\" height=\"600\" srcset=\"https:\/\/bautizoycomunion.com\/wp-content\/uploads\/2019\/04\/albumes-personalizados.jpg 1210w, https:\/\/bautizoycomunion.com\/wp-content\/uploads\/2019\/04\/albumes-personalizados-300x149.jpg 300w, https:\/\/bautizoycomunion.com\/wp-content\/uploads\/2019\/04\/albumes-personalizados-768x381.jpg 768w, https:\/\/bautizoycomunion.com\/wp-content\/uploads\/2019\/04\/albumes-personalizados-1024x508.jpg 1024w\" sizes=\"auto, (max-width: 1210px) 100vw, 1210px\" \/><\/p>\n<p>Los trabajos son completamente artesanales y le gusta dar a cada encargo un toque especial que lo diferencie de los dem\u00e1s. De esta manera cada encargo es \u00fanico y no hay dos iguales. As\u00ed podr\u00e1s tener ese detalle tan diferente y especial con el ni\u00f1o o la ni\u00f1a de la Primera Comuni\u00f3n.<\/p>\n<p><img loading=\"lazy\" decoding=\"async\" class=\"alignnone size-full wp-image-10140\" src=\"http:\/\/bautizoycomunion.com\/wp-content\/uploads\/2019\/04\/libros-de-firmas-personalizados-para-regalar.jpg\" alt=\"\" width=\"1210\" height=\"605\" srcset=\"https:\/\/bautizoycomunion.com\/wp-content\/uploads\/2019\/04\/libros-de-firmas-personalizados-para-regalar.jpg 1210w, https:\/\/bautizoycomunion.com\/wp-content\/uploads\/2019\/04\/libros-de-firmas-personalizados-para-regalar-300x150.jpg 300w, https:\/\/bautizoycomunion.com\/wp-content\/uploads\/2019\/04\/libros-de-firmas-personalizados-para-regalar-768x384.jpg 768w, https:\/\/bautizoycomunion.com\/wp-content\/uploads\/2019\/04\/libros-de-firmas-personalizados-para-regalar-1024x512.jpg 1024w\" sizes=\"auto, (max-width: 1210px) 100vw, 1210px\" \/><\/p>\n<p>En arte_conroy utilizan para sus productos todo tipo de <strong>telas con estampados diferentes, pieles naturales y papeles italianos<\/strong>. Adem\u00e1s pueden poner el nombre o cualquier otro t\u00edtulo en relieve o la foto que m\u00e1s te guste en la portada y todo hecho con mucho mimo e ilusi\u00f3n.<\/p>\n<p><img loading=\"lazy\" decoding=\"async\" class=\"alignnone size-full wp-image-10138\" src=\"http:\/\/bautizoycomunion.com\/wp-content\/uploads\/2019\/04\/albumes-personalizados-para-comuniones.jpg\" alt=\"\" width=\"1210\" height=\"600\" srcset=\"https:\/\/bautizoycomunion.com\/wp-content\/uploads\/2019\/04\/albumes-personalizados-para-comuniones.jpg 1210w, https:\/\/bautizoycomunion.com\/wp-content\/uploads\/2019\/04\/albumes-personalizados-para-comuniones-300x149.jpg 300w, https:\/\/bautizoycomunion.com\/wp-content\/uploads\/2019\/04\/albumes-personalizados-para-comuniones-768x381.jpg 768w, https:\/\/bautizoycomunion.com\/wp-content\/uploads\/2019\/04\/albumes-personalizados-para-comuniones-1024x508.jpg 1024w\" sizes=\"auto, (max-width: 1210px) 100vw, 1210px\" \/><\/p>\n<p>Elige exclusividad y queda fenomenal en tus pr\u00f3ximos regalos. Echadle un vistazo a su cuenta de Instagram donde podr\u00e9is ver muchos de los trabajos que ha realizado hasta ahora. Seguro que os sorprender\u00e9is!<\/p>\n<p>Tel\u00e9fono de contacto: 625400333<br \/>\nEmail: royarechaga@yahoo.es<br \/>\nInstagram <a href=\"https:\/\/www.instagram.com\/arte_conroy\" target=\"_blank\" rel=\"noopener noreferrer\">@arte_conroy<\/a>.<\/p>\n","protected":false},"excerpt":{"rendered":"<p>Si vas a asistir a una Primera Comuni\u00f3n este a\u00f1o seguro que estar\u00e1s pensando en el regalo que le har\u00e1s a la ni\u00f1a o el ni\u00f1o en ese d\u00eda tan especial. Hoy nos gustar\u00eda recomendaros una marca, o mejor dicho una artista, que nos ha llamado la atenci\u00f3n, se trata &hellip; <a class=\"more-link\" href=\"https:\/\/bautizoycomunion.com\/index.php\/2019\/04\/09\/albumes-de-fotos-y-libros-de-firma-a-medida-para-primeras-comuniones\/\"><span class=\"more-msg\">Sigue leyendo &rarr;<\/span><\/a><\/p>\n","protected":false},"author":3,"featured_media":10139,"comment_status":"closed","ping_status":"open","sticky":false,"template":"","format":"standard","meta":{"footnotes":""},"categories":[13,16],"tags":[36,1237,1146,1238,1239,751,776],"class_list":["post-10135","post","type-post","status-publish","format-standard","has-post-thumbnail","hentry","category-regalos-para-comunion","category-uncategorized","tag-albumes","tag-arte_conroy","tag-libros-de-firmas","tag-papeleria-personalizada","tag-regalos-artesanales","tag-regalos-comunion","tag-regalos-primera-comunion"],"yoast_head":"<!-- This site is optimized with the Yoast SEO plugin v26.1.1 - https:\/\/yoast.com\/wordpress\/plugins\/seo\/ -->\n<title>Albumes de fotos y libros de firma a medida para Primeras Comuniones &#8211; Bautizo y Comunion<\/title>\n<meta name=\"robots\" content=\"index, follow, max-snippet:-1, max-image-preview:large, max-video-preview:-1\" \/>\n<link rel=\"canonical\" href=\"https:\/\/bautizoycomunion.com\/index.php\/2019\/04\/09\/albumes-de-fotos-y-libros-de-firma-a-medida-para-primeras-comuniones\/\" \/>\n<meta property=\"og:locale\" content=\"es_ES\" \/>\n<meta property=\"og:type\" content=\"article\" \/>\n<meta property=\"og:title\" content=\"Albumes de fotos y libros de firma a medida para Primeras Comuniones &#8211; Bautizo y Comunion\" \/>\n<meta property=\"og:description\" content=\"Si vas a asistir a una Primera Comuni\u00f3n este a\u00f1o seguro que estar\u00e1s pensando en el regalo que le har\u00e1s a la ni\u00f1a o el ni\u00f1o en ese d\u00eda tan especial. Hoy nos gustar\u00eda recomendaros una marca, o mejor dicho una artista, que nos ha llamado la atenci\u00f3n, se trata &hellip; Sigue leyendo &rarr;\" \/>\n<meta property=\"og:url\" content=\"https:\/\/bautizoycomunion.com\/index.php\/2019\/04\/09\/albumes-de-fotos-y-libros-de-firma-a-medida-para-primeras-comuniones\/\" \/>\n<meta property=\"og:site_name\" content=\"Bautizo y Comunion\" \/>\n<meta property=\"article:publisher\" content=\"https:\/\/www.facebook.com\/BautizosyComuniones\" \/>\n<meta property=\"article:published_time\" content=\"2019-04-09T09:10:42+00:00\" \/>\n<meta property=\"article:modified_time\" content=\"2020-02-15T22:00:56+00:00\" \/>\n<meta property=\"og:image\" content=\"https:\/\/bautizoycomunion.com\/wp-content\/uploads\/2019\/04\/libros-de-firmas-personalizados.jpg\" \/>\n\t<meta property=\"og:image:width\" content=\"1210\" \/>\n\t<meta property=\"og:image:height\" content=\"600\" \/>\n\t<meta property=\"og:image:type\" content=\"image\/jpeg\" \/>\n<meta name=\"author\" content=\"publisher\" \/>\n<meta name=\"twitter:card\" content=\"summary_large_image\" \/>\n<meta name=\"twitter:creator\" content=\"@BautizoComunion\" \/>\n<meta name=\"twitter:site\" content=\"@BautizoComunion\" \/>\n<meta name=\"twitter:label1\" content=\"Escrito por\" \/>\n\t<meta name=\"twitter:data1\" content=\"publisher\" \/>\n\t<meta name=\"twitter:label2\" content=\"Tiempo de lectura\" \/>\n\t<meta name=\"twitter:data2\" content=\"1 minuto\" \/>\n<script type=\"application\/ld+json\" class=\"yoast-schema-graph\">{\"@context\":\"https:\/\/schema.org\",\"@graph\":[{\"@type\":\"Article\",\"@id\":\"https:\/\/bautizoycomunion.com\/index.php\/2019\/04\/09\/albumes-de-fotos-y-libros-de-firma-a-medida-para-primeras-comuniones\/#article\",\"isPartOf\":{\"@id\":\"https:\/\/bautizoycomunion.com\/index.php\/2019\/04\/09\/albumes-de-fotos-y-libros-de-firma-a-medida-para-primeras-comuniones\/\"},\"author\":{\"name\":\"publisher\",\"@id\":\"https:\/\/bautizoycomunion.com\/#\/schema\/person\/71b91ab759bf77b5348a2f95d85e8ba0\"},\"headline\":\"Albumes de fotos y libros de firma a medida para Primeras Comuniones\",\"datePublished\":\"2019-04-09T09:10:42+00:00\",\"dateModified\":\"2020-02-15T22:00:56+00:00\",\"mainEntityOfPage\":{\"@id\":\"https:\/\/bautizoycomunion.com\/index.php\/2019\/04\/09\/albumes-de-fotos-y-libros-de-firma-a-medida-para-primeras-comuniones\/\"},\"wordCount\":268,\"publisher\":{\"@id\":\"https:\/\/bautizoycomunion.com\/#organization\"},\"image\":{\"@id\":\"https:\/\/bautizoycomunion.com\/index.php\/2019\/04\/09\/albumes-de-fotos-y-libros-de-firma-a-medida-para-primeras-comuniones\/#primaryimage\"},\"thumbnailUrl\":\"https:\/\/bautizoycomunion.com\/wp-content\/uploads\/2019\/04\/libros-de-firmas-personalizados.jpg\",\"keywords\":[\"\u00c1lbumes\",\"arte_conroy\",\"libros de firmas\",\"papeleria personalizada\",\"regalos artesanales\",\"regalos comuni\u00f3n\",\"regalos primera comunion\"],\"articleSection\":[\"Regalos para Comuni\u00f3n\",\"Todas las entradas\"],\"inLanguage\":\"es\"},{\"@type\":\"WebPage\",\"@id\":\"https:\/\/bautizoycomunion.com\/index.php\/2019\/04\/09\/albumes-de-fotos-y-libros-de-firma-a-medida-para-primeras-comuniones\/\",\"url\":\"https:\/\/bautizoycomunion.com\/index.php\/2019\/04\/09\/albumes-de-fotos-y-libros-de-firma-a-medida-para-primeras-comuniones\/\",\"name\":\"Albumes de fotos y libros de firma a medida para Primeras Comuniones &#8211; Bautizo y Comunion\",\"isPartOf\":{\"@id\":\"https:\/\/bautizoycomunion.com\/#website\"},\"primaryImageOfPage\":{\"@id\":\"https:\/\/bautizoycomunion.com\/index.php\/2019\/04\/09\/albumes-de-fotos-y-libros-de-firma-a-medida-para-primeras-comuniones\/#primaryimage\"},\"image\":{\"@id\":\"https:\/\/bautizoycomunion.com\/index.php\/2019\/04\/09\/albumes-de-fotos-y-libros-de-firma-a-medida-para-primeras-comuniones\/#primaryimage\"},\"thumbnailUrl\":\"https:\/\/bautizoycomunion.com\/wp-content\/uploads\/2019\/04\/libros-de-firmas-personalizados.jpg\",\"datePublished\":\"2019-04-09T09:10:42+00:00\",\"dateModified\":\"2020-02-15T22:00:56+00:00\",\"breadcrumb\":{\"@id\":\"https:\/\/bautizoycomunion.com\/index.php\/2019\/04\/09\/albumes-de-fotos-y-libros-de-firma-a-medida-para-primeras-comuniones\/#breadcrumb\"},\"inLanguage\":\"es\",\"potentialAction\":[{\"@type\":\"ReadAction\",\"target\":[\"https:\/\/bautizoycomunion.com\/index.php\/2019\/04\/09\/albumes-de-fotos-y-libros-de-firma-a-medida-para-primeras-comuniones\/\"]}]},{\"@type\":\"ImageObject\",\"inLanguage\":\"es\",\"@id\":\"https:\/\/bautizoycomunion.com\/index.php\/2019\/04\/09\/albumes-de-fotos-y-libros-de-firma-a-medida-para-primeras-comuniones\/#primaryimage\",\"url\":\"https:\/\/bautizoycomunion.com\/wp-content\/uploads\/2019\/04\/libros-de-firmas-personalizados.jpg\",\"contentUrl\":\"https:\/\/bautizoycomunion.com\/wp-content\/uploads\/2019\/04\/libros-de-firmas-personalizados.jpg\",\"width\":1210,\"height\":600},{\"@type\":\"BreadcrumbList\",\"@id\":\"https:\/\/bautizoycomunion.com\/index.php\/2019\/04\/09\/albumes-de-fotos-y-libros-de-firma-a-medida-para-primeras-comuniones\/#breadcrumb\",\"itemListElement\":[{\"@type\":\"ListItem\",\"position\":1,\"name\":\"Portada\",\"item\":\"https:\/\/bautizoycomunion.com\/\"},{\"@type\":\"ListItem\",\"position\":2,\"name\":\"Albumes de fotos y libros de firma a medida para Primeras Comuniones\"}]},{\"@type\":\"WebSite\",\"@id\":\"https:\/\/bautizoycomunion.com\/#website\",\"url\":\"https:\/\/bautizoycomunion.com\/\",\"name\":\"Bautizo y Comunion\",\"description\":\"\",\"publisher\":{\"@id\":\"https:\/\/bautizoycomunion.com\/#organization\"},\"potentialAction\":[{\"@type\":\"SearchAction\",\"target\":{\"@type\":\"EntryPoint\",\"urlTemplate\":\"https:\/\/bautizoycomunion.com\/?s={search_term_string}\"},\"query-input\":{\"@type\":\"PropertyValueSpecification\",\"valueRequired\":true,\"valueName\":\"search_term_string\"}}],\"inLanguage\":\"es\"},{\"@type\":\"Organization\",\"@id\":\"https:\/\/bautizoycomunion.com\/#organization\",\"name\":\"Bautizo y Comunion\",\"url\":\"https:\/\/bautizoycomunion.com\/\",\"logo\":{\"@type\":\"ImageObject\",\"inLanguage\":\"es\",\"@id\":\"https:\/\/bautizoycomunion.com\/#\/schema\/logo\/image\/\",\"url\":\"https:\/\/bautizoycomunion.com\/wp-content\/uploads\/2020\/02\/logo-bautizo-y-comunion.jpg\",\"contentUrl\":\"https:\/\/bautizoycomunion.com\/wp-content\/uploads\/2020\/02\/logo-bautizo-y-comunion.jpg\",\"width\":128,\"height\":128,\"caption\":\"Bautizo y Comunion\"},\"image\":{\"@id\":\"https:\/\/bautizoycomunion.com\/#\/schema\/logo\/image\/\"},\"sameAs\":[\"https:\/\/www.facebook.com\/BautizosyComuniones\",\"https:\/\/x.com\/BautizoComunion\",\"https:\/\/www.instagram.com\/bautizoycomunion\/\",\"https:\/\/www.pinterest.es\/BautizoComunion\/\",\"https:\/\/www.youtube.com\/user\/BautizoyComunionTV\"]},{\"@type\":\"Person\",\"@id\":\"https:\/\/bautizoycomunion.com\/#\/schema\/person\/71b91ab759bf77b5348a2f95d85e8ba0\",\"name\":\"publisher\",\"image\":{\"@type\":\"ImageObject\",\"inLanguage\":\"es\",\"@id\":\"https:\/\/bautizoycomunion.com\/#\/schema\/person\/image\/\",\"url\":\"https:\/\/secure.gravatar.com\/avatar\/b678a6a8c15d6fa37228489ffa29aff56590dfc95fbec3aa2c2f2cc9013b082f?s=96&d=mm&r=g\",\"contentUrl\":\"https:\/\/secure.gravatar.com\/avatar\/b678a6a8c15d6fa37228489ffa29aff56590dfc95fbec3aa2c2f2cc9013b082f?s=96&d=mm&r=g\",\"caption\":\"publisher\"}}]}<\/script>\n<!-- \/ Yoast SEO plugin. -->","yoast_head_json":{"title":"Albumes de fotos y libros de firma a medida para Primeras Comuniones &#8211; Bautizo y Comunion","robots":{"index":"index","follow":"follow","max-snippet":"max-snippet:-1","max-image-preview":"max-image-preview:large","max-video-preview":"max-video-preview:-1"},"canonical":"https:\/\/bautizoycomunion.com\/index.php\/2019\/04\/09\/albumes-de-fotos-y-libros-de-firma-a-medida-para-primeras-comuniones\/","og_locale":"es_ES","og_type":"article","og_title":"Albumes de fotos y libros de firma a medida para Primeras Comuniones &#8211; Bautizo y Comunion","og_description":"Si vas a asistir a una Primera Comuni\u00f3n este a\u00f1o seguro que estar\u00e1s pensando en el regalo que le har\u00e1s a la ni\u00f1a o el ni\u00f1o en ese d\u00eda tan especial. Hoy nos gustar\u00eda recomendaros una marca, o mejor dicho una artista, que nos ha llamado la atenci\u00f3n, se trata &hellip; Sigue leyendo &rarr;","og_url":"https:\/\/bautizoycomunion.com\/index.php\/2019\/04\/09\/albumes-de-fotos-y-libros-de-firma-a-medida-para-primeras-comuniones\/","og_site_name":"Bautizo y Comunion","article_publisher":"https:\/\/www.facebook.com\/BautizosyComuniones","article_published_time":"2019-04-09T09:10:42+00:00","article_modified_time":"2020-02-15T22:00:56+00:00","og_image":[{"width":1210,"height":600,"url":"https:\/\/bautizoycomunion.com\/wp-content\/uploads\/2019\/04\/libros-de-firmas-personalizados.jpg","type":"image\/jpeg"}],"author":"publisher","twitter_card":"summary_large_image","twitter_creator":"@BautizoComunion","twitter_site":"@BautizoComunion","twitter_misc":{"Escrito por":"publisher","Tiempo de lectura":"1 minuto"},"schema":{"@context":"https:\/\/schema.org","@graph":[{"@type":"Article","@id":"https:\/\/bautizoycomunion.com\/index.php\/2019\/04\/09\/albumes-de-fotos-y-libros-de-firma-a-medida-para-primeras-comuniones\/#article","isPartOf":{"@id":"https:\/\/bautizoycomunion.com\/index.php\/2019\/04\/09\/albumes-de-fotos-y-libros-de-firma-a-medida-para-primeras-comuniones\/"},"author":{"name":"publisher","@id":"https:\/\/bautizoycomunion.com\/#\/schema\/person\/71b91ab759bf77b5348a2f95d85e8ba0"},"headline":"Albumes de fotos y libros de firma a medida para Primeras Comuniones","datePublished":"2019-04-09T09:10:42+00:00","dateModified":"2020-02-15T22:00:56+00:00","mainEntityOfPage":{"@id":"https:\/\/bautizoycomunion.com\/index.php\/2019\/04\/09\/albumes-de-fotos-y-libros-de-firma-a-medida-para-primeras-comuniones\/"},"wordCount":268,"publisher":{"@id":"https:\/\/bautizoycomunion.com\/#organization"},"image":{"@id":"https:\/\/bautizoycomunion.com\/index.php\/2019\/04\/09\/albumes-de-fotos-y-libros-de-firma-a-medida-para-primeras-comuniones\/#primaryimage"},"thumbnailUrl":"https:\/\/bautizoycomunion.com\/wp-content\/uploads\/2019\/04\/libros-de-firmas-personalizados.jpg","keywords":["\u00c1lbumes","arte_conroy","libros de firmas","papeleria personalizada","regalos artesanales","regalos comuni\u00f3n","regalos primera comunion"],"articleSection":["Regalos para Comuni\u00f3n","Todas las entradas"],"inLanguage":"es"},{"@type":"WebPage","@id":"https:\/\/bautizoycomunion.com\/index.php\/2019\/04\/09\/albumes-de-fotos-y-libros-de-firma-a-medida-para-primeras-comuniones\/","url":"https:\/\/bautizoycomunion.com\/index.php\/2019\/04\/09\/albumes-de-fotos-y-libros-de-firma-a-medida-para-primeras-comuniones\/","name":"Albumes de fotos y libros de firma a medida para Primeras Comuniones &#8211; Bautizo y Comunion","isPartOf":{"@id":"https:\/\/bautizoycomunion.com\/#website"},"primaryImageOfPage":{"@id":"https:\/\/bautizoycomunion.com\/index.php\/2019\/04\/09\/albumes-de-fotos-y-libros-de-firma-a-medida-para-primeras-comuniones\/#primaryimage"},"image":{"@id":"https:\/\/bautizoycomunion.com\/index.php\/2019\/04\/09\/albumes-de-fotos-y-libros-de-firma-a-medida-para-primeras-comuniones\/#primaryimage"},"thumbnailUrl":"https:\/\/bautizoycomunion.com\/wp-content\/uploads\/2019\/04\/libros-de-firmas-personalizados.jpg","datePublished":"2019-04-09T09:10:42+00:00","dateModified":"2020-02-15T22:00:56+00:00","breadcrumb":{"@id":"https:\/\/bautizoycomunion.com\/index.php\/2019\/04\/09\/albumes-de-fotos-y-libros-de-firma-a-medida-para-primeras-comuniones\/#breadcrumb"},"inLanguage":"es","potentialAction":[{"@type":"ReadAction","target":["https:\/\/bautizoycomunion.com\/index.php\/2019\/04\/09\/albumes-de-fotos-y-libros-de-firma-a-medida-para-primeras-comuniones\/"]}]},{"@type":"ImageObject","inLanguage":"es","@id":"https:\/\/bautizoycomunion.com\/index.php\/2019\/04\/09\/albumes-de-fotos-y-libros-de-firma-a-medida-para-primeras-comuniones\/#primaryimage","url":"https:\/\/bautizoycomunion.com\/wp-content\/uploads\/2019\/04\/libros-de-firmas-personalizados.jpg","contentUrl":"https:\/\/bautizoycomunion.com\/wp-content\/uploads\/2019\/04\/libros-de-firmas-personalizados.jpg","width":1210,"height":600},{"@type":"BreadcrumbList","@id":"https:\/\/bautizoycomunion.com\/index.php\/2019\/04\/09\/albumes-de-fotos-y-libros-de-firma-a-medida-para-primeras-comuniones\/#breadcrumb","itemListElement":[{"@type":"ListItem","position":1,"name":"Portada","item":"https:\/\/bautizoycomunion.com\/"},{"@type":"ListItem","position":2,"name":"Albumes de fotos y libros de firma a medida para Primeras Comuniones"}]},{"@type":"WebSite","@id":"https:\/\/bautizoycomunion.com\/#website","url":"https:\/\/bautizoycomunion.com\/","name":"Bautizo y Comunion","description":"","publisher":{"@id":"https:\/\/bautizoycomunion.com\/#organization"},"potentialAction":[{"@type":"SearchAction","target":{"@type":"EntryPoint","urlTemplate":"https:\/\/bautizoycomunion.com\/?s={search_term_string}"},"query-input":{"@type":"PropertyValueSpecification","valueRequired":true,"valueName":"search_term_string"}}],"inLanguage":"es"},{"@type":"Organization","@id":"https:\/\/bautizoycomunion.com\/#organization","name":"Bautizo y Comunion","url":"https:\/\/bautizoycomunion.com\/","logo":{"@type":"ImageObject","inLanguage":"es","@id":"https:\/\/bautizoycomunion.com\/#\/schema\/logo\/image\/","url":"https:\/\/bautizoycomunion.com\/wp-content\/uploads\/2020\/02\/logo-bautizo-y-comunion.jpg","contentUrl":"https:\/\/bautizoycomunion.com\/wp-content\/uploads\/2020\/02\/logo-bautizo-y-comunion.jpg","width":128,"height":128,"caption":"Bautizo y Comunion"},"image":{"@id":"https:\/\/bautizoycomunion.com\/#\/schema\/logo\/image\/"},"sameAs":["https:\/\/www.facebook.com\/BautizosyComuniones","https:\/\/x.com\/BautizoComunion","https:\/\/www.instagram.com\/bautizoycomunion\/","https:\/\/www.pinterest.es\/BautizoComunion\/","https:\/\/www.youtube.com\/user\/BautizoyComunionTV"]},{"@type":"Person","@id":"https:\/\/bautizoycomunion.com\/#\/schema\/person\/71b91ab759bf77b5348a2f95d85e8ba0","name":"publisher","image":{"@type":"ImageObject","inLanguage":"es","@id":"https:\/\/bautizoycomunion.com\/#\/schema\/person\/image\/","url":"https:\/\/secure.gravatar.com\/avatar\/b678a6a8c15d6fa37228489ffa29aff56590dfc95fbec3aa2c2f2cc9013b082f?s=96&d=mm&r=g","contentUrl":"https:\/\/secure.gravatar.com\/avatar\/b678a6a8c15d6fa37228489ffa29aff56590dfc95fbec3aa2c2f2cc9013b082f?s=96&d=mm&r=g","caption":"publisher"}}]}},"_links":{"self":[{"href":"https:\/\/bautizoycomunion.com\/index.php\/wp-json\/wp\/v2\/posts\/10135","targetHints":{"allow":["GET"]}}],"collection":[{"href":"https:\/\/bautizoycomunion.com\/index.php\/wp-json\/wp\/v2\/posts"}],"about":[{"href":"https:\/\/bautizoycomunion.com\/index.php\/wp-json\/wp\/v2\/types\/post"}],"author":[{"embeddable":true,"href":"https:\/\/bautizoycomunion.com\/index.php\/wp-json\/wp\/v2\/users\/3"}],"replies":[{"embeddable":true,"href":"https:\/\/bautizoycomunion.com\/index.php\/wp-json\/wp\/v2\/comments?post=10135"}],"version-history":[{"count":8,"href":"https:\/\/bautizoycomunion.com\/index.php\/wp-json\/wp\/v2\/posts\/10135\/revisions"}],"predecessor-version":[{"id":10579,"href":"https:\/\/bautizoycomunion.com\/index.php\/wp-json\/wp\/v2\/posts\/10135\/revisions\/10579"}],"wp:featuredmedia":[{"embeddable":true,"href":"https:\/\/bautizoycomunion.com\/index.php\/wp-json\/wp\/v2\/media\/10139"}],"wp:attachment":[{"href":"https:\/\/bautizoycomunion.com\/index.php\/wp-json\/wp\/v2\/media?parent=10135"}],"wp:term":[{"taxonomy":"category","embeddable":true,"href":"https:\/\/bautizoycomunion.com\/index.php\/wp-json\/wp\/v2\/categories?post=10135"},{"taxonomy":"post_tag","embeddable":true,"href":"https:\/\/bautizoycomunion.com\/index.php\/wp-json\/wp\/v2\/tags?post=10135"}],"curies":[{"name":"wp","href":"https:\/\/api.w.org\/{rel}","templated":true}]}}