{"id":10147,"date":"2019-04-11T10:50:11","date_gmt":"2019-04-11T08:50:11","guid":{"rendered":"http:\/\/bautizoycomunion.com\/?p=10147"},"modified":"2020-02-15T22:59:22","modified_gmt":"2020-02-15T21:59:22","slug":"nuestro-editorial-de-comunion-publicado-en-la-revista-hola","status":"publish","type":"post","link":"https:\/\/bautizoycomunion.com\/index.php\/2019\/04\/11\/nuestro-editorial-de-comunion-publicado-en-la-revista-hola\/","title":{"rendered":"Nuestro editorial de Comuni\u00f3n publicado en la revista Hola!"},"content":{"rendered":"<h1>Primera Comuni\u00f3n: vestidos, fotograf\u00eda, medallas y cruces<\/h1>\n<p><strong>Un d\u00eda para recordar<\/strong>, as\u00ed ha titulado la revista Hola! ni\u00f1os nuestro editorial de Comuni\u00f3n realizado hace unas semanas en el hotel <strong>Coolrooms<\/strong> de la calle atocha de Madrid.<\/p>\n<p><img loading=\"lazy\" decoding=\"async\" class=\"aligncenter wp-image-10154 size-full\" title=\"hola! ni\u00f1os primera comunion\" src=\"http:\/\/bautizoycomunion.com\/wp-content\/uploads\/2019\/04\/revista-hola-ni\u00f1os-vestidos-de-comunion.jpg\" alt=\"revista hola ni\u00f1os vestidos de comunion\" width=\"1000\" height=\"873\" srcset=\"https:\/\/bautizoycomunion.com\/wp-content\/uploads\/2019\/04\/revista-hola-ni\u00f1os-vestidos-de-comunion.jpg 1000w, https:\/\/bautizoycomunion.com\/wp-content\/uploads\/2019\/04\/revista-hola-ni\u00f1os-vestidos-de-comunion-300x262.jpg 300w, https:\/\/bautizoycomunion.com\/wp-content\/uploads\/2019\/04\/revista-hola-ni\u00f1os-vestidos-de-comunion-768x670.jpg 768w\" sizes=\"auto, (max-width: 1000px) 100vw, 1000px\" \/><\/p>\n<p>Que ilusi\u00f3n nos ha hecho ir al quiosco y encontrarnos con las preciosas fotos de <strong>Noonu<\/strong> para nuestro editorial de Comuni\u00f3n 2019.<\/p>\n<p><img loading=\"lazy\" decoding=\"async\" class=\"aligncenter wp-image-10148 size-full\" title=\"vestidos de comunion\" src=\"http:\/\/bautizoycomunion.com\/wp-content\/uploads\/2019\/04\/comuniones-vestidos-de-comunion-mon-air.jpg\" alt=\"vestidos de comunion\" width=\"1200\" height=\"800\" srcset=\"https:\/\/bautizoycomunion.com\/wp-content\/uploads\/2019\/04\/comuniones-vestidos-de-comunion-mon-air.jpg 1200w, https:\/\/bautizoycomunion.com\/wp-content\/uploads\/2019\/04\/comuniones-vestidos-de-comunion-mon-air-300x200.jpg 300w, https:\/\/bautizoycomunion.com\/wp-content\/uploads\/2019\/04\/comuniones-vestidos-de-comunion-mon-air-768x512.jpg 768w, https:\/\/bautizoycomunion.com\/wp-content\/uploads\/2019\/04\/comuniones-vestidos-de-comunion-mon-air-1024x683.jpg 1024w\" sizes=\"auto, (max-width: 1200px) 100vw, 1200px\" \/><\/p>\n<p>Los vestidos de <strong>Monair<\/strong>&nbsp;, cuajados de encajes, lucieron como nunca en nuestras preciosas y peque\u00f1as modelos. Algunas de ellas unas aut\u00e9nticas profesionales como Marta o Daniela.<\/p>\n<p><img loading=\"lazy\" decoding=\"async\" class=\"aligncenter wp-image-10149 size-full\" title=\"comuniones vestidos zapatos coronas de flores\" src=\"http:\/\/bautizoycomunion.com\/wp-content\/uploads\/2019\/04\/editorial-de-comunion-vestidos-de-comunion-lazo-azul.jpg\" alt=\"vestidos de comunion\" width=\"1200\" height=\"800\" srcset=\"https:\/\/bautizoycomunion.com\/wp-content\/uploads\/2019\/04\/editorial-de-comunion-vestidos-de-comunion-lazo-azul.jpg 1200w, https:\/\/bautizoycomunion.com\/wp-content\/uploads\/2019\/04\/editorial-de-comunion-vestidos-de-comunion-lazo-azul-300x200.jpg 300w, https:\/\/bautizoycomunion.com\/wp-content\/uploads\/2019\/04\/editorial-de-comunion-vestidos-de-comunion-lazo-azul-768x512.jpg 768w, https:\/\/bautizoycomunion.com\/wp-content\/uploads\/2019\/04\/editorial-de-comunion-vestidos-de-comunion-lazo-azul-1024x683.jpg 1024w\" sizes=\"auto, (max-width: 1200px) 100vw, 1200px\" \/><\/p>\n<p>Para \u00e9sta temporada de Comuniones 2019 marca tendencia combinar los vestidos con azul en los accesorios como el faj\u00edn o la corona de flores, para darle un toque distinto y vistoso al vestido.<\/p>\n<p><img loading=\"lazy\" decoding=\"async\" class=\"aligncenter wp-image-10150 size-full\" title=\"regalos de comunion\" src=\"http:\/\/bautizoycomunion.com\/wp-content\/uploads\/2019\/04\/vestidos-de-comunion-con-velo-rosarios.jpg\" alt=\"velo de comunion\" width=\"1200\" height=\"800\" srcset=\"https:\/\/bautizoycomunion.com\/wp-content\/uploads\/2019\/04\/vestidos-de-comunion-con-velo-rosarios.jpg 1200w, https:\/\/bautizoycomunion.com\/wp-content\/uploads\/2019\/04\/vestidos-de-comunion-con-velo-rosarios-300x200.jpg 300w, https:\/\/bautizoycomunion.com\/wp-content\/uploads\/2019\/04\/vestidos-de-comunion-con-velo-rosarios-768x512.jpg 768w, https:\/\/bautizoycomunion.com\/wp-content\/uploads\/2019\/04\/vestidos-de-comunion-con-velo-rosarios-1024x683.jpg 1024w\" sizes=\"auto, (max-width: 1200px) 100vw, 1200px\" \/><\/p>\n<p>Los complementos religiosos son important\u00edsimos. En esta foto vemos un rosario de cuarzo rosa de <strong>Limonae<\/strong> grabado con el nombre de la ni\u00f1a, un recuerdo para toda la vida de un momento tan importante como es su Primera Comuni\u00f3n. La ni\u00f1a tambi\u00e9n lleva una pulsera de perlas con una cruz de plata.<\/p>\n<p>El vela para Comuni\u00f3n es un elemento que <strong>Monair<\/strong> rescata del pasado \u00a1y que ha nosotros nos encanta!<\/p>\n<p><img loading=\"lazy\" decoding=\"async\" class=\"aligncenter wp-image-10151 size-full\" title=\"coronas de flores de comunion\" src=\"http:\/\/bautizoycomunion.com\/wp-content\/uploads\/2019\/04\/revista-hola-comunion.jpg\" alt=\"comunion revista hola\" width=\"1100\" height=\"1540\" srcset=\"https:\/\/bautizoycomunion.com\/wp-content\/uploads\/2019\/04\/revista-hola-comunion.jpg 1100w, https:\/\/bautizoycomunion.com\/wp-content\/uploads\/2019\/04\/revista-hola-comunion-214x300.jpg 214w, https:\/\/bautizoycomunion.com\/wp-content\/uploads\/2019\/04\/revista-hola-comunion-768x1075.jpg 768w, https:\/\/bautizoycomunion.com\/wp-content\/uploads\/2019\/04\/revista-hola-comunion-731x1024.jpg 731w\" sizes=\"auto, (max-width: 1100px) 100vw, 1100px\" \/><\/p>\n<p>Preciosa la manga de este vestido para ni\u00f1as de Comuni\u00f3n.<\/p>\n<p>Los accesorios: diademas, tocados y coronas para el pelo tambi\u00e9n son de la firma <strong>Monair<\/strong>, al igual que las alpargatas o esparde\u00f1as; combinadas al color de los fajines o cinturones.<\/p>\n<p><img loading=\"lazy\" decoding=\"async\" class=\"aligncenter wp-image-10152 size-full\" title=\"zapatos de comunion\" src=\"http:\/\/bautizoycomunion.com\/wp-content\/uploads\/2019\/04\/alpargatas-de-comunion.jpg\" alt=\"alpargatas de comunion monair\" width=\"1200\" height=\"800\" srcset=\"https:\/\/bautizoycomunion.com\/wp-content\/uploads\/2019\/04\/alpargatas-de-comunion.jpg 1200w, https:\/\/bautizoycomunion.com\/wp-content\/uploads\/2019\/04\/alpargatas-de-comunion-300x200.jpg 300w, https:\/\/bautizoycomunion.com\/wp-content\/uploads\/2019\/04\/alpargatas-de-comunion-768x512.jpg 768w, https:\/\/bautizoycomunion.com\/wp-content\/uploads\/2019\/04\/alpargatas-de-comunion-1024x683.jpg 1024w\" sizes=\"auto, (max-width: 1200px) 100vw, 1200px\" \/><\/p>\n<p>Las ni\u00f1as disfrutaron un mont\u00f3n durante la sesi\u00f3n y se sintieron princesas por un d\u00eda. Todas guap\u00edsimas y maquilladas de una forma muy natural por la maquilladora <strong>Sara del Carmen.<\/strong><\/p>\n<p><img loading=\"lazy\" decoding=\"async\" class=\"aligncenter wp-image-10153 size-full\" title=\"vestidos de comunion de monair\" src=\"http:\/\/bautizoycomunion.com\/wp-content\/uploads\/2019\/04\/editorial-comunion-vestidos-joyas-y-fotografia.jpg\" alt=\"vestidos de comunion mon air\" width=\"1200\" height=\"800\" srcset=\"https:\/\/bautizoycomunion.com\/wp-content\/uploads\/2019\/04\/editorial-comunion-vestidos-joyas-y-fotografia.jpg 1200w, https:\/\/bautizoycomunion.com\/wp-content\/uploads\/2019\/04\/editorial-comunion-vestidos-joyas-y-fotografia-300x200.jpg 300w, https:\/\/bautizoycomunion.com\/wp-content\/uploads\/2019\/04\/editorial-comunion-vestidos-joyas-y-fotografia-768x512.jpg 768w, https:\/\/bautizoycomunion.com\/wp-content\/uploads\/2019\/04\/editorial-comunion-vestidos-joyas-y-fotografia-1024x683.jpg 1024w\" sizes=\"auto, (max-width: 1200px) 100vw, 1200px\" \/><\/p>\n<p>Estos son los colaboradores que hicieron posible \u00e9ste proyecto tan m\u00e1gico y especial y que nos han publicado en la Revista Hola! ni\u00f1os de \u00e9ste a\u00f1o.<\/p>\n<p><strong>Bautizo y Comunion<\/strong>&#8211; &nbsp;Organizaci\u00f3n<\/p>\n<p>www.bautizoycomunion.com<\/p>\n<p><strong>Mon Air<\/strong>&#8211; Vestidos de Comuni\u00f3n, tocados y zapatos<\/p>\n<p><a href=\"https:\/\/www.monair.es\/es\/home\/\" target=\"_blank\" rel=\"noopener noreferrer\">https:\/\/www.monair.es\/es\/home\/<\/a><\/p>\n<p><strong>Limonae<\/strong>&#8211; joyeria religiosa personalizada online<\/p>\n<p><a href=\"https:\/\/limonae.com\/16-regalos-de-comunion\" target=\"_blank\" rel=\"noopener noreferrer\">https:\/\/limonae.com\/16-regalos-de-comunion<\/a><\/p>\n<p><strong>Noonu<\/strong>&#8211; &nbsp;Fotograf\u00eda y video<\/p>\n<p><a href=\"http:\/\/noonu.es\/\" target=\"_blank\" rel=\"noopener noreferrer\">http:\/\/noonu.es\/<\/a><\/p>\n<p><strong>CoolRooms<\/strong>&#8211; Localizaci\u00f3n<\/p>\n<p><a href=\"https:\/\/coolrooms.com\/atocha\/\" target=\"_blank\" rel=\"noopener noreferrer\">https:\/\/coolrooms.com\/atocha\/<\/a><\/p>\n<p><strong>Sara del carmen-<\/strong> Maquillaje<\/p>\n<p><a href=\"http:\/\/www.saramaquilladora.com\/\" target=\"_blank\" rel=\"noopener noreferrer\">http:\/\/www.saramaquilladora.com\/<\/a><\/p>\n<p><strong>Modelos:<\/strong> Daniela Roberto y Marta Villa.<\/p>\n<p>&nbsp;<\/p>\n","protected":false},"excerpt":{"rendered":"<p>Primera Comuni\u00f3n: vestidos, fotograf\u00eda, medallas y cruces Un d\u00eda para recordar, as\u00ed ha titulado la revista Hola! ni\u00f1os nuestro editorial de Comuni\u00f3n realizado hace unas semanas en el hotel Coolrooms de la calle atocha de Madrid. Que ilusi\u00f3n nos ha hecho ir al quiosco y encontrarnos con las preciosas fotos &hellip; <a class=\"more-link\" href=\"https:\/\/bautizoycomunion.com\/index.php\/2019\/04\/11\/nuestro-editorial-de-comunion-publicado-en-la-revista-hola\/\"><span class=\"more-msg\">Sigue leyendo &rarr;<\/span><\/a><\/p>\n","protected":false},"author":1,"featured_media":10154,"comment_status":"closed","ping_status":"open","sticky":false,"template":"","format":"standard","meta":{"footnotes":""},"categories":[16,19],"tags":[1151,175,1241,211,1242,1240,526,1244,593,608,1131,796,1243,1101,882,953],"class_list":["post-10147","post","type-post","status-publish","format-standard","has-post-thumbnail","hentry","category-uncategorized","category-vestidos-de-comunion","tag-alpargatas-comunion","tag-comunion","tag-coolrooms","tag-coronas-de-flores","tag-editorial-comunion","tag-espardenas","tag-limonae","tag-medallas-de-comunion","tag-monair","tag-noonu","tag-revista-comunion","tag-revista-hola","tag-rosarios","tag-sara-del-carmen","tag-tocados-comunion","tag-vestidos-de-comunion-2"],"yoast_head":"<!-- This site is optimized with the Yoast SEO plugin v26.1.1 - https:\/\/yoast.com\/wordpress\/plugins\/seo\/ -->\n<title>Nuestro editorial de Comuni\u00f3n publicado en la revista Hola! &#8211; Bautizo y Comunion<\/title>\n<meta name=\"robots\" content=\"index, follow, max-snippet:-1, max-image-preview:large, max-video-preview:-1\" \/>\n<link rel=\"canonical\" href=\"https:\/\/bautizoycomunion.com\/index.php\/2019\/04\/11\/nuestro-editorial-de-comunion-publicado-en-la-revista-hola\/\" \/>\n<meta property=\"og:locale\" content=\"es_ES\" \/>\n<meta property=\"og:type\" content=\"article\" \/>\n<meta property=\"og:title\" content=\"Nuestro editorial de Comuni\u00f3n publicado en la revista Hola! &#8211; Bautizo y Comunion\" \/>\n<meta property=\"og:description\" content=\"Primera Comuni\u00f3n: vestidos, fotograf\u00eda, medallas y cruces Un d\u00eda para recordar, as\u00ed ha titulado la revista Hola! ni\u00f1os nuestro editorial de Comuni\u00f3n realizado hace unas semanas en el hotel Coolrooms de la calle atocha de Madrid. Que ilusi\u00f3n nos ha hecho ir al quiosco y encontrarnos con las preciosas fotos &hellip; Sigue leyendo &rarr;\" \/>\n<meta property=\"og:url\" content=\"https:\/\/bautizoycomunion.com\/index.php\/2019\/04\/11\/nuestro-editorial-de-comunion-publicado-en-la-revista-hola\/\" \/>\n<meta property=\"og:site_name\" content=\"Bautizo y Comunion\" \/>\n<meta property=\"article:publisher\" content=\"https:\/\/www.facebook.com\/BautizosyComuniones\" \/>\n<meta property=\"article:published_time\" content=\"2019-04-11T08:50:11+00:00\" \/>\n<meta property=\"article:modified_time\" content=\"2020-02-15T21:59:22+00:00\" \/>\n<meta property=\"og:image\" content=\"https:\/\/bautizoycomunion.com\/wp-content\/uploads\/2019\/04\/revista-hola-ni\u00f1os-vestidos-de-comunion.jpg\" \/>\n\t<meta property=\"og:image:width\" content=\"1000\" \/>\n\t<meta property=\"og:image:height\" content=\"873\" \/>\n\t<meta property=\"og:image:type\" content=\"image\/jpeg\" \/>\n<meta name=\"author\" content=\"Mar\" \/>\n<meta name=\"twitter:card\" content=\"summary_large_image\" \/>\n<meta name=\"twitter:creator\" content=\"@BautizoComunion\" \/>\n<meta name=\"twitter:site\" content=\"@BautizoComunion\" \/>\n<meta name=\"twitter:label1\" content=\"Escrito por\" \/>\n\t<meta name=\"twitter:data1\" content=\"Mar\" \/>\n\t<meta name=\"twitter:label2\" content=\"Tiempo de lectura\" \/>\n\t<meta name=\"twitter:data2\" content=\"2 minutos\" \/>\n<script type=\"application\/ld+json\" class=\"yoast-schema-graph\">{\"@context\":\"https:\/\/schema.org\",\"@graph\":[{\"@type\":\"Article\",\"@id\":\"https:\/\/bautizoycomunion.com\/index.php\/2019\/04\/11\/nuestro-editorial-de-comunion-publicado-en-la-revista-hola\/#article\",\"isPartOf\":{\"@id\":\"https:\/\/bautizoycomunion.com\/index.php\/2019\/04\/11\/nuestro-editorial-de-comunion-publicado-en-la-revista-hola\/\"},\"author\":{\"name\":\"Mar\",\"@id\":\"https:\/\/bautizoycomunion.com\/#\/schema\/person\/12e57d2607b3ab06cbc6c8a7f65949d6\"},\"headline\":\"Nuestro editorial de Comuni\u00f3n publicado en la revista Hola!\",\"datePublished\":\"2019-04-11T08:50:11+00:00\",\"dateModified\":\"2020-02-15T21:59:22+00:00\",\"mainEntityOfPage\":{\"@id\":\"https:\/\/bautizoycomunion.com\/index.php\/2019\/04\/11\/nuestro-editorial-de-comunion-publicado-en-la-revista-hola\/\"},\"wordCount\":384,\"publisher\":{\"@id\":\"https:\/\/bautizoycomunion.com\/#organization\"},\"image\":{\"@id\":\"https:\/\/bautizoycomunion.com\/index.php\/2019\/04\/11\/nuestro-editorial-de-comunion-publicado-en-la-revista-hola\/#primaryimage\"},\"thumbnailUrl\":\"https:\/\/bautizoycomunion.com\/wp-content\/uploads\/2019\/04\/revista-hola-ni\u00f1os-vestidos-de-comunion.jpg\",\"keywords\":[\"alpargatas comunion\",\"comunion\",\"coolrooms\",\"coronas de flores\",\"editorial comunion\",\"esparde\u00f1as\",\"limonae\",\"medallas de comunion\",\"monair\",\"noonu\",\"revista comunion\",\"revista hola\",\"rosarios\",\"sara del carmen\",\"tocados comunion\",\"vestidos de comunion\"],\"articleSection\":[\"Todas las entradas\",\"Vestidos, trajes y zapatos de Comuni\u00f3n\"],\"inLanguage\":\"es\"},{\"@type\":\"WebPage\",\"@id\":\"https:\/\/bautizoycomunion.com\/index.php\/2019\/04\/11\/nuestro-editorial-de-comunion-publicado-en-la-revista-hola\/\",\"url\":\"https:\/\/bautizoycomunion.com\/index.php\/2019\/04\/11\/nuestro-editorial-de-comunion-publicado-en-la-revista-hola\/\",\"name\":\"Nuestro editorial de Comuni\u00f3n publicado en la revista Hola! &#8211; Bautizo y Comunion\",\"isPartOf\":{\"@id\":\"https:\/\/bautizoycomunion.com\/#website\"},\"primaryImageOfPage\":{\"@id\":\"https:\/\/bautizoycomunion.com\/index.php\/2019\/04\/11\/nuestro-editorial-de-comunion-publicado-en-la-revista-hola\/#primaryimage\"},\"image\":{\"@id\":\"https:\/\/bautizoycomunion.com\/index.php\/2019\/04\/11\/nuestro-editorial-de-comunion-publicado-en-la-revista-hola\/#primaryimage\"},\"thumbnailUrl\":\"https:\/\/bautizoycomunion.com\/wp-content\/uploads\/2019\/04\/revista-hola-ni\u00f1os-vestidos-de-comunion.jpg\",\"datePublished\":\"2019-04-11T08:50:11+00:00\",\"dateModified\":\"2020-02-15T21:59:22+00:00\",\"breadcrumb\":{\"@id\":\"https:\/\/bautizoycomunion.com\/index.php\/2019\/04\/11\/nuestro-editorial-de-comunion-publicado-en-la-revista-hola\/#breadcrumb\"},\"inLanguage\":\"es\",\"potentialAction\":[{\"@type\":\"ReadAction\",\"target\":[\"https:\/\/bautizoycomunion.com\/index.php\/2019\/04\/11\/nuestro-editorial-de-comunion-publicado-en-la-revista-hola\/\"]}]},{\"@type\":\"ImageObject\",\"inLanguage\":\"es\",\"@id\":\"https:\/\/bautizoycomunion.com\/index.php\/2019\/04\/11\/nuestro-editorial-de-comunion-publicado-en-la-revista-hola\/#primaryimage\",\"url\":\"https:\/\/bautizoycomunion.com\/wp-content\/uploads\/2019\/04\/revista-hola-ni\u00f1os-vestidos-de-comunion.jpg\",\"contentUrl\":\"https:\/\/bautizoycomunion.com\/wp-content\/uploads\/2019\/04\/revista-hola-ni\u00f1os-vestidos-de-comunion.jpg\",\"width\":1000,\"height\":873,\"caption\":\"revista hola ni\u00f1os vestidos de comunion\"},{\"@type\":\"BreadcrumbList\",\"@id\":\"https:\/\/bautizoycomunion.com\/index.php\/2019\/04\/11\/nuestro-editorial-de-comunion-publicado-en-la-revista-hola\/#breadcrumb\",\"itemListElement\":[{\"@type\":\"ListItem\",\"position\":1,\"name\":\"Portada\",\"item\":\"https:\/\/bautizoycomunion.com\/\"},{\"@type\":\"ListItem\",\"position\":2,\"name\":\"Nuestro editorial de Comuni\u00f3n publicado en la revista Hola!\"}]},{\"@type\":\"WebSite\",\"@id\":\"https:\/\/bautizoycomunion.com\/#website\",\"url\":\"https:\/\/bautizoycomunion.com\/\",\"name\":\"Bautizo y Comunion\",\"description\":\"\",\"publisher\":{\"@id\":\"https:\/\/bautizoycomunion.com\/#organization\"},\"potentialAction\":[{\"@type\":\"SearchAction\",\"target\":{\"@type\":\"EntryPoint\",\"urlTemplate\":\"https:\/\/bautizoycomunion.com\/?s={search_term_string}\"},\"query-input\":{\"@type\":\"PropertyValueSpecification\",\"valueRequired\":true,\"valueName\":\"search_term_string\"}}],\"inLanguage\":\"es\"},{\"@type\":\"Organization\",\"@id\":\"https:\/\/bautizoycomunion.com\/#organization\",\"name\":\"Bautizo y Comunion\",\"url\":\"https:\/\/bautizoycomunion.com\/\",\"logo\":{\"@type\":\"ImageObject\",\"inLanguage\":\"es\",\"@id\":\"https:\/\/bautizoycomunion.com\/#\/schema\/logo\/image\/\",\"url\":\"https:\/\/bautizoycomunion.com\/wp-content\/uploads\/2020\/02\/logo-bautizo-y-comunion.jpg\",\"contentUrl\":\"https:\/\/bautizoycomunion.com\/wp-content\/uploads\/2020\/02\/logo-bautizo-y-comunion.jpg\",\"width\":128,\"height\":128,\"caption\":\"Bautizo y Comunion\"},\"image\":{\"@id\":\"https:\/\/bautizoycomunion.com\/#\/schema\/logo\/image\/\"},\"sameAs\":[\"https:\/\/www.facebook.com\/BautizosyComuniones\",\"https:\/\/x.com\/BautizoComunion\",\"https:\/\/www.instagram.com\/bautizoycomunion\/\",\"https:\/\/www.pinterest.es\/BautizoComunion\/\",\"https:\/\/www.youtube.com\/user\/BautizoyComunionTV\"]},{\"@type\":\"Person\",\"@id\":\"https:\/\/bautizoycomunion.com\/#\/schema\/person\/12e57d2607b3ab06cbc6c8a7f65949d6\",\"name\":\"Mar\",\"image\":{\"@type\":\"ImageObject\",\"inLanguage\":\"es\",\"@id\":\"https:\/\/bautizoycomunion.com\/#\/schema\/person\/image\/\",\"url\":\"https:\/\/secure.gravatar.com\/avatar\/71e69d02c62d24b5ab647c982f7ab3d63ba828e112128713a54d5890a8fa5610?s=96&d=mm&r=g\",\"contentUrl\":\"https:\/\/secure.gravatar.com\/avatar\/71e69d02c62d24b5ab647c982f7ab3d63ba828e112128713a54d5890a8fa5610?s=96&d=mm&r=g\",\"caption\":\"Mar\"}}]}<\/script>\n<!-- \/ Yoast SEO plugin. -->","yoast_head_json":{"title":"Nuestro editorial de Comuni\u00f3n publicado en la revista Hola! &#8211; Bautizo y Comunion","robots":{"index":"index","follow":"follow","max-snippet":"max-snippet:-1","max-image-preview":"max-image-preview:large","max-video-preview":"max-video-preview:-1"},"canonical":"https:\/\/bautizoycomunion.com\/index.php\/2019\/04\/11\/nuestro-editorial-de-comunion-publicado-en-la-revista-hola\/","og_locale":"es_ES","og_type":"article","og_title":"Nuestro editorial de Comuni\u00f3n publicado en la revista Hola! &#8211; Bautizo y Comunion","og_description":"Primera Comuni\u00f3n: vestidos, fotograf\u00eda, medallas y cruces Un d\u00eda para recordar, as\u00ed ha titulado la revista Hola! ni\u00f1os nuestro editorial de Comuni\u00f3n realizado hace unas semanas en el hotel Coolrooms de la calle atocha de Madrid. Que ilusi\u00f3n nos ha hecho ir al quiosco y encontrarnos con las preciosas fotos &hellip; Sigue leyendo &rarr;","og_url":"https:\/\/bautizoycomunion.com\/index.php\/2019\/04\/11\/nuestro-editorial-de-comunion-publicado-en-la-revista-hola\/","og_site_name":"Bautizo y Comunion","article_publisher":"https:\/\/www.facebook.com\/BautizosyComuniones","article_published_time":"2019-04-11T08:50:11+00:00","article_modified_time":"2020-02-15T21:59:22+00:00","og_image":[{"width":1000,"height":873,"url":"https:\/\/bautizoycomunion.com\/wp-content\/uploads\/2019\/04\/revista-hola-ni\u00f1os-vestidos-de-comunion.jpg","type":"image\/jpeg"}],"author":"Mar","twitter_card":"summary_large_image","twitter_creator":"@BautizoComunion","twitter_site":"@BautizoComunion","twitter_misc":{"Escrito por":"Mar","Tiempo de lectura":"2 minutos"},"schema":{"@context":"https:\/\/schema.org","@graph":[{"@type":"Article","@id":"https:\/\/bautizoycomunion.com\/index.php\/2019\/04\/11\/nuestro-editorial-de-comunion-publicado-en-la-revista-hola\/#article","isPartOf":{"@id":"https:\/\/bautizoycomunion.com\/index.php\/2019\/04\/11\/nuestro-editorial-de-comunion-publicado-en-la-revista-hola\/"},"author":{"name":"Mar","@id":"https:\/\/bautizoycomunion.com\/#\/schema\/person\/12e57d2607b3ab06cbc6c8a7f65949d6"},"headline":"Nuestro editorial de Comuni\u00f3n publicado en la revista Hola!","datePublished":"2019-04-11T08:50:11+00:00","dateModified":"2020-02-15T21:59:22+00:00","mainEntityOfPage":{"@id":"https:\/\/bautizoycomunion.com\/index.php\/2019\/04\/11\/nuestro-editorial-de-comunion-publicado-en-la-revista-hola\/"},"wordCount":384,"publisher":{"@id":"https:\/\/bautizoycomunion.com\/#organization"},"image":{"@id":"https:\/\/bautizoycomunion.com\/index.php\/2019\/04\/11\/nuestro-editorial-de-comunion-publicado-en-la-revista-hola\/#primaryimage"},"thumbnailUrl":"https:\/\/bautizoycomunion.com\/wp-content\/uploads\/2019\/04\/revista-hola-ni\u00f1os-vestidos-de-comunion.jpg","keywords":["alpargatas comunion","comunion","coolrooms","coronas de flores","editorial comunion","esparde\u00f1as","limonae","medallas de comunion","monair","noonu","revista comunion","revista hola","rosarios","sara del carmen","tocados comunion","vestidos de comunion"],"articleSection":["Todas las entradas","Vestidos, trajes y zapatos de Comuni\u00f3n"],"inLanguage":"es"},{"@type":"WebPage","@id":"https:\/\/bautizoycomunion.com\/index.php\/2019\/04\/11\/nuestro-editorial-de-comunion-publicado-en-la-revista-hola\/","url":"https:\/\/bautizoycomunion.com\/index.php\/2019\/04\/11\/nuestro-editorial-de-comunion-publicado-en-la-revista-hola\/","name":"Nuestro editorial de Comuni\u00f3n publicado en la revista Hola! &#8211; Bautizo y Comunion","isPartOf":{"@id":"https:\/\/bautizoycomunion.com\/#website"},"primaryImageOfPage":{"@id":"https:\/\/bautizoycomunion.com\/index.php\/2019\/04\/11\/nuestro-editorial-de-comunion-publicado-en-la-revista-hola\/#primaryimage"},"image":{"@id":"https:\/\/bautizoycomunion.com\/index.php\/2019\/04\/11\/nuestro-editorial-de-comunion-publicado-en-la-revista-hola\/#primaryimage"},"thumbnailUrl":"https:\/\/bautizoycomunion.com\/wp-content\/uploads\/2019\/04\/revista-hola-ni\u00f1os-vestidos-de-comunion.jpg","datePublished":"2019-04-11T08:50:11+00:00","dateModified":"2020-02-15T21:59:22+00:00","breadcrumb":{"@id":"https:\/\/bautizoycomunion.com\/index.php\/2019\/04\/11\/nuestro-editorial-de-comunion-publicado-en-la-revista-hola\/#breadcrumb"},"inLanguage":"es","potentialAction":[{"@type":"ReadAction","target":["https:\/\/bautizoycomunion.com\/index.php\/2019\/04\/11\/nuestro-editorial-de-comunion-publicado-en-la-revista-hola\/"]}]},{"@type":"ImageObject","inLanguage":"es","@id":"https:\/\/bautizoycomunion.com\/index.php\/2019\/04\/11\/nuestro-editorial-de-comunion-publicado-en-la-revista-hola\/#primaryimage","url":"https:\/\/bautizoycomunion.com\/wp-content\/uploads\/2019\/04\/revista-hola-ni\u00f1os-vestidos-de-comunion.jpg","contentUrl":"https:\/\/bautizoycomunion.com\/wp-content\/uploads\/2019\/04\/revista-hola-ni\u00f1os-vestidos-de-comunion.jpg","width":1000,"height":873,"caption":"revista hola ni\u00f1os vestidos de comunion"},{"@type":"BreadcrumbList","@id":"https:\/\/bautizoycomunion.com\/index.php\/2019\/04\/11\/nuestro-editorial-de-comunion-publicado-en-la-revista-hola\/#breadcrumb","itemListElement":[{"@type":"ListItem","position":1,"name":"Portada","item":"https:\/\/bautizoycomunion.com\/"},{"@type":"ListItem","position":2,"name":"Nuestro editorial de Comuni\u00f3n publicado en la revista Hola!"}]},{"@type":"WebSite","@id":"https:\/\/bautizoycomunion.com\/#website","url":"https:\/\/bautizoycomunion.com\/","name":"Bautizo y Comunion","description":"","publisher":{"@id":"https:\/\/bautizoycomunion.com\/#organization"},"potentialAction":[{"@type":"SearchAction","target":{"@type":"EntryPoint","urlTemplate":"https:\/\/bautizoycomunion.com\/?s={search_term_string}"},"query-input":{"@type":"PropertyValueSpecification","valueRequired":true,"valueName":"search_term_string"}}],"inLanguage":"es"},{"@type":"Organization","@id":"https:\/\/bautizoycomunion.com\/#organization","name":"Bautizo y Comunion","url":"https:\/\/bautizoycomunion.com\/","logo":{"@type":"ImageObject","inLanguage":"es","@id":"https:\/\/bautizoycomunion.com\/#\/schema\/logo\/image\/","url":"https:\/\/bautizoycomunion.com\/wp-content\/uploads\/2020\/02\/logo-bautizo-y-comunion.jpg","contentUrl":"https:\/\/bautizoycomunion.com\/wp-content\/uploads\/2020\/02\/logo-bautizo-y-comunion.jpg","width":128,"height":128,"caption":"Bautizo y Comunion"},"image":{"@id":"https:\/\/bautizoycomunion.com\/#\/schema\/logo\/image\/"},"sameAs":["https:\/\/www.facebook.com\/BautizosyComuniones","https:\/\/x.com\/BautizoComunion","https:\/\/www.instagram.com\/bautizoycomunion\/","https:\/\/www.pinterest.es\/BautizoComunion\/","https:\/\/www.youtube.com\/user\/BautizoyComunionTV"]},{"@type":"Person","@id":"https:\/\/bautizoycomunion.com\/#\/schema\/person\/12e57d2607b3ab06cbc6c8a7f65949d6","name":"Mar","image":{"@type":"ImageObject","inLanguage":"es","@id":"https:\/\/bautizoycomunion.com\/#\/schema\/person\/image\/","url":"https:\/\/secure.gravatar.com\/avatar\/71e69d02c62d24b5ab647c982f7ab3d63ba828e112128713a54d5890a8fa5610?s=96&d=mm&r=g","contentUrl":"https:\/\/secure.gravatar.com\/avatar\/71e69d02c62d24b5ab647c982f7ab3d63ba828e112128713a54d5890a8fa5610?s=96&d=mm&r=g","caption":"Mar"}}]}},"_links":{"self":[{"href":"https:\/\/bautizoycomunion.com\/index.php\/wp-json\/wp\/v2\/posts\/10147","targetHints":{"allow":["GET"]}}],"collection":[{"href":"https:\/\/bautizoycomunion.com\/index.php\/wp-json\/wp\/v2\/posts"}],"about":[{"href":"https:\/\/bautizoycomunion.com\/index.php\/wp-json\/wp\/v2\/types\/post"}],"author":[{"embeddable":true,"href":"https:\/\/bautizoycomunion.com\/index.php\/wp-json\/wp\/v2\/users\/1"}],"replies":[{"embeddable":true,"href":"https:\/\/bautizoycomunion.com\/index.php\/wp-json\/wp\/v2\/comments?post=10147"}],"version-history":[{"count":5,"href":"https:\/\/bautizoycomunion.com\/index.php\/wp-json\/wp\/v2\/posts\/10147\/revisions"}],"predecessor-version":[{"id":10413,"href":"https:\/\/bautizoycomunion.com\/index.php\/wp-json\/wp\/v2\/posts\/10147\/revisions\/10413"}],"wp:featuredmedia":[{"embeddable":true,"href":"https:\/\/bautizoycomunion.com\/index.php\/wp-json\/wp\/v2\/media\/10154"}],"wp:attachment":[{"href":"https:\/\/bautizoycomunion.com\/index.php\/wp-json\/wp\/v2\/media?parent=10147"}],"wp:term":[{"taxonomy":"category","embeddable":true,"href":"https:\/\/bautizoycomunion.com\/index.php\/wp-json\/wp\/v2\/categories?post=10147"},{"taxonomy":"post_tag","embeddable":true,"href":"https:\/\/bautizoycomunion.com\/index.php\/wp-json\/wp\/v2\/tags?post=10147"}],"curies":[{"name":"wp","href":"https:\/\/api.w.org\/{rel}","templated":true}]}}