{"id":10202,"date":"2019-04-18T10:58:39","date_gmt":"2019-04-18T08:58:39","guid":{"rendered":"http:\/\/bautizoycomunion.com\/?p=10202"},"modified":"2020-02-15T22:52:53","modified_gmt":"2020-02-15T21:52:53","slug":"10202","status":"publish","type":"post","link":"https:\/\/bautizoycomunion.com\/index.php\/2019\/04\/18\/10202\/","title":{"rendered":"Im\u00e1genes m\u00e1gicas de Comuni\u00f3n"},"content":{"rendered":"<h1>Noonu: Fotograf\u00eda de Comuni\u00f3n<\/h1>\n<p>Para nuestro editorial de Comuni\u00f3n publicado en la revista Hola! quisimos contar con el mejor fot\u00f3grafo infantil, <strong>Noonu<\/strong>.<\/p>\n<p>Y es que nadie como ellos para saber inmortalizar esos momentos m\u00e1gicos que nos regalaron estas cuatro preciosas ni\u00f1as.<\/p>\n<p><a href=\"https:\/\/noonu.es\/\" target=\"_blank\" rel=\"noopener noreferrer\"><img loading=\"lazy\" decoding=\"async\" class=\"aligncenter wp-image-10203 size-full\" title=\"Noonu Fotografo infantil\" src=\"http:\/\/bautizoycomunion.com\/wp-content\/uploads\/2019\/04\/fotografia-de-vestidos-de-comunion.jpg\" alt=\"noonu fotografia comunion\" width=\"1000\" height=\"1500\" srcset=\"https:\/\/bautizoycomunion.com\/wp-content\/uploads\/2019\/04\/fotografia-de-vestidos-de-comunion.jpg 1000w, https:\/\/bautizoycomunion.com\/wp-content\/uploads\/2019\/04\/fotografia-de-vestidos-de-comunion-200x300.jpg 200w, https:\/\/bautizoycomunion.com\/wp-content\/uploads\/2019\/04\/fotografia-de-vestidos-de-comunion-768x1152.jpg 768w, https:\/\/bautizoycomunion.com\/wp-content\/uploads\/2019\/04\/fotografia-de-vestidos-de-comunion-683x1024.jpg 683w\" sizes=\"auto, (max-width: 1000px) 100vw, 1000px\" \/><\/a><\/p>\n<p>Vestidas con los dise\u00f1os de <strong>Mon Air<\/strong>, adornadas con las cruces y medallas de <strong>Limonae<\/strong>, maquilladas por <strong>Sara del Carmen<\/strong> y en el marco \u00fanico del hotel <strong>Coolrooms<\/strong> de Madrid.<\/p>\n<p><a href=\"https:\/\/noonu.es\/\" target=\"_blank\" rel=\"noopener noreferrer\"><img loading=\"lazy\" decoding=\"async\" class=\"aligncenter wp-image-10210 size-full\" title=\"Fotografias Comunion\" src=\"http:\/\/bautizoycomunion.com\/wp-content\/uploads\/2019\/04\/fotografia-comuniones-madrid.jpg\" alt=\"noonu fotografia infantil\" width=\"1200\" height=\"798\" srcset=\"https:\/\/bautizoycomunion.com\/wp-content\/uploads\/2019\/04\/fotografia-comuniones-madrid.jpg 1200w, https:\/\/bautizoycomunion.com\/wp-content\/uploads\/2019\/04\/fotografia-comuniones-madrid-300x200.jpg 300w, https:\/\/bautizoycomunion.com\/wp-content\/uploads\/2019\/04\/fotografia-comuniones-madrid-768x511.jpg 768w, https:\/\/bautizoycomunion.com\/wp-content\/uploads\/2019\/04\/fotografia-comuniones-madrid-1024x681.jpg 1024w\" sizes=\"auto, (max-width: 1200px) 100vw, 1200px\" \/><\/a><\/p>\n<p>&nbsp;<\/p>\n<p><a href=\"https:\/\/noonu.es\/\" target=\"_blank\" rel=\"noopener noreferrer\"><img loading=\"lazy\" decoding=\"async\" class=\"aligncenter wp-image-10205 size-full\" title=\"Detalles Comunion fotografia\" src=\"http:\/\/bautizoycomunion.com\/wp-content\/uploads\/2019\/04\/rosario-de-cuarzo-de-comunion-con-el-nombre-grabado.jpg\" alt=\"fotografia noonu comuniones\" width=\"1200\" height=\"711\" srcset=\"https:\/\/bautizoycomunion.com\/wp-content\/uploads\/2019\/04\/rosario-de-cuarzo-de-comunion-con-el-nombre-grabado.jpg 1200w, https:\/\/bautizoycomunion.com\/wp-content\/uploads\/2019\/04\/rosario-de-cuarzo-de-comunion-con-el-nombre-grabado-300x178.jpg 300w, https:\/\/bautizoycomunion.com\/wp-content\/uploads\/2019\/04\/rosario-de-cuarzo-de-comunion-con-el-nombre-grabado-768x455.jpg 768w, https:\/\/bautizoycomunion.com\/wp-content\/uploads\/2019\/04\/rosario-de-cuarzo-de-comunion-con-el-nombre-grabado-1024x607.jpg 1024w\" sizes=\"auto, (max-width: 1200px) 100vw, 1200px\" \/><\/a><\/p>\n<p>Nadie como <strong>Noonu<\/strong> para saber captar esos peque\u00f1os detalles, como en esta foto donde vemos la preciosa manga del vestido junto con un rosario de cuarzo.<\/p>\n<p><a href=\"https:\/\/noonu.es\/\" target=\"_blank\" rel=\"noopener noreferrer\"><img loading=\"lazy\" decoding=\"async\" class=\"aligncenter wp-image-10206 size-full\" title=\"Fotografia Primera Comuni\u00f3n\" src=\"http:\/\/bautizoycomunion.com\/wp-content\/uploads\/2019\/04\/velas-personalizadas-de-comunion.jpg\" alt=\"Fotografos Noonu Comunion\" width=\"1200\" height=\"1023\" srcset=\"https:\/\/bautizoycomunion.com\/wp-content\/uploads\/2019\/04\/velas-personalizadas-de-comunion.jpg 1200w, https:\/\/bautizoycomunion.com\/wp-content\/uploads\/2019\/04\/velas-personalizadas-de-comunion-300x256.jpg 300w, https:\/\/bautizoycomunion.com\/wp-content\/uploads\/2019\/04\/velas-personalizadas-de-comunion-768x655.jpg 768w, https:\/\/bautizoycomunion.com\/wp-content\/uploads\/2019\/04\/velas-personalizadas-de-comunion-1024x873.jpg 1024w\" sizes=\"auto, (max-width: 1200px) 100vw, 1200px\" \/><\/a><\/p>\n<p>Nos encanta la composici\u00f3n y \u00e1ngulo de \u00e9sta foto, que la hace tan especial.<\/p>\n<p><a href=\"https:\/\/noonu.es\/\" target=\"_blank\" rel=\"noopener noreferrer\"><img loading=\"lazy\" decoding=\"async\" class=\"aligncenter wp-image-10197 size-full\" title=\"noonu fotografos vestidos de comunion\" src=\"http:\/\/bautizoycomunion.com\/wp-content\/uploads\/2019\/04\/vestidos-de-comunion-monair.jpg\" alt=\"fotografia comunion\" width=\"1000\" height=\"1500\" srcset=\"https:\/\/bautizoycomunion.com\/wp-content\/uploads\/2019\/04\/vestidos-de-comunion-monair.jpg 1000w, https:\/\/bautizoycomunion.com\/wp-content\/uploads\/2019\/04\/vestidos-de-comunion-monair-200x300.jpg 200w, https:\/\/bautizoycomunion.com\/wp-content\/uploads\/2019\/04\/vestidos-de-comunion-monair-768x1152.jpg 768w, https:\/\/bautizoycomunion.com\/wp-content\/uploads\/2019\/04\/vestidos-de-comunion-monair-683x1024.jpg 683w\" sizes=\"auto, (max-width: 1000px) 100vw, 1000px\" \/><\/a><\/p>\n<p>Los planos amplios y limpios son espectaculares, como el de \u00e9sta foto de Jimena y Marta, donde aparecen cogidas de la mano.<\/p>\n<p><a href=\"https:\/\/noonu.es\/\" target=\"_blank\" rel=\"noopener noreferrer\"><img loading=\"lazy\" decoding=\"async\" class=\"aligncenter wp-image-10207 size-full\" title=\"fotografia comunion\" src=\"http:\/\/bautizoycomunion.com\/wp-content\/uploads\/2019\/04\/comuniones-fotografos.jpg\" alt=\"noonu fotografia infantil\" width=\"1200\" height=\"800\" srcset=\"https:\/\/bautizoycomunion.com\/wp-content\/uploads\/2019\/04\/comuniones-fotografos.jpg 1200w, https:\/\/bautizoycomunion.com\/wp-content\/uploads\/2019\/04\/comuniones-fotografos-300x200.jpg 300w, https:\/\/bautizoycomunion.com\/wp-content\/uploads\/2019\/04\/comuniones-fotografos-768x512.jpg 768w, https:\/\/bautizoycomunion.com\/wp-content\/uploads\/2019\/04\/comuniones-fotografos-1024x683.jpg 1024w\" sizes=\"auto, (max-width: 1200px) 100vw, 1200px\" \/><\/a><\/p>\n<p><a href=\"https:\/\/noonu.es\/\" target=\"_blank\" rel=\"noopener noreferrer\"><img loading=\"lazy\" decoding=\"async\" class=\"aligncenter wp-image-10208 size-full\" title=\"fotografia vestidos de comunion\" src=\"http:\/\/bautizoycomunion.com\/wp-content\/uploads\/2019\/04\/vestidos-de-comunion-fotografia.jpg\" alt=\"noonu fotografos comuniones\" width=\"1000\" height=\"1500\" srcset=\"https:\/\/bautizoycomunion.com\/wp-content\/uploads\/2019\/04\/vestidos-de-comunion-fotografia.jpg 1000w, https:\/\/bautizoycomunion.com\/wp-content\/uploads\/2019\/04\/vestidos-de-comunion-fotografia-200x300.jpg 200w, https:\/\/bautizoycomunion.com\/wp-content\/uploads\/2019\/04\/vestidos-de-comunion-fotografia-768x1152.jpg 768w, https:\/\/bautizoycomunion.com\/wp-content\/uploads\/2019\/04\/vestidos-de-comunion-fotografia-683x1024.jpg 683w\" sizes=\"auto, (max-width: 1000px) 100vw, 1000px\" \/><\/a><\/p>\n<p>Enhorabuena Luis por \u00e9ste maravilloso reportaje de fotos, del que hemos podido disfrutar en los distintos post publicados.<\/p>\n<p>Impresionante tambi\u00e9n tu trabajo del video de la sesi\u00f3n, que es divertido, sorprendente y precioso.<\/p>\n<p>Colaboradores del editorial:<\/p>\n<p><strong>Bautizo y Comunion<\/strong>\u2013 &nbsp;Organizaci\u00f3n<\/p>\n<p>www.bautizoycomunion.com<\/p>\n<p><strong>Mon Air<\/strong>\u2013 Vestidos de Comuni\u00f3n, tocados y zapatos<\/p>\n<p><a href=\"https:\/\/www.monair.es\/es\/home\/\" target=\"_blank\" rel=\"noopener noreferrer\">https:\/\/www.monair.es\/es\/home\/<\/a><\/p>\n<p><strong>Limonae<\/strong>\u2013 joyeria religiosa personalizada online<\/p>\n<p><a href=\"https:\/\/limonae.com\/16-regalos-de-comunion\" target=\"_blank\" rel=\"noopener noreferrer\">https:\/\/limonae.com\/16-regalos-de-comunion<\/a><\/p>\n<p><strong>Noonu<\/strong>\u2013 &nbsp;Fotograf\u00eda y video<\/p>\n<p><a href=\"http:\/\/noonu.es\/\" target=\"_blank\" rel=\"noopener noreferrer\">http:\/\/noonu.es\/<\/a><\/p>\n<p><strong>CoolRooms<\/strong>\u2013 Localizaci\u00f3n<\/p>\n<p><a href=\"https:\/\/coolrooms.com\/atocha\/\" target=\"_blank\" rel=\"noopener noreferrer\">https:\/\/coolrooms.com\/atocha\/<\/a><\/p>\n<p><strong>Sara del carmen-<\/strong>&nbsp;Maquillaje<\/p>\n<p><a href=\"http:\/\/www.saramaquilladora.com\/\" target=\"_blank\" rel=\"noopener noreferrer\">http:\/\/www.saramaquilladora.com\/<\/a><\/p>\n<p><strong>Modelos:<\/strong>&nbsp;Daniela Roberto y Marta Villa.<\/p>\n","protected":false},"excerpt":{"rendered":"<p>Noonu: Fotograf\u00eda de Comuni\u00f3n Para nuestro editorial de Comuni\u00f3n publicado en la revista Hola! quisimos contar con el mejor fot\u00f3grafo infantil, Noonu. Y es que nadie como ellos para saber inmortalizar esos momentos m\u00e1gicos que nos regalaron estas cuatro preciosas ni\u00f1as. Vestidas con los dise\u00f1os de Mon Air, adornadas con &hellip; <a class=\"more-link\" href=\"https:\/\/bautizoycomunion.com\/index.php\/2019\/04\/18\/10202\/\"><span class=\"more-msg\">Sigue leyendo &rarr;<\/span><\/a><\/p>\n","protected":false},"author":1,"featured_media":10203,"comment_status":"closed","ping_status":"open","sticky":false,"template":"","format":"standard","meta":{"footnotes":""},"categories":[8,16,19],"tags":[175,184,1242,395,1253,1245,1254,751,943,1002],"class_list":["post-10202","post","type-post","status-publish","format-standard","has-post-thumbnail","hentry","category-fotografos-comunion-bautizo","category-uncategorized","category-vestidos-de-comunion","tag-comunion","tag-comuniones","tag-editorial-comunion","tag-fotografia-2","tag-fotografia-cmunion","tag-fotografo-comunion","tag-fotografos-madrid","tag-regalos-comunion","tag-vestidos-comunion","tag-zapatos-comunion"],"yoast_head":"<!-- This site is optimized with the Yoast SEO plugin v26.1.1 - https:\/\/yoast.com\/wordpress\/plugins\/seo\/ -->\n<title>Im\u00e1genes m\u00e1gicas de Comuni\u00f3n &#8211; Bautizo y Comunion<\/title>\n<meta name=\"robots\" content=\"index, follow, max-snippet:-1, max-image-preview:large, max-video-preview:-1\" \/>\n<link rel=\"canonical\" href=\"https:\/\/bautizoycomunion.com\/index.php\/2019\/04\/18\/10202\/\" \/>\n<meta property=\"og:locale\" content=\"es_ES\" \/>\n<meta property=\"og:type\" content=\"article\" \/>\n<meta property=\"og:title\" content=\"Im\u00e1genes m\u00e1gicas de Comuni\u00f3n &#8211; Bautizo y Comunion\" \/>\n<meta property=\"og:description\" content=\"Noonu: Fotograf\u00eda de Comuni\u00f3n Para nuestro editorial de Comuni\u00f3n publicado en la revista Hola! quisimos contar con el mejor fot\u00f3grafo infantil, Noonu. Y es que nadie como ellos para saber inmortalizar esos momentos m\u00e1gicos que nos regalaron estas cuatro preciosas ni\u00f1as. Vestidas con los dise\u00f1os de Mon Air, adornadas con &hellip; Sigue leyendo &rarr;\" \/>\n<meta property=\"og:url\" content=\"https:\/\/bautizoycomunion.com\/index.php\/2019\/04\/18\/10202\/\" \/>\n<meta property=\"og:site_name\" content=\"Bautizo y Comunion\" \/>\n<meta property=\"article:publisher\" content=\"https:\/\/www.facebook.com\/BautizosyComuniones\" \/>\n<meta property=\"article:published_time\" content=\"2019-04-18T08:58:39+00:00\" \/>\n<meta property=\"article:modified_time\" content=\"2020-02-15T21:52:53+00:00\" \/>\n<meta property=\"og:image\" content=\"https:\/\/bautizoycomunion.com\/wp-content\/uploads\/2019\/04\/fotografia-de-vestidos-de-comunion.jpg\" \/>\n\t<meta property=\"og:image:width\" content=\"1000\" \/>\n\t<meta property=\"og:image:height\" content=\"1500\" \/>\n\t<meta property=\"og:image:type\" content=\"image\/jpeg\" \/>\n<meta name=\"author\" content=\"Mar\" \/>\n<meta name=\"twitter:card\" content=\"summary_large_image\" \/>\n<meta name=\"twitter:creator\" content=\"@BautizoComunion\" \/>\n<meta name=\"twitter:site\" content=\"@BautizoComunion\" \/>\n<meta name=\"twitter:label1\" content=\"Escrito por\" \/>\n\t<meta name=\"twitter:data1\" content=\"Mar\" \/>\n\t<meta name=\"twitter:label2\" content=\"Tiempo de lectura\" \/>\n\t<meta name=\"twitter:data2\" content=\"1 minuto\" \/>\n<script type=\"application\/ld+json\" class=\"yoast-schema-graph\">{\"@context\":\"https:\/\/schema.org\",\"@graph\":[{\"@type\":\"Article\",\"@id\":\"https:\/\/bautizoycomunion.com\/index.php\/2019\/04\/18\/10202\/#article\",\"isPartOf\":{\"@id\":\"https:\/\/bautizoycomunion.com\/index.php\/2019\/04\/18\/10202\/\"},\"author\":{\"name\":\"Mar\",\"@id\":\"https:\/\/bautizoycomunion.com\/#\/schema\/person\/12e57d2607b3ab06cbc6c8a7f65949d6\"},\"headline\":\"Im\u00e1genes m\u00e1gicas de Comuni\u00f3n\",\"datePublished\":\"2019-04-18T08:58:39+00:00\",\"dateModified\":\"2020-02-15T21:52:53+00:00\",\"mainEntityOfPage\":{\"@id\":\"https:\/\/bautizoycomunion.com\/index.php\/2019\/04\/18\/10202\/\"},\"wordCount\":253,\"publisher\":{\"@id\":\"https:\/\/bautizoycomunion.com\/#organization\"},\"image\":{\"@id\":\"https:\/\/bautizoycomunion.com\/index.php\/2019\/04\/18\/10202\/#primaryimage\"},\"thumbnailUrl\":\"https:\/\/bautizoycomunion.com\/wp-content\/uploads\/2019\/04\/fotografia-de-vestidos-de-comunion.jpg\",\"keywords\":[\"comunion\",\"comuniones\",\"editorial comunion\",\"fotografia\",\"fotografia cmunion\",\"fotografo comunion\",\"fotografos madrid\",\"regalos comuni\u00f3n\",\"vestidos comunion\",\"zapatos comuni\u00f3n\"],\"articleSection\":[\"Fotografos\",\"Todas las entradas\",\"Vestidos, trajes y zapatos de Comuni\u00f3n\"],\"inLanguage\":\"es\"},{\"@type\":\"WebPage\",\"@id\":\"https:\/\/bautizoycomunion.com\/index.php\/2019\/04\/18\/10202\/\",\"url\":\"https:\/\/bautizoycomunion.com\/index.php\/2019\/04\/18\/10202\/\",\"name\":\"Im\u00e1genes m\u00e1gicas de Comuni\u00f3n &#8211; Bautizo y Comunion\",\"isPartOf\":{\"@id\":\"https:\/\/bautizoycomunion.com\/#website\"},\"primaryImageOfPage\":{\"@id\":\"https:\/\/bautizoycomunion.com\/index.php\/2019\/04\/18\/10202\/#primaryimage\"},\"image\":{\"@id\":\"https:\/\/bautizoycomunion.com\/index.php\/2019\/04\/18\/10202\/#primaryimage\"},\"thumbnailUrl\":\"https:\/\/bautizoycomunion.com\/wp-content\/uploads\/2019\/04\/fotografia-de-vestidos-de-comunion.jpg\",\"datePublished\":\"2019-04-18T08:58:39+00:00\",\"dateModified\":\"2020-02-15T21:52:53+00:00\",\"breadcrumb\":{\"@id\":\"https:\/\/bautizoycomunion.com\/index.php\/2019\/04\/18\/10202\/#breadcrumb\"},\"inLanguage\":\"es\",\"potentialAction\":[{\"@type\":\"ReadAction\",\"target\":[\"https:\/\/bautizoycomunion.com\/index.php\/2019\/04\/18\/10202\/\"]}]},{\"@type\":\"ImageObject\",\"inLanguage\":\"es\",\"@id\":\"https:\/\/bautizoycomunion.com\/index.php\/2019\/04\/18\/10202\/#primaryimage\",\"url\":\"https:\/\/bautizoycomunion.com\/wp-content\/uploads\/2019\/04\/fotografia-de-vestidos-de-comunion.jpg\",\"contentUrl\":\"https:\/\/bautizoycomunion.com\/wp-content\/uploads\/2019\/04\/fotografia-de-vestidos-de-comunion.jpg\",\"width\":1000,\"height\":1500,\"caption\":\"noonu fotografia comunion\"},{\"@type\":\"BreadcrumbList\",\"@id\":\"https:\/\/bautizoycomunion.com\/index.php\/2019\/04\/18\/10202\/#breadcrumb\",\"itemListElement\":[{\"@type\":\"ListItem\",\"position\":1,\"name\":\"Portada\",\"item\":\"https:\/\/bautizoycomunion.com\/\"},{\"@type\":\"ListItem\",\"position\":2,\"name\":\"Im\u00e1genes m\u00e1gicas de Comuni\u00f3n\"}]},{\"@type\":\"WebSite\",\"@id\":\"https:\/\/bautizoycomunion.com\/#website\",\"url\":\"https:\/\/bautizoycomunion.com\/\",\"name\":\"Bautizo y Comunion\",\"description\":\"\",\"publisher\":{\"@id\":\"https:\/\/bautizoycomunion.com\/#organization\"},\"potentialAction\":[{\"@type\":\"SearchAction\",\"target\":{\"@type\":\"EntryPoint\",\"urlTemplate\":\"https:\/\/bautizoycomunion.com\/?s={search_term_string}\"},\"query-input\":{\"@type\":\"PropertyValueSpecification\",\"valueRequired\":true,\"valueName\":\"search_term_string\"}}],\"inLanguage\":\"es\"},{\"@type\":\"Organization\",\"@id\":\"https:\/\/bautizoycomunion.com\/#organization\",\"name\":\"Bautizo y Comunion\",\"url\":\"https:\/\/bautizoycomunion.com\/\",\"logo\":{\"@type\":\"ImageObject\",\"inLanguage\":\"es\",\"@id\":\"https:\/\/bautizoycomunion.com\/#\/schema\/logo\/image\/\",\"url\":\"https:\/\/bautizoycomunion.com\/wp-content\/uploads\/2020\/02\/logo-bautizo-y-comunion.jpg\",\"contentUrl\":\"https:\/\/bautizoycomunion.com\/wp-content\/uploads\/2020\/02\/logo-bautizo-y-comunion.jpg\",\"width\":128,\"height\":128,\"caption\":\"Bautizo y Comunion\"},\"image\":{\"@id\":\"https:\/\/bautizoycomunion.com\/#\/schema\/logo\/image\/\"},\"sameAs\":[\"https:\/\/www.facebook.com\/BautizosyComuniones\",\"https:\/\/x.com\/BautizoComunion\",\"https:\/\/www.instagram.com\/bautizoycomunion\/\",\"https:\/\/www.pinterest.es\/BautizoComunion\/\",\"https:\/\/www.youtube.com\/user\/BautizoyComunionTV\"]},{\"@type\":\"Person\",\"@id\":\"https:\/\/bautizoycomunion.com\/#\/schema\/person\/12e57d2607b3ab06cbc6c8a7f65949d6\",\"name\":\"Mar\",\"image\":{\"@type\":\"ImageObject\",\"inLanguage\":\"es\",\"@id\":\"https:\/\/bautizoycomunion.com\/#\/schema\/person\/image\/\",\"url\":\"https:\/\/secure.gravatar.com\/avatar\/71e69d02c62d24b5ab647c982f7ab3d63ba828e112128713a54d5890a8fa5610?s=96&d=mm&r=g\",\"contentUrl\":\"https:\/\/secure.gravatar.com\/avatar\/71e69d02c62d24b5ab647c982f7ab3d63ba828e112128713a54d5890a8fa5610?s=96&d=mm&r=g\",\"caption\":\"Mar\"}}]}<\/script>\n<!-- \/ Yoast SEO plugin. -->","yoast_head_json":{"title":"Im\u00e1genes m\u00e1gicas de Comuni\u00f3n &#8211; Bautizo y Comunion","robots":{"index":"index","follow":"follow","max-snippet":"max-snippet:-1","max-image-preview":"max-image-preview:large","max-video-preview":"max-video-preview:-1"},"canonical":"https:\/\/bautizoycomunion.com\/index.php\/2019\/04\/18\/10202\/","og_locale":"es_ES","og_type":"article","og_title":"Im\u00e1genes m\u00e1gicas de Comuni\u00f3n &#8211; Bautizo y Comunion","og_description":"Noonu: Fotograf\u00eda de Comuni\u00f3n Para nuestro editorial de Comuni\u00f3n publicado en la revista Hola! quisimos contar con el mejor fot\u00f3grafo infantil, Noonu. Y es que nadie como ellos para saber inmortalizar esos momentos m\u00e1gicos que nos regalaron estas cuatro preciosas ni\u00f1as. Vestidas con los dise\u00f1os de Mon Air, adornadas con &hellip; Sigue leyendo &rarr;","og_url":"https:\/\/bautizoycomunion.com\/index.php\/2019\/04\/18\/10202\/","og_site_name":"Bautizo y Comunion","article_publisher":"https:\/\/www.facebook.com\/BautizosyComuniones","article_published_time":"2019-04-18T08:58:39+00:00","article_modified_time":"2020-02-15T21:52:53+00:00","og_image":[{"width":1000,"height":1500,"url":"https:\/\/bautizoycomunion.com\/wp-content\/uploads\/2019\/04\/fotografia-de-vestidos-de-comunion.jpg","type":"image\/jpeg"}],"author":"Mar","twitter_card":"summary_large_image","twitter_creator":"@BautizoComunion","twitter_site":"@BautizoComunion","twitter_misc":{"Escrito por":"Mar","Tiempo de lectura":"1 minuto"},"schema":{"@context":"https:\/\/schema.org","@graph":[{"@type":"Article","@id":"https:\/\/bautizoycomunion.com\/index.php\/2019\/04\/18\/10202\/#article","isPartOf":{"@id":"https:\/\/bautizoycomunion.com\/index.php\/2019\/04\/18\/10202\/"},"author":{"name":"Mar","@id":"https:\/\/bautizoycomunion.com\/#\/schema\/person\/12e57d2607b3ab06cbc6c8a7f65949d6"},"headline":"Im\u00e1genes m\u00e1gicas de Comuni\u00f3n","datePublished":"2019-04-18T08:58:39+00:00","dateModified":"2020-02-15T21:52:53+00:00","mainEntityOfPage":{"@id":"https:\/\/bautizoycomunion.com\/index.php\/2019\/04\/18\/10202\/"},"wordCount":253,"publisher":{"@id":"https:\/\/bautizoycomunion.com\/#organization"},"image":{"@id":"https:\/\/bautizoycomunion.com\/index.php\/2019\/04\/18\/10202\/#primaryimage"},"thumbnailUrl":"https:\/\/bautizoycomunion.com\/wp-content\/uploads\/2019\/04\/fotografia-de-vestidos-de-comunion.jpg","keywords":["comunion","comuniones","editorial comunion","fotografia","fotografia cmunion","fotografo comunion","fotografos madrid","regalos comuni\u00f3n","vestidos comunion","zapatos comuni\u00f3n"],"articleSection":["Fotografos","Todas las entradas","Vestidos, trajes y zapatos de Comuni\u00f3n"],"inLanguage":"es"},{"@type":"WebPage","@id":"https:\/\/bautizoycomunion.com\/index.php\/2019\/04\/18\/10202\/","url":"https:\/\/bautizoycomunion.com\/index.php\/2019\/04\/18\/10202\/","name":"Im\u00e1genes m\u00e1gicas de Comuni\u00f3n &#8211; Bautizo y Comunion","isPartOf":{"@id":"https:\/\/bautizoycomunion.com\/#website"},"primaryImageOfPage":{"@id":"https:\/\/bautizoycomunion.com\/index.php\/2019\/04\/18\/10202\/#primaryimage"},"image":{"@id":"https:\/\/bautizoycomunion.com\/index.php\/2019\/04\/18\/10202\/#primaryimage"},"thumbnailUrl":"https:\/\/bautizoycomunion.com\/wp-content\/uploads\/2019\/04\/fotografia-de-vestidos-de-comunion.jpg","datePublished":"2019-04-18T08:58:39+00:00","dateModified":"2020-02-15T21:52:53+00:00","breadcrumb":{"@id":"https:\/\/bautizoycomunion.com\/index.php\/2019\/04\/18\/10202\/#breadcrumb"},"inLanguage":"es","potentialAction":[{"@type":"ReadAction","target":["https:\/\/bautizoycomunion.com\/index.php\/2019\/04\/18\/10202\/"]}]},{"@type":"ImageObject","inLanguage":"es","@id":"https:\/\/bautizoycomunion.com\/index.php\/2019\/04\/18\/10202\/#primaryimage","url":"https:\/\/bautizoycomunion.com\/wp-content\/uploads\/2019\/04\/fotografia-de-vestidos-de-comunion.jpg","contentUrl":"https:\/\/bautizoycomunion.com\/wp-content\/uploads\/2019\/04\/fotografia-de-vestidos-de-comunion.jpg","width":1000,"height":1500,"caption":"noonu fotografia comunion"},{"@type":"BreadcrumbList","@id":"https:\/\/bautizoycomunion.com\/index.php\/2019\/04\/18\/10202\/#breadcrumb","itemListElement":[{"@type":"ListItem","position":1,"name":"Portada","item":"https:\/\/bautizoycomunion.com\/"},{"@type":"ListItem","position":2,"name":"Im\u00e1genes m\u00e1gicas de Comuni\u00f3n"}]},{"@type":"WebSite","@id":"https:\/\/bautizoycomunion.com\/#website","url":"https:\/\/bautizoycomunion.com\/","name":"Bautizo y Comunion","description":"","publisher":{"@id":"https:\/\/bautizoycomunion.com\/#organization"},"potentialAction":[{"@type":"SearchAction","target":{"@type":"EntryPoint","urlTemplate":"https:\/\/bautizoycomunion.com\/?s={search_term_string}"},"query-input":{"@type":"PropertyValueSpecification","valueRequired":true,"valueName":"search_term_string"}}],"inLanguage":"es"},{"@type":"Organization","@id":"https:\/\/bautizoycomunion.com\/#organization","name":"Bautizo y Comunion","url":"https:\/\/bautizoycomunion.com\/","logo":{"@type":"ImageObject","inLanguage":"es","@id":"https:\/\/bautizoycomunion.com\/#\/schema\/logo\/image\/","url":"https:\/\/bautizoycomunion.com\/wp-content\/uploads\/2020\/02\/logo-bautizo-y-comunion.jpg","contentUrl":"https:\/\/bautizoycomunion.com\/wp-content\/uploads\/2020\/02\/logo-bautizo-y-comunion.jpg","width":128,"height":128,"caption":"Bautizo y Comunion"},"image":{"@id":"https:\/\/bautizoycomunion.com\/#\/schema\/logo\/image\/"},"sameAs":["https:\/\/www.facebook.com\/BautizosyComuniones","https:\/\/x.com\/BautizoComunion","https:\/\/www.instagram.com\/bautizoycomunion\/","https:\/\/www.pinterest.es\/BautizoComunion\/","https:\/\/www.youtube.com\/user\/BautizoyComunionTV"]},{"@type":"Person","@id":"https:\/\/bautizoycomunion.com\/#\/schema\/person\/12e57d2607b3ab06cbc6c8a7f65949d6","name":"Mar","image":{"@type":"ImageObject","inLanguage":"es","@id":"https:\/\/bautizoycomunion.com\/#\/schema\/person\/image\/","url":"https:\/\/secure.gravatar.com\/avatar\/71e69d02c62d24b5ab647c982f7ab3d63ba828e112128713a54d5890a8fa5610?s=96&d=mm&r=g","contentUrl":"https:\/\/secure.gravatar.com\/avatar\/71e69d02c62d24b5ab647c982f7ab3d63ba828e112128713a54d5890a8fa5610?s=96&d=mm&r=g","caption":"Mar"}}]}},"_links":{"self":[{"href":"https:\/\/bautizoycomunion.com\/index.php\/wp-json\/wp\/v2\/posts\/10202","targetHints":{"allow":["GET"]}}],"collection":[{"href":"https:\/\/bautizoycomunion.com\/index.php\/wp-json\/wp\/v2\/posts"}],"about":[{"href":"https:\/\/bautizoycomunion.com\/index.php\/wp-json\/wp\/v2\/types\/post"}],"author":[{"embeddable":true,"href":"https:\/\/bautizoycomunion.com\/index.php\/wp-json\/wp\/v2\/users\/1"}],"replies":[{"embeddable":true,"href":"https:\/\/bautizoycomunion.com\/index.php\/wp-json\/wp\/v2\/comments?post=10202"}],"version-history":[{"count":6,"href":"https:\/\/bautizoycomunion.com\/index.php\/wp-json\/wp\/v2\/posts\/10202\/revisions"}],"predecessor-version":[{"id":10409,"href":"https:\/\/bautizoycomunion.com\/index.php\/wp-json\/wp\/v2\/posts\/10202\/revisions\/10409"}],"wp:featuredmedia":[{"embeddable":true,"href":"https:\/\/bautizoycomunion.com\/index.php\/wp-json\/wp\/v2\/media\/10203"}],"wp:attachment":[{"href":"https:\/\/bautizoycomunion.com\/index.php\/wp-json\/wp\/v2\/media?parent=10202"}],"wp:term":[{"taxonomy":"category","embeddable":true,"href":"https:\/\/bautizoycomunion.com\/index.php\/wp-json\/wp\/v2\/categories?post=10202"},{"taxonomy":"post_tag","embeddable":true,"href":"https:\/\/bautizoycomunion.com\/index.php\/wp-json\/wp\/v2\/tags?post=10202"}],"curies":[{"name":"wp","href":"https:\/\/api.w.org\/{rel}","templated":true}]}}