{"id":10362,"date":"2020-01-15T13:00:12","date_gmt":"2020-01-15T12:00:12","guid":{"rendered":"http:\/\/bautizoycomunion.com\/?p=10362"},"modified":"2020-02-07T22:38:32","modified_gmt":"2020-02-07T21:38:32","slug":"comuniones-2020-coleccion-mon-air","status":"publish","type":"post","link":"https:\/\/bautizoycomunion.com\/index.php\/2020\/01\/15\/comuniones-2020-coleccion-mon-air\/","title":{"rendered":"Comuniones 2020 Coleccion Mon Air"},"content":{"rendered":"<h1>Vestidos de Comuni\u00f3n MonAir<\/h1>\n<p>Si tenemos que hablar de vestidos de Comuni\u00f3n en Espa\u00f1a, tenemos que hablar de una de las marcas puntera MonAir, pioneros en un estilo muy rom\u00e1nticos de vestidos de Comuni\u00f3n.<\/p>\n<p>Este a\u00f1o, la nueva colecci\u00f3n de <strong>MonAir<\/strong> se inspira en la fantas\u00eda, llamando a cada modelo como una princesa Disney.<\/p>\n<p class=\"alignnone\" title=\"vestidos de comunion monair\"><a href=\"https:\/\/www.monair.es\/es\/home\/\"><img loading=\"lazy\" decoding=\"async\" class=\"aligncenter size-full wp-image-10363\" src=\"http:\/\/bautizoycomunion.com\/wp-content\/uploads\/2020\/01\/comunion-2020-vestidos-para-ni\u00f1as.jpg\" alt=\"vestidos comunion monair\" width=\"667\" height=\"1000\" srcset=\"https:\/\/bautizoycomunion.com\/wp-content\/uploads\/2020\/01\/comunion-2020-vestidos-para-ni\u00f1as.jpg 667w, https:\/\/bautizoycomunion.com\/wp-content\/uploads\/2020\/01\/comunion-2020-vestidos-para-ni\u00f1as-200x300.jpg 200w\" sizes=\"auto, (max-width: 667px) 100vw, 667px\" \/><\/a><\/p>\n<p>Como por ejemplo est\u00e9 bonito vestido que es el modelo Anastasia.<\/p>\n<p><a href=\"https:\/\/www.monair.es\/es\/home\/\" target=\"_blank\" rel=\"noopener noreferrer\"><img loading=\"lazy\" decoding=\"async\" class=\"aligncenter wp-image-10364 size-full\" title=\"vestidos de comunion monair\" src=\"http:\/\/bautizoycomunion.com\/wp-content\/uploads\/2020\/01\/vestido-comunion-mon-air-coleccion-2020.jpg\" alt=\"vestidos d ecomunion con encajes\" width=\"662\" height=\"764\" srcset=\"https:\/\/bautizoycomunion.com\/wp-content\/uploads\/2020\/01\/vestido-comunion-mon-air-coleccion-2020.jpg 662w, https:\/\/bautizoycomunion.com\/wp-content\/uploads\/2020\/01\/vestido-comunion-mon-air-coleccion-2020-260x300.jpg 260w\" sizes=\"auto, (max-width: 662px) 100vw, 662px\" \/><\/a> <a href=\"https:\/\/www.monair.es\/es\/home\/\" target=\"_blank\" rel=\"noopener noreferrer\"><img loading=\"lazy\" decoding=\"async\" class=\"aligncenter wp-image-10365 size-full\" title=\"coleccion comunion 2020\" src=\"http:\/\/bautizoycomunion.com\/wp-content\/uploads\/2020\/01\/vestido-raounzel-monair-comuniones-2020.jpg\" alt=\"vestidos d ecomunion mon air\" width=\"1800\" height=\"1347\" srcset=\"https:\/\/bautizoycomunion.com\/wp-content\/uploads\/2020\/01\/vestido-raounzel-monair-comuniones-2020.jpg 1800w, https:\/\/bautizoycomunion.com\/wp-content\/uploads\/2020\/01\/vestido-raounzel-monair-comuniones-2020-300x225.jpg 300w, https:\/\/bautizoycomunion.com\/wp-content\/uploads\/2020\/01\/vestido-raounzel-monair-comuniones-2020-768x575.jpg 768w, https:\/\/bautizoycomunion.com\/wp-content\/uploads\/2020\/01\/vestido-raounzel-monair-comuniones-2020-1024x766.jpg 1024w\" sizes=\"auto, (max-width: 1800px) 100vw, 1800px\" \/><\/a><\/p>\n<p>Un a\u00f1o m\u00e1s estamos enamoradas de la nueva colecci\u00f3n de vestidos de Comuni\u00f3n de MonAir, coleccion para \u00e9ste a\u00f1o 2020.<\/p>\n<p>Nos encantan sus tejidos, encajes y detalles. Todo un derroche de imaginaci\u00f3n y estilo que combinan con tanta maestr\u00eda.<\/p>\n<p><a href=\"https:\/\/www.monair.es\/es\/home\/\" target=\"_blank\" rel=\"noopener noreferrer\"><img loading=\"lazy\" decoding=\"async\" class=\"aligncenter wp-image-10367 size-full\" title=\"comuniones 2020\" src=\"http:\/\/bautizoycomunion.com\/wp-content\/uploads\/2020\/01\/vestidos-de-comunion-Monair-2020.jpg\" alt=\"vestidos d eocmunion monair\" width=\"1500\" height=\"1000\" srcset=\"https:\/\/bautizoycomunion.com\/wp-content\/uploads\/2020\/01\/vestidos-de-comunion-Monair-2020.jpg 1500w, https:\/\/bautizoycomunion.com\/wp-content\/uploads\/2020\/01\/vestidos-de-comunion-Monair-2020-300x200.jpg 300w, https:\/\/bautizoycomunion.com\/wp-content\/uploads\/2020\/01\/vestidos-de-comunion-Monair-2020-768x512.jpg 768w, https:\/\/bautizoycomunion.com\/wp-content\/uploads\/2020\/01\/vestidos-de-comunion-Monair-2020-1024x683.jpg 1024w\" sizes=\"auto, (max-width: 1500px) 100vw, 1500px\" \/><\/a><\/p>\n<p><strong>Mon Air<\/strong><\/p>\n<p>Calle de Agreda, 6 Chalet<br \/>\n28033 Madrid (zona Arturio Soria- Chamart\u00edn)<\/p>\n<p>BAJO CITA PREVIA<\/p>\n<p>Lunes a Viernes:<\/p>\n<p>Ma\u00f1anas 10:00h \u2013 14:00h<br \/>\nTardes 15:30h \u2013 19:00h<\/p>\n<p>S\u00e1bados:<\/p>\n<p>10:00h \u2013 14:00h<\/p>\n<p>Correo:&nbsp;chiquiluca@gmail.com<\/p>\n<p>Tel\u00e9fonos:<\/p>\n<p>917 665 614&nbsp;(s\u00f3lo ma\u00f1anas)<br \/>\n617-472 842&nbsp;(Chiqui Navarro)<br \/>\n650 522 693&nbsp;(Luc\u00eda Navarro)<br \/>\n655 246 069&nbsp;(Encarna Giraldez)<\/p>\n","protected":false},"excerpt":{"rendered":"<p>Vestidos de Comuni\u00f3n MonAir Si tenemos que hablar de vestidos de Comuni\u00f3n en Espa\u00f1a, tenemos que hablar de una de las marcas puntera MonAir, pioneros en un estilo muy rom\u00e1nticos de vestidos de Comuni\u00f3n. Este a\u00f1o, la nueva colecci\u00f3n de MonAir se inspira en la fantas\u00eda, llamando a cada modelo &hellip; <a class=\"more-link\" href=\"https:\/\/bautizoycomunion.com\/index.php\/2020\/01\/15\/comuniones-2020-coleccion-mon-air\/\"><span class=\"more-msg\">Sigue leyendo &rarr;<\/span><\/a><\/p>\n","protected":false},"author":1,"featured_media":10363,"comment_status":"closed","ping_status":"open","sticky":false,"template":"","format":"standard","meta":{"footnotes":""},"categories":[16,19],"tags":[1296,1297,593,953,1298,1299],"class_list":["post-10362","post","type-post","status-publish","format-standard","has-post-thumbnail","hentry","category-uncategorized","category-vestidos-de-comunion","tag-comunion-2020","tag-comuniones-2020","tag-monair","tag-vestidos-de-comunion-2","tag-vestidos-de-encaje","tag-vestidos-monair"],"yoast_head":"<!-- This site is optimized with the Yoast SEO plugin v26.1.1 - https:\/\/yoast.com\/wordpress\/plugins\/seo\/ -->\n<title>Comuniones 2020 Coleccion Mon Air &#8211; Bautizo y Comunion<\/title>\n<meta name=\"robots\" content=\"index, follow, max-snippet:-1, max-image-preview:large, max-video-preview:-1\" \/>\n<link rel=\"canonical\" href=\"https:\/\/bautizoycomunion.com\/index.php\/2020\/01\/15\/comuniones-2020-coleccion-mon-air\/\" \/>\n<meta property=\"og:locale\" content=\"es_ES\" \/>\n<meta property=\"og:type\" content=\"article\" \/>\n<meta property=\"og:title\" content=\"Comuniones 2020 Coleccion Mon Air &#8211; Bautizo y Comunion\" \/>\n<meta property=\"og:description\" content=\"Vestidos de Comuni\u00f3n MonAir Si tenemos que hablar de vestidos de Comuni\u00f3n en Espa\u00f1a, tenemos que hablar de una de las marcas puntera MonAir, pioneros en un estilo muy rom\u00e1nticos de vestidos de Comuni\u00f3n. Este a\u00f1o, la nueva colecci\u00f3n de MonAir se inspira en la fantas\u00eda, llamando a cada modelo &hellip; Sigue leyendo &rarr;\" \/>\n<meta property=\"og:url\" content=\"https:\/\/bautizoycomunion.com\/index.php\/2020\/01\/15\/comuniones-2020-coleccion-mon-air\/\" \/>\n<meta property=\"og:site_name\" content=\"Bautizo y Comunion\" \/>\n<meta property=\"article:publisher\" content=\"https:\/\/www.facebook.com\/BautizosyComuniones\" \/>\n<meta property=\"article:published_time\" content=\"2020-01-15T12:00:12+00:00\" \/>\n<meta property=\"article:modified_time\" content=\"2020-02-07T21:38:32+00:00\" \/>\n<meta property=\"og:image\" content=\"https:\/\/bautizoycomunion.com\/wp-content\/uploads\/2020\/01\/comunion-2020-vestidos-para-ni\u00f1as.jpg\" \/>\n\t<meta property=\"og:image:width\" content=\"667\" \/>\n\t<meta property=\"og:image:height\" content=\"1000\" \/>\n\t<meta property=\"og:image:type\" content=\"image\/jpeg\" \/>\n<meta name=\"author\" content=\"Mar\" \/>\n<meta name=\"twitter:card\" content=\"summary_large_image\" \/>\n<meta name=\"twitter:creator\" content=\"@BautizoComunion\" \/>\n<meta name=\"twitter:site\" content=\"@BautizoComunion\" \/>\n<meta name=\"twitter:label1\" content=\"Escrito por\" \/>\n\t<meta name=\"twitter:data1\" content=\"Mar\" \/>\n\t<meta name=\"twitter:label2\" content=\"Tiempo de lectura\" \/>\n\t<meta name=\"twitter:data2\" content=\"1 minuto\" \/>\n<script type=\"application\/ld+json\" class=\"yoast-schema-graph\">{\"@context\":\"https:\/\/schema.org\",\"@graph\":[{\"@type\":\"Article\",\"@id\":\"https:\/\/bautizoycomunion.com\/index.php\/2020\/01\/15\/comuniones-2020-coleccion-mon-air\/#article\",\"isPartOf\":{\"@id\":\"https:\/\/bautizoycomunion.com\/index.php\/2020\/01\/15\/comuniones-2020-coleccion-mon-air\/\"},\"author\":{\"name\":\"Mar\",\"@id\":\"https:\/\/bautizoycomunion.com\/#\/schema\/person\/12e57d2607b3ab06cbc6c8a7f65949d6\"},\"headline\":\"Comuniones 2020 Coleccion Mon Air\",\"datePublished\":\"2020-01-15T12:00:12+00:00\",\"dateModified\":\"2020-02-07T21:38:32+00:00\",\"mainEntityOfPage\":{\"@id\":\"https:\/\/bautizoycomunion.com\/index.php\/2020\/01\/15\/comuniones-2020-coleccion-mon-air\/\"},\"wordCount\":174,\"publisher\":{\"@id\":\"https:\/\/bautizoycomunion.com\/#organization\"},\"image\":{\"@id\":\"https:\/\/bautizoycomunion.com\/index.php\/2020\/01\/15\/comuniones-2020-coleccion-mon-air\/#primaryimage\"},\"thumbnailUrl\":\"https:\/\/bautizoycomunion.com\/wp-content\/uploads\/2020\/01\/comunion-2020-vestidos-para-ni\u00f1as.jpg\",\"keywords\":[\"comunion 2020\",\"comuniones 2020\",\"monair\",\"vestidos de comunion\",\"vestidos de encaje\",\"vestidos monair\"],\"articleSection\":[\"Todas las entradas\",\"Vestidos, trajes y zapatos de Comuni\u00f3n\"],\"inLanguage\":\"es\"},{\"@type\":\"WebPage\",\"@id\":\"https:\/\/bautizoycomunion.com\/index.php\/2020\/01\/15\/comuniones-2020-coleccion-mon-air\/\",\"url\":\"https:\/\/bautizoycomunion.com\/index.php\/2020\/01\/15\/comuniones-2020-coleccion-mon-air\/\",\"name\":\"Comuniones 2020 Coleccion Mon Air &#8211; Bautizo y Comunion\",\"isPartOf\":{\"@id\":\"https:\/\/bautizoycomunion.com\/#website\"},\"primaryImageOfPage\":{\"@id\":\"https:\/\/bautizoycomunion.com\/index.php\/2020\/01\/15\/comuniones-2020-coleccion-mon-air\/#primaryimage\"},\"image\":{\"@id\":\"https:\/\/bautizoycomunion.com\/index.php\/2020\/01\/15\/comuniones-2020-coleccion-mon-air\/#primaryimage\"},\"thumbnailUrl\":\"https:\/\/bautizoycomunion.com\/wp-content\/uploads\/2020\/01\/comunion-2020-vestidos-para-ni\u00f1as.jpg\",\"datePublished\":\"2020-01-15T12:00:12+00:00\",\"dateModified\":\"2020-02-07T21:38:32+00:00\",\"breadcrumb\":{\"@id\":\"https:\/\/bautizoycomunion.com\/index.php\/2020\/01\/15\/comuniones-2020-coleccion-mon-air\/#breadcrumb\"},\"inLanguage\":\"es\",\"potentialAction\":[{\"@type\":\"ReadAction\",\"target\":[\"https:\/\/bautizoycomunion.com\/index.php\/2020\/01\/15\/comuniones-2020-coleccion-mon-air\/\"]}]},{\"@type\":\"ImageObject\",\"inLanguage\":\"es\",\"@id\":\"https:\/\/bautizoycomunion.com\/index.php\/2020\/01\/15\/comuniones-2020-coleccion-mon-air\/#primaryimage\",\"url\":\"https:\/\/bautizoycomunion.com\/wp-content\/uploads\/2020\/01\/comunion-2020-vestidos-para-ni\u00f1as.jpg\",\"contentUrl\":\"https:\/\/bautizoycomunion.com\/wp-content\/uploads\/2020\/01\/comunion-2020-vestidos-para-ni\u00f1as.jpg\",\"width\":667,\"height\":1000,\"caption\":\"vestidos comunion monair\"},{\"@type\":\"BreadcrumbList\",\"@id\":\"https:\/\/bautizoycomunion.com\/index.php\/2020\/01\/15\/comuniones-2020-coleccion-mon-air\/#breadcrumb\",\"itemListElement\":[{\"@type\":\"ListItem\",\"position\":1,\"name\":\"Portada\",\"item\":\"https:\/\/bautizoycomunion.com\/\"},{\"@type\":\"ListItem\",\"position\":2,\"name\":\"Comuniones 2020 Coleccion Mon Air\"}]},{\"@type\":\"WebSite\",\"@id\":\"https:\/\/bautizoycomunion.com\/#website\",\"url\":\"https:\/\/bautizoycomunion.com\/\",\"name\":\"Bautizo y Comunion\",\"description\":\"\",\"publisher\":{\"@id\":\"https:\/\/bautizoycomunion.com\/#organization\"},\"potentialAction\":[{\"@type\":\"SearchAction\",\"target\":{\"@type\":\"EntryPoint\",\"urlTemplate\":\"https:\/\/bautizoycomunion.com\/?s={search_term_string}\"},\"query-input\":{\"@type\":\"PropertyValueSpecification\",\"valueRequired\":true,\"valueName\":\"search_term_string\"}}],\"inLanguage\":\"es\"},{\"@type\":\"Organization\",\"@id\":\"https:\/\/bautizoycomunion.com\/#organization\",\"name\":\"Bautizo y Comunion\",\"url\":\"https:\/\/bautizoycomunion.com\/\",\"logo\":{\"@type\":\"ImageObject\",\"inLanguage\":\"es\",\"@id\":\"https:\/\/bautizoycomunion.com\/#\/schema\/logo\/image\/\",\"url\":\"https:\/\/bautizoycomunion.com\/wp-content\/uploads\/2020\/02\/logo-bautizo-y-comunion.jpg\",\"contentUrl\":\"https:\/\/bautizoycomunion.com\/wp-content\/uploads\/2020\/02\/logo-bautizo-y-comunion.jpg\",\"width\":128,\"height\":128,\"caption\":\"Bautizo y Comunion\"},\"image\":{\"@id\":\"https:\/\/bautizoycomunion.com\/#\/schema\/logo\/image\/\"},\"sameAs\":[\"https:\/\/www.facebook.com\/BautizosyComuniones\",\"https:\/\/x.com\/BautizoComunion\",\"https:\/\/www.instagram.com\/bautizoycomunion\/\",\"https:\/\/www.pinterest.es\/BautizoComunion\/\",\"https:\/\/www.youtube.com\/user\/BautizoyComunionTV\"]},{\"@type\":\"Person\",\"@id\":\"https:\/\/bautizoycomunion.com\/#\/schema\/person\/12e57d2607b3ab06cbc6c8a7f65949d6\",\"name\":\"Mar\",\"image\":{\"@type\":\"ImageObject\",\"inLanguage\":\"es\",\"@id\":\"https:\/\/bautizoycomunion.com\/#\/schema\/person\/image\/\",\"url\":\"https:\/\/secure.gravatar.com\/avatar\/71e69d02c62d24b5ab647c982f7ab3d63ba828e112128713a54d5890a8fa5610?s=96&d=mm&r=g\",\"contentUrl\":\"https:\/\/secure.gravatar.com\/avatar\/71e69d02c62d24b5ab647c982f7ab3d63ba828e112128713a54d5890a8fa5610?s=96&d=mm&r=g\",\"caption\":\"Mar\"}}]}<\/script>\n<!-- \/ Yoast SEO plugin. -->","yoast_head_json":{"title":"Comuniones 2020 Coleccion Mon Air &#8211; Bautizo y Comunion","robots":{"index":"index","follow":"follow","max-snippet":"max-snippet:-1","max-image-preview":"max-image-preview:large","max-video-preview":"max-video-preview:-1"},"canonical":"https:\/\/bautizoycomunion.com\/index.php\/2020\/01\/15\/comuniones-2020-coleccion-mon-air\/","og_locale":"es_ES","og_type":"article","og_title":"Comuniones 2020 Coleccion Mon Air &#8211; Bautizo y Comunion","og_description":"Vestidos de Comuni\u00f3n MonAir Si tenemos que hablar de vestidos de Comuni\u00f3n en Espa\u00f1a, tenemos que hablar de una de las marcas puntera MonAir, pioneros en un estilo muy rom\u00e1nticos de vestidos de Comuni\u00f3n. Este a\u00f1o, la nueva colecci\u00f3n de MonAir se inspira en la fantas\u00eda, llamando a cada modelo &hellip; Sigue leyendo &rarr;","og_url":"https:\/\/bautizoycomunion.com\/index.php\/2020\/01\/15\/comuniones-2020-coleccion-mon-air\/","og_site_name":"Bautizo y Comunion","article_publisher":"https:\/\/www.facebook.com\/BautizosyComuniones","article_published_time":"2020-01-15T12:00:12+00:00","article_modified_time":"2020-02-07T21:38:32+00:00","og_image":[{"width":667,"height":1000,"url":"https:\/\/bautizoycomunion.com\/wp-content\/uploads\/2020\/01\/comunion-2020-vestidos-para-ni\u00f1as.jpg","type":"image\/jpeg"}],"author":"Mar","twitter_card":"summary_large_image","twitter_creator":"@BautizoComunion","twitter_site":"@BautizoComunion","twitter_misc":{"Escrito por":"Mar","Tiempo de lectura":"1 minuto"},"schema":{"@context":"https:\/\/schema.org","@graph":[{"@type":"Article","@id":"https:\/\/bautizoycomunion.com\/index.php\/2020\/01\/15\/comuniones-2020-coleccion-mon-air\/#article","isPartOf":{"@id":"https:\/\/bautizoycomunion.com\/index.php\/2020\/01\/15\/comuniones-2020-coleccion-mon-air\/"},"author":{"name":"Mar","@id":"https:\/\/bautizoycomunion.com\/#\/schema\/person\/12e57d2607b3ab06cbc6c8a7f65949d6"},"headline":"Comuniones 2020 Coleccion Mon Air","datePublished":"2020-01-15T12:00:12+00:00","dateModified":"2020-02-07T21:38:32+00:00","mainEntityOfPage":{"@id":"https:\/\/bautizoycomunion.com\/index.php\/2020\/01\/15\/comuniones-2020-coleccion-mon-air\/"},"wordCount":174,"publisher":{"@id":"https:\/\/bautizoycomunion.com\/#organization"},"image":{"@id":"https:\/\/bautizoycomunion.com\/index.php\/2020\/01\/15\/comuniones-2020-coleccion-mon-air\/#primaryimage"},"thumbnailUrl":"https:\/\/bautizoycomunion.com\/wp-content\/uploads\/2020\/01\/comunion-2020-vestidos-para-ni\u00f1as.jpg","keywords":["comunion 2020","comuniones 2020","monair","vestidos de comunion","vestidos de encaje","vestidos monair"],"articleSection":["Todas las entradas","Vestidos, trajes y zapatos de Comuni\u00f3n"],"inLanguage":"es"},{"@type":"WebPage","@id":"https:\/\/bautizoycomunion.com\/index.php\/2020\/01\/15\/comuniones-2020-coleccion-mon-air\/","url":"https:\/\/bautizoycomunion.com\/index.php\/2020\/01\/15\/comuniones-2020-coleccion-mon-air\/","name":"Comuniones 2020 Coleccion Mon Air &#8211; Bautizo y Comunion","isPartOf":{"@id":"https:\/\/bautizoycomunion.com\/#website"},"primaryImageOfPage":{"@id":"https:\/\/bautizoycomunion.com\/index.php\/2020\/01\/15\/comuniones-2020-coleccion-mon-air\/#primaryimage"},"image":{"@id":"https:\/\/bautizoycomunion.com\/index.php\/2020\/01\/15\/comuniones-2020-coleccion-mon-air\/#primaryimage"},"thumbnailUrl":"https:\/\/bautizoycomunion.com\/wp-content\/uploads\/2020\/01\/comunion-2020-vestidos-para-ni\u00f1as.jpg","datePublished":"2020-01-15T12:00:12+00:00","dateModified":"2020-02-07T21:38:32+00:00","breadcrumb":{"@id":"https:\/\/bautizoycomunion.com\/index.php\/2020\/01\/15\/comuniones-2020-coleccion-mon-air\/#breadcrumb"},"inLanguage":"es","potentialAction":[{"@type":"ReadAction","target":["https:\/\/bautizoycomunion.com\/index.php\/2020\/01\/15\/comuniones-2020-coleccion-mon-air\/"]}]},{"@type":"ImageObject","inLanguage":"es","@id":"https:\/\/bautizoycomunion.com\/index.php\/2020\/01\/15\/comuniones-2020-coleccion-mon-air\/#primaryimage","url":"https:\/\/bautizoycomunion.com\/wp-content\/uploads\/2020\/01\/comunion-2020-vestidos-para-ni\u00f1as.jpg","contentUrl":"https:\/\/bautizoycomunion.com\/wp-content\/uploads\/2020\/01\/comunion-2020-vestidos-para-ni\u00f1as.jpg","width":667,"height":1000,"caption":"vestidos comunion monair"},{"@type":"BreadcrumbList","@id":"https:\/\/bautizoycomunion.com\/index.php\/2020\/01\/15\/comuniones-2020-coleccion-mon-air\/#breadcrumb","itemListElement":[{"@type":"ListItem","position":1,"name":"Portada","item":"https:\/\/bautizoycomunion.com\/"},{"@type":"ListItem","position":2,"name":"Comuniones 2020 Coleccion Mon Air"}]},{"@type":"WebSite","@id":"https:\/\/bautizoycomunion.com\/#website","url":"https:\/\/bautizoycomunion.com\/","name":"Bautizo y Comunion","description":"","publisher":{"@id":"https:\/\/bautizoycomunion.com\/#organization"},"potentialAction":[{"@type":"SearchAction","target":{"@type":"EntryPoint","urlTemplate":"https:\/\/bautizoycomunion.com\/?s={search_term_string}"},"query-input":{"@type":"PropertyValueSpecification","valueRequired":true,"valueName":"search_term_string"}}],"inLanguage":"es"},{"@type":"Organization","@id":"https:\/\/bautizoycomunion.com\/#organization","name":"Bautizo y Comunion","url":"https:\/\/bautizoycomunion.com\/","logo":{"@type":"ImageObject","inLanguage":"es","@id":"https:\/\/bautizoycomunion.com\/#\/schema\/logo\/image\/","url":"https:\/\/bautizoycomunion.com\/wp-content\/uploads\/2020\/02\/logo-bautizo-y-comunion.jpg","contentUrl":"https:\/\/bautizoycomunion.com\/wp-content\/uploads\/2020\/02\/logo-bautizo-y-comunion.jpg","width":128,"height":128,"caption":"Bautizo y Comunion"},"image":{"@id":"https:\/\/bautizoycomunion.com\/#\/schema\/logo\/image\/"},"sameAs":["https:\/\/www.facebook.com\/BautizosyComuniones","https:\/\/x.com\/BautizoComunion","https:\/\/www.instagram.com\/bautizoycomunion\/","https:\/\/www.pinterest.es\/BautizoComunion\/","https:\/\/www.youtube.com\/user\/BautizoyComunionTV"]},{"@type":"Person","@id":"https:\/\/bautizoycomunion.com\/#\/schema\/person\/12e57d2607b3ab06cbc6c8a7f65949d6","name":"Mar","image":{"@type":"ImageObject","inLanguage":"es","@id":"https:\/\/bautizoycomunion.com\/#\/schema\/person\/image\/","url":"https:\/\/secure.gravatar.com\/avatar\/71e69d02c62d24b5ab647c982f7ab3d63ba828e112128713a54d5890a8fa5610?s=96&d=mm&r=g","contentUrl":"https:\/\/secure.gravatar.com\/avatar\/71e69d02c62d24b5ab647c982f7ab3d63ba828e112128713a54d5890a8fa5610?s=96&d=mm&r=g","caption":"Mar"}}]}},"_links":{"self":[{"href":"https:\/\/bautizoycomunion.com\/index.php\/wp-json\/wp\/v2\/posts\/10362","targetHints":{"allow":["GET"]}}],"collection":[{"href":"https:\/\/bautizoycomunion.com\/index.php\/wp-json\/wp\/v2\/posts"}],"about":[{"href":"https:\/\/bautizoycomunion.com\/index.php\/wp-json\/wp\/v2\/types\/post"}],"author":[{"embeddable":true,"href":"https:\/\/bautizoycomunion.com\/index.php\/wp-json\/wp\/v2\/users\/1"}],"replies":[{"embeddable":true,"href":"https:\/\/bautizoycomunion.com\/index.php\/wp-json\/wp\/v2\/comments?post=10362"}],"version-history":[{"count":4,"href":"https:\/\/bautizoycomunion.com\/index.php\/wp-json\/wp\/v2\/posts\/10362\/revisions"}],"predecessor-version":[{"id":10495,"href":"https:\/\/bautizoycomunion.com\/index.php\/wp-json\/wp\/v2\/posts\/10362\/revisions\/10495"}],"wp:featuredmedia":[{"embeddable":true,"href":"https:\/\/bautizoycomunion.com\/index.php\/wp-json\/wp\/v2\/media\/10363"}],"wp:attachment":[{"href":"https:\/\/bautizoycomunion.com\/index.php\/wp-json\/wp\/v2\/media?parent=10362"}],"wp:term":[{"taxonomy":"category","embeddable":true,"href":"https:\/\/bautizoycomunion.com\/index.php\/wp-json\/wp\/v2\/categories?post=10362"},{"taxonomy":"post_tag","embeddable":true,"href":"https:\/\/bautizoycomunion.com\/index.php\/wp-json\/wp\/v2\/tags?post=10362"}],"curies":[{"name":"wp","href":"https:\/\/api.w.org\/{rel}","templated":true}]}}