{"id":10761,"date":"2021-02-23T13:50:10","date_gmt":"2021-02-23T12:50:10","guid":{"rendered":"https:\/\/bautizoycomunion.com\/?p=10761"},"modified":"2021-02-23T13:50:10","modified_gmt":"2021-02-23T12:50:10","slug":"detalles-de-comunion-para-chicos","status":"publish","type":"post","link":"https:\/\/bautizoycomunion.com\/index.php\/2021\/02\/23\/detalles-de-comunion-para-chicos\/","title":{"rendered":"Detalles de Comuni\u00f3n para chicos"},"content":{"rendered":"\n<p>Detalles de Comunion originales y personalizados para invitados<\/p>\n\n\n\n<p>Est\u00e1 claro que \u00e9ste a\u00f1o 2021, no es un a\u00f1o normal. Nos ha tocado vivir una pandemia mundial y hasta que la hayamos superado nos toca adaptarnos a la situaci\u00f3n. Pero no por ello, vamos a dejar en \u00abpause\u00bb nuestra vida, tenemos que seguir adelante, con cabeza y de forma seguro, pero seguir adelante.<\/p>\n\n\n\n<p>Y aqu\u00ed vienen nuestras <strong>Comuniones 2021<\/strong> y aqu\u00ed est\u00e1n nuestro ni\u00f1os con la ilusi\u00f3n de hacer la primera Comuni\u00f3n y esa ilusi\u00f3n no se la va a quitar nadie!!<\/p>\n\n\n\n<p>Y para que el d\u00eda de su celebraci\u00f3n sea recordado por todos, \u00bfqu\u00e9 os parece encargar un <strong>detalles de Comunion para invitados<\/strong>?<\/p>\n\n\n\n<figure class=\"wp-block-image size-large\"><img loading=\"lazy\" decoding=\"async\" width=\"1024\" height=\"637\" src=\"https:\/\/bautizoycomunion.com\/wp-content\/uploads\/2021\/02\/llaveros-primera-comunion-personalizados-1024x637.jpg\" alt=\"detalles comunion originales\" class=\"wp-image-10766\" srcset=\"https:\/\/bautizoycomunion.com\/wp-content\/uploads\/2021\/02\/llaveros-primera-comunion-personalizados-1024x637.jpg 1024w, https:\/\/bautizoycomunion.com\/wp-content\/uploads\/2021\/02\/llaveros-primera-comunion-personalizados-300x187.jpg 300w, https:\/\/bautizoycomunion.com\/wp-content\/uploads\/2021\/02\/llaveros-primera-comunion-personalizados-768x477.jpg 768w, https:\/\/bautizoycomunion.com\/wp-content\/uploads\/2021\/02\/llaveros-primera-comunion-personalizados.jpg 1200w\" sizes=\"auto, (max-width: 1024px) 100vw, 1024px\" \/><\/figure>\n\n\n\n<h2 class=\"wp-block-heading\">Comuniones de chico, detalles de Comunion<\/h2>\n\n\n\n<p>\u00bfNo os parece que siempre hay para cosas para ni\u00f1as que para ni\u00f1os?<\/p>\n\n\n\n<p>Bueno pues hoy vamos a daros ideas para regalar a los invitados en una Comuni\u00f3n de chico. Nos hemos fijado en los detalles de <strong><a href=\"https:\/\/limonae.com\/81-detalles-comunion\" target=\"_blank\" rel=\"noreferrer noopener\" aria-label=\"LIMONAE (se abre en una nueva pesta\u00f1a)\">LIMONAE<\/a><\/strong> tienda online que env\u00eda a toda Espa\u00f1a, tienen todo tipo de regalos personalizados y por supuesto<\/p>\n\n\n\n<figure class=\"wp-block-image size-large\"><a href=\"https:\/\/limonae.com\/81-detalles-comunion\" target=\"_blank\" rel=\"noreferrer noopener\"><img loading=\"lazy\" decoding=\"async\" width=\"1024\" height=\"512\" src=\"https:\/\/bautizoycomunion.com\/wp-content\/uploads\/2021\/02\/detalles-comunion-llaveros-personalizados-cruz-de-madera-1024x512.jpg\" alt=\"llaveros cruz madera con nombre\" class=\"wp-image-10764\" srcset=\"https:\/\/bautizoycomunion.com\/wp-content\/uploads\/2021\/02\/detalles-comunion-llaveros-personalizados-cruz-de-madera-1024x512.jpg 1024w, https:\/\/bautizoycomunion.com\/wp-content\/uploads\/2021\/02\/detalles-comunion-llaveros-personalizados-cruz-de-madera-300x150.jpg 300w, https:\/\/bautizoycomunion.com\/wp-content\/uploads\/2021\/02\/detalles-comunion-llaveros-personalizados-cruz-de-madera-768x384.jpg 768w, https:\/\/bautizoycomunion.com\/wp-content\/uploads\/2021\/02\/detalles-comunion-llaveros-personalizados-cruz-de-madera.jpg 1200w\" sizes=\"auto, (max-width: 1024px) 100vw, 1024px\" \/><\/a><\/figure>\n\n\n\n<h2 class=\"wp-block-heading\">llaveros personalizados regalos Comuni\u00f3n<\/h2>\n\n\n\n<p>Nos han encantado los <a href=\"https:\/\/bautizoycomunion.com\/index.php\/2020\/01\/16\/detalles-originales-y-personalizados-para-invitados-de-comunion\/\" target=\"_blank\" rel=\"noreferrer noopener\" aria-label=\"llaveros personalizados (se abre en una nueva pesta\u00f1a)\">llaveros personalizados<\/a>, bien con el nombre del ni\u00f1o de la Comuni\u00f3n o bien con el nombre de los invitados. Son llaveros de Comuni\u00f3n que vienen presentados en unas bolsitas que ponen \u00abGracias por compartir \u00e9ste d\u00eda tan especial conmigo\u00bb, \u00bfno es ideal?<\/p>\n\n\n\n<figure class=\"wp-block-image size-large\"><a href=\"https:\/\/limonae.com\/81-detalles-comunion\" target=\"_blank\" rel=\"noreferrer noopener\"><img loading=\"lazy\" decoding=\"async\" width=\"1024\" height=\"493\" src=\"https:\/\/bautizoycomunion.com\/wp-content\/uploads\/2021\/02\/llaveros-comunion-con-nombre-de-madera-1-1024x493.jpg\" alt=\"\" class=\"wp-image-10767\" srcset=\"https:\/\/bautizoycomunion.com\/wp-content\/uploads\/2021\/02\/llaveros-comunion-con-nombre-de-madera-1-1024x493.jpg 1024w, https:\/\/bautizoycomunion.com\/wp-content\/uploads\/2021\/02\/llaveros-comunion-con-nombre-de-madera-1-300x145.jpg 300w, https:\/\/bautizoycomunion.com\/wp-content\/uploads\/2021\/02\/llaveros-comunion-con-nombre-de-madera-1-768x370.jpg 768w, https:\/\/bautizoycomunion.com\/wp-content\/uploads\/2021\/02\/llaveros-comunion-con-nombre-de-madera-1.jpg 1200w\" sizes=\"auto, (max-width: 1024px) 100vw, 1024px\" \/><\/a><\/figure>\n\n\n\n<p>Hay llaveros de madera en forma de cruz, en forma de \u00e1ngel o estrella y tambi\u00e9n los nombres de los invitados silueteados.. \u00a1son todos muy originales!<\/p>\n\n\n\n<figure class=\"wp-block-image size-large\"><a href=\"https:\/\/limonae.com\/81-detalles-comunion\" target=\"_blank\" rel=\"noreferrer noopener\"><img loading=\"lazy\" decoding=\"async\" width=\"1024\" height=\"507\" src=\"https:\/\/bautizoycomunion.com\/wp-content\/uploads\/2021\/02\/detalles-comunion-chico-pulseras-marineras-personalizadas-1-1024x507.jpg\" alt=\"\" class=\"wp-image-10770\" srcset=\"https:\/\/bautizoycomunion.com\/wp-content\/uploads\/2021\/02\/detalles-comunion-chico-pulseras-marineras-personalizadas-1-1024x507.jpg 1024w, https:\/\/bautizoycomunion.com\/wp-content\/uploads\/2021\/02\/detalles-comunion-chico-pulseras-marineras-personalizadas-1-300x149.jpg 300w, https:\/\/bautizoycomunion.com\/wp-content\/uploads\/2021\/02\/detalles-comunion-chico-pulseras-marineras-personalizadas-1-768x380.jpg 768w, https:\/\/bautizoycomunion.com\/wp-content\/uploads\/2021\/02\/detalles-comunion-chico-pulseras-marineras-personalizadas-1.jpg 1200w\" sizes=\"auto, (max-width: 1024px) 100vw, 1024px\" \/><\/a><\/figure>\n\n\n\n<p>Otra idea novedosa para chicos nos ha parecido \u00e9stas pulseras trenzadas marineras que llevan una cruz met\u00e1lica grabada con el nombre del ni\u00f1o que hace la Primera Comuni\u00f3n. Los brazaletes vienen presentados en cajitas con medall\u00f3n personalizado con el nombre del ni\u00f1o y la fecha del evento.<\/p>\n\n\n\n<p>Para ver todos los Detalles de Primera Comuni\u00f3n para chicos pincha <a href=\"https:\/\/limonae.com\/81-detalles-comunion\" target=\"_blank\" rel=\"noreferrer noopener\" aria-label=\"AQUI (se abre en una nueva pesta\u00f1a)\">AQUI<\/a>.<\/p>\n\n\n\n<p><strong><a href=\"https:\/\/limonae.com\/81-detalles-comunion\" target=\"_blank\" rel=\"noreferrer noopener\" aria-label=\"Limonae (se abre en una nueva pesta\u00f1a)\">Limonae<\/a><\/strong><\/p>\n\n\n\n<p><a href=\"https:\/\/limonae.com\/81-detalles-comunion\" target=\"_blank\" rel=\"noreferrer noopener\" aria-label=\"www.limonae.com (se abre en una nueva pesta\u00f1a)\">www.limonae.com<\/a><\/p>\n\n\n\n<p>Tel\u00e9fono 625500000<\/p>\n","protected":false},"excerpt":{"rendered":"<p>Detalles de Comunion originales y personalizados para invitados Est\u00e1 claro que \u00e9ste a\u00f1o 2021, no es un a\u00f1o normal. Nos ha tocado vivir una pandemia mundial y hasta que la hayamos superado nos toca adaptarnos a la situaci\u00f3n. Pero no por ello, vamos a dejar en \u00abpause\u00bb nuestra vida, tenemos &hellip; <a class=\"more-link\" href=\"https:\/\/bautizoycomunion.com\/index.php\/2021\/02\/23\/detalles-de-comunion-para-chicos\/\"><span class=\"more-msg\">Sigue leyendo &rarr;<\/span><\/a><\/p>\n","protected":false},"author":1,"featured_media":0,"comment_status":"closed","ping_status":"open","sticky":false,"template":"","format":"standard","meta":{"footnotes":""},"categories":[11],"tags":[1228],"class_list":["post-10761","post","type-post","status-publish","format-standard","hentry","category-detalles-para-invitados-y-recordatorios","tag-llaveros-comunion"],"yoast_head":"<!-- This site is optimized with the Yoast SEO plugin v26.1.1 - https:\/\/yoast.com\/wordpress\/plugins\/seo\/ -->\n<title>Detalles de Comuni\u00f3n para chicos &#8211; Bautizo y Comunion<\/title>\n<meta name=\"description\" content=\"Regalos y detalles para invitados de Comuni\u00f3n. Detalles originales y personalizados de Comunion. .Env\u00edos a toda Espa\u00f1a. Que regalar a los invitados.\" \/>\n<meta name=\"robots\" content=\"index, follow, max-snippet:-1, max-image-preview:large, max-video-preview:-1\" \/>\n<link rel=\"canonical\" href=\"https:\/\/bautizoycomunion.com\/index.php\/2021\/02\/23\/detalles-de-comunion-para-chicos\/\" \/>\n<meta property=\"og:locale\" content=\"es_ES\" \/>\n<meta property=\"og:type\" content=\"article\" \/>\n<meta property=\"og:title\" content=\"Detalles de Comuni\u00f3n para chicos &#8211; Bautizo y Comunion\" \/>\n<meta property=\"og:description\" content=\"Regalos y detalles para invitados de Comuni\u00f3n. Detalles originales y personalizados de Comunion. .Env\u00edos a toda Espa\u00f1a. Que regalar a los invitados.\" \/>\n<meta property=\"og:url\" content=\"https:\/\/bautizoycomunion.com\/index.php\/2021\/02\/23\/detalles-de-comunion-para-chicos\/\" \/>\n<meta property=\"og:site_name\" content=\"Bautizo y Comunion\" \/>\n<meta property=\"article:publisher\" content=\"https:\/\/www.facebook.com\/BautizosyComuniones\" \/>\n<meta property=\"article:published_time\" content=\"2021-02-23T12:50:10+00:00\" \/>\n<meta property=\"og:image\" content=\"https:\/\/bautizoycomunion.com\/wp-content\/uploads\/2021\/02\/llaveros-primera-comunion-personalizados.jpg\" \/>\n\t<meta property=\"og:image:width\" content=\"1200\" \/>\n\t<meta property=\"og:image:height\" content=\"746\" \/>\n\t<meta property=\"og:image:type\" content=\"image\/jpeg\" \/>\n<meta name=\"author\" content=\"Mar\" \/>\n<meta name=\"twitter:card\" content=\"summary_large_image\" \/>\n<meta name=\"twitter:creator\" content=\"@BautizoComunion\" \/>\n<meta name=\"twitter:site\" content=\"@BautizoComunion\" \/>\n<meta name=\"twitter:label1\" content=\"Escrito por\" \/>\n\t<meta name=\"twitter:data1\" content=\"Mar\" \/>\n\t<meta name=\"twitter:label2\" content=\"Tiempo de lectura\" \/>\n\t<meta name=\"twitter:data2\" content=\"2 minutos\" \/>\n<script type=\"application\/ld+json\" class=\"yoast-schema-graph\">{\"@context\":\"https:\/\/schema.org\",\"@graph\":[{\"@type\":\"Article\",\"@id\":\"https:\/\/bautizoycomunion.com\/index.php\/2021\/02\/23\/detalles-de-comunion-para-chicos\/#article\",\"isPartOf\":{\"@id\":\"https:\/\/bautizoycomunion.com\/index.php\/2021\/02\/23\/detalles-de-comunion-para-chicos\/\"},\"author\":{\"name\":\"Mar\",\"@id\":\"https:\/\/bautizoycomunion.com\/#\/schema\/person\/12e57d2607b3ab06cbc6c8a7f65949d6\"},\"headline\":\"Detalles de Comuni\u00f3n para chicos\",\"datePublished\":\"2021-02-23T12:50:10+00:00\",\"mainEntityOfPage\":{\"@id\":\"https:\/\/bautizoycomunion.com\/index.php\/2021\/02\/23\/detalles-de-comunion-para-chicos\/\"},\"wordCount\":345,\"publisher\":{\"@id\":\"https:\/\/bautizoycomunion.com\/#organization\"},\"image\":{\"@id\":\"https:\/\/bautizoycomunion.com\/index.php\/2021\/02\/23\/detalles-de-comunion-para-chicos\/#primaryimage\"},\"thumbnailUrl\":\"https:\/\/bautizoycomunion.com\/wp-content\/uploads\/2021\/02\/llaveros-primera-comunion-personalizados-1024x637.jpg\",\"keywords\":[\"llaveros comunion\"],\"articleSection\":[\"Detalles para invitados y recordatorios de Comuni\u00f3n\"],\"inLanguage\":\"es\"},{\"@type\":\"WebPage\",\"@id\":\"https:\/\/bautizoycomunion.com\/index.php\/2021\/02\/23\/detalles-de-comunion-para-chicos\/\",\"url\":\"https:\/\/bautizoycomunion.com\/index.php\/2021\/02\/23\/detalles-de-comunion-para-chicos\/\",\"name\":\"Detalles de Comuni\u00f3n para chicos &#8211; Bautizo y Comunion\",\"isPartOf\":{\"@id\":\"https:\/\/bautizoycomunion.com\/#website\"},\"primaryImageOfPage\":{\"@id\":\"https:\/\/bautizoycomunion.com\/index.php\/2021\/02\/23\/detalles-de-comunion-para-chicos\/#primaryimage\"},\"image\":{\"@id\":\"https:\/\/bautizoycomunion.com\/index.php\/2021\/02\/23\/detalles-de-comunion-para-chicos\/#primaryimage\"},\"thumbnailUrl\":\"https:\/\/bautizoycomunion.com\/wp-content\/uploads\/2021\/02\/llaveros-primera-comunion-personalizados-1024x637.jpg\",\"datePublished\":\"2021-02-23T12:50:10+00:00\",\"description\":\"Regalos y detalles para invitados de Comuni\u00f3n. Detalles originales y personalizados de Comunion. .Env\u00edos a toda Espa\u00f1a. Que regalar a los invitados.\",\"breadcrumb\":{\"@id\":\"https:\/\/bautizoycomunion.com\/index.php\/2021\/02\/23\/detalles-de-comunion-para-chicos\/#breadcrumb\"},\"inLanguage\":\"es\",\"potentialAction\":[{\"@type\":\"ReadAction\",\"target\":[\"https:\/\/bautizoycomunion.com\/index.php\/2021\/02\/23\/detalles-de-comunion-para-chicos\/\"]}]},{\"@type\":\"ImageObject\",\"inLanguage\":\"es\",\"@id\":\"https:\/\/bautizoycomunion.com\/index.php\/2021\/02\/23\/detalles-de-comunion-para-chicos\/#primaryimage\",\"url\":\"https:\/\/bautizoycomunion.com\/wp-content\/uploads\/2021\/02\/llaveros-primera-comunion-personalizados.jpg\",\"contentUrl\":\"https:\/\/bautizoycomunion.com\/wp-content\/uploads\/2021\/02\/llaveros-primera-comunion-personalizados.jpg\",\"width\":1200,\"height\":746,\"caption\":\"detalles comunion originales\"},{\"@type\":\"BreadcrumbList\",\"@id\":\"https:\/\/bautizoycomunion.com\/index.php\/2021\/02\/23\/detalles-de-comunion-para-chicos\/#breadcrumb\",\"itemListElement\":[{\"@type\":\"ListItem\",\"position\":1,\"name\":\"Portada\",\"item\":\"https:\/\/bautizoycomunion.com\/\"},{\"@type\":\"ListItem\",\"position\":2,\"name\":\"Detalles de Comuni\u00f3n para chicos\"}]},{\"@type\":\"WebSite\",\"@id\":\"https:\/\/bautizoycomunion.com\/#website\",\"url\":\"https:\/\/bautizoycomunion.com\/\",\"name\":\"Bautizo y Comunion\",\"description\":\"\",\"publisher\":{\"@id\":\"https:\/\/bautizoycomunion.com\/#organization\"},\"potentialAction\":[{\"@type\":\"SearchAction\",\"target\":{\"@type\":\"EntryPoint\",\"urlTemplate\":\"https:\/\/bautizoycomunion.com\/?s={search_term_string}\"},\"query-input\":{\"@type\":\"PropertyValueSpecification\",\"valueRequired\":true,\"valueName\":\"search_term_string\"}}],\"inLanguage\":\"es\"},{\"@type\":\"Organization\",\"@id\":\"https:\/\/bautizoycomunion.com\/#organization\",\"name\":\"Bautizo y Comunion\",\"url\":\"https:\/\/bautizoycomunion.com\/\",\"logo\":{\"@type\":\"ImageObject\",\"inLanguage\":\"es\",\"@id\":\"https:\/\/bautizoycomunion.com\/#\/schema\/logo\/image\/\",\"url\":\"https:\/\/bautizoycomunion.com\/wp-content\/uploads\/2020\/02\/logo-bautizo-y-comunion.jpg\",\"contentUrl\":\"https:\/\/bautizoycomunion.com\/wp-content\/uploads\/2020\/02\/logo-bautizo-y-comunion.jpg\",\"width\":128,\"height\":128,\"caption\":\"Bautizo y Comunion\"},\"image\":{\"@id\":\"https:\/\/bautizoycomunion.com\/#\/schema\/logo\/image\/\"},\"sameAs\":[\"https:\/\/www.facebook.com\/BautizosyComuniones\",\"https:\/\/x.com\/BautizoComunion\",\"https:\/\/www.instagram.com\/bautizoycomunion\/\",\"https:\/\/www.pinterest.es\/BautizoComunion\/\",\"https:\/\/www.youtube.com\/user\/BautizoyComunionTV\"]},{\"@type\":\"Person\",\"@id\":\"https:\/\/bautizoycomunion.com\/#\/schema\/person\/12e57d2607b3ab06cbc6c8a7f65949d6\",\"name\":\"Mar\",\"image\":{\"@type\":\"ImageObject\",\"inLanguage\":\"es\",\"@id\":\"https:\/\/bautizoycomunion.com\/#\/schema\/person\/image\/\",\"url\":\"https:\/\/secure.gravatar.com\/avatar\/71e69d02c62d24b5ab647c982f7ab3d63ba828e112128713a54d5890a8fa5610?s=96&d=mm&r=g\",\"contentUrl\":\"https:\/\/secure.gravatar.com\/avatar\/71e69d02c62d24b5ab647c982f7ab3d63ba828e112128713a54d5890a8fa5610?s=96&d=mm&r=g\",\"caption\":\"Mar\"}}]}<\/script>\n<!-- \/ Yoast SEO plugin. -->","yoast_head_json":{"title":"Detalles de Comuni\u00f3n para chicos &#8211; Bautizo y Comunion","description":"Regalos y detalles para invitados de Comuni\u00f3n. Detalles originales y personalizados de Comunion. .Env\u00edos a toda Espa\u00f1a. Que regalar a los invitados.","robots":{"index":"index","follow":"follow","max-snippet":"max-snippet:-1","max-image-preview":"max-image-preview:large","max-video-preview":"max-video-preview:-1"},"canonical":"https:\/\/bautizoycomunion.com\/index.php\/2021\/02\/23\/detalles-de-comunion-para-chicos\/","og_locale":"es_ES","og_type":"article","og_title":"Detalles de Comuni\u00f3n para chicos &#8211; Bautizo y Comunion","og_description":"Regalos y detalles para invitados de Comuni\u00f3n. Detalles originales y personalizados de Comunion. .Env\u00edos a toda Espa\u00f1a. Que regalar a los invitados.","og_url":"https:\/\/bautizoycomunion.com\/index.php\/2021\/02\/23\/detalles-de-comunion-para-chicos\/","og_site_name":"Bautizo y Comunion","article_publisher":"https:\/\/www.facebook.com\/BautizosyComuniones","article_published_time":"2021-02-23T12:50:10+00:00","og_image":[{"width":1200,"height":746,"url":"https:\/\/bautizoycomunion.com\/wp-content\/uploads\/2021\/02\/llaveros-primera-comunion-personalizados.jpg","type":"image\/jpeg"}],"author":"Mar","twitter_card":"summary_large_image","twitter_creator":"@BautizoComunion","twitter_site":"@BautizoComunion","twitter_misc":{"Escrito por":"Mar","Tiempo de lectura":"2 minutos"},"schema":{"@context":"https:\/\/schema.org","@graph":[{"@type":"Article","@id":"https:\/\/bautizoycomunion.com\/index.php\/2021\/02\/23\/detalles-de-comunion-para-chicos\/#article","isPartOf":{"@id":"https:\/\/bautizoycomunion.com\/index.php\/2021\/02\/23\/detalles-de-comunion-para-chicos\/"},"author":{"name":"Mar","@id":"https:\/\/bautizoycomunion.com\/#\/schema\/person\/12e57d2607b3ab06cbc6c8a7f65949d6"},"headline":"Detalles de Comuni\u00f3n para chicos","datePublished":"2021-02-23T12:50:10+00:00","mainEntityOfPage":{"@id":"https:\/\/bautizoycomunion.com\/index.php\/2021\/02\/23\/detalles-de-comunion-para-chicos\/"},"wordCount":345,"publisher":{"@id":"https:\/\/bautizoycomunion.com\/#organization"},"image":{"@id":"https:\/\/bautizoycomunion.com\/index.php\/2021\/02\/23\/detalles-de-comunion-para-chicos\/#primaryimage"},"thumbnailUrl":"https:\/\/bautizoycomunion.com\/wp-content\/uploads\/2021\/02\/llaveros-primera-comunion-personalizados-1024x637.jpg","keywords":["llaveros comunion"],"articleSection":["Detalles para invitados y recordatorios de Comuni\u00f3n"],"inLanguage":"es"},{"@type":"WebPage","@id":"https:\/\/bautizoycomunion.com\/index.php\/2021\/02\/23\/detalles-de-comunion-para-chicos\/","url":"https:\/\/bautizoycomunion.com\/index.php\/2021\/02\/23\/detalles-de-comunion-para-chicos\/","name":"Detalles de Comuni\u00f3n para chicos &#8211; Bautizo y Comunion","isPartOf":{"@id":"https:\/\/bautizoycomunion.com\/#website"},"primaryImageOfPage":{"@id":"https:\/\/bautizoycomunion.com\/index.php\/2021\/02\/23\/detalles-de-comunion-para-chicos\/#primaryimage"},"image":{"@id":"https:\/\/bautizoycomunion.com\/index.php\/2021\/02\/23\/detalles-de-comunion-para-chicos\/#primaryimage"},"thumbnailUrl":"https:\/\/bautizoycomunion.com\/wp-content\/uploads\/2021\/02\/llaveros-primera-comunion-personalizados-1024x637.jpg","datePublished":"2021-02-23T12:50:10+00:00","description":"Regalos y detalles para invitados de Comuni\u00f3n. Detalles originales y personalizados de Comunion. .Env\u00edos a toda Espa\u00f1a. Que regalar a los invitados.","breadcrumb":{"@id":"https:\/\/bautizoycomunion.com\/index.php\/2021\/02\/23\/detalles-de-comunion-para-chicos\/#breadcrumb"},"inLanguage":"es","potentialAction":[{"@type":"ReadAction","target":["https:\/\/bautizoycomunion.com\/index.php\/2021\/02\/23\/detalles-de-comunion-para-chicos\/"]}]},{"@type":"ImageObject","inLanguage":"es","@id":"https:\/\/bautizoycomunion.com\/index.php\/2021\/02\/23\/detalles-de-comunion-para-chicos\/#primaryimage","url":"https:\/\/bautizoycomunion.com\/wp-content\/uploads\/2021\/02\/llaveros-primera-comunion-personalizados.jpg","contentUrl":"https:\/\/bautizoycomunion.com\/wp-content\/uploads\/2021\/02\/llaveros-primera-comunion-personalizados.jpg","width":1200,"height":746,"caption":"detalles comunion originales"},{"@type":"BreadcrumbList","@id":"https:\/\/bautizoycomunion.com\/index.php\/2021\/02\/23\/detalles-de-comunion-para-chicos\/#breadcrumb","itemListElement":[{"@type":"ListItem","position":1,"name":"Portada","item":"https:\/\/bautizoycomunion.com\/"},{"@type":"ListItem","position":2,"name":"Detalles de Comuni\u00f3n para chicos"}]},{"@type":"WebSite","@id":"https:\/\/bautizoycomunion.com\/#website","url":"https:\/\/bautizoycomunion.com\/","name":"Bautizo y Comunion","description":"","publisher":{"@id":"https:\/\/bautizoycomunion.com\/#organization"},"potentialAction":[{"@type":"SearchAction","target":{"@type":"EntryPoint","urlTemplate":"https:\/\/bautizoycomunion.com\/?s={search_term_string}"},"query-input":{"@type":"PropertyValueSpecification","valueRequired":true,"valueName":"search_term_string"}}],"inLanguage":"es"},{"@type":"Organization","@id":"https:\/\/bautizoycomunion.com\/#organization","name":"Bautizo y Comunion","url":"https:\/\/bautizoycomunion.com\/","logo":{"@type":"ImageObject","inLanguage":"es","@id":"https:\/\/bautizoycomunion.com\/#\/schema\/logo\/image\/","url":"https:\/\/bautizoycomunion.com\/wp-content\/uploads\/2020\/02\/logo-bautizo-y-comunion.jpg","contentUrl":"https:\/\/bautizoycomunion.com\/wp-content\/uploads\/2020\/02\/logo-bautizo-y-comunion.jpg","width":128,"height":128,"caption":"Bautizo y Comunion"},"image":{"@id":"https:\/\/bautizoycomunion.com\/#\/schema\/logo\/image\/"},"sameAs":["https:\/\/www.facebook.com\/BautizosyComuniones","https:\/\/x.com\/BautizoComunion","https:\/\/www.instagram.com\/bautizoycomunion\/","https:\/\/www.pinterest.es\/BautizoComunion\/","https:\/\/www.youtube.com\/user\/BautizoyComunionTV"]},{"@type":"Person","@id":"https:\/\/bautizoycomunion.com\/#\/schema\/person\/12e57d2607b3ab06cbc6c8a7f65949d6","name":"Mar","image":{"@type":"ImageObject","inLanguage":"es","@id":"https:\/\/bautizoycomunion.com\/#\/schema\/person\/image\/","url":"https:\/\/secure.gravatar.com\/avatar\/71e69d02c62d24b5ab647c982f7ab3d63ba828e112128713a54d5890a8fa5610?s=96&d=mm&r=g","contentUrl":"https:\/\/secure.gravatar.com\/avatar\/71e69d02c62d24b5ab647c982f7ab3d63ba828e112128713a54d5890a8fa5610?s=96&d=mm&r=g","caption":"Mar"}}]}},"_links":{"self":[{"href":"https:\/\/bautizoycomunion.com\/index.php\/wp-json\/wp\/v2\/posts\/10761","targetHints":{"allow":["GET"]}}],"collection":[{"href":"https:\/\/bautizoycomunion.com\/index.php\/wp-json\/wp\/v2\/posts"}],"about":[{"href":"https:\/\/bautizoycomunion.com\/index.php\/wp-json\/wp\/v2\/types\/post"}],"author":[{"embeddable":true,"href":"https:\/\/bautizoycomunion.com\/index.php\/wp-json\/wp\/v2\/users\/1"}],"replies":[{"embeddable":true,"href":"https:\/\/bautizoycomunion.com\/index.php\/wp-json\/wp\/v2\/comments?post=10761"}],"version-history":[{"count":12,"href":"https:\/\/bautizoycomunion.com\/index.php\/wp-json\/wp\/v2\/posts\/10761\/revisions"}],"predecessor-version":[{"id":10781,"href":"https:\/\/bautizoycomunion.com\/index.php\/wp-json\/wp\/v2\/posts\/10761\/revisions\/10781"}],"wp:attachment":[{"href":"https:\/\/bautizoycomunion.com\/index.php\/wp-json\/wp\/v2\/media?parent=10761"}],"wp:term":[{"taxonomy":"category","embeddable":true,"href":"https:\/\/bautizoycomunion.com\/index.php\/wp-json\/wp\/v2\/categories?post=10761"},{"taxonomy":"post_tag","embeddable":true,"href":"https:\/\/bautizoycomunion.com\/index.php\/wp-json\/wp\/v2\/tags?post=10761"}],"curies":[{"name":"wp","href":"https:\/\/api.w.org\/{rel}","templated":true}]}}