{"id":10987,"date":"2021-05-27T18:42:37","date_gmt":"2021-05-27T16:42:37","guid":{"rendered":"https:\/\/bautizoycomunion.com\/?p=10987"},"modified":"2021-05-27T18:42:38","modified_gmt":"2021-05-27T16:42:38","slug":"comuniones-en-tiempo-de-covid","status":"publish","type":"post","link":"https:\/\/bautizoycomunion.com\/index.php\/2021\/05\/27\/comuniones-en-tiempo-de-covid\/","title":{"rendered":"COMUNIONES EN TIEMPO DE COVID"},"content":{"rendered":"\n<figure class=\"wp-block-image size-large\"><img loading=\"lazy\" decoding=\"async\" width=\"792\" height=\"1024\" src=\"https:\/\/bautizoycomunion.com\/wp-content\/uploads\/2021\/05\/vestidos-clasicos-de-comunion-792x1024.jpg\" alt=\"vestido de comunion el osito de claudia\" class=\"wp-image-10990\" srcset=\"https:\/\/bautizoycomunion.com\/wp-content\/uploads\/2021\/05\/vestidos-clasicos-de-comunion-792x1024.jpg 792w, https:\/\/bautizoycomunion.com\/wp-content\/uploads\/2021\/05\/vestidos-clasicos-de-comunion-232x300.jpg 232w, https:\/\/bautizoycomunion.com\/wp-content\/uploads\/2021\/05\/vestidos-clasicos-de-comunion-768x993.jpg 768w, https:\/\/bautizoycomunion.com\/wp-content\/uploads\/2021\/05\/vestidos-clasicos-de-comunion.jpg 1000w\" sizes=\"auto, (max-width: 792px) 100vw, 792px\" \/><\/figure>\n\n\n\n<p>Muchas cosas han pasado en este largo a\u00f1o y medio (mas o menos)\nque ha pasado de COVID, pero lo que no ha cambiado son las ganas de nuestr@s\nchic@s de disfrutar de su Primera Comuni\u00f3n. Ser los protagonistas de ese d\u00eda\ntan emocionante como hermoso, lucir el vestido o traje de comuni\u00f3n,\nemocionarse, reencontrarse en la medida de lo posible con la familia en un\nbanquete\u2026 en definitiva volver a sentirnos vivos y, en el caso de nuestros\nprotagonistas, tener ese d\u00eda tan especial que se merecen.<\/p>\n\n\n\n<p>Pero\u2026 \u00bf Qu\u00e9 ha cambiado en las comuniones en esta \u201cnueva normalidad\u201d ? Vamos a verlo desde el punto de vista de quienes han tomado su Primera Comuni\u00f3n este a\u00f1o y desde el punto de vista de una tienda de ropa infantil en Valencia, <strong><a href=\"https:\/\/elositodeclaudia.com\/categoria-producto\/comunion\/\" target=\"_blank\" rel=\"noreferrer noopener\" aria-label=\" (se abre en una nueva pesta\u00f1a)\">El osito de Claudia<\/a><\/strong>, especializada en vestidos y trajes de comuni\u00f3n.<\/p>\n\n\n\n<h2 class=\"wp-block-heading\">MUCHOS CAMBIOS, PERO SE HAN CELEBRADO QUE ES LO IMPORTANTE.<\/h2>\n\n\n\n<p>Tras la incertidumbre de si se acabar\u00edan celebrando las comuniones\no no, lleg\u00f3 la hora de organizar r\u00e1pidamente ese d\u00eda tan especial; el sal\u00f3n, la\nparroquia, el convite\u2026 nadie sab\u00eda si se aplazar\u00edan otro a\u00f1o o se podr\u00edan\ncelebrar con restricciones, como as\u00ed ha sido en la mayor\u00eda de casos. Hasta\n\u00faltima hora no se supo si celebrarlo ni en qu\u00e9 condiciones pero, como decimos,\nal final con sus mascarillas y geles s\u00ed se celebraron.<\/p>\n\n\n\n<p>Con motivo de las restricciones, las parroquias hicieron la misa\ncon la mitad de los ni\u00f1os que habitualmente la toman juntos, para poder\nasegurar la distancia de seguridad y el aforo reducido que marcaban las normas.<\/p>\n\n\n\n<p>Los restaurantes pudieron confirmar a \u00faltima hora que pod\u00edan abrir\npara esa celebraci\u00f3n tan especial, pero siempre respetando un aforo que oblig\u00f3\na las familias a restringir mucho los invitados que, en otra ocasi\u00f3n, abr\u00edan\nsido muchos m\u00e1s.<\/p>\n\n\n\n<p>Los vestidos y trajes llegaron aprisa y corriendo, pero eso lo\nveremos despu\u00e9s.<\/p>\n\n\n\n<p>Y los detalles se tuvieron que resolver a \u00faltima hora. <\/p>\n\n\n\n<p>Pero el gran d\u00eda lleg\u00f3 para casi todos nuestros peque\u00f1os\nprotagonistas y , con sus restricciones, result\u00f3 todo un \u00e9xito. La misa fue m\u00e1s\n\u00edntima, con menos ni\u00f1os y ni\u00f1as pero igual de bonita y emotiva. El banquete,\ncon un 40% de aforo, se celebr\u00f3 con la familia y unos pocos afortunados\nallegados que pudieron completar el n\u00famero m\u00e1ximo permitido, y el d\u00eda lleg\u00f3\nantes a su fin por las restricciones horarias.<\/p>\n\n\n\n<p>Pero se celebr\u00f3, y con todo ello, fue un d\u00eda muy especial para las familias que es lo m\u00e1s importante.<\/p>\n\n\n\n<figure class=\"wp-block-image size-large\"><img loading=\"lazy\" decoding=\"async\" width=\"913\" height=\"1024\" src=\"https:\/\/bautizoycomunion.com\/wp-content\/uploads\/2021\/05\/vestidos-de-comunion-el-osito-de-claudia-913x1024.jpg\" alt=\"vestidos de comunion especiales\" class=\"wp-image-10991\" srcset=\"https:\/\/bautizoycomunion.com\/wp-content\/uploads\/2021\/05\/vestidos-de-comunion-el-osito-de-claudia-913x1024.jpg 913w, https:\/\/bautizoycomunion.com\/wp-content\/uploads\/2021\/05\/vestidos-de-comunion-el-osito-de-claudia-267x300.jpg 267w, https:\/\/bautizoycomunion.com\/wp-content\/uploads\/2021\/05\/vestidos-de-comunion-el-osito-de-claudia-768x862.jpg 768w, https:\/\/bautizoycomunion.com\/wp-content\/uploads\/2021\/05\/vestidos-de-comunion-el-osito-de-claudia.jpg 1066w\" sizes=\"auto, (max-width: 913px) 100vw, 913px\" \/><\/figure>\n\n\n\n<h2 class=\"wp-block-heading\">LOS VESTIDOS Y TRAJES DE COMUNI\u00d3N, TODA UNA ODISEA<\/h2>\n\n\n\n<p>Pero detr\u00e1s de bambalinas hubo un trabajo fren\u00e9tico y muy bien\norganizado para que todo saliera como lo esperado. Los salones tuvieron\nconfirmaci\u00f3n tarde de cu\u00e1ntos pod\u00edan estar presentes, los detallitos se\ncompraron en la cantidad necesaria deprisa y corriendo y las tiendas y\nproveedores de los trajes y vestidos de comuni\u00f3n trabajaron d\u00eda y noche para\nque todo fuera un \u00e9xito.<\/p>\n\n\n\n<p>Durante el gran d\u00eda, una de las mayores atracciones de la comuni\u00f3n\nfueron el traje o vestido, y donde los invitados pudieron ver a nuestr@s chic@s\ncomo aut\u00e9ntic@s pr\u00edncipes y princesas, detr\u00e1s hubo un trabajo tremendo de\nni\u00f1os, papis y tiendas.<\/p>\n\n\n\n<p>Muchas pruebas de \u00faltima hora, retoques, llamadas, pedidos\u2026 todo\nr\u00e1pido y coordinado para que saliera bien. \u00bf La clave? Confiar en la tienda\ndonde compras el vestido o traje para garantizar que todo salgo como lo\nesperado.<\/p>\n\n\n\n<p>En <a href=\"https:\/\/elositodeclaudia.com\/categoria-producto\/comunion\/\" target=\"_blank\" rel=\"noreferrer noopener\" aria-label=\"el osito de Claudia (se abre en una nueva pesta\u00f1a)\">el osito de Claudia<\/a>, en Valencia, especialistas en vestidos y trajes de comuni\u00f3n, nos dan algunas claves: encargar tu vestido o traje a una tienda de confianza, donde sepas que el trato es 100% personalizado, donde se preocupen por ti y porque todo salga bien. Otra de las claves es que en el precio te incluyan todos los arreglos necesarios para poder despreocuparte de sobrecostes y tener garantizado que llegado el d\u00eda el vestido o traje est\u00e9 perfecto para lucirlo. <\/p>\n\n\n\n<p>Para ello las tiendas tienen que trabajar con proveedores fuertes,\nde primera calidad y nacionales, que garanticen que las prendas llegan en\ntiempo y forma como lo esperado, sin sustos. Porque bastante tienen los papas y\nmamas como para preocuparse de que lleguen en el momento sin ning\u00fan\ninconveniente. <\/p>\n\n\n\n<p>Y ahora\u2026 esperemos que en el 2021 se puedan disfrutar de unas comuniones como antes, sin esa \u201cnueva normalidad\u201d y con la normalidad de siempre.<\/p>\n\n\n\n<figure class=\"wp-block-image size-large\"><img loading=\"lazy\" decoding=\"async\" width=\"686\" height=\"1024\" src=\"https:\/\/bautizoycomunion.com\/wp-content\/uploads\/2021\/05\/comunion-vestidos-para-ni\u00f1as-686x1024.jpg\" alt=\"vestidos de comunion clasicos el osito de claudia\" class=\"wp-image-10992\" srcset=\"https:\/\/bautizoycomunion.com\/wp-content\/uploads\/2021\/05\/comunion-vestidos-para-ni\u00f1as-686x1024.jpg 686w, https:\/\/bautizoycomunion.com\/wp-content\/uploads\/2021\/05\/comunion-vestidos-para-ni\u00f1as-201x300.jpg 201w, https:\/\/bautizoycomunion.com\/wp-content\/uploads\/2021\/05\/comunion-vestidos-para-ni\u00f1as-768x1147.jpg 768w, https:\/\/bautizoycomunion.com\/wp-content\/uploads\/2021\/05\/comunion-vestidos-para-ni\u00f1as.jpg 952w\" sizes=\"auto, (max-width: 686px) 100vw, 686px\" \/><\/figure>\n\n\n\n<p><a rel=\"noreferrer noopener\" aria-label=\"El Osito de Claudia (se abre en una nueva pesta\u00f1a)\" href=\"https:\/\/elositodeclaudia.com\/categoria-producto\/comunion\/\" target=\"_blank\">El Osito de Claudia<\/a><\/p>\n\n\n\n<p>Tel\u00e9fono  <a href=\"https:\/\/www.google.com\/search?client=avast-a-2&amp;q=el+osito+de+claudia&amp;oq=el+osito+de+claudia&amp;aqs=avast..69i57j0l4.2784j0j7&amp;ie=UTF-8#\">635 56 45 83<\/a> <\/p>\n","protected":false},"excerpt":{"rendered":"<p>Muchas cosas han pasado en este largo a\u00f1o y medio (mas o menos) que ha pasado de COVID, pero lo que no ha cambiado son las ganas de nuestr@s chic@s de disfrutar de su Primera Comuni\u00f3n. Ser los protagonistas de ese d\u00eda tan emocionante como hermoso, lucir el vestido o &hellip; <a class=\"more-link\" href=\"https:\/\/bautizoycomunion.com\/index.php\/2021\/05\/27\/comuniones-en-tiempo-de-covid\/\"><span class=\"more-msg\">Sigue leyendo &rarr;<\/span><\/a><\/p>\n","protected":false},"author":1,"featured_media":0,"comment_status":"closed","ping_status":"open","sticky":false,"template":"","format":"standard","meta":{"footnotes":""},"categories":[19],"tags":[1346,953],"class_list":["post-10987","post","type-post","status-publish","format-standard","hentry","category-vestidos-de-comunion","tag-comuniones-2022","tag-vestidos-de-comunion-2"],"yoast_head":"<!-- This site is optimized with the Yoast SEO plugin v26.1.1 - https:\/\/yoast.com\/wordpress\/plugins\/seo\/ -->\n<title>COMUNIONES EN TIEMPO DE COVID &#8211; Bautizo y Comunion<\/title>\n<meta name=\"robots\" content=\"index, follow, max-snippet:-1, max-image-preview:large, max-video-preview:-1\" \/>\n<link rel=\"canonical\" href=\"https:\/\/bautizoycomunion.com\/index.php\/2021\/05\/27\/comuniones-en-tiempo-de-covid\/\" \/>\n<meta property=\"og:locale\" content=\"es_ES\" \/>\n<meta property=\"og:type\" content=\"article\" \/>\n<meta property=\"og:title\" content=\"COMUNIONES EN TIEMPO DE COVID &#8211; Bautizo y Comunion\" \/>\n<meta property=\"og:description\" content=\"Muchas cosas han pasado en este largo a\u00f1o y medio (mas o menos) que ha pasado de COVID, pero lo que no ha cambiado son las ganas de nuestr@s chic@s de disfrutar de su Primera Comuni\u00f3n. Ser los protagonistas de ese d\u00eda tan emocionante como hermoso, lucir el vestido o &hellip; Sigue leyendo &rarr;\" \/>\n<meta property=\"og:url\" content=\"https:\/\/bautizoycomunion.com\/index.php\/2021\/05\/27\/comuniones-en-tiempo-de-covid\/\" \/>\n<meta property=\"og:site_name\" content=\"Bautizo y Comunion\" \/>\n<meta property=\"article:publisher\" content=\"https:\/\/www.facebook.com\/BautizosyComuniones\" \/>\n<meta property=\"article:published_time\" content=\"2021-05-27T16:42:37+00:00\" \/>\n<meta property=\"article:modified_time\" content=\"2021-05-27T16:42:38+00:00\" \/>\n<meta property=\"og:image\" content=\"https:\/\/bautizoycomunion.com\/wp-content\/uploads\/2021\/05\/vestidos-clasicos-de-comunion.jpg\" \/>\n\t<meta property=\"og:image:width\" content=\"1000\" \/>\n\t<meta property=\"og:image:height\" content=\"1293\" \/>\n\t<meta property=\"og:image:type\" content=\"image\/jpeg\" \/>\n<meta name=\"author\" content=\"Mar\" \/>\n<meta name=\"twitter:card\" content=\"summary_large_image\" \/>\n<meta name=\"twitter:creator\" content=\"@BautizoComunion\" \/>\n<meta name=\"twitter:site\" content=\"@BautizoComunion\" \/>\n<meta name=\"twitter:label1\" content=\"Escrito por\" \/>\n\t<meta name=\"twitter:data1\" content=\"Mar\" \/>\n\t<meta name=\"twitter:label2\" content=\"Tiempo de lectura\" \/>\n\t<meta name=\"twitter:data2\" content=\"4 minutos\" \/>\n<script type=\"application\/ld+json\" class=\"yoast-schema-graph\">{\"@context\":\"https:\/\/schema.org\",\"@graph\":[{\"@type\":\"Article\",\"@id\":\"https:\/\/bautizoycomunion.com\/index.php\/2021\/05\/27\/comuniones-en-tiempo-de-covid\/#article\",\"isPartOf\":{\"@id\":\"https:\/\/bautizoycomunion.com\/index.php\/2021\/05\/27\/comuniones-en-tiempo-de-covid\/\"},\"author\":{\"name\":\"Mar\",\"@id\":\"https:\/\/bautizoycomunion.com\/#\/schema\/person\/12e57d2607b3ab06cbc6c8a7f65949d6\"},\"headline\":\"COMUNIONES EN TIEMPO DE COVID\",\"datePublished\":\"2021-05-27T16:42:37+00:00\",\"dateModified\":\"2021-05-27T16:42:38+00:00\",\"mainEntityOfPage\":{\"@id\":\"https:\/\/bautizoycomunion.com\/index.php\/2021\/05\/27\/comuniones-en-tiempo-de-covid\/\"},\"wordCount\":782,\"publisher\":{\"@id\":\"https:\/\/bautizoycomunion.com\/#organization\"},\"image\":{\"@id\":\"https:\/\/bautizoycomunion.com\/index.php\/2021\/05\/27\/comuniones-en-tiempo-de-covid\/#primaryimage\"},\"thumbnailUrl\":\"https:\/\/bautizoycomunion.com\/wp-content\/uploads\/2021\/05\/vestidos-clasicos-de-comunion-792x1024.jpg\",\"keywords\":[\"comuniones 2022\",\"vestidos de comunion\"],\"articleSection\":[\"Vestidos, trajes y zapatos de Comuni\u00f3n\"],\"inLanguage\":\"es\"},{\"@type\":\"WebPage\",\"@id\":\"https:\/\/bautizoycomunion.com\/index.php\/2021\/05\/27\/comuniones-en-tiempo-de-covid\/\",\"url\":\"https:\/\/bautizoycomunion.com\/index.php\/2021\/05\/27\/comuniones-en-tiempo-de-covid\/\",\"name\":\"COMUNIONES EN TIEMPO DE COVID &#8211; Bautizo y Comunion\",\"isPartOf\":{\"@id\":\"https:\/\/bautizoycomunion.com\/#website\"},\"primaryImageOfPage\":{\"@id\":\"https:\/\/bautizoycomunion.com\/index.php\/2021\/05\/27\/comuniones-en-tiempo-de-covid\/#primaryimage\"},\"image\":{\"@id\":\"https:\/\/bautizoycomunion.com\/index.php\/2021\/05\/27\/comuniones-en-tiempo-de-covid\/#primaryimage\"},\"thumbnailUrl\":\"https:\/\/bautizoycomunion.com\/wp-content\/uploads\/2021\/05\/vestidos-clasicos-de-comunion-792x1024.jpg\",\"datePublished\":\"2021-05-27T16:42:37+00:00\",\"dateModified\":\"2021-05-27T16:42:38+00:00\",\"breadcrumb\":{\"@id\":\"https:\/\/bautizoycomunion.com\/index.php\/2021\/05\/27\/comuniones-en-tiempo-de-covid\/#breadcrumb\"},\"inLanguage\":\"es\",\"potentialAction\":[{\"@type\":\"ReadAction\",\"target\":[\"https:\/\/bautizoycomunion.com\/index.php\/2021\/05\/27\/comuniones-en-tiempo-de-covid\/\"]}]},{\"@type\":\"ImageObject\",\"inLanguage\":\"es\",\"@id\":\"https:\/\/bautizoycomunion.com\/index.php\/2021\/05\/27\/comuniones-en-tiempo-de-covid\/#primaryimage\",\"url\":\"https:\/\/bautizoycomunion.com\/wp-content\/uploads\/2021\/05\/vestidos-clasicos-de-comunion.jpg\",\"contentUrl\":\"https:\/\/bautizoycomunion.com\/wp-content\/uploads\/2021\/05\/vestidos-clasicos-de-comunion.jpg\",\"width\":1000,\"height\":1293},{\"@type\":\"BreadcrumbList\",\"@id\":\"https:\/\/bautizoycomunion.com\/index.php\/2021\/05\/27\/comuniones-en-tiempo-de-covid\/#breadcrumb\",\"itemListElement\":[{\"@type\":\"ListItem\",\"position\":1,\"name\":\"Portada\",\"item\":\"https:\/\/bautizoycomunion.com\/\"},{\"@type\":\"ListItem\",\"position\":2,\"name\":\"COMUNIONES EN TIEMPO DE COVID\"}]},{\"@type\":\"WebSite\",\"@id\":\"https:\/\/bautizoycomunion.com\/#website\",\"url\":\"https:\/\/bautizoycomunion.com\/\",\"name\":\"Bautizo y Comunion\",\"description\":\"\",\"publisher\":{\"@id\":\"https:\/\/bautizoycomunion.com\/#organization\"},\"potentialAction\":[{\"@type\":\"SearchAction\",\"target\":{\"@type\":\"EntryPoint\",\"urlTemplate\":\"https:\/\/bautizoycomunion.com\/?s={search_term_string}\"},\"query-input\":{\"@type\":\"PropertyValueSpecification\",\"valueRequired\":true,\"valueName\":\"search_term_string\"}}],\"inLanguage\":\"es\"},{\"@type\":\"Organization\",\"@id\":\"https:\/\/bautizoycomunion.com\/#organization\",\"name\":\"Bautizo y Comunion\",\"url\":\"https:\/\/bautizoycomunion.com\/\",\"logo\":{\"@type\":\"ImageObject\",\"inLanguage\":\"es\",\"@id\":\"https:\/\/bautizoycomunion.com\/#\/schema\/logo\/image\/\",\"url\":\"https:\/\/bautizoycomunion.com\/wp-content\/uploads\/2020\/02\/logo-bautizo-y-comunion.jpg\",\"contentUrl\":\"https:\/\/bautizoycomunion.com\/wp-content\/uploads\/2020\/02\/logo-bautizo-y-comunion.jpg\",\"width\":128,\"height\":128,\"caption\":\"Bautizo y Comunion\"},\"image\":{\"@id\":\"https:\/\/bautizoycomunion.com\/#\/schema\/logo\/image\/\"},\"sameAs\":[\"https:\/\/www.facebook.com\/BautizosyComuniones\",\"https:\/\/x.com\/BautizoComunion\",\"https:\/\/www.instagram.com\/bautizoycomunion\/\",\"https:\/\/www.pinterest.es\/BautizoComunion\/\",\"https:\/\/www.youtube.com\/user\/BautizoyComunionTV\"]},{\"@type\":\"Person\",\"@id\":\"https:\/\/bautizoycomunion.com\/#\/schema\/person\/12e57d2607b3ab06cbc6c8a7f65949d6\",\"name\":\"Mar\",\"image\":{\"@type\":\"ImageObject\",\"inLanguage\":\"es\",\"@id\":\"https:\/\/bautizoycomunion.com\/#\/schema\/person\/image\/\",\"url\":\"https:\/\/secure.gravatar.com\/avatar\/71e69d02c62d24b5ab647c982f7ab3d63ba828e112128713a54d5890a8fa5610?s=96&d=mm&r=g\",\"contentUrl\":\"https:\/\/secure.gravatar.com\/avatar\/71e69d02c62d24b5ab647c982f7ab3d63ba828e112128713a54d5890a8fa5610?s=96&d=mm&r=g\",\"caption\":\"Mar\"}}]}<\/script>\n<!-- \/ Yoast SEO plugin. -->","yoast_head_json":{"title":"COMUNIONES EN TIEMPO DE COVID &#8211; Bautizo y Comunion","robots":{"index":"index","follow":"follow","max-snippet":"max-snippet:-1","max-image-preview":"max-image-preview:large","max-video-preview":"max-video-preview:-1"},"canonical":"https:\/\/bautizoycomunion.com\/index.php\/2021\/05\/27\/comuniones-en-tiempo-de-covid\/","og_locale":"es_ES","og_type":"article","og_title":"COMUNIONES EN TIEMPO DE COVID &#8211; Bautizo y Comunion","og_description":"Muchas cosas han pasado en este largo a\u00f1o y medio (mas o menos) que ha pasado de COVID, pero lo que no ha cambiado son las ganas de nuestr@s chic@s de disfrutar de su Primera Comuni\u00f3n. Ser los protagonistas de ese d\u00eda tan emocionante como hermoso, lucir el vestido o &hellip; Sigue leyendo &rarr;","og_url":"https:\/\/bautizoycomunion.com\/index.php\/2021\/05\/27\/comuniones-en-tiempo-de-covid\/","og_site_name":"Bautizo y Comunion","article_publisher":"https:\/\/www.facebook.com\/BautizosyComuniones","article_published_time":"2021-05-27T16:42:37+00:00","article_modified_time":"2021-05-27T16:42:38+00:00","og_image":[{"width":1000,"height":1293,"url":"https:\/\/bautizoycomunion.com\/wp-content\/uploads\/2021\/05\/vestidos-clasicos-de-comunion.jpg","type":"image\/jpeg"}],"author":"Mar","twitter_card":"summary_large_image","twitter_creator":"@BautizoComunion","twitter_site":"@BautizoComunion","twitter_misc":{"Escrito por":"Mar","Tiempo de lectura":"4 minutos"},"schema":{"@context":"https:\/\/schema.org","@graph":[{"@type":"Article","@id":"https:\/\/bautizoycomunion.com\/index.php\/2021\/05\/27\/comuniones-en-tiempo-de-covid\/#article","isPartOf":{"@id":"https:\/\/bautizoycomunion.com\/index.php\/2021\/05\/27\/comuniones-en-tiempo-de-covid\/"},"author":{"name":"Mar","@id":"https:\/\/bautizoycomunion.com\/#\/schema\/person\/12e57d2607b3ab06cbc6c8a7f65949d6"},"headline":"COMUNIONES EN TIEMPO DE COVID","datePublished":"2021-05-27T16:42:37+00:00","dateModified":"2021-05-27T16:42:38+00:00","mainEntityOfPage":{"@id":"https:\/\/bautizoycomunion.com\/index.php\/2021\/05\/27\/comuniones-en-tiempo-de-covid\/"},"wordCount":782,"publisher":{"@id":"https:\/\/bautizoycomunion.com\/#organization"},"image":{"@id":"https:\/\/bautizoycomunion.com\/index.php\/2021\/05\/27\/comuniones-en-tiempo-de-covid\/#primaryimage"},"thumbnailUrl":"https:\/\/bautizoycomunion.com\/wp-content\/uploads\/2021\/05\/vestidos-clasicos-de-comunion-792x1024.jpg","keywords":["comuniones 2022","vestidos de comunion"],"articleSection":["Vestidos, trajes y zapatos de Comuni\u00f3n"],"inLanguage":"es"},{"@type":"WebPage","@id":"https:\/\/bautizoycomunion.com\/index.php\/2021\/05\/27\/comuniones-en-tiempo-de-covid\/","url":"https:\/\/bautizoycomunion.com\/index.php\/2021\/05\/27\/comuniones-en-tiempo-de-covid\/","name":"COMUNIONES EN TIEMPO DE COVID &#8211; Bautizo y Comunion","isPartOf":{"@id":"https:\/\/bautizoycomunion.com\/#website"},"primaryImageOfPage":{"@id":"https:\/\/bautizoycomunion.com\/index.php\/2021\/05\/27\/comuniones-en-tiempo-de-covid\/#primaryimage"},"image":{"@id":"https:\/\/bautizoycomunion.com\/index.php\/2021\/05\/27\/comuniones-en-tiempo-de-covid\/#primaryimage"},"thumbnailUrl":"https:\/\/bautizoycomunion.com\/wp-content\/uploads\/2021\/05\/vestidos-clasicos-de-comunion-792x1024.jpg","datePublished":"2021-05-27T16:42:37+00:00","dateModified":"2021-05-27T16:42:38+00:00","breadcrumb":{"@id":"https:\/\/bautizoycomunion.com\/index.php\/2021\/05\/27\/comuniones-en-tiempo-de-covid\/#breadcrumb"},"inLanguage":"es","potentialAction":[{"@type":"ReadAction","target":["https:\/\/bautizoycomunion.com\/index.php\/2021\/05\/27\/comuniones-en-tiempo-de-covid\/"]}]},{"@type":"ImageObject","inLanguage":"es","@id":"https:\/\/bautizoycomunion.com\/index.php\/2021\/05\/27\/comuniones-en-tiempo-de-covid\/#primaryimage","url":"https:\/\/bautizoycomunion.com\/wp-content\/uploads\/2021\/05\/vestidos-clasicos-de-comunion.jpg","contentUrl":"https:\/\/bautizoycomunion.com\/wp-content\/uploads\/2021\/05\/vestidos-clasicos-de-comunion.jpg","width":1000,"height":1293},{"@type":"BreadcrumbList","@id":"https:\/\/bautizoycomunion.com\/index.php\/2021\/05\/27\/comuniones-en-tiempo-de-covid\/#breadcrumb","itemListElement":[{"@type":"ListItem","position":1,"name":"Portada","item":"https:\/\/bautizoycomunion.com\/"},{"@type":"ListItem","position":2,"name":"COMUNIONES EN TIEMPO DE COVID"}]},{"@type":"WebSite","@id":"https:\/\/bautizoycomunion.com\/#website","url":"https:\/\/bautizoycomunion.com\/","name":"Bautizo y Comunion","description":"","publisher":{"@id":"https:\/\/bautizoycomunion.com\/#organization"},"potentialAction":[{"@type":"SearchAction","target":{"@type":"EntryPoint","urlTemplate":"https:\/\/bautizoycomunion.com\/?s={search_term_string}"},"query-input":{"@type":"PropertyValueSpecification","valueRequired":true,"valueName":"search_term_string"}}],"inLanguage":"es"},{"@type":"Organization","@id":"https:\/\/bautizoycomunion.com\/#organization","name":"Bautizo y Comunion","url":"https:\/\/bautizoycomunion.com\/","logo":{"@type":"ImageObject","inLanguage":"es","@id":"https:\/\/bautizoycomunion.com\/#\/schema\/logo\/image\/","url":"https:\/\/bautizoycomunion.com\/wp-content\/uploads\/2020\/02\/logo-bautizo-y-comunion.jpg","contentUrl":"https:\/\/bautizoycomunion.com\/wp-content\/uploads\/2020\/02\/logo-bautizo-y-comunion.jpg","width":128,"height":128,"caption":"Bautizo y Comunion"},"image":{"@id":"https:\/\/bautizoycomunion.com\/#\/schema\/logo\/image\/"},"sameAs":["https:\/\/www.facebook.com\/BautizosyComuniones","https:\/\/x.com\/BautizoComunion","https:\/\/www.instagram.com\/bautizoycomunion\/","https:\/\/www.pinterest.es\/BautizoComunion\/","https:\/\/www.youtube.com\/user\/BautizoyComunionTV"]},{"@type":"Person","@id":"https:\/\/bautizoycomunion.com\/#\/schema\/person\/12e57d2607b3ab06cbc6c8a7f65949d6","name":"Mar","image":{"@type":"ImageObject","inLanguage":"es","@id":"https:\/\/bautizoycomunion.com\/#\/schema\/person\/image\/","url":"https:\/\/secure.gravatar.com\/avatar\/71e69d02c62d24b5ab647c982f7ab3d63ba828e112128713a54d5890a8fa5610?s=96&d=mm&r=g","contentUrl":"https:\/\/secure.gravatar.com\/avatar\/71e69d02c62d24b5ab647c982f7ab3d63ba828e112128713a54d5890a8fa5610?s=96&d=mm&r=g","caption":"Mar"}}]}},"_links":{"self":[{"href":"https:\/\/bautizoycomunion.com\/index.php\/wp-json\/wp\/v2\/posts\/10987","targetHints":{"allow":["GET"]}}],"collection":[{"href":"https:\/\/bautizoycomunion.com\/index.php\/wp-json\/wp\/v2\/posts"}],"about":[{"href":"https:\/\/bautizoycomunion.com\/index.php\/wp-json\/wp\/v2\/types\/post"}],"author":[{"embeddable":true,"href":"https:\/\/bautizoycomunion.com\/index.php\/wp-json\/wp\/v2\/users\/1"}],"replies":[{"embeddable":true,"href":"https:\/\/bautizoycomunion.com\/index.php\/wp-json\/wp\/v2\/comments?post=10987"}],"version-history":[{"count":4,"href":"https:\/\/bautizoycomunion.com\/index.php\/wp-json\/wp\/v2\/posts\/10987\/revisions"}],"predecessor-version":[{"id":10994,"href":"https:\/\/bautizoycomunion.com\/index.php\/wp-json\/wp\/v2\/posts\/10987\/revisions\/10994"}],"wp:attachment":[{"href":"https:\/\/bautizoycomunion.com\/index.php\/wp-json\/wp\/v2\/media?parent=10987"}],"wp:term":[{"taxonomy":"category","embeddable":true,"href":"https:\/\/bautizoycomunion.com\/index.php\/wp-json\/wp\/v2\/categories?post=10987"},{"taxonomy":"post_tag","embeddable":true,"href":"https:\/\/bautizoycomunion.com\/index.php\/wp-json\/wp\/v2\/tags?post=10987"}],"curies":[{"name":"wp","href":"https:\/\/api.w.org\/{rel}","templated":true}]}}