{"id":11085,"date":"2023-02-27T11:10:25","date_gmt":"2023-02-27T10:10:25","guid":{"rendered":"https:\/\/bautizoycomunion.com\/?p=11085"},"modified":"2023-02-27T11:10:26","modified_gmt":"2023-02-27T10:10:26","slug":"vestidos-de-comunion-vertize-gala","status":"publish","type":"post","link":"https:\/\/bautizoycomunion.com\/index.php\/2023\/02\/27\/vestidos-de-comunion-vertize-gala\/","title":{"rendered":"Vestidos de Comuni\u00f3n Vertize Gala"},"content":{"rendered":"\n<figure class=\"wp-block-image size-large\"><img loading=\"lazy\" decoding=\"async\" width=\"1024\" height=\"1024\" src=\"https:\/\/bautizoycomunion.com\/wp-content\/uploads\/2023\/02\/Vestidos-de-comunion-2023-Gala-vertize-1024x1024.jpg\" alt=\"vestidos de comunion vertize 2023\" class=\"wp-image-11090\" srcset=\"https:\/\/bautizoycomunion.com\/wp-content\/uploads\/2023\/02\/Vestidos-de-comunion-2023-Gala-vertize-1024x1024.jpg 1024w, https:\/\/bautizoycomunion.com\/wp-content\/uploads\/2023\/02\/Vestidos-de-comunion-2023-Gala-vertize-300x300.jpg 300w, https:\/\/bautizoycomunion.com\/wp-content\/uploads\/2023\/02\/Vestidos-de-comunion-2023-Gala-vertize-150x150.jpg 150w, https:\/\/bautizoycomunion.com\/wp-content\/uploads\/2023\/02\/Vestidos-de-comunion-2023-Gala-vertize-768x768.jpg 768w, https:\/\/bautizoycomunion.com\/wp-content\/uploads\/2023\/02\/Vestidos-de-comunion-2023-Gala-vertize.jpg 1080w\" sizes=\"auto, (max-width: 1024px) 100vw, 1024px\" \/><\/figure>\n\n\n\n<p>Ya es tiempo de Comuniones y para \u00e9sta temporada 2023 nos ha gustado mucho el estilo de<strong> <a rel=\"noreferrer noopener\" aria-label=\"Vertize Gala (se abre en una nueva pesta\u00f1a)\" href=\"https:\/\/www.vertize.es\/vestidos-de-comunion\/\" target=\"_blank\">Vertize Gala<\/a><\/strong> ya que tienes vestidos de todos los estilos y el precio es m\u00e1s que razonable.<\/p>\n\n\n\n<p>Un a\u00f1o m\u00e1s, todos los papis ya est\u00e1n pendientes de organizar <strong>el evento m\u00e1s importante <\/strong>para sus ni\u00f1os, la toma de la primera comuni\u00f3n la pr\u00f3xima primavera.<\/p>\n\n\n\n<p>En este post expondremos las diferencias m\u00e1s destacadas respecto a la<strong> moda de comuni\u00f3n de 2022-2023<\/strong>, hacia donde avanzan las tendencias  y qu\u00e9 ha cambiado, de esta forma, elegir c\u00f3mo vestir al peque\u00f1o o la peque\u00f1a de la casa ser\u00e1 mucho m\u00e1s sencillo. \u00bfOs apunt\u00e1is a conocerlas? <\/p>\n\n\n\n<figure class=\"wp-block-image size-large\"><img loading=\"lazy\" decoding=\"async\" width=\"1024\" height=\"706\" src=\"https:\/\/bautizoycomunion.com\/wp-content\/uploads\/2023\/02\/comuniones-2023-vestidos-Gala-Vertize-1024x706.jpg\" alt=\"vestidos d ecomunion clasicos\" class=\"wp-image-11087\" srcset=\"https:\/\/bautizoycomunion.com\/wp-content\/uploads\/2023\/02\/comuniones-2023-vestidos-Gala-Vertize-1024x706.jpg 1024w, https:\/\/bautizoycomunion.com\/wp-content\/uploads\/2023\/02\/comuniones-2023-vestidos-Gala-Vertize-300x207.jpg 300w, https:\/\/bautizoycomunion.com\/wp-content\/uploads\/2023\/02\/comuniones-2023-vestidos-Gala-Vertize-768x529.jpg 768w, https:\/\/bautizoycomunion.com\/wp-content\/uploads\/2023\/02\/comuniones-2023-vestidos-Gala-Vertize.jpg 1100w\" sizes=\"auto, (max-width: 1024px) 100vw, 1024px\" \/><\/figure>\n\n\n\n<h2 class=\"wp-block-heading\"><strong>Los vestidos de comuni\u00f3n cl\u00e1sicos<\/strong><\/h2>\n\n\n\n<p>Es un estilo que siempre va a estar de moda,\ncon mangas m\u00e1s o menos abullonadas, con un vuelo m\u00e1s ahuecado o m\u00e1s lacio\u2026 pero\nsiempre<strong> conservando la esencia de vestido<\/strong> ani\u00f1ado. Esta tendencia entiende\na las peque\u00f1as como princesas y trata de vestirlas para su d\u00eda especial, pero\ncada vez los dise\u00f1adores se preocupan m\u00e1s por <strong>la comodidad <\/strong>como factor\nm\u00e1s destacado en los vestidos ni\u00f1a comuni\u00f3n 2023. Este a\u00f1o va a primar que las <strong>mangas\ny los vuelos sean menos ajustados<\/strong> para que, de esta manera, se facilite la\nmovilidad de las ni\u00f1as.<\/p>\n\n\n\n<p>Este a\u00f1o esperamos unos <strong>dise\u00f1os simplificados, piezas sencillas, con poco vuelo<\/strong> y una banda a la cintura. De esta manera se consigue un resultado simple y vistoso.<\/p>\n\n\n\n<figure class=\"wp-block-image size-large\"><img loading=\"lazy\" decoding=\"async\" width=\"755\" height=\"1024\" src=\"https:\/\/bautizoycomunion.com\/wp-content\/uploads\/2023\/02\/vertize-vestido-de-comunion-2023-755x1024.jpg\" alt=\"vertize gala comunion\" class=\"wp-image-11089\" srcset=\"https:\/\/bautizoycomunion.com\/wp-content\/uploads\/2023\/02\/vertize-vestido-de-comunion-2023-755x1024.jpg 755w, https:\/\/bautizoycomunion.com\/wp-content\/uploads\/2023\/02\/vertize-vestido-de-comunion-2023-221x300.jpg 221w, https:\/\/bautizoycomunion.com\/wp-content\/uploads\/2023\/02\/vertize-vestido-de-comunion-2023-768x1042.jpg 768w, https:\/\/bautizoycomunion.com\/wp-content\/uploads\/2023\/02\/vertize-vestido-de-comunion-2023.jpg 1100w\" sizes=\"auto, (max-width: 755px) 100vw, 755px\" \/><\/figure>\n\n\n\n<h2 class=\"wp-block-heading\"><strong>Una revisi\u00f3n al estilo cl\u00e1sico, giro a la sencillez<\/strong><\/h2>\n\n\n\n<p>Este a\u00f1o encontramos vuelos menos exagerados, vemos un aumento en las flores decorando las cintas de la cintura y los  tocados sencillos para tratar de darle color al cl\u00e1sico blanco del vestido. Las mangas quedan liberadas y se lleva el encaje suave o el tul plumetti, que adem\u00e1s de ser fresco, permite a las ni\u00f1as jugar, porque al fin y al cabo, es un d\u00eda solemne, pero siguen siendo ni\u00f1as. En las bandas primar\u00e1n los colores marfil, empolvados, rosa y melocot\u00f3n.<\/p>\n\n\n\n<h2 class=\"wp-block-heading\"><strong>Un estilo rom\u00e1ntico, para las m\u00e1s so\u00f1adoras <\/strong><\/h2>\n\n\n\n<p>Este estilo lo encontramos s\u00f3lo en los vestidos\nde ni\u00f1a de comuni\u00f3n. Es un <strong>estilo basado en los trajes de finales del siglo\nXIX<\/strong>. Este a\u00f1o es el primero en el que hemos visto en pasarela la\nreinterpretaci\u00f3n de este tipo de vestidos, con <strong>gasas y encajes<\/strong> que le\naportan a nuestras ni\u00f1as la imagen y el encanto de parecer una novia en\nminiatura.<\/p>\n\n\n\n<p>Los cortes y talles est\u00e1n directamente inspirados en los vestidos de finales del siglo XIX y principios del XX, a muchos os recordar\u00e1n a series de televisi\u00f3n como \u201c<em>Seis hermanas<\/em>\u201d y otras basadas en esta \u00e9poca hist\u00f3rica.<\/p>\n\n\n\n<figure class=\"wp-block-image size-large\"><img loading=\"lazy\" decoding=\"async\" width=\"1024\" height=\"714\" src=\"https:\/\/bautizoycomunion.com\/wp-content\/uploads\/2023\/02\/gala-vertize-vestidos-de-comunion-1024x714.jpg\" alt=\"vestidos de comunion clasicos\" class=\"wp-image-11088\" srcset=\"https:\/\/bautizoycomunion.com\/wp-content\/uploads\/2023\/02\/gala-vertize-vestidos-de-comunion-1024x714.jpg 1024w, https:\/\/bautizoycomunion.com\/wp-content\/uploads\/2023\/02\/gala-vertize-vestidos-de-comunion-300x209.jpg 300w, https:\/\/bautizoycomunion.com\/wp-content\/uploads\/2023\/02\/gala-vertize-vestidos-de-comunion-768x536.jpg 768w, https:\/\/bautizoycomunion.com\/wp-content\/uploads\/2023\/02\/gala-vertize-vestidos-de-comunion.jpg 1100w\" sizes=\"auto, (max-width: 1024px) 100vw, 1024px\" \/><\/figure>\n\n\n\n<h2 class=\"wp-block-heading\"><strong>El estilo boho-hippie para trajes de comuni\u00f3n<\/strong><\/h2>\n\n\n\n<p>Lleg\u00f3 hace 4 o 5 a\u00f1os y este a\u00f1o parece que ha\ndado el paso y este estilo ha venido para asentarse y quedarse. Se trata de una\n<strong>alternativa a los vestidos m\u00e1s cl\u00e1sicos.<\/strong><\/p>\n\n\n\n<p>Es un estilo que trata de diferenciarse del resto, encajes, linos, mezclas de tejidos y colores est\u00e1n permitidos. Hablamos de un <strong>estilo innovador<\/strong> en una est\u00e9tica vintage, en el que pr\u00e1cticamente todo est\u00e1 aceptado con el objetivo de que nuestra ni\u00f1a destaque y su vestido de comuni\u00f3n sea diferente al del resto.<\/p>\n\n\n\n<figure class=\"wp-block-image size-large\"><img loading=\"lazy\" decoding=\"async\" width=\"819\" height=\"1024\" src=\"https:\/\/bautizoycomunion.com\/wp-content\/uploads\/2023\/02\/comuniones-2023-vestidos-clasicos-vertize-819x1024.jpg\" alt=\"vestidos de comunion  Vertize Gala\" class=\"wp-image-11086\" srcset=\"https:\/\/bautizoycomunion.com\/wp-content\/uploads\/2023\/02\/comuniones-2023-vestidos-clasicos-vertize-819x1024.jpg 819w, https:\/\/bautizoycomunion.com\/wp-content\/uploads\/2023\/02\/comuniones-2023-vestidos-clasicos-vertize-240x300.jpg 240w, https:\/\/bautizoycomunion.com\/wp-content\/uploads\/2023\/02\/comuniones-2023-vestidos-clasicos-vertize-768x960.jpg 768w, https:\/\/bautizoycomunion.com\/wp-content\/uploads\/2023\/02\/comuniones-2023-vestidos-clasicos-vertize.jpg 1080w\" sizes=\"auto, (max-width: 819px) 100vw, 819px\" \/><\/figure>\n\n\n\n<h2 class=\"wp-block-heading\"><strong>Tus peques son los protagonistas<\/strong><\/h2>\n\n\n\n<p>Queda claro que este a\u00f1o se va a llevar lo\ninnovador y lo cl\u00e1sico indistintamente y que destacar\u00e1 por sus <strong>nuevas\ncombinaciones de colores y telas.<\/strong><\/p>\n\n\n\n<p>Los ni\u00f1os y las ni\u00f1as encontrar\u00e1n <strong>modelos\nm\u00e1s c\u00f3modos <\/strong>que en anteriores ocasiones y que les permitir\u00e1n jugar a la par\nque ir adecuadamente vestidos para un d\u00eda solemne como es la Primera Comuni\u00f3n.<\/p>\n\n\n\n<p>Recodad que en todas nuestras tiendas <strong>Factory Vertize Gala<\/strong> podr\u00e9is encontrar opciones de comuni\u00f3n de ni\u00f1a y tambi\u00e9n de ni\u00f1o. Las colecciones de ni\u00f1a son dise\u00f1os de fabricaci\u00f3n propia, y siempre con l\u00edneas de precio muy econ\u00f3micas, caracter\u00edstica de nuestras colecciones, desde 100\u20ac a 329\u20ac, en ese abanico de precios. La gama es limitada en tallas y modelos. No se comercializa en nuestras tiendas Comunidad de Madrid. Podr\u00e9is ver una peque\u00f1a pincelada en nuestra web en <a rel=\"noreferrer noopener\" aria-label=\"https:\/\/www.vertize.es\/vestidos-de-comunion\/ (se abre en una nueva pesta\u00f1a)\" href=\"https:\/\/www.vertize.es\/vestidos-de-comunion\/\" target=\"_blank\">https:\/\/www.vertize.es\/vestidos-de-comunion\/<\/a> Tambi\u00e9n en nuestro Facebook encontrar\u00e1s m\u00e1s fotos de modelos de ni\u00f1a y ni\u00f1o.<\/p>\n\n\n\n<p>Para cualquier duda o consulta puedes ponerte en contacto con nosotros en el tel\u00e9fono: 925 55 36 69<br>En el e-mail:\u00a0<a href=\"mailto:clientes@vertize.es\">clientes@vertize.es<\/a>\u00a0 <\/p>\n","protected":false},"excerpt":{"rendered":"<p>Ya es tiempo de Comuniones y para \u00e9sta temporada 2023 nos ha gustado mucho el estilo de Vertize Gala ya que tienes vestidos de todos los estilos y el precio es m\u00e1s que razonable. Un a\u00f1o m\u00e1s, todos los papis ya est\u00e1n pendientes de organizar el evento m\u00e1s importante para &hellip; <a class=\"more-link\" href=\"https:\/\/bautizoycomunion.com\/index.php\/2023\/02\/27\/vestidos-de-comunion-vertize-gala\/\"><span class=\"more-msg\">Sigue leyendo &rarr;<\/span><\/a><\/p>\n","protected":false},"author":1,"featured_media":0,"comment_status":"closed","ping_status":"open","sticky":false,"template":"","format":"standard","meta":{"footnotes":""},"categories":[16,19],"tags":[1353,1354,953],"class_list":["post-11085","post","type-post","status-publish","format-standard","hentry","category-uncategorized","category-vestidos-de-comunion","tag-gala-vertize","tag-vertize","tag-vestidos-de-comunion-2"],"yoast_head":"<!-- This site is optimized with the Yoast SEO plugin v26.1.1 - https:\/\/yoast.com\/wordpress\/plugins\/seo\/ -->\n<title>Vestidos de Comuni\u00f3n Vertize Gala &#8211; Bautizo y Comunion<\/title>\n<meta name=\"description\" content=\"Vestidos de Comuni\u00f3n cl\u00e1sicos Vertize Gala. Colecci\u00f3n Primera Comuni\u00f3n 2023. Vestidos de todos los estilos a muy buen precio.\" \/>\n<meta name=\"robots\" content=\"index, follow, max-snippet:-1, max-image-preview:large, max-video-preview:-1\" \/>\n<link rel=\"canonical\" href=\"https:\/\/bautizoycomunion.com\/index.php\/2023\/02\/27\/vestidos-de-comunion-vertize-gala\/\" \/>\n<meta property=\"og:locale\" content=\"es_ES\" \/>\n<meta property=\"og:type\" content=\"article\" \/>\n<meta property=\"og:title\" content=\"Vestidos de Comuni\u00f3n Vertize Gala &#8211; Bautizo y Comunion\" \/>\n<meta property=\"og:description\" content=\"Vestidos de Comuni\u00f3n cl\u00e1sicos Vertize Gala. Colecci\u00f3n Primera Comuni\u00f3n 2023. Vestidos de todos los estilos a muy buen precio.\" \/>\n<meta property=\"og:url\" content=\"https:\/\/bautizoycomunion.com\/index.php\/2023\/02\/27\/vestidos-de-comunion-vertize-gala\/\" \/>\n<meta property=\"og:site_name\" content=\"Bautizo y Comunion\" \/>\n<meta property=\"article:publisher\" content=\"https:\/\/www.facebook.com\/BautizosyComuniones\" \/>\n<meta property=\"article:published_time\" content=\"2023-02-27T10:10:25+00:00\" \/>\n<meta property=\"article:modified_time\" content=\"2023-02-27T10:10:26+00:00\" \/>\n<meta property=\"og:image\" content=\"https:\/\/bautizoycomunion.com\/wp-content\/uploads\/2023\/02\/Vestidos-de-comunion-2023-Gala-vertize.jpg\" \/>\n\t<meta property=\"og:image:width\" content=\"1080\" \/>\n\t<meta property=\"og:image:height\" content=\"1080\" \/>\n\t<meta property=\"og:image:type\" content=\"image\/jpeg\" \/>\n<meta name=\"author\" content=\"Mar\" \/>\n<meta name=\"twitter:card\" content=\"summary_large_image\" \/>\n<meta name=\"twitter:creator\" content=\"@BautizoComunion\" \/>\n<meta name=\"twitter:site\" content=\"@BautizoComunion\" \/>\n<meta name=\"twitter:label1\" content=\"Escrito por\" \/>\n\t<meta name=\"twitter:data1\" content=\"Mar\" \/>\n\t<meta name=\"twitter:label2\" content=\"Tiempo de lectura\" \/>\n\t<meta name=\"twitter:data2\" content=\"4 minutos\" \/>\n<script type=\"application\/ld+json\" class=\"yoast-schema-graph\">{\"@context\":\"https:\/\/schema.org\",\"@graph\":[{\"@type\":\"Article\",\"@id\":\"https:\/\/bautizoycomunion.com\/index.php\/2023\/02\/27\/vestidos-de-comunion-vertize-gala\/#article\",\"isPartOf\":{\"@id\":\"https:\/\/bautizoycomunion.com\/index.php\/2023\/02\/27\/vestidos-de-comunion-vertize-gala\/\"},\"author\":{\"name\":\"Mar\",\"@id\":\"https:\/\/bautizoycomunion.com\/#\/schema\/person\/12e57d2607b3ab06cbc6c8a7f65949d6\"},\"headline\":\"Vestidos de Comuni\u00f3n Vertize Gala\",\"datePublished\":\"2023-02-27T10:10:25+00:00\",\"dateModified\":\"2023-02-27T10:10:26+00:00\",\"mainEntityOfPage\":{\"@id\":\"https:\/\/bautizoycomunion.com\/index.php\/2023\/02\/27\/vestidos-de-comunion-vertize-gala\/\"},\"wordCount\":799,\"publisher\":{\"@id\":\"https:\/\/bautizoycomunion.com\/#organization\"},\"image\":{\"@id\":\"https:\/\/bautizoycomunion.com\/index.php\/2023\/02\/27\/vestidos-de-comunion-vertize-gala\/#primaryimage\"},\"thumbnailUrl\":\"https:\/\/bautizoycomunion.com\/wp-content\/uploads\/2023\/02\/Vestidos-de-comunion-2023-Gala-vertize-1024x1024.jpg\",\"keywords\":[\"gala vertize\",\"vertize\",\"vestidos de comunion\"],\"articleSection\":[\"Todas las entradas\",\"Vestidos, trajes y zapatos de Comuni\u00f3n\"],\"inLanguage\":\"es\"},{\"@type\":\"WebPage\",\"@id\":\"https:\/\/bautizoycomunion.com\/index.php\/2023\/02\/27\/vestidos-de-comunion-vertize-gala\/\",\"url\":\"https:\/\/bautizoycomunion.com\/index.php\/2023\/02\/27\/vestidos-de-comunion-vertize-gala\/\",\"name\":\"Vestidos de Comuni\u00f3n Vertize Gala &#8211; Bautizo y Comunion\",\"isPartOf\":{\"@id\":\"https:\/\/bautizoycomunion.com\/#website\"},\"primaryImageOfPage\":{\"@id\":\"https:\/\/bautizoycomunion.com\/index.php\/2023\/02\/27\/vestidos-de-comunion-vertize-gala\/#primaryimage\"},\"image\":{\"@id\":\"https:\/\/bautizoycomunion.com\/index.php\/2023\/02\/27\/vestidos-de-comunion-vertize-gala\/#primaryimage\"},\"thumbnailUrl\":\"https:\/\/bautizoycomunion.com\/wp-content\/uploads\/2023\/02\/Vestidos-de-comunion-2023-Gala-vertize-1024x1024.jpg\",\"datePublished\":\"2023-02-27T10:10:25+00:00\",\"dateModified\":\"2023-02-27T10:10:26+00:00\",\"description\":\"Vestidos de Comuni\u00f3n cl\u00e1sicos Vertize Gala. Colecci\u00f3n Primera Comuni\u00f3n 2023. Vestidos de todos los estilos a muy buen precio.\",\"breadcrumb\":{\"@id\":\"https:\/\/bautizoycomunion.com\/index.php\/2023\/02\/27\/vestidos-de-comunion-vertize-gala\/#breadcrumb\"},\"inLanguage\":\"es\",\"potentialAction\":[{\"@type\":\"ReadAction\",\"target\":[\"https:\/\/bautizoycomunion.com\/index.php\/2023\/02\/27\/vestidos-de-comunion-vertize-gala\/\"]}]},{\"@type\":\"ImageObject\",\"inLanguage\":\"es\",\"@id\":\"https:\/\/bautizoycomunion.com\/index.php\/2023\/02\/27\/vestidos-de-comunion-vertize-gala\/#primaryimage\",\"url\":\"https:\/\/bautizoycomunion.com\/wp-content\/uploads\/2023\/02\/Vestidos-de-comunion-2023-Gala-vertize.jpg\",\"contentUrl\":\"https:\/\/bautizoycomunion.com\/wp-content\/uploads\/2023\/02\/Vestidos-de-comunion-2023-Gala-vertize.jpg\",\"width\":1080,\"height\":1080,\"caption\":\"vestidos de comunion vertize 2023\"},{\"@type\":\"BreadcrumbList\",\"@id\":\"https:\/\/bautizoycomunion.com\/index.php\/2023\/02\/27\/vestidos-de-comunion-vertize-gala\/#breadcrumb\",\"itemListElement\":[{\"@type\":\"ListItem\",\"position\":1,\"name\":\"Portada\",\"item\":\"https:\/\/bautizoycomunion.com\/\"},{\"@type\":\"ListItem\",\"position\":2,\"name\":\"Vestidos de Comuni\u00f3n Vertize Gala\"}]},{\"@type\":\"WebSite\",\"@id\":\"https:\/\/bautizoycomunion.com\/#website\",\"url\":\"https:\/\/bautizoycomunion.com\/\",\"name\":\"Bautizo y Comunion\",\"description\":\"\",\"publisher\":{\"@id\":\"https:\/\/bautizoycomunion.com\/#organization\"},\"potentialAction\":[{\"@type\":\"SearchAction\",\"target\":{\"@type\":\"EntryPoint\",\"urlTemplate\":\"https:\/\/bautizoycomunion.com\/?s={search_term_string}\"},\"query-input\":{\"@type\":\"PropertyValueSpecification\",\"valueRequired\":true,\"valueName\":\"search_term_string\"}}],\"inLanguage\":\"es\"},{\"@type\":\"Organization\",\"@id\":\"https:\/\/bautizoycomunion.com\/#organization\",\"name\":\"Bautizo y Comunion\",\"url\":\"https:\/\/bautizoycomunion.com\/\",\"logo\":{\"@type\":\"ImageObject\",\"inLanguage\":\"es\",\"@id\":\"https:\/\/bautizoycomunion.com\/#\/schema\/logo\/image\/\",\"url\":\"https:\/\/bautizoycomunion.com\/wp-content\/uploads\/2020\/02\/logo-bautizo-y-comunion.jpg\",\"contentUrl\":\"https:\/\/bautizoycomunion.com\/wp-content\/uploads\/2020\/02\/logo-bautizo-y-comunion.jpg\",\"width\":128,\"height\":128,\"caption\":\"Bautizo y Comunion\"},\"image\":{\"@id\":\"https:\/\/bautizoycomunion.com\/#\/schema\/logo\/image\/\"},\"sameAs\":[\"https:\/\/www.facebook.com\/BautizosyComuniones\",\"https:\/\/x.com\/BautizoComunion\",\"https:\/\/www.instagram.com\/bautizoycomunion\/\",\"https:\/\/www.pinterest.es\/BautizoComunion\/\",\"https:\/\/www.youtube.com\/user\/BautizoyComunionTV\"]},{\"@type\":\"Person\",\"@id\":\"https:\/\/bautizoycomunion.com\/#\/schema\/person\/12e57d2607b3ab06cbc6c8a7f65949d6\",\"name\":\"Mar\",\"image\":{\"@type\":\"ImageObject\",\"inLanguage\":\"es\",\"@id\":\"https:\/\/bautizoycomunion.com\/#\/schema\/person\/image\/\",\"url\":\"https:\/\/secure.gravatar.com\/avatar\/71e69d02c62d24b5ab647c982f7ab3d63ba828e112128713a54d5890a8fa5610?s=96&d=mm&r=g\",\"contentUrl\":\"https:\/\/secure.gravatar.com\/avatar\/71e69d02c62d24b5ab647c982f7ab3d63ba828e112128713a54d5890a8fa5610?s=96&d=mm&r=g\",\"caption\":\"Mar\"}}]}<\/script>\n<!-- \/ Yoast SEO plugin. -->","yoast_head_json":{"title":"Vestidos de Comuni\u00f3n Vertize Gala &#8211; Bautizo y Comunion","description":"Vestidos de Comuni\u00f3n cl\u00e1sicos Vertize Gala. Colecci\u00f3n Primera Comuni\u00f3n 2023. Vestidos de todos los estilos a muy buen precio.","robots":{"index":"index","follow":"follow","max-snippet":"max-snippet:-1","max-image-preview":"max-image-preview:large","max-video-preview":"max-video-preview:-1"},"canonical":"https:\/\/bautizoycomunion.com\/index.php\/2023\/02\/27\/vestidos-de-comunion-vertize-gala\/","og_locale":"es_ES","og_type":"article","og_title":"Vestidos de Comuni\u00f3n Vertize Gala &#8211; Bautizo y Comunion","og_description":"Vestidos de Comuni\u00f3n cl\u00e1sicos Vertize Gala. Colecci\u00f3n Primera Comuni\u00f3n 2023. Vestidos de todos los estilos a muy buen precio.","og_url":"https:\/\/bautizoycomunion.com\/index.php\/2023\/02\/27\/vestidos-de-comunion-vertize-gala\/","og_site_name":"Bautizo y Comunion","article_publisher":"https:\/\/www.facebook.com\/BautizosyComuniones","article_published_time":"2023-02-27T10:10:25+00:00","article_modified_time":"2023-02-27T10:10:26+00:00","og_image":[{"width":1080,"height":1080,"url":"https:\/\/bautizoycomunion.com\/wp-content\/uploads\/2023\/02\/Vestidos-de-comunion-2023-Gala-vertize.jpg","type":"image\/jpeg"}],"author":"Mar","twitter_card":"summary_large_image","twitter_creator":"@BautizoComunion","twitter_site":"@BautizoComunion","twitter_misc":{"Escrito por":"Mar","Tiempo de lectura":"4 minutos"},"schema":{"@context":"https:\/\/schema.org","@graph":[{"@type":"Article","@id":"https:\/\/bautizoycomunion.com\/index.php\/2023\/02\/27\/vestidos-de-comunion-vertize-gala\/#article","isPartOf":{"@id":"https:\/\/bautizoycomunion.com\/index.php\/2023\/02\/27\/vestidos-de-comunion-vertize-gala\/"},"author":{"name":"Mar","@id":"https:\/\/bautizoycomunion.com\/#\/schema\/person\/12e57d2607b3ab06cbc6c8a7f65949d6"},"headline":"Vestidos de Comuni\u00f3n Vertize Gala","datePublished":"2023-02-27T10:10:25+00:00","dateModified":"2023-02-27T10:10:26+00:00","mainEntityOfPage":{"@id":"https:\/\/bautizoycomunion.com\/index.php\/2023\/02\/27\/vestidos-de-comunion-vertize-gala\/"},"wordCount":799,"publisher":{"@id":"https:\/\/bautizoycomunion.com\/#organization"},"image":{"@id":"https:\/\/bautizoycomunion.com\/index.php\/2023\/02\/27\/vestidos-de-comunion-vertize-gala\/#primaryimage"},"thumbnailUrl":"https:\/\/bautizoycomunion.com\/wp-content\/uploads\/2023\/02\/Vestidos-de-comunion-2023-Gala-vertize-1024x1024.jpg","keywords":["gala vertize","vertize","vestidos de comunion"],"articleSection":["Todas las entradas","Vestidos, trajes y zapatos de Comuni\u00f3n"],"inLanguage":"es"},{"@type":"WebPage","@id":"https:\/\/bautizoycomunion.com\/index.php\/2023\/02\/27\/vestidos-de-comunion-vertize-gala\/","url":"https:\/\/bautizoycomunion.com\/index.php\/2023\/02\/27\/vestidos-de-comunion-vertize-gala\/","name":"Vestidos de Comuni\u00f3n Vertize Gala &#8211; Bautizo y Comunion","isPartOf":{"@id":"https:\/\/bautizoycomunion.com\/#website"},"primaryImageOfPage":{"@id":"https:\/\/bautizoycomunion.com\/index.php\/2023\/02\/27\/vestidos-de-comunion-vertize-gala\/#primaryimage"},"image":{"@id":"https:\/\/bautizoycomunion.com\/index.php\/2023\/02\/27\/vestidos-de-comunion-vertize-gala\/#primaryimage"},"thumbnailUrl":"https:\/\/bautizoycomunion.com\/wp-content\/uploads\/2023\/02\/Vestidos-de-comunion-2023-Gala-vertize-1024x1024.jpg","datePublished":"2023-02-27T10:10:25+00:00","dateModified":"2023-02-27T10:10:26+00:00","description":"Vestidos de Comuni\u00f3n cl\u00e1sicos Vertize Gala. Colecci\u00f3n Primera Comuni\u00f3n 2023. Vestidos de todos los estilos a muy buen precio.","breadcrumb":{"@id":"https:\/\/bautizoycomunion.com\/index.php\/2023\/02\/27\/vestidos-de-comunion-vertize-gala\/#breadcrumb"},"inLanguage":"es","potentialAction":[{"@type":"ReadAction","target":["https:\/\/bautizoycomunion.com\/index.php\/2023\/02\/27\/vestidos-de-comunion-vertize-gala\/"]}]},{"@type":"ImageObject","inLanguage":"es","@id":"https:\/\/bautizoycomunion.com\/index.php\/2023\/02\/27\/vestidos-de-comunion-vertize-gala\/#primaryimage","url":"https:\/\/bautizoycomunion.com\/wp-content\/uploads\/2023\/02\/Vestidos-de-comunion-2023-Gala-vertize.jpg","contentUrl":"https:\/\/bautizoycomunion.com\/wp-content\/uploads\/2023\/02\/Vestidos-de-comunion-2023-Gala-vertize.jpg","width":1080,"height":1080,"caption":"vestidos de comunion vertize 2023"},{"@type":"BreadcrumbList","@id":"https:\/\/bautizoycomunion.com\/index.php\/2023\/02\/27\/vestidos-de-comunion-vertize-gala\/#breadcrumb","itemListElement":[{"@type":"ListItem","position":1,"name":"Portada","item":"https:\/\/bautizoycomunion.com\/"},{"@type":"ListItem","position":2,"name":"Vestidos de Comuni\u00f3n Vertize Gala"}]},{"@type":"WebSite","@id":"https:\/\/bautizoycomunion.com\/#website","url":"https:\/\/bautizoycomunion.com\/","name":"Bautizo y Comunion","description":"","publisher":{"@id":"https:\/\/bautizoycomunion.com\/#organization"},"potentialAction":[{"@type":"SearchAction","target":{"@type":"EntryPoint","urlTemplate":"https:\/\/bautizoycomunion.com\/?s={search_term_string}"},"query-input":{"@type":"PropertyValueSpecification","valueRequired":true,"valueName":"search_term_string"}}],"inLanguage":"es"},{"@type":"Organization","@id":"https:\/\/bautizoycomunion.com\/#organization","name":"Bautizo y Comunion","url":"https:\/\/bautizoycomunion.com\/","logo":{"@type":"ImageObject","inLanguage":"es","@id":"https:\/\/bautizoycomunion.com\/#\/schema\/logo\/image\/","url":"https:\/\/bautizoycomunion.com\/wp-content\/uploads\/2020\/02\/logo-bautizo-y-comunion.jpg","contentUrl":"https:\/\/bautizoycomunion.com\/wp-content\/uploads\/2020\/02\/logo-bautizo-y-comunion.jpg","width":128,"height":128,"caption":"Bautizo y Comunion"},"image":{"@id":"https:\/\/bautizoycomunion.com\/#\/schema\/logo\/image\/"},"sameAs":["https:\/\/www.facebook.com\/BautizosyComuniones","https:\/\/x.com\/BautizoComunion","https:\/\/www.instagram.com\/bautizoycomunion\/","https:\/\/www.pinterest.es\/BautizoComunion\/","https:\/\/www.youtube.com\/user\/BautizoyComunionTV"]},{"@type":"Person","@id":"https:\/\/bautizoycomunion.com\/#\/schema\/person\/12e57d2607b3ab06cbc6c8a7f65949d6","name":"Mar","image":{"@type":"ImageObject","inLanguage":"es","@id":"https:\/\/bautizoycomunion.com\/#\/schema\/person\/image\/","url":"https:\/\/secure.gravatar.com\/avatar\/71e69d02c62d24b5ab647c982f7ab3d63ba828e112128713a54d5890a8fa5610?s=96&d=mm&r=g","contentUrl":"https:\/\/secure.gravatar.com\/avatar\/71e69d02c62d24b5ab647c982f7ab3d63ba828e112128713a54d5890a8fa5610?s=96&d=mm&r=g","caption":"Mar"}}]}},"_links":{"self":[{"href":"https:\/\/bautizoycomunion.com\/index.php\/wp-json\/wp\/v2\/posts\/11085","targetHints":{"allow":["GET"]}}],"collection":[{"href":"https:\/\/bautizoycomunion.com\/index.php\/wp-json\/wp\/v2\/posts"}],"about":[{"href":"https:\/\/bautizoycomunion.com\/index.php\/wp-json\/wp\/v2\/types\/post"}],"author":[{"embeddable":true,"href":"https:\/\/bautizoycomunion.com\/index.php\/wp-json\/wp\/v2\/users\/1"}],"replies":[{"embeddable":true,"href":"https:\/\/bautizoycomunion.com\/index.php\/wp-json\/wp\/v2\/comments?post=11085"}],"version-history":[{"count":6,"href":"https:\/\/bautizoycomunion.com\/index.php\/wp-json\/wp\/v2\/posts\/11085\/revisions"}],"predecessor-version":[{"id":11096,"href":"https:\/\/bautizoycomunion.com\/index.php\/wp-json\/wp\/v2\/posts\/11085\/revisions\/11096"}],"wp:attachment":[{"href":"https:\/\/bautizoycomunion.com\/index.php\/wp-json\/wp\/v2\/media?parent=11085"}],"wp:term":[{"taxonomy":"category","embeddable":true,"href":"https:\/\/bautizoycomunion.com\/index.php\/wp-json\/wp\/v2\/categories?post=11085"},{"taxonomy":"post_tag","embeddable":true,"href":"https:\/\/bautizoycomunion.com\/index.php\/wp-json\/wp\/v2\/tags?post=11085"}],"curies":[{"name":"wp","href":"https:\/\/api.w.org\/{rel}","templated":true}]}}