{"id":11473,"date":"2024-02-21T10:38:41","date_gmt":"2024-02-21T09:38:41","guid":{"rendered":"https:\/\/bautizoycomunion.com\/?p=11473"},"modified":"2024-02-21T10:38:41","modified_gmt":"2024-02-21T09:38:41","slug":"fotografo-para-primera-comunion","status":"publish","type":"post","link":"https:\/\/bautizoycomunion.com\/index.php\/2024\/02\/21\/fotografo-para-primera-comunion\/","title":{"rendered":"Fotografo para Primera Comuni\u00f3n"},"content":{"rendered":"\n<h2 class=\"wp-block-heading\">Rosa Collado, capturadora de momentos de Primera Comuni\u00f3n<\/h2>\n\n\n\n<figure class=\"wp-block-image size-large\"><img loading=\"lazy\" decoding=\"async\" width=\"1024\" height=\"683\" src=\"https:\/\/bautizoycomunion.com\/wp-content\/uploads\/2024\/02\/Fotografo-para-primeras-comuniones.jpg\" alt=\"Fotos de Primeras Comuniones\" class=\"wp-image-11492\" srcset=\"https:\/\/bautizoycomunion.com\/wp-content\/uploads\/2024\/02\/Fotografo-para-primeras-comuniones.jpg 1024w, https:\/\/bautizoycomunion.com\/wp-content\/uploads\/2024\/02\/Fotografo-para-primeras-comuniones-300x200.jpg 300w, https:\/\/bautizoycomunion.com\/wp-content\/uploads\/2024\/02\/Fotografo-para-primeras-comuniones-768x512.jpg 768w\" sizes=\"auto, (max-width: 1024px) 100vw, 1024px\" \/><\/figure>\n\n\n\n<p>En la vida de nuestros hijos, hay momentos que deseamos inmortalizar para siempre, y la Primera Comuni\u00f3n es sin duda uno de ellos. <strong><a rel=\"noreferrer noopener\" aria-label=\"Rosa Collado (se abre en una nueva pesta\u00f1a)\" href=\"https:\/\/rosacolladofotografia.com\" target=\"_blank\">Rosa Collado<\/a><\/strong>, con su extraordinario talento para la fotograf\u00eda, se presenta como la opci\u00f3n ideal para capturar cada instante de este evento tan especial.<\/p>\n\n\n\n<figure class=\"wp-block-image size-large\"><img loading=\"lazy\" decoding=\"async\" width=\"683\" height=\"1024\" src=\"https:\/\/bautizoycomunion.com\/wp-content\/uploads\/2024\/02\/fotografo-comunion-madrid-Rosa-Collado-683x1024.jpg\" alt=\"los mejores fotografos de Comunion.\" class=\"wp-image-11418\" srcset=\"https:\/\/bautizoycomunion.com\/wp-content\/uploads\/2024\/02\/fotografo-comunion-madrid-Rosa-Collado-683x1024.jpg 683w, https:\/\/bautizoycomunion.com\/wp-content\/uploads\/2024\/02\/fotografo-comunion-madrid-Rosa-Collado-200x300.jpg 200w, https:\/\/bautizoycomunion.com\/wp-content\/uploads\/2024\/02\/fotografo-comunion-madrid-Rosa-Collado-768x1151.jpg 768w, https:\/\/bautizoycomunion.com\/wp-content\/uploads\/2024\/02\/fotografo-comunion-madrid-Rosa-Collado.jpg 1024w\" sizes=\"auto, (max-width: 683px) 100vw, 683px\" \/><\/figure>\n\n\n\n<h2 class=\"wp-block-heading\"><strong>Una Artista <\/strong>Fot\u00f3grafo para Primera Comuni\u00f3n<\/h2>\n\n\n\n<p><em>Pasi\u00f3n y Profesionalismo<\/em><\/p>\n\n\n\n<p>Rosa Collado se destaca en el mundo de la fotograf\u00eda por su pasi\u00f3n y dedicaci\u00f3n. Su enfoque \u00fanico para capturar momentos, no solo como eventos sino como historias vivas, la convierte en una profesional excepcional. Cada fotograf\u00eda tomada por Rosa es una obra de arte, reflejando la esencia y la emoci\u00f3n del momento.<\/p>\n\n\n\n<figure class=\"wp-block-image size-large\"><img loading=\"lazy\" decoding=\"async\" width=\"683\" height=\"1024\" src=\"https:\/\/bautizoycomunion.com\/wp-content\/uploads\/2024\/02\/Fotografias-Rosa-Collado-683x1024.jpg\" alt=\"Fot\u00f3grafa Rosa Collado\" class=\"wp-image-11493\" srcset=\"https:\/\/bautizoycomunion.com\/wp-content\/uploads\/2024\/02\/Fotografias-Rosa-Collado-683x1024.jpg 683w, https:\/\/bautizoycomunion.com\/wp-content\/uploads\/2024\/02\/Fotografias-Rosa-Collado-200x300.jpg 200w, https:\/\/bautizoycomunion.com\/wp-content\/uploads\/2024\/02\/Fotografias-Rosa-Collado-768x1151.jpg 768w, https:\/\/bautizoycomunion.com\/wp-content\/uploads\/2024\/02\/Fotografias-Rosa-Collado.jpg 1024w\" sizes=\"auto, (max-width: 683px) 100vw, 683px\" \/><\/figure>\n\n\n\n<p><em>Talento que Trasciende<\/em><\/p>\n\n\n\n<p>La habilidad de Rosa para jugar con la luz, las sombras y los colores, asegura que cada imagen sea memorable. Su t\u00e9cnica y su ojo art\u00edstico garantizan que los momentos m\u00e1s significativos de la Primera Comuni\u00f3n sean capturados con belleza y sensibilidad.<\/p>\n\n\n\n<h2 class=\"wp-block-heading\"><strong>Servicios Personalizados para una Primera Comuni\u00f3n<\/strong><\/h2>\n\n\n\n<p><em>Una Experiencia \u00danica<\/em><\/p>\n\n\n\n<p>Entendiendo que cada familia es \u00fanica, Rosa Collado ofrece servicios personalizados para la Primera Comuni\u00f3n. Desde sesiones previas hasta el d\u00eda del evento, Rosa se dedica a conocer a su cliente, asegurando que cada fotograf\u00eda refleje la personalidad y los deseos de la familia.<\/p>\n\n\n\n<figure class=\"wp-block-image size-large\"><img loading=\"lazy\" decoding=\"async\" width=\"683\" height=\"1024\" src=\"https:\/\/bautizoycomunion.com\/wp-content\/uploads\/2024\/02\/Rosa-Collado-fotografa-para-primeras-comuniones-683x1024.jpg\" alt=\"Fot\u00f3grafa Primera Comunion Madrid\" class=\"wp-image-11497\" srcset=\"https:\/\/bautizoycomunion.com\/wp-content\/uploads\/2024\/02\/Rosa-Collado-fotografa-para-primeras-comuniones-683x1024.jpg 683w, https:\/\/bautizoycomunion.com\/wp-content\/uploads\/2024\/02\/Rosa-Collado-fotografa-para-primeras-comuniones-200x300.jpg 200w, https:\/\/bautizoycomunion.com\/wp-content\/uploads\/2024\/02\/Rosa-Collado-fotografa-para-primeras-comuniones-768x1151.jpg 768w, https:\/\/bautizoycomunion.com\/wp-content\/uploads\/2024\/02\/Rosa-Collado-fotografa-para-primeras-comuniones.jpg 1024w\" sizes=\"auto, (max-width: 683px) 100vw, 683px\" \/><\/figure>\n\n\n\n<p><em>Calidad y Detalle en Cada Imagen<\/em><\/p>\n\n\n\n<p>Con un compromiso inquebrantable con la calidad, Rosa utiliza solo el mejor equipo y t\u00e9cnicas de edici\u00f3n para asegurar que cada imagen sea perfecta. Su atenci\u00f3n al detalle es evidente en la composici\u00f3n de cada foto, capturando la atm\u00f3sfera y las emociones del d\u00eda con claridad y belleza.<\/p>\n\n\n\n<figure class=\"wp-block-image size-large\"><img loading=\"lazy\" decoding=\"async\" width=\"683\" height=\"1024\" src=\"https:\/\/bautizoycomunion.com\/wp-content\/uploads\/2024\/02\/Tocados-especiales-de-comunion-683x1024.jpg\" alt=\"tocados mon air\" class=\"wp-image-11412\" srcset=\"https:\/\/bautizoycomunion.com\/wp-content\/uploads\/2024\/02\/Tocados-especiales-de-comunion-683x1024.jpg 683w, https:\/\/bautizoycomunion.com\/wp-content\/uploads\/2024\/02\/Tocados-especiales-de-comunion-200x300.jpg 200w, https:\/\/bautizoycomunion.com\/wp-content\/uploads\/2024\/02\/Tocados-especiales-de-comunion-768x1151.jpg 768w, https:\/\/bautizoycomunion.com\/wp-content\/uploads\/2024\/02\/Tocados-especiales-de-comunion.jpg 1024w\" sizes=\"auto, (max-width: 683px) 100vw, 683px\" \/><\/figure>\n\n\n\n<h2 class=\"wp-block-heading\"><strong>Una Celebraci\u00f3n para Recordar<\/strong><\/h2>\n\n\n\n<p><em>Memorias que Perdurar\u00e1n<\/em><\/p>\n\n\n\n<p>La Primera Comuni\u00f3n es un hito en la vida de un ni\u00f1o, y Rosa Collado se esfuerza por hacer que las memorias de este d\u00eda perduren a trav\u00e9s de sus fotograf\u00edas. Con su enfoque personal y creativo, ofrece una manera \u00fanica de recordar este momento sagrado.<\/p>\n\n\n\n<p><em>Invitaci\u00f3n a la Excelencia<\/em><\/p>\n\n\n\n<p>Invitamos a todas las familias que est\u00e1n planeando la Primera Comuni\u00f3n de sus hijos en Madrid a considerar a Rosa Collado para documentar este evento tan especial. Con su experiencia, talento y sensibilidad, Rosa garantiza un recuerdo imborrable de uno de los d\u00edas m\u00e1s importantes en la vida de sus hijos.<\/p>\n\n\n\n<h2 class=\"wp-block-heading\">Fotografo para Primera Comuni\u00f3n<\/h2>\n\n\n\n<p>Elegir a <strong>Rosa Collado<\/strong> como fot\u00f3grafa para la Primera Comuni\u00f3n es decidir por la excelencia, la creatividad y la personalizaci\u00f3n. Cada fotograf\u00eda capturada por Rosa es un testimonio de su arte, asegurando que los momentos m\u00e1s preciados de la Primera Comuni\u00f3n sean eternizados con amor y belleza.<\/p>\n\n\n\n<p>Pincha&nbsp;<a rel=\"noreferrer noopener\" href=\"https:\/\/bautizoycomunion.com\/index.php\/category\/organiza-tu-evento\/fotografos-comunion-bautizo\/\" target=\"_blank\"><strong>aqu\u00ed<\/strong><\/a>&nbsp;para ver m\u00e1s entradas sobre fot\u00f3grafos de Comuni\u00f3n.<\/p>\n\n\n\n<p>Estas fotos se tomaron en el editorial de Primera Comuni\u00f3n que organizamos y en el que participaron los siguientes colaboradores:<\/p>\n\n\n\n<p>Organizaci\u00f3n&nbsp;<a rel=\"noreferrer noopener\" href=\"https:\/\/bautizoycomunion.com\/\" target=\"_blank\">Bautizo y Comuni\u00f3n<\/a><\/p>\n\n\n\n<p>Fotograf\u00eda&nbsp;&nbsp;<a rel=\"noreferrer noopener\" href=\"https:\/\/rosacolladofotografia.com\/\" target=\"_blank\">Rosa Collado<\/a><\/p>\n\n\n\n<p>Vestidos de Comuni\u00f3n&nbsp;<a rel=\"noreferrer noopener\" href=\"https:\/\/monair.es\/\" target=\"_blank\">MonAir<\/a><\/p>\n\n\n\n<p>Decoraci\u00f3n floral&nbsp;&nbsp;<a rel=\"noreferrer noopener\" href=\"http:\/\/www.singularflower.com\/\" target=\"_blank\">Singular Flower<\/a><\/p>\n\n\n\n<p>Detalles para invitados&nbsp;<a href=\"https:\/\/limonae.com\/16-regalos-de-comunion\" target=\"_blank\" rel=\"noreferrer noopener\">Limonae<\/a><\/p>\n\n\n\n<p>Localizaci\u00f3n y Mesa de dulces&nbsp;&nbsp;<a rel=\"noreferrer noopener\" href=\"https:\/\/santancha.es\/\" target=\"_blank\">Santancha<\/a><\/p>\n\n\n\n<p>\u00bfQuieres participar como colaborador en el pr\u00f3ximo editorial de \u00abBautizo y Comuni\u00f3n\u00bb? Escr\u00edbenos a info@bautizoycomunion.com<\/p>\n","protected":false},"excerpt":{"rendered":"<p>Rosa Collado, capturadora de momentos de Primera Comuni\u00f3n En la vida de nuestros hijos, hay momentos que deseamos inmortalizar para siempre, y la Primera Comuni\u00f3n es sin duda uno de ellos. Rosa Collado, con su extraordinario talento para la fotograf\u00eda, se presenta como la opci\u00f3n ideal para capturar cada instante &hellip; <a class=\"more-link\" href=\"https:\/\/bautizoycomunion.com\/index.php\/2024\/02\/21\/fotografo-para-primera-comunion\/\"><span class=\"more-msg\">Sigue leyendo &rarr;<\/span><\/a><\/p>\n","protected":false},"author":3,"featured_media":0,"comment_status":"closed","ping_status":"open","sticky":false,"template":"","format":"standard","meta":{"footnotes":""},"categories":[8],"tags":[398,399,1245],"class_list":["post-11473","post","type-post","status-publish","format-standard","hentry","category-fotografos-comunion-bautizo","tag-fotografia-comunion","tag-fotografia-comuniones","tag-fotografo-comunion"],"yoast_head":"<!-- This site is optimized with the Yoast SEO plugin v26.1.1 - https:\/\/yoast.com\/wordpress\/plugins\/seo\/ -->\n<title>Fotografo para Primera Comuni\u00f3n &#8211; Bautizo y Comunion<\/title>\n<meta name=\"description\" content=\"Fotografo para Primera Comuni\u00f3n. Elegir a Rosa Collado como fot\u00f3grafa para la Primera Comuni\u00f3n es decidir por la excelencia.\" \/>\n<meta name=\"robots\" content=\"index, follow, max-snippet:-1, max-image-preview:large, max-video-preview:-1\" \/>\n<link rel=\"canonical\" href=\"https:\/\/bautizoycomunion.com\/index.php\/2024\/02\/21\/fotografo-para-primera-comunion\/\" \/>\n<meta property=\"og:locale\" content=\"es_ES\" \/>\n<meta property=\"og:type\" content=\"article\" \/>\n<meta property=\"og:title\" content=\"Fotografo para Primera Comuni\u00f3n &#8211; Bautizo y Comunion\" \/>\n<meta property=\"og:description\" content=\"Fotografo para Primera Comuni\u00f3n. Elegir a Rosa Collado como fot\u00f3grafa para la Primera Comuni\u00f3n es decidir por la excelencia.\" \/>\n<meta property=\"og:url\" content=\"https:\/\/bautizoycomunion.com\/index.php\/2024\/02\/21\/fotografo-para-primera-comunion\/\" \/>\n<meta property=\"og:site_name\" content=\"Bautizo y Comunion\" \/>\n<meta property=\"article:publisher\" content=\"https:\/\/www.facebook.com\/BautizosyComuniones\" \/>\n<meta property=\"article:published_time\" content=\"2024-02-21T09:38:41+00:00\" \/>\n<meta property=\"og:image\" content=\"https:\/\/bautizoycomunion.com\/wp-content\/uploads\/2024\/02\/Fotografo-para-primeras-comuniones.jpg\" \/>\n\t<meta property=\"og:image:width\" content=\"1024\" \/>\n\t<meta property=\"og:image:height\" content=\"683\" \/>\n\t<meta property=\"og:image:type\" content=\"image\/jpeg\" \/>\n<meta name=\"author\" content=\"publisher\" \/>\n<meta name=\"twitter:card\" content=\"summary_large_image\" \/>\n<meta name=\"twitter:creator\" content=\"@BautizoComunion\" \/>\n<meta name=\"twitter:site\" content=\"@BautizoComunion\" \/>\n<meta name=\"twitter:label1\" content=\"Escrito por\" \/>\n\t<meta name=\"twitter:data1\" content=\"publisher\" \/>\n\t<meta name=\"twitter:label2\" content=\"Tiempo de lectura\" \/>\n\t<meta name=\"twitter:data2\" content=\"3 minutos\" \/>\n<script type=\"application\/ld+json\" class=\"yoast-schema-graph\">{\"@context\":\"https:\/\/schema.org\",\"@graph\":[{\"@type\":\"Article\",\"@id\":\"https:\/\/bautizoycomunion.com\/index.php\/2024\/02\/21\/fotografo-para-primera-comunion\/#article\",\"isPartOf\":{\"@id\":\"https:\/\/bautizoycomunion.com\/index.php\/2024\/02\/21\/fotografo-para-primera-comunion\/\"},\"author\":{\"name\":\"publisher\",\"@id\":\"https:\/\/bautizoycomunion.com\/#\/schema\/person\/71b91ab759bf77b5348a2f95d85e8ba0\"},\"headline\":\"Fotografo para Primera Comuni\u00f3n\",\"datePublished\":\"2024-02-21T09:38:41+00:00\",\"mainEntityOfPage\":{\"@id\":\"https:\/\/bautizoycomunion.com\/index.php\/2024\/02\/21\/fotografo-para-primera-comunion\/\"},\"wordCount\":574,\"publisher\":{\"@id\":\"https:\/\/bautizoycomunion.com\/#organization\"},\"image\":{\"@id\":\"https:\/\/bautizoycomunion.com\/index.php\/2024\/02\/21\/fotografo-para-primera-comunion\/#primaryimage\"},\"thumbnailUrl\":\"https:\/\/bautizoycomunion.com\/wp-content\/uploads\/2024\/02\/Fotografo-para-primeras-comuniones.jpg\",\"keywords\":[\"fotografia comunion\",\"Fotograf\u00eda Comuniones\",\"fotografo comunion\"],\"articleSection\":[\"Fotografos\"],\"inLanguage\":\"es\"},{\"@type\":\"WebPage\",\"@id\":\"https:\/\/bautizoycomunion.com\/index.php\/2024\/02\/21\/fotografo-para-primera-comunion\/\",\"url\":\"https:\/\/bautizoycomunion.com\/index.php\/2024\/02\/21\/fotografo-para-primera-comunion\/\",\"name\":\"Fotografo para Primera Comuni\u00f3n &#8211; Bautizo y Comunion\",\"isPartOf\":{\"@id\":\"https:\/\/bautizoycomunion.com\/#website\"},\"primaryImageOfPage\":{\"@id\":\"https:\/\/bautizoycomunion.com\/index.php\/2024\/02\/21\/fotografo-para-primera-comunion\/#primaryimage\"},\"image\":{\"@id\":\"https:\/\/bautizoycomunion.com\/index.php\/2024\/02\/21\/fotografo-para-primera-comunion\/#primaryimage\"},\"thumbnailUrl\":\"https:\/\/bautizoycomunion.com\/wp-content\/uploads\/2024\/02\/Fotografo-para-primeras-comuniones.jpg\",\"datePublished\":\"2024-02-21T09:38:41+00:00\",\"description\":\"Fotografo para Primera Comuni\u00f3n. Elegir a Rosa Collado como fot\u00f3grafa para la Primera Comuni\u00f3n es decidir por la excelencia.\",\"breadcrumb\":{\"@id\":\"https:\/\/bautizoycomunion.com\/index.php\/2024\/02\/21\/fotografo-para-primera-comunion\/#breadcrumb\"},\"inLanguage\":\"es\",\"potentialAction\":[{\"@type\":\"ReadAction\",\"target\":[\"https:\/\/bautizoycomunion.com\/index.php\/2024\/02\/21\/fotografo-para-primera-comunion\/\"]}]},{\"@type\":\"ImageObject\",\"inLanguage\":\"es\",\"@id\":\"https:\/\/bautizoycomunion.com\/index.php\/2024\/02\/21\/fotografo-para-primera-comunion\/#primaryimage\",\"url\":\"https:\/\/bautizoycomunion.com\/wp-content\/uploads\/2024\/02\/Fotografo-para-primeras-comuniones.jpg\",\"contentUrl\":\"https:\/\/bautizoycomunion.com\/wp-content\/uploads\/2024\/02\/Fotografo-para-primeras-comuniones.jpg\",\"width\":1024,\"height\":683,\"caption\":\"Fotos de Primeras Comuniones\"},{\"@type\":\"BreadcrumbList\",\"@id\":\"https:\/\/bautizoycomunion.com\/index.php\/2024\/02\/21\/fotografo-para-primera-comunion\/#breadcrumb\",\"itemListElement\":[{\"@type\":\"ListItem\",\"position\":1,\"name\":\"Portada\",\"item\":\"https:\/\/bautizoycomunion.com\/\"},{\"@type\":\"ListItem\",\"position\":2,\"name\":\"Fotografo para Primera Comuni\u00f3n\"}]},{\"@type\":\"WebSite\",\"@id\":\"https:\/\/bautizoycomunion.com\/#website\",\"url\":\"https:\/\/bautizoycomunion.com\/\",\"name\":\"Bautizo y Comunion\",\"description\":\"\",\"publisher\":{\"@id\":\"https:\/\/bautizoycomunion.com\/#organization\"},\"potentialAction\":[{\"@type\":\"SearchAction\",\"target\":{\"@type\":\"EntryPoint\",\"urlTemplate\":\"https:\/\/bautizoycomunion.com\/?s={search_term_string}\"},\"query-input\":{\"@type\":\"PropertyValueSpecification\",\"valueRequired\":true,\"valueName\":\"search_term_string\"}}],\"inLanguage\":\"es\"},{\"@type\":\"Organization\",\"@id\":\"https:\/\/bautizoycomunion.com\/#organization\",\"name\":\"Bautizo y Comunion\",\"url\":\"https:\/\/bautizoycomunion.com\/\",\"logo\":{\"@type\":\"ImageObject\",\"inLanguage\":\"es\",\"@id\":\"https:\/\/bautizoycomunion.com\/#\/schema\/logo\/image\/\",\"url\":\"https:\/\/bautizoycomunion.com\/wp-content\/uploads\/2020\/02\/logo-bautizo-y-comunion.jpg\",\"contentUrl\":\"https:\/\/bautizoycomunion.com\/wp-content\/uploads\/2020\/02\/logo-bautizo-y-comunion.jpg\",\"width\":128,\"height\":128,\"caption\":\"Bautizo y Comunion\"},\"image\":{\"@id\":\"https:\/\/bautizoycomunion.com\/#\/schema\/logo\/image\/\"},\"sameAs\":[\"https:\/\/www.facebook.com\/BautizosyComuniones\",\"https:\/\/x.com\/BautizoComunion\",\"https:\/\/www.instagram.com\/bautizoycomunion\/\",\"https:\/\/www.pinterest.es\/BautizoComunion\/\",\"https:\/\/www.youtube.com\/user\/BautizoyComunionTV\"]},{\"@type\":\"Person\",\"@id\":\"https:\/\/bautizoycomunion.com\/#\/schema\/person\/71b91ab759bf77b5348a2f95d85e8ba0\",\"name\":\"publisher\",\"image\":{\"@type\":\"ImageObject\",\"inLanguage\":\"es\",\"@id\":\"https:\/\/bautizoycomunion.com\/#\/schema\/person\/image\/\",\"url\":\"https:\/\/secure.gravatar.com\/avatar\/b678a6a8c15d6fa37228489ffa29aff56590dfc95fbec3aa2c2f2cc9013b082f?s=96&d=mm&r=g\",\"contentUrl\":\"https:\/\/secure.gravatar.com\/avatar\/b678a6a8c15d6fa37228489ffa29aff56590dfc95fbec3aa2c2f2cc9013b082f?s=96&d=mm&r=g\",\"caption\":\"publisher\"}}]}<\/script>\n<!-- \/ Yoast SEO plugin. -->","yoast_head_json":{"title":"Fotografo para Primera Comuni\u00f3n &#8211; Bautizo y Comunion","description":"Fotografo para Primera Comuni\u00f3n. Elegir a Rosa Collado como fot\u00f3grafa para la Primera Comuni\u00f3n es decidir por la excelencia.","robots":{"index":"index","follow":"follow","max-snippet":"max-snippet:-1","max-image-preview":"max-image-preview:large","max-video-preview":"max-video-preview:-1"},"canonical":"https:\/\/bautizoycomunion.com\/index.php\/2024\/02\/21\/fotografo-para-primera-comunion\/","og_locale":"es_ES","og_type":"article","og_title":"Fotografo para Primera Comuni\u00f3n &#8211; Bautizo y Comunion","og_description":"Fotografo para Primera Comuni\u00f3n. Elegir a Rosa Collado como fot\u00f3grafa para la Primera Comuni\u00f3n es decidir por la excelencia.","og_url":"https:\/\/bautizoycomunion.com\/index.php\/2024\/02\/21\/fotografo-para-primera-comunion\/","og_site_name":"Bautizo y Comunion","article_publisher":"https:\/\/www.facebook.com\/BautizosyComuniones","article_published_time":"2024-02-21T09:38:41+00:00","og_image":[{"width":1024,"height":683,"url":"https:\/\/bautizoycomunion.com\/wp-content\/uploads\/2024\/02\/Fotografo-para-primeras-comuniones.jpg","type":"image\/jpeg"}],"author":"publisher","twitter_card":"summary_large_image","twitter_creator":"@BautizoComunion","twitter_site":"@BautizoComunion","twitter_misc":{"Escrito por":"publisher","Tiempo de lectura":"3 minutos"},"schema":{"@context":"https:\/\/schema.org","@graph":[{"@type":"Article","@id":"https:\/\/bautizoycomunion.com\/index.php\/2024\/02\/21\/fotografo-para-primera-comunion\/#article","isPartOf":{"@id":"https:\/\/bautizoycomunion.com\/index.php\/2024\/02\/21\/fotografo-para-primera-comunion\/"},"author":{"name":"publisher","@id":"https:\/\/bautizoycomunion.com\/#\/schema\/person\/71b91ab759bf77b5348a2f95d85e8ba0"},"headline":"Fotografo para Primera Comuni\u00f3n","datePublished":"2024-02-21T09:38:41+00:00","mainEntityOfPage":{"@id":"https:\/\/bautizoycomunion.com\/index.php\/2024\/02\/21\/fotografo-para-primera-comunion\/"},"wordCount":574,"publisher":{"@id":"https:\/\/bautizoycomunion.com\/#organization"},"image":{"@id":"https:\/\/bautizoycomunion.com\/index.php\/2024\/02\/21\/fotografo-para-primera-comunion\/#primaryimage"},"thumbnailUrl":"https:\/\/bautizoycomunion.com\/wp-content\/uploads\/2024\/02\/Fotografo-para-primeras-comuniones.jpg","keywords":["fotografia comunion","Fotograf\u00eda Comuniones","fotografo comunion"],"articleSection":["Fotografos"],"inLanguage":"es"},{"@type":"WebPage","@id":"https:\/\/bautizoycomunion.com\/index.php\/2024\/02\/21\/fotografo-para-primera-comunion\/","url":"https:\/\/bautizoycomunion.com\/index.php\/2024\/02\/21\/fotografo-para-primera-comunion\/","name":"Fotografo para Primera Comuni\u00f3n &#8211; Bautizo y Comunion","isPartOf":{"@id":"https:\/\/bautizoycomunion.com\/#website"},"primaryImageOfPage":{"@id":"https:\/\/bautizoycomunion.com\/index.php\/2024\/02\/21\/fotografo-para-primera-comunion\/#primaryimage"},"image":{"@id":"https:\/\/bautizoycomunion.com\/index.php\/2024\/02\/21\/fotografo-para-primera-comunion\/#primaryimage"},"thumbnailUrl":"https:\/\/bautizoycomunion.com\/wp-content\/uploads\/2024\/02\/Fotografo-para-primeras-comuniones.jpg","datePublished":"2024-02-21T09:38:41+00:00","description":"Fotografo para Primera Comuni\u00f3n. Elegir a Rosa Collado como fot\u00f3grafa para la Primera Comuni\u00f3n es decidir por la excelencia.","breadcrumb":{"@id":"https:\/\/bautizoycomunion.com\/index.php\/2024\/02\/21\/fotografo-para-primera-comunion\/#breadcrumb"},"inLanguage":"es","potentialAction":[{"@type":"ReadAction","target":["https:\/\/bautizoycomunion.com\/index.php\/2024\/02\/21\/fotografo-para-primera-comunion\/"]}]},{"@type":"ImageObject","inLanguage":"es","@id":"https:\/\/bautizoycomunion.com\/index.php\/2024\/02\/21\/fotografo-para-primera-comunion\/#primaryimage","url":"https:\/\/bautizoycomunion.com\/wp-content\/uploads\/2024\/02\/Fotografo-para-primeras-comuniones.jpg","contentUrl":"https:\/\/bautizoycomunion.com\/wp-content\/uploads\/2024\/02\/Fotografo-para-primeras-comuniones.jpg","width":1024,"height":683,"caption":"Fotos de Primeras Comuniones"},{"@type":"BreadcrumbList","@id":"https:\/\/bautizoycomunion.com\/index.php\/2024\/02\/21\/fotografo-para-primera-comunion\/#breadcrumb","itemListElement":[{"@type":"ListItem","position":1,"name":"Portada","item":"https:\/\/bautizoycomunion.com\/"},{"@type":"ListItem","position":2,"name":"Fotografo para Primera Comuni\u00f3n"}]},{"@type":"WebSite","@id":"https:\/\/bautizoycomunion.com\/#website","url":"https:\/\/bautizoycomunion.com\/","name":"Bautizo y Comunion","description":"","publisher":{"@id":"https:\/\/bautizoycomunion.com\/#organization"},"potentialAction":[{"@type":"SearchAction","target":{"@type":"EntryPoint","urlTemplate":"https:\/\/bautizoycomunion.com\/?s={search_term_string}"},"query-input":{"@type":"PropertyValueSpecification","valueRequired":true,"valueName":"search_term_string"}}],"inLanguage":"es"},{"@type":"Organization","@id":"https:\/\/bautizoycomunion.com\/#organization","name":"Bautizo y Comunion","url":"https:\/\/bautizoycomunion.com\/","logo":{"@type":"ImageObject","inLanguage":"es","@id":"https:\/\/bautizoycomunion.com\/#\/schema\/logo\/image\/","url":"https:\/\/bautizoycomunion.com\/wp-content\/uploads\/2020\/02\/logo-bautizo-y-comunion.jpg","contentUrl":"https:\/\/bautizoycomunion.com\/wp-content\/uploads\/2020\/02\/logo-bautizo-y-comunion.jpg","width":128,"height":128,"caption":"Bautizo y Comunion"},"image":{"@id":"https:\/\/bautizoycomunion.com\/#\/schema\/logo\/image\/"},"sameAs":["https:\/\/www.facebook.com\/BautizosyComuniones","https:\/\/x.com\/BautizoComunion","https:\/\/www.instagram.com\/bautizoycomunion\/","https:\/\/www.pinterest.es\/BautizoComunion\/","https:\/\/www.youtube.com\/user\/BautizoyComunionTV"]},{"@type":"Person","@id":"https:\/\/bautizoycomunion.com\/#\/schema\/person\/71b91ab759bf77b5348a2f95d85e8ba0","name":"publisher","image":{"@type":"ImageObject","inLanguage":"es","@id":"https:\/\/bautizoycomunion.com\/#\/schema\/person\/image\/","url":"https:\/\/secure.gravatar.com\/avatar\/b678a6a8c15d6fa37228489ffa29aff56590dfc95fbec3aa2c2f2cc9013b082f?s=96&d=mm&r=g","contentUrl":"https:\/\/secure.gravatar.com\/avatar\/b678a6a8c15d6fa37228489ffa29aff56590dfc95fbec3aa2c2f2cc9013b082f?s=96&d=mm&r=g","caption":"publisher"}}]}},"_links":{"self":[{"href":"https:\/\/bautizoycomunion.com\/index.php\/wp-json\/wp\/v2\/posts\/11473","targetHints":{"allow":["GET"]}}],"collection":[{"href":"https:\/\/bautizoycomunion.com\/index.php\/wp-json\/wp\/v2\/posts"}],"about":[{"href":"https:\/\/bautizoycomunion.com\/index.php\/wp-json\/wp\/v2\/types\/post"}],"author":[{"embeddable":true,"href":"https:\/\/bautizoycomunion.com\/index.php\/wp-json\/wp\/v2\/users\/3"}],"replies":[{"embeddable":true,"href":"https:\/\/bautizoycomunion.com\/index.php\/wp-json\/wp\/v2\/comments?post=11473"}],"version-history":[{"count":9,"href":"https:\/\/bautizoycomunion.com\/index.php\/wp-json\/wp\/v2\/posts\/11473\/revisions"}],"predecessor-version":[{"id":11503,"href":"https:\/\/bautizoycomunion.com\/index.php\/wp-json\/wp\/v2\/posts\/11473\/revisions\/11503"}],"wp:attachment":[{"href":"https:\/\/bautizoycomunion.com\/index.php\/wp-json\/wp\/v2\/media?parent=11473"}],"wp:term":[{"taxonomy":"category","embeddable":true,"href":"https:\/\/bautizoycomunion.com\/index.php\/wp-json\/wp\/v2\/categories?post=11473"},{"taxonomy":"post_tag","embeddable":true,"href":"https:\/\/bautizoycomunion.com\/index.php\/wp-json\/wp\/v2\/tags?post=11473"}],"curies":[{"name":"wp","href":"https:\/\/api.w.org\/{rel}","templated":true}]}}