{"id":1316,"date":"2012-02-29T09:30:23","date_gmt":"2012-02-29T09:30:23","guid":{"rendered":"http:\/\/bautizoycomunion.com\/?p=1316"},"modified":"2012-02-29T09:30:23","modified_gmt":"2012-02-29T09:30:23","slug":"sencillos-y-romanticos-vestidos-de-primera-comunion","status":"publish","type":"post","link":"https:\/\/bautizoycomunion.com\/index.php\/2012\/02\/29\/sencillos-y-romanticos-vestidos-de-primera-comunion\/","title":{"rendered":"Sencillos y rom\u00e1nticos vestidos de Primera Comuni\u00f3n"},"content":{"rendered":"<p>Desde sus comienzos hace 20 a\u00f1os, el taller de Teresa Palazuelo se ha caracterizado por la innovaci\u00f3n, calidad y elegancia tanto de sus dise\u00f1os como de sus tejidos.<\/p>\n<p>Varias de sus creaciones ya forman parte de la colecci\u00f3n permanente del Museo del Traje de Madrid.<\/p>\n<p>El \u00e9xito obtenido le ha llevado a introducir una l\u00ednea de Primera Comuni\u00f3n e infantil <a href=\"http:\/\/www.teresapalazuelo.com\/TPKIDS\/\" target=\"_blank\">\u201c TP Kids by Teresa Palazuelo\u201d<\/a>.<\/p>\n<p>La \u00a0colecci\u00f3n de vestidos de <strong>Primera Comuni\u00f3n<\/strong>, sigue con la l\u00ednea habitual del Taller de Teresa Palazuelo, haciendo hincapi\u00e9 en el estilo rom\u00e1ntico, innovador y de tradicional calidad para todos los dise\u00f1os.<\/p>\n<p>Son\u00a0vestidos que transmiten frescura y alegr\u00eda, realizados con tejidos naturales y que aportan gran sensaci\u00f3n de libertad para las ni\u00f1as.<a href=\"http:\/\/bautizoycomunion.com\/wp-content\/uploads\/2012\/03\/dto-5.jpg\"><img loading=\"lazy\" decoding=\"async\" class=\"aligncenter  wp-image-2450\" title=\"dto 5\" src=\"http:\/\/bautizoycomunion.com\/wp-content\/uploads\/2012\/03\/dto-5.jpg\" alt=\"\" width=\"490\" height=\"196\" \/><\/a><\/p>\n<p style=\"text-align: center;\"><a href=\"http:\/\/bautizoycomunion.com\/wp-content\/uploads\/2012\/02\/nereaok1.jpg\"><img loading=\"lazy\" decoding=\"async\" class=\"aligncenter  wp-image-1999\" title=\"vestido-comunion-ni\u00f1a-volantes\" src=\"http:\/\/bautizoycomunion.com\/wp-content\/uploads\/2012\/02\/nereaok1.jpg\" alt=\"vestido comunion manga corta_TP Kids\" width=\"420\" height=\"510\" \/><\/a><img loading=\"lazy\" decoding=\"async\" class=\"aligncenter  wp-image-2002\" title=\"camisa--comunion-ni\u00f1o-jaretas-pantalon-beige\" src=\"http:\/\/bautizoycomunion.com\/wp-content\/uploads\/2012\/02\/ni\u00f1o2.jpg\" alt=\"traje comunion ni\u00f1o casual_TP Kids\" width=\"420\" height=\"697\" \/><a href=\"http:\/\/bautizoycomunion.com\/wp-content\/uploads\/2012\/02\/los-41.jpg\"><img loading=\"lazy\" decoding=\"async\" class=\"aligncenter  wp-image-2000\" title=\"vestidos-comunion-ni\u00f1as-largos-ni\u00f1o-camisa blanca\" src=\"http:\/\/bautizoycomunion.com\/wp-content\/uploads\/2012\/02\/los-41.jpg\" alt=\"vestidos comunion sencillos y elegantes_TP Kids\" width=\"425\" height=\"338\" \/><\/a><a href=\"http:\/\/bautizoycomunion.com\/wp-content\/uploads\/2012\/02\/las-31.jpg\"><img loading=\"lazy\" decoding=\"async\" class=\"aligncenter  wp-image-2003\" title=\"vestidos-comunion-plumeti-o\" src=\"http:\/\/bautizoycomunion.com\/wp-content\/uploads\/2012\/02\/las-31.jpg\" alt=\"vestidos comunion originales_TP Kids\" width=\"420\" height=\"386\" \/><\/a><a href=\"http:\/\/bautizoycomunion.com\/wp-content\/uploads\/2012\/02\/delfina-4ok1.jpg\"><img loading=\"lazy\" decoding=\"async\" class=\"aligncenter  wp-image-2005\" title=\"vestido-comunion-largo-organza-romantico-manga-corta\" src=\"http:\/\/bautizoycomunion.com\/wp-content\/uploads\/2012\/02\/delfina-4ok1.jpg\" alt=\"vestido-comunion-romantico-algodon-largo_Tp Kids\" width=\"420\" height=\"723\" \/><\/a><a href=\"http:\/\/bautizoycomunion.com\/wp-content\/uploads\/2012\/02\/celia-4ok1.jpg\"><img loading=\"lazy\" decoding=\"async\" class=\"aligncenter  wp-image-2006\" title=\"vestido-comunion-ni\u00f1a-encaje-romantico\" src=\"http:\/\/bautizoycomunion.com\/wp-content\/uploads\/2012\/02\/celia-4ok1.jpg\" alt=\"vestido comunion encaje algodon_TP Kids\" width=\"420\" height=\"697\" \/><\/a><\/p>\n<p style=\"text-align: left;\"><span style=\"color: #b62a6d;\"><strong>*<a href=\"http:\/\/www.teresapalazuelo.com\/TPKIDS\/\" target=\"_blank\"><span style=\"color: #b62a6d;\"><span style=\"color: #008080;\">TP Kids<\/span> <span style=\"color: #008080;\">by<\/span> <span style=\"color: #008080;\">Teresa<\/span> <span style=\"color: #008080;\">Palazuelo<\/span><\/span><\/a><\/strong> os\u00a0ofrece un <strong>descuento del 5%<\/strong> en sus vestidos de comuni\u00f3n. <\/span><\/p>\n<h5 style=\"text-align: left;\"><\/h5>\n<p>&nbsp;<\/p>\n","protected":false},"excerpt":{"rendered":"<p>Desde sus comienzos hace 20 a\u00f1os, el taller de Teresa Palazuelo se ha caracterizado por la innovaci\u00f3n, calidad y elegancia tanto de sus dise\u00f1os como de sus tejidos. Varias de sus creaciones ya forman parte de la colecci\u00f3n permanente del Museo del Traje de Madrid. El \u00e9xito obtenido le ha &hellip; <a class=\"more-link\" href=\"https:\/\/bautizoycomunion.com\/index.php\/2012\/02\/29\/sencillos-y-romanticos-vestidos-de-primera-comunion\/\"><span class=\"more-msg\">Sigue leyendo &rarr;<\/span><\/a><\/p>\n","protected":false},"author":3,"featured_media":0,"comment_status":"open","ping_status":"open","sticky":false,"template":"","format":"standard","meta":{"footnotes":""},"categories":[16,19],"tags":[175,931],"class_list":["post-1316","post","type-post","status-publish","format-standard","hentry","category-uncategorized","category-vestidos-de-comunion","tag-comunion","tag-vestido-comunion"],"yoast_head":"<!-- This site is optimized with the Yoast SEO plugin v26.1.1 - https:\/\/yoast.com\/wordpress\/plugins\/seo\/ -->\n<title>Sencillos y rom\u00e1nticos vestidos de Primera Comuni\u00f3n &#8211; Bautizo y Comunion<\/title>\n<meta name=\"robots\" content=\"index, follow, max-snippet:-1, max-image-preview:large, max-video-preview:-1\" \/>\n<link rel=\"canonical\" href=\"https:\/\/bautizoycomunion.com\/index.php\/2012\/02\/29\/sencillos-y-romanticos-vestidos-de-primera-comunion\/\" \/>\n<meta property=\"og:locale\" content=\"es_ES\" \/>\n<meta property=\"og:type\" content=\"article\" \/>\n<meta property=\"og:title\" content=\"Sencillos y rom\u00e1nticos vestidos de Primera Comuni\u00f3n &#8211; Bautizo y Comunion\" \/>\n<meta property=\"og:description\" content=\"Desde sus comienzos hace 20 a\u00f1os, el taller de Teresa Palazuelo se ha caracterizado por la innovaci\u00f3n, calidad y elegancia tanto de sus dise\u00f1os como de sus tejidos. Varias de sus creaciones ya forman parte de la colecci\u00f3n permanente del Museo del Traje de Madrid. El \u00e9xito obtenido le ha &hellip; Sigue leyendo &rarr;\" \/>\n<meta property=\"og:url\" content=\"https:\/\/bautizoycomunion.com\/index.php\/2012\/02\/29\/sencillos-y-romanticos-vestidos-de-primera-comunion\/\" \/>\n<meta property=\"og:site_name\" content=\"Bautizo y Comunion\" \/>\n<meta property=\"article:publisher\" content=\"https:\/\/www.facebook.com\/BautizosyComuniones\" \/>\n<meta property=\"article:published_time\" content=\"2012-02-29T09:30:23+00:00\" \/>\n<meta name=\"author\" content=\"publisher\" \/>\n<meta name=\"twitter:card\" content=\"summary_large_image\" \/>\n<meta name=\"twitter:creator\" content=\"@BautizoComunion\" \/>\n<meta name=\"twitter:site\" content=\"@BautizoComunion\" \/>\n<meta name=\"twitter:label1\" content=\"Escrito por\" \/>\n\t<meta name=\"twitter:data1\" content=\"publisher\" \/>\n\t<meta name=\"twitter:label2\" content=\"Tiempo de lectura\" \/>\n\t<meta name=\"twitter:data2\" content=\"1 minuto\" \/>\n<script type=\"application\/ld+json\" class=\"yoast-schema-graph\">{\"@context\":\"https:\/\/schema.org\",\"@graph\":[{\"@type\":\"Article\",\"@id\":\"https:\/\/bautizoycomunion.com\/index.php\/2012\/02\/29\/sencillos-y-romanticos-vestidos-de-primera-comunion\/#article\",\"isPartOf\":{\"@id\":\"https:\/\/bautizoycomunion.com\/index.php\/2012\/02\/29\/sencillos-y-romanticos-vestidos-de-primera-comunion\/\"},\"author\":{\"name\":\"publisher\",\"@id\":\"https:\/\/bautizoycomunion.com\/#\/schema\/person\/71b91ab759bf77b5348a2f95d85e8ba0\"},\"headline\":\"Sencillos y rom\u00e1nticos vestidos de Primera Comuni\u00f3n\",\"datePublished\":\"2012-02-29T09:30:23+00:00\",\"mainEntityOfPage\":{\"@id\":\"https:\/\/bautizoycomunion.com\/index.php\/2012\/02\/29\/sencillos-y-romanticos-vestidos-de-primera-comunion\/\"},\"wordCount\":157,\"commentCount\":0,\"publisher\":{\"@id\":\"https:\/\/bautizoycomunion.com\/#organization\"},\"image\":{\"@id\":\"https:\/\/bautizoycomunion.com\/index.php\/2012\/02\/29\/sencillos-y-romanticos-vestidos-de-primera-comunion\/#primaryimage\"},\"thumbnailUrl\":\"http:\/\/bautizoycomunion.com\/wp-content\/uploads\/2012\/03\/dto-5.jpg\",\"keywords\":[\"comunion\",\"vestido comunion\"],\"articleSection\":[\"Todas las entradas\",\"Vestidos, trajes y zapatos de Comuni\u00f3n\"],\"inLanguage\":\"es\",\"potentialAction\":[{\"@type\":\"CommentAction\",\"name\":\"Comment\",\"target\":[\"https:\/\/bautizoycomunion.com\/index.php\/2012\/02\/29\/sencillos-y-romanticos-vestidos-de-primera-comunion\/#respond\"]}]},{\"@type\":\"WebPage\",\"@id\":\"https:\/\/bautizoycomunion.com\/index.php\/2012\/02\/29\/sencillos-y-romanticos-vestidos-de-primera-comunion\/\",\"url\":\"https:\/\/bautizoycomunion.com\/index.php\/2012\/02\/29\/sencillos-y-romanticos-vestidos-de-primera-comunion\/\",\"name\":\"Sencillos y rom\u00e1nticos vestidos de Primera Comuni\u00f3n &#8211; Bautizo y Comunion\",\"isPartOf\":{\"@id\":\"https:\/\/bautizoycomunion.com\/#website\"},\"primaryImageOfPage\":{\"@id\":\"https:\/\/bautizoycomunion.com\/index.php\/2012\/02\/29\/sencillos-y-romanticos-vestidos-de-primera-comunion\/#primaryimage\"},\"image\":{\"@id\":\"https:\/\/bautizoycomunion.com\/index.php\/2012\/02\/29\/sencillos-y-romanticos-vestidos-de-primera-comunion\/#primaryimage\"},\"thumbnailUrl\":\"http:\/\/bautizoycomunion.com\/wp-content\/uploads\/2012\/03\/dto-5.jpg\",\"datePublished\":\"2012-02-29T09:30:23+00:00\",\"breadcrumb\":{\"@id\":\"https:\/\/bautizoycomunion.com\/index.php\/2012\/02\/29\/sencillos-y-romanticos-vestidos-de-primera-comunion\/#breadcrumb\"},\"inLanguage\":\"es\",\"potentialAction\":[{\"@type\":\"ReadAction\",\"target\":[\"https:\/\/bautizoycomunion.com\/index.php\/2012\/02\/29\/sencillos-y-romanticos-vestidos-de-primera-comunion\/\"]}]},{\"@type\":\"ImageObject\",\"inLanguage\":\"es\",\"@id\":\"https:\/\/bautizoycomunion.com\/index.php\/2012\/02\/29\/sencillos-y-romanticos-vestidos-de-primera-comunion\/#primaryimage\",\"url\":\"http:\/\/bautizoycomunion.com\/wp-content\/uploads\/2012\/03\/dto-5.jpg\",\"contentUrl\":\"http:\/\/bautizoycomunion.com\/wp-content\/uploads\/2012\/03\/dto-5.jpg\"},{\"@type\":\"BreadcrumbList\",\"@id\":\"https:\/\/bautizoycomunion.com\/index.php\/2012\/02\/29\/sencillos-y-romanticos-vestidos-de-primera-comunion\/#breadcrumb\",\"itemListElement\":[{\"@type\":\"ListItem\",\"position\":1,\"name\":\"Portada\",\"item\":\"https:\/\/bautizoycomunion.com\/\"},{\"@type\":\"ListItem\",\"position\":2,\"name\":\"Sencillos y rom\u00e1nticos vestidos de Primera Comuni\u00f3n\"}]},{\"@type\":\"WebSite\",\"@id\":\"https:\/\/bautizoycomunion.com\/#website\",\"url\":\"https:\/\/bautizoycomunion.com\/\",\"name\":\"Bautizo y Comunion\",\"description\":\"\",\"publisher\":{\"@id\":\"https:\/\/bautizoycomunion.com\/#organization\"},\"potentialAction\":[{\"@type\":\"SearchAction\",\"target\":{\"@type\":\"EntryPoint\",\"urlTemplate\":\"https:\/\/bautizoycomunion.com\/?s={search_term_string}\"},\"query-input\":{\"@type\":\"PropertyValueSpecification\",\"valueRequired\":true,\"valueName\":\"search_term_string\"}}],\"inLanguage\":\"es\"},{\"@type\":\"Organization\",\"@id\":\"https:\/\/bautizoycomunion.com\/#organization\",\"name\":\"Bautizo y Comunion\",\"url\":\"https:\/\/bautizoycomunion.com\/\",\"logo\":{\"@type\":\"ImageObject\",\"inLanguage\":\"es\",\"@id\":\"https:\/\/bautizoycomunion.com\/#\/schema\/logo\/image\/\",\"url\":\"https:\/\/bautizoycomunion.com\/wp-content\/uploads\/2020\/02\/logo-bautizo-y-comunion.jpg\",\"contentUrl\":\"https:\/\/bautizoycomunion.com\/wp-content\/uploads\/2020\/02\/logo-bautizo-y-comunion.jpg\",\"width\":128,\"height\":128,\"caption\":\"Bautizo y Comunion\"},\"image\":{\"@id\":\"https:\/\/bautizoycomunion.com\/#\/schema\/logo\/image\/\"},\"sameAs\":[\"https:\/\/www.facebook.com\/BautizosyComuniones\",\"https:\/\/x.com\/BautizoComunion\",\"https:\/\/www.instagram.com\/bautizoycomunion\/\",\"https:\/\/www.pinterest.es\/BautizoComunion\/\",\"https:\/\/www.youtube.com\/user\/BautizoyComunionTV\"]},{\"@type\":\"Person\",\"@id\":\"https:\/\/bautizoycomunion.com\/#\/schema\/person\/71b91ab759bf77b5348a2f95d85e8ba0\",\"name\":\"publisher\",\"image\":{\"@type\":\"ImageObject\",\"inLanguage\":\"es\",\"@id\":\"https:\/\/bautizoycomunion.com\/#\/schema\/person\/image\/\",\"url\":\"https:\/\/secure.gravatar.com\/avatar\/b678a6a8c15d6fa37228489ffa29aff56590dfc95fbec3aa2c2f2cc9013b082f?s=96&d=mm&r=g\",\"contentUrl\":\"https:\/\/secure.gravatar.com\/avatar\/b678a6a8c15d6fa37228489ffa29aff56590dfc95fbec3aa2c2f2cc9013b082f?s=96&d=mm&r=g\",\"caption\":\"publisher\"}}]}<\/script>\n<!-- \/ Yoast SEO plugin. -->","yoast_head_json":{"title":"Sencillos y rom\u00e1nticos vestidos de Primera Comuni\u00f3n &#8211; Bautizo y Comunion","robots":{"index":"index","follow":"follow","max-snippet":"max-snippet:-1","max-image-preview":"max-image-preview:large","max-video-preview":"max-video-preview:-1"},"canonical":"https:\/\/bautizoycomunion.com\/index.php\/2012\/02\/29\/sencillos-y-romanticos-vestidos-de-primera-comunion\/","og_locale":"es_ES","og_type":"article","og_title":"Sencillos y rom\u00e1nticos vestidos de Primera Comuni\u00f3n &#8211; Bautizo y Comunion","og_description":"Desde sus comienzos hace 20 a\u00f1os, el taller de Teresa Palazuelo se ha caracterizado por la innovaci\u00f3n, calidad y elegancia tanto de sus dise\u00f1os como de sus tejidos. Varias de sus creaciones ya forman parte de la colecci\u00f3n permanente del Museo del Traje de Madrid. El \u00e9xito obtenido le ha &hellip; Sigue leyendo &rarr;","og_url":"https:\/\/bautizoycomunion.com\/index.php\/2012\/02\/29\/sencillos-y-romanticos-vestidos-de-primera-comunion\/","og_site_name":"Bautizo y Comunion","article_publisher":"https:\/\/www.facebook.com\/BautizosyComuniones","article_published_time":"2012-02-29T09:30:23+00:00","author":"publisher","twitter_card":"summary_large_image","twitter_creator":"@BautizoComunion","twitter_site":"@BautizoComunion","twitter_misc":{"Escrito por":"publisher","Tiempo de lectura":"1 minuto"},"schema":{"@context":"https:\/\/schema.org","@graph":[{"@type":"Article","@id":"https:\/\/bautizoycomunion.com\/index.php\/2012\/02\/29\/sencillos-y-romanticos-vestidos-de-primera-comunion\/#article","isPartOf":{"@id":"https:\/\/bautizoycomunion.com\/index.php\/2012\/02\/29\/sencillos-y-romanticos-vestidos-de-primera-comunion\/"},"author":{"name":"publisher","@id":"https:\/\/bautizoycomunion.com\/#\/schema\/person\/71b91ab759bf77b5348a2f95d85e8ba0"},"headline":"Sencillos y rom\u00e1nticos vestidos de Primera Comuni\u00f3n","datePublished":"2012-02-29T09:30:23+00:00","mainEntityOfPage":{"@id":"https:\/\/bautizoycomunion.com\/index.php\/2012\/02\/29\/sencillos-y-romanticos-vestidos-de-primera-comunion\/"},"wordCount":157,"commentCount":0,"publisher":{"@id":"https:\/\/bautizoycomunion.com\/#organization"},"image":{"@id":"https:\/\/bautizoycomunion.com\/index.php\/2012\/02\/29\/sencillos-y-romanticos-vestidos-de-primera-comunion\/#primaryimage"},"thumbnailUrl":"http:\/\/bautizoycomunion.com\/wp-content\/uploads\/2012\/03\/dto-5.jpg","keywords":["comunion","vestido comunion"],"articleSection":["Todas las entradas","Vestidos, trajes y zapatos de Comuni\u00f3n"],"inLanguage":"es","potentialAction":[{"@type":"CommentAction","name":"Comment","target":["https:\/\/bautizoycomunion.com\/index.php\/2012\/02\/29\/sencillos-y-romanticos-vestidos-de-primera-comunion\/#respond"]}]},{"@type":"WebPage","@id":"https:\/\/bautizoycomunion.com\/index.php\/2012\/02\/29\/sencillos-y-romanticos-vestidos-de-primera-comunion\/","url":"https:\/\/bautizoycomunion.com\/index.php\/2012\/02\/29\/sencillos-y-romanticos-vestidos-de-primera-comunion\/","name":"Sencillos y rom\u00e1nticos vestidos de Primera Comuni\u00f3n &#8211; Bautizo y Comunion","isPartOf":{"@id":"https:\/\/bautizoycomunion.com\/#website"},"primaryImageOfPage":{"@id":"https:\/\/bautizoycomunion.com\/index.php\/2012\/02\/29\/sencillos-y-romanticos-vestidos-de-primera-comunion\/#primaryimage"},"image":{"@id":"https:\/\/bautizoycomunion.com\/index.php\/2012\/02\/29\/sencillos-y-romanticos-vestidos-de-primera-comunion\/#primaryimage"},"thumbnailUrl":"http:\/\/bautizoycomunion.com\/wp-content\/uploads\/2012\/03\/dto-5.jpg","datePublished":"2012-02-29T09:30:23+00:00","breadcrumb":{"@id":"https:\/\/bautizoycomunion.com\/index.php\/2012\/02\/29\/sencillos-y-romanticos-vestidos-de-primera-comunion\/#breadcrumb"},"inLanguage":"es","potentialAction":[{"@type":"ReadAction","target":["https:\/\/bautizoycomunion.com\/index.php\/2012\/02\/29\/sencillos-y-romanticos-vestidos-de-primera-comunion\/"]}]},{"@type":"ImageObject","inLanguage":"es","@id":"https:\/\/bautizoycomunion.com\/index.php\/2012\/02\/29\/sencillos-y-romanticos-vestidos-de-primera-comunion\/#primaryimage","url":"http:\/\/bautizoycomunion.com\/wp-content\/uploads\/2012\/03\/dto-5.jpg","contentUrl":"http:\/\/bautizoycomunion.com\/wp-content\/uploads\/2012\/03\/dto-5.jpg"},{"@type":"BreadcrumbList","@id":"https:\/\/bautizoycomunion.com\/index.php\/2012\/02\/29\/sencillos-y-romanticos-vestidos-de-primera-comunion\/#breadcrumb","itemListElement":[{"@type":"ListItem","position":1,"name":"Portada","item":"https:\/\/bautizoycomunion.com\/"},{"@type":"ListItem","position":2,"name":"Sencillos y rom\u00e1nticos vestidos de Primera Comuni\u00f3n"}]},{"@type":"WebSite","@id":"https:\/\/bautizoycomunion.com\/#website","url":"https:\/\/bautizoycomunion.com\/","name":"Bautizo y Comunion","description":"","publisher":{"@id":"https:\/\/bautizoycomunion.com\/#organization"},"potentialAction":[{"@type":"SearchAction","target":{"@type":"EntryPoint","urlTemplate":"https:\/\/bautizoycomunion.com\/?s={search_term_string}"},"query-input":{"@type":"PropertyValueSpecification","valueRequired":true,"valueName":"search_term_string"}}],"inLanguage":"es"},{"@type":"Organization","@id":"https:\/\/bautizoycomunion.com\/#organization","name":"Bautizo y Comunion","url":"https:\/\/bautizoycomunion.com\/","logo":{"@type":"ImageObject","inLanguage":"es","@id":"https:\/\/bautizoycomunion.com\/#\/schema\/logo\/image\/","url":"https:\/\/bautizoycomunion.com\/wp-content\/uploads\/2020\/02\/logo-bautizo-y-comunion.jpg","contentUrl":"https:\/\/bautizoycomunion.com\/wp-content\/uploads\/2020\/02\/logo-bautizo-y-comunion.jpg","width":128,"height":128,"caption":"Bautizo y Comunion"},"image":{"@id":"https:\/\/bautizoycomunion.com\/#\/schema\/logo\/image\/"},"sameAs":["https:\/\/www.facebook.com\/BautizosyComuniones","https:\/\/x.com\/BautizoComunion","https:\/\/www.instagram.com\/bautizoycomunion\/","https:\/\/www.pinterest.es\/BautizoComunion\/","https:\/\/www.youtube.com\/user\/BautizoyComunionTV"]},{"@type":"Person","@id":"https:\/\/bautizoycomunion.com\/#\/schema\/person\/71b91ab759bf77b5348a2f95d85e8ba0","name":"publisher","image":{"@type":"ImageObject","inLanguage":"es","@id":"https:\/\/bautizoycomunion.com\/#\/schema\/person\/image\/","url":"https:\/\/secure.gravatar.com\/avatar\/b678a6a8c15d6fa37228489ffa29aff56590dfc95fbec3aa2c2f2cc9013b082f?s=96&d=mm&r=g","contentUrl":"https:\/\/secure.gravatar.com\/avatar\/b678a6a8c15d6fa37228489ffa29aff56590dfc95fbec3aa2c2f2cc9013b082f?s=96&d=mm&r=g","caption":"publisher"}}]}},"_links":{"self":[{"href":"https:\/\/bautizoycomunion.com\/index.php\/wp-json\/wp\/v2\/posts\/1316","targetHints":{"allow":["GET"]}}],"collection":[{"href":"https:\/\/bautizoycomunion.com\/index.php\/wp-json\/wp\/v2\/posts"}],"about":[{"href":"https:\/\/bautizoycomunion.com\/index.php\/wp-json\/wp\/v2\/types\/post"}],"author":[{"embeddable":true,"href":"https:\/\/bautizoycomunion.com\/index.php\/wp-json\/wp\/v2\/users\/3"}],"replies":[{"embeddable":true,"href":"https:\/\/bautizoycomunion.com\/index.php\/wp-json\/wp\/v2\/comments?post=1316"}],"version-history":[{"count":0,"href":"https:\/\/bautizoycomunion.com\/index.php\/wp-json\/wp\/v2\/posts\/1316\/revisions"}],"wp:attachment":[{"href":"https:\/\/bautizoycomunion.com\/index.php\/wp-json\/wp\/v2\/media?parent=1316"}],"wp:term":[{"taxonomy":"category","embeddable":true,"href":"https:\/\/bautizoycomunion.com\/index.php\/wp-json\/wp\/v2\/categories?post=1316"},{"taxonomy":"post_tag","embeddable":true,"href":"https:\/\/bautizoycomunion.com\/index.php\/wp-json\/wp\/v2\/tags?post=1316"}],"curies":[{"name":"wp","href":"https:\/\/api.w.org\/{rel}","templated":true}]}}