{"id":1792,"date":"2012-03-28T09:00:06","date_gmt":"2012-03-28T09:00:06","guid":{"rendered":"http:\/\/bautizoycomunion.com\/?p=1792"},"modified":"2017-08-10T23:18:13","modified_gmt":"2017-08-10T21:18:13","slug":"alquiler-vestidos-comunion","status":"publish","type":"post","link":"https:\/\/bautizoycomunion.com\/index.php\/2012\/03\/28\/alquiler-vestidos-comunion\/","title":{"rendered":"Soluciones anti-crisis"},"content":{"rendered":"<p><span style=\"color: #727272;\">Con los tiempos que corren aplaudimos las iniciativas\u00a0como\u00a0la de Ana del R\u00edo\u00a0y su web <span style=\"color: #ea147f;\"><a href=\"http:\/\/tuprimeracomunion.es\/\" target=\"_blank\" rel=\"noopener\"><span style=\"color: #ea147f;\"><strong><span style=\"color: #008080;\"><span style=\"color: #ea147f;\">Tu primera<\/span> <span style=\"color: #ea147f;\">Comunion<\/span><\/span><\/strong>\u00a0<\/span><\/a><\/span>que ayudan a\u00a0sobrellevar mejor\u00a0esto de las Comuniones, Bautizos dem\u00e1s ceremonias; porque te\u00a0alquila vestidos de Comuni\u00f3n a precios muy competitivos. De complementos se alquila el can-can y las bandas\/fajines.<\/span><\/p>\n<p>El alquiler se realiza, a toda Espa\u00f1a, a trav\u00e9s de su pagina web, y el vestido llega a casa un d\u00eda antes de la comuni\u00f3n. Y si quer\u00e9is, antes de decidiros pod\u00e9is hacer una prueba en su showroom.<\/p>\n<p>A parte y como modo de coser un parche a la crisis que contin\u00faa tras el evento es que si hab\u00e9is decidido comprar el vestido, sabed que \u00e9ste tiene m\u00e1s vidas, ella lo transforma para que sirva para otros eventos.<a href=\"http:\/\/bautizoycomunion.com\/wp-content\/uploads\/2012\/03\/vale-regalo.jpg\"><img loading=\"lazy\" decoding=\"async\" class=\"aligncenter wp-image-2401\" title=\"vale regalo\" src=\"http:\/\/bautizoycomunion.com\/wp-content\/uploads\/2012\/03\/vale-regalo.jpg\" alt=\"\" width=\"512\" height=\"202\" \/><\/a><a href=\"http:\/\/bautizoycomunion.com\/wp-content\/uploads\/2012\/03\/vale-regalo.jpg\"><img loading=\"lazy\" decoding=\"async\" class=\"wp-image-9319  alignleft\" src=\"http:\/\/bautizoycomunion.com\/wp-content\/uploads\/2012\/03\/small_42863886.jpg\" alt=\"\" width=\"245\" height=\"428\" \/><img loading=\"lazy\" decoding=\"async\" class=\"alignnone  wp-image-9320\" src=\"http:\/\/bautizoycomunion.com\/wp-content\/uploads\/2012\/03\/small_42863906.jpg\" alt=\"\" width=\"295\" height=\"435\" \/><img loading=\"lazy\" decoding=\"async\" class=\"alignnone  wp-image-9321\" src=\"http:\/\/bautizoycomunion.com\/wp-content\/uploads\/2012\/03\/small_42863926.jpg\" alt=\"\" width=\"259\" height=\"382\" \/><img loading=\"lazy\" decoding=\"async\" class=\"alignnone  wp-image-9322\" src=\"http:\/\/bautizoycomunion.com\/wp-content\/uploads\/2012\/03\/small_42863951.jpg\" alt=\"\" width=\"261\" height=\"384\" \/><\/a><\/p>\n<p style=\"text-align: left;\">Si quer\u00e9is saber un poco m\u00e1s de esta iniciativa pinchad <a href=\"http:\/\/www.rtvcm.es\/noticias\/detail.php?id=39979#.T2NX-sKjZ08.hotmail\" target=\"_blank\" rel=\"noopener\">aqu\u00ed<\/a>\u00a0y una vez dentro, pinchad en el v\u00eddeo de la derecha.<\/p>\n<p>&nbsp;<\/p>\n","protected":false},"excerpt":{"rendered":"<p>Con los tiempos que corren aplaudimos las iniciativas\u00a0como\u00a0la de Ana del R\u00edo\u00a0y su web Tu primera Comunion\u00a0que ayudan a\u00a0sobrellevar mejor\u00a0esto de las Comuniones, Bautizos dem\u00e1s ceremonias; porque te\u00a0alquila vestidos de Comuni\u00f3n a precios muy competitivos. De complementos se alquila el can-can y las bandas\/fajines. El alquiler se realiza, a toda &hellip; <a class=\"more-link\" href=\"https:\/\/bautizoycomunion.com\/index.php\/2012\/03\/28\/alquiler-vestidos-comunion\/\"><span class=\"more-msg\">Sigue leyendo &rarr;<\/span><\/a><\/p>\n","protected":false},"author":3,"featured_media":0,"comment_status":"open","ping_status":"open","sticky":false,"template":"","format":"standard","meta":{"footnotes":""},"categories":[16,19],"tags":[38,899,931],"class_list":["post-1792","post","type-post","status-publish","format-standard","hentry","category-uncategorized","category-vestidos-de-comunion","tag-alquiler","tag-traje-comunion-nino","tag-vestido-comunion"],"yoast_head":"<!-- This site is optimized with the Yoast SEO plugin v26.1.1 - https:\/\/yoast.com\/wordpress\/plugins\/seo\/ -->\n<title>Soluciones anti-crisis &#8211; Bautizo y Comunion<\/title>\n<meta name=\"robots\" content=\"index, follow, max-snippet:-1, max-image-preview:large, max-video-preview:-1\" \/>\n<link rel=\"canonical\" href=\"https:\/\/bautizoycomunion.com\/index.php\/2012\/03\/28\/alquiler-vestidos-comunion\/\" \/>\n<meta property=\"og:locale\" content=\"es_ES\" \/>\n<meta property=\"og:type\" content=\"article\" \/>\n<meta property=\"og:title\" content=\"Soluciones anti-crisis &#8211; Bautizo y Comunion\" \/>\n<meta property=\"og:description\" content=\"Con los tiempos que corren aplaudimos las iniciativas\u00a0como\u00a0la de Ana del R\u00edo\u00a0y su web Tu primera Comunion\u00a0que ayudan a\u00a0sobrellevar mejor\u00a0esto de las Comuniones, Bautizos dem\u00e1s ceremonias; porque te\u00a0alquila vestidos de Comuni\u00f3n a precios muy competitivos. De complementos se alquila el can-can y las bandas\/fajines. El alquiler se realiza, a toda &hellip; Sigue leyendo &rarr;\" \/>\n<meta property=\"og:url\" content=\"https:\/\/bautizoycomunion.com\/index.php\/2012\/03\/28\/alquiler-vestidos-comunion\/\" \/>\n<meta property=\"og:site_name\" content=\"Bautizo y Comunion\" \/>\n<meta property=\"article:publisher\" content=\"https:\/\/www.facebook.com\/BautizosyComuniones\" \/>\n<meta property=\"article:published_time\" content=\"2012-03-28T09:00:06+00:00\" \/>\n<meta property=\"article:modified_time\" content=\"2017-08-10T21:18:13+00:00\" \/>\n<meta name=\"author\" content=\"publisher\" \/>\n<meta name=\"twitter:card\" content=\"summary_large_image\" \/>\n<meta name=\"twitter:creator\" content=\"@BautizoComunion\" \/>\n<meta name=\"twitter:site\" content=\"@BautizoComunion\" \/>\n<meta name=\"twitter:label1\" content=\"Escrito por\" \/>\n\t<meta name=\"twitter:data1\" content=\"publisher\" \/>\n\t<meta name=\"twitter:label2\" content=\"Tiempo de lectura\" \/>\n\t<meta name=\"twitter:data2\" content=\"1 minuto\" \/>\n<script type=\"application\/ld+json\" class=\"yoast-schema-graph\">{\"@context\":\"https:\/\/schema.org\",\"@graph\":[{\"@type\":\"Article\",\"@id\":\"https:\/\/bautizoycomunion.com\/index.php\/2012\/03\/28\/alquiler-vestidos-comunion\/#article\",\"isPartOf\":{\"@id\":\"https:\/\/bautizoycomunion.com\/index.php\/2012\/03\/28\/alquiler-vestidos-comunion\/\"},\"author\":{\"name\":\"publisher\",\"@id\":\"https:\/\/bautizoycomunion.com\/#\/schema\/person\/71b91ab759bf77b5348a2f95d85e8ba0\"},\"headline\":\"Soluciones anti-crisis\",\"datePublished\":\"2012-03-28T09:00:06+00:00\",\"dateModified\":\"2017-08-10T21:18:13+00:00\",\"mainEntityOfPage\":{\"@id\":\"https:\/\/bautizoycomunion.com\/index.php\/2012\/03\/28\/alquiler-vestidos-comunion\/\"},\"wordCount\":170,\"commentCount\":0,\"publisher\":{\"@id\":\"https:\/\/bautizoycomunion.com\/#organization\"},\"image\":{\"@id\":\"https:\/\/bautizoycomunion.com\/index.php\/2012\/03\/28\/alquiler-vestidos-comunion\/#primaryimage\"},\"thumbnailUrl\":\"http:\/\/bautizoycomunion.com\/wp-content\/uploads\/2012\/03\/vale-regalo.jpg\",\"keywords\":[\"alquiler\",\"traje comunion ni\u00f1o\",\"vestido comunion\"],\"articleSection\":[\"Todas las entradas\",\"Vestidos, trajes y zapatos de Comuni\u00f3n\"],\"inLanguage\":\"es\",\"potentialAction\":[{\"@type\":\"CommentAction\",\"name\":\"Comment\",\"target\":[\"https:\/\/bautizoycomunion.com\/index.php\/2012\/03\/28\/alquiler-vestidos-comunion\/#respond\"]}]},{\"@type\":\"WebPage\",\"@id\":\"https:\/\/bautizoycomunion.com\/index.php\/2012\/03\/28\/alquiler-vestidos-comunion\/\",\"url\":\"https:\/\/bautizoycomunion.com\/index.php\/2012\/03\/28\/alquiler-vestidos-comunion\/\",\"name\":\"Soluciones anti-crisis &#8211; Bautizo y Comunion\",\"isPartOf\":{\"@id\":\"https:\/\/bautizoycomunion.com\/#website\"},\"primaryImageOfPage\":{\"@id\":\"https:\/\/bautizoycomunion.com\/index.php\/2012\/03\/28\/alquiler-vestidos-comunion\/#primaryimage\"},\"image\":{\"@id\":\"https:\/\/bautizoycomunion.com\/index.php\/2012\/03\/28\/alquiler-vestidos-comunion\/#primaryimage\"},\"thumbnailUrl\":\"http:\/\/bautizoycomunion.com\/wp-content\/uploads\/2012\/03\/vale-regalo.jpg\",\"datePublished\":\"2012-03-28T09:00:06+00:00\",\"dateModified\":\"2017-08-10T21:18:13+00:00\",\"breadcrumb\":{\"@id\":\"https:\/\/bautizoycomunion.com\/index.php\/2012\/03\/28\/alquiler-vestidos-comunion\/#breadcrumb\"},\"inLanguage\":\"es\",\"potentialAction\":[{\"@type\":\"ReadAction\",\"target\":[\"https:\/\/bautizoycomunion.com\/index.php\/2012\/03\/28\/alquiler-vestidos-comunion\/\"]}]},{\"@type\":\"ImageObject\",\"inLanguage\":\"es\",\"@id\":\"https:\/\/bautizoycomunion.com\/index.php\/2012\/03\/28\/alquiler-vestidos-comunion\/#primaryimage\",\"url\":\"http:\/\/bautizoycomunion.com\/wp-content\/uploads\/2012\/03\/vale-regalo.jpg\",\"contentUrl\":\"http:\/\/bautizoycomunion.com\/wp-content\/uploads\/2012\/03\/vale-regalo.jpg\"},{\"@type\":\"BreadcrumbList\",\"@id\":\"https:\/\/bautizoycomunion.com\/index.php\/2012\/03\/28\/alquiler-vestidos-comunion\/#breadcrumb\",\"itemListElement\":[{\"@type\":\"ListItem\",\"position\":1,\"name\":\"Portada\",\"item\":\"https:\/\/bautizoycomunion.com\/\"},{\"@type\":\"ListItem\",\"position\":2,\"name\":\"Soluciones anti-crisis\"}]},{\"@type\":\"WebSite\",\"@id\":\"https:\/\/bautizoycomunion.com\/#website\",\"url\":\"https:\/\/bautizoycomunion.com\/\",\"name\":\"Bautizo y Comunion\",\"description\":\"\",\"publisher\":{\"@id\":\"https:\/\/bautizoycomunion.com\/#organization\"},\"potentialAction\":[{\"@type\":\"SearchAction\",\"target\":{\"@type\":\"EntryPoint\",\"urlTemplate\":\"https:\/\/bautizoycomunion.com\/?s={search_term_string}\"},\"query-input\":{\"@type\":\"PropertyValueSpecification\",\"valueRequired\":true,\"valueName\":\"search_term_string\"}}],\"inLanguage\":\"es\"},{\"@type\":\"Organization\",\"@id\":\"https:\/\/bautizoycomunion.com\/#organization\",\"name\":\"Bautizo y Comunion\",\"url\":\"https:\/\/bautizoycomunion.com\/\",\"logo\":{\"@type\":\"ImageObject\",\"inLanguage\":\"es\",\"@id\":\"https:\/\/bautizoycomunion.com\/#\/schema\/logo\/image\/\",\"url\":\"https:\/\/bautizoycomunion.com\/wp-content\/uploads\/2020\/02\/logo-bautizo-y-comunion.jpg\",\"contentUrl\":\"https:\/\/bautizoycomunion.com\/wp-content\/uploads\/2020\/02\/logo-bautizo-y-comunion.jpg\",\"width\":128,\"height\":128,\"caption\":\"Bautizo y Comunion\"},\"image\":{\"@id\":\"https:\/\/bautizoycomunion.com\/#\/schema\/logo\/image\/\"},\"sameAs\":[\"https:\/\/www.facebook.com\/BautizosyComuniones\",\"https:\/\/x.com\/BautizoComunion\",\"https:\/\/www.instagram.com\/bautizoycomunion\/\",\"https:\/\/www.pinterest.es\/BautizoComunion\/\",\"https:\/\/www.youtube.com\/user\/BautizoyComunionTV\"]},{\"@type\":\"Person\",\"@id\":\"https:\/\/bautizoycomunion.com\/#\/schema\/person\/71b91ab759bf77b5348a2f95d85e8ba0\",\"name\":\"publisher\",\"image\":{\"@type\":\"ImageObject\",\"inLanguage\":\"es\",\"@id\":\"https:\/\/bautizoycomunion.com\/#\/schema\/person\/image\/\",\"url\":\"https:\/\/secure.gravatar.com\/avatar\/b678a6a8c15d6fa37228489ffa29aff56590dfc95fbec3aa2c2f2cc9013b082f?s=96&d=mm&r=g\",\"contentUrl\":\"https:\/\/secure.gravatar.com\/avatar\/b678a6a8c15d6fa37228489ffa29aff56590dfc95fbec3aa2c2f2cc9013b082f?s=96&d=mm&r=g\",\"caption\":\"publisher\"}}]}<\/script>\n<!-- \/ Yoast SEO plugin. -->","yoast_head_json":{"title":"Soluciones anti-crisis &#8211; Bautizo y Comunion","robots":{"index":"index","follow":"follow","max-snippet":"max-snippet:-1","max-image-preview":"max-image-preview:large","max-video-preview":"max-video-preview:-1"},"canonical":"https:\/\/bautizoycomunion.com\/index.php\/2012\/03\/28\/alquiler-vestidos-comunion\/","og_locale":"es_ES","og_type":"article","og_title":"Soluciones anti-crisis &#8211; Bautizo y Comunion","og_description":"Con los tiempos que corren aplaudimos las iniciativas\u00a0como\u00a0la de Ana del R\u00edo\u00a0y su web Tu primera Comunion\u00a0que ayudan a\u00a0sobrellevar mejor\u00a0esto de las Comuniones, Bautizos dem\u00e1s ceremonias; porque te\u00a0alquila vestidos de Comuni\u00f3n a precios muy competitivos. De complementos se alquila el can-can y las bandas\/fajines. El alquiler se realiza, a toda &hellip; Sigue leyendo &rarr;","og_url":"https:\/\/bautizoycomunion.com\/index.php\/2012\/03\/28\/alquiler-vestidos-comunion\/","og_site_name":"Bautizo y Comunion","article_publisher":"https:\/\/www.facebook.com\/BautizosyComuniones","article_published_time":"2012-03-28T09:00:06+00:00","article_modified_time":"2017-08-10T21:18:13+00:00","author":"publisher","twitter_card":"summary_large_image","twitter_creator":"@BautizoComunion","twitter_site":"@BautizoComunion","twitter_misc":{"Escrito por":"publisher","Tiempo de lectura":"1 minuto"},"schema":{"@context":"https:\/\/schema.org","@graph":[{"@type":"Article","@id":"https:\/\/bautizoycomunion.com\/index.php\/2012\/03\/28\/alquiler-vestidos-comunion\/#article","isPartOf":{"@id":"https:\/\/bautizoycomunion.com\/index.php\/2012\/03\/28\/alquiler-vestidos-comunion\/"},"author":{"name":"publisher","@id":"https:\/\/bautizoycomunion.com\/#\/schema\/person\/71b91ab759bf77b5348a2f95d85e8ba0"},"headline":"Soluciones anti-crisis","datePublished":"2012-03-28T09:00:06+00:00","dateModified":"2017-08-10T21:18:13+00:00","mainEntityOfPage":{"@id":"https:\/\/bautizoycomunion.com\/index.php\/2012\/03\/28\/alquiler-vestidos-comunion\/"},"wordCount":170,"commentCount":0,"publisher":{"@id":"https:\/\/bautizoycomunion.com\/#organization"},"image":{"@id":"https:\/\/bautizoycomunion.com\/index.php\/2012\/03\/28\/alquiler-vestidos-comunion\/#primaryimage"},"thumbnailUrl":"http:\/\/bautizoycomunion.com\/wp-content\/uploads\/2012\/03\/vale-regalo.jpg","keywords":["alquiler","traje comunion ni\u00f1o","vestido comunion"],"articleSection":["Todas las entradas","Vestidos, trajes y zapatos de Comuni\u00f3n"],"inLanguage":"es","potentialAction":[{"@type":"CommentAction","name":"Comment","target":["https:\/\/bautizoycomunion.com\/index.php\/2012\/03\/28\/alquiler-vestidos-comunion\/#respond"]}]},{"@type":"WebPage","@id":"https:\/\/bautizoycomunion.com\/index.php\/2012\/03\/28\/alquiler-vestidos-comunion\/","url":"https:\/\/bautizoycomunion.com\/index.php\/2012\/03\/28\/alquiler-vestidos-comunion\/","name":"Soluciones anti-crisis &#8211; Bautizo y Comunion","isPartOf":{"@id":"https:\/\/bautizoycomunion.com\/#website"},"primaryImageOfPage":{"@id":"https:\/\/bautizoycomunion.com\/index.php\/2012\/03\/28\/alquiler-vestidos-comunion\/#primaryimage"},"image":{"@id":"https:\/\/bautizoycomunion.com\/index.php\/2012\/03\/28\/alquiler-vestidos-comunion\/#primaryimage"},"thumbnailUrl":"http:\/\/bautizoycomunion.com\/wp-content\/uploads\/2012\/03\/vale-regalo.jpg","datePublished":"2012-03-28T09:00:06+00:00","dateModified":"2017-08-10T21:18:13+00:00","breadcrumb":{"@id":"https:\/\/bautizoycomunion.com\/index.php\/2012\/03\/28\/alquiler-vestidos-comunion\/#breadcrumb"},"inLanguage":"es","potentialAction":[{"@type":"ReadAction","target":["https:\/\/bautizoycomunion.com\/index.php\/2012\/03\/28\/alquiler-vestidos-comunion\/"]}]},{"@type":"ImageObject","inLanguage":"es","@id":"https:\/\/bautizoycomunion.com\/index.php\/2012\/03\/28\/alquiler-vestidos-comunion\/#primaryimage","url":"http:\/\/bautizoycomunion.com\/wp-content\/uploads\/2012\/03\/vale-regalo.jpg","contentUrl":"http:\/\/bautizoycomunion.com\/wp-content\/uploads\/2012\/03\/vale-regalo.jpg"},{"@type":"BreadcrumbList","@id":"https:\/\/bautizoycomunion.com\/index.php\/2012\/03\/28\/alquiler-vestidos-comunion\/#breadcrumb","itemListElement":[{"@type":"ListItem","position":1,"name":"Portada","item":"https:\/\/bautizoycomunion.com\/"},{"@type":"ListItem","position":2,"name":"Soluciones anti-crisis"}]},{"@type":"WebSite","@id":"https:\/\/bautizoycomunion.com\/#website","url":"https:\/\/bautizoycomunion.com\/","name":"Bautizo y Comunion","description":"","publisher":{"@id":"https:\/\/bautizoycomunion.com\/#organization"},"potentialAction":[{"@type":"SearchAction","target":{"@type":"EntryPoint","urlTemplate":"https:\/\/bautizoycomunion.com\/?s={search_term_string}"},"query-input":{"@type":"PropertyValueSpecification","valueRequired":true,"valueName":"search_term_string"}}],"inLanguage":"es"},{"@type":"Organization","@id":"https:\/\/bautizoycomunion.com\/#organization","name":"Bautizo y Comunion","url":"https:\/\/bautizoycomunion.com\/","logo":{"@type":"ImageObject","inLanguage":"es","@id":"https:\/\/bautizoycomunion.com\/#\/schema\/logo\/image\/","url":"https:\/\/bautizoycomunion.com\/wp-content\/uploads\/2020\/02\/logo-bautizo-y-comunion.jpg","contentUrl":"https:\/\/bautizoycomunion.com\/wp-content\/uploads\/2020\/02\/logo-bautizo-y-comunion.jpg","width":128,"height":128,"caption":"Bautizo y Comunion"},"image":{"@id":"https:\/\/bautizoycomunion.com\/#\/schema\/logo\/image\/"},"sameAs":["https:\/\/www.facebook.com\/BautizosyComuniones","https:\/\/x.com\/BautizoComunion","https:\/\/www.instagram.com\/bautizoycomunion\/","https:\/\/www.pinterest.es\/BautizoComunion\/","https:\/\/www.youtube.com\/user\/BautizoyComunionTV"]},{"@type":"Person","@id":"https:\/\/bautizoycomunion.com\/#\/schema\/person\/71b91ab759bf77b5348a2f95d85e8ba0","name":"publisher","image":{"@type":"ImageObject","inLanguage":"es","@id":"https:\/\/bautizoycomunion.com\/#\/schema\/person\/image\/","url":"https:\/\/secure.gravatar.com\/avatar\/b678a6a8c15d6fa37228489ffa29aff56590dfc95fbec3aa2c2f2cc9013b082f?s=96&d=mm&r=g","contentUrl":"https:\/\/secure.gravatar.com\/avatar\/b678a6a8c15d6fa37228489ffa29aff56590dfc95fbec3aa2c2f2cc9013b082f?s=96&d=mm&r=g","caption":"publisher"}}]}},"_links":{"self":[{"href":"https:\/\/bautizoycomunion.com\/index.php\/wp-json\/wp\/v2\/posts\/1792","targetHints":{"allow":["GET"]}}],"collection":[{"href":"https:\/\/bautizoycomunion.com\/index.php\/wp-json\/wp\/v2\/posts"}],"about":[{"href":"https:\/\/bautizoycomunion.com\/index.php\/wp-json\/wp\/v2\/types\/post"}],"author":[{"embeddable":true,"href":"https:\/\/bautizoycomunion.com\/index.php\/wp-json\/wp\/v2\/users\/3"}],"replies":[{"embeddable":true,"href":"https:\/\/bautizoycomunion.com\/index.php\/wp-json\/wp\/v2\/comments?post=1792"}],"version-history":[{"count":2,"href":"https:\/\/bautizoycomunion.com\/index.php\/wp-json\/wp\/v2\/posts\/1792\/revisions"}],"predecessor-version":[{"id":9323,"href":"https:\/\/bautizoycomunion.com\/index.php\/wp-json\/wp\/v2\/posts\/1792\/revisions\/9323"}],"wp:attachment":[{"href":"https:\/\/bautizoycomunion.com\/index.php\/wp-json\/wp\/v2\/media?parent=1792"}],"wp:term":[{"taxonomy":"category","embeddable":true,"href":"https:\/\/bautizoycomunion.com\/index.php\/wp-json\/wp\/v2\/categories?post=1792"},{"taxonomy":"post_tag","embeddable":true,"href":"https:\/\/bautizoycomunion.com\/index.php\/wp-json\/wp\/v2\/tags?post=1792"}],"curies":[{"name":"wp","href":"https:\/\/api.w.org\/{rel}","templated":true}]}}