{"id":2652,"date":"2012-05-30T10:39:29","date_gmt":"2012-05-30T08:39:29","guid":{"rendered":"http:\/\/bautizoycomunion.com\/?p=2652"},"modified":"2017-01-25T17:07:28","modified_gmt":"2017-01-25T16:07:28","slug":"regalos-para-bautizos-oso-y-osa-personalizada-con-el-nombre-y-la-fecha","status":"publish","type":"post","link":"https:\/\/bautizoycomunion.com\/index.php\/2012\/05\/30\/regalos-para-bautizos-oso-y-osa-personalizada-con-el-nombre-y-la-fecha\/","title":{"rendered":"Regalos para bautizos \u2013 oso y osa personalizada con el nombre y la fecha"},"content":{"rendered":"<p>Estamos en plena <strong>\u00e9poca de bautizos<\/strong> y si ten\u00e9is alg\u00fan bautizo a la vista y quer\u00e9is <strong>regalar algo especial y a la vez original<\/strong>, os recomendamos estos <strong>osos personalizados <\/strong>de<strong> <a href=\"http:\/\/www.elreciennacido.com\" target=\"_blank\">El Recien Nacido<\/a><\/strong>. Los hay para ni\u00f1as y ni\u00f1os, son grandes &#8211;\u00a0miden 38cm &#8211;\u00a0grises y super suaves y llevan ropita de lino en la que ponemos el <strong>nombre<\/strong> del beb\u00e9\u00a0y la <strong>fecha<\/strong> del bautizo. \u00bfOs gustan?<br \/>\n<a href=\"http:\/\/www.elreciennacido.com\/regalos-personalizados-bautizo\" target=\"_blank\"><img loading=\"lazy\" decoding=\"async\" class=\"wp-image-2653 size-full aligncenter\" title=\"regalos-para-un-bautizo\" src=\"http:\/\/bautizoycomunion.com\/wp-content\/uploads\/2012\/05\/regalos-para-un-bautizo.jpg\" alt=\"Regalos para un bautizo\" width=\"600\" height=\"300\" \/><\/a><\/p>\n<p>www.elreciennacido.com<\/p>\n","protected":false},"excerpt":{"rendered":"<p>Estamos en plena \u00e9poca de bautizos y si ten\u00e9is alg\u00fan bautizo a la vista y quer\u00e9is regalar algo especial y a la vez original, os recomendamos estos osos personalizados de El Recien Nacido. Los hay para ni\u00f1as y ni\u00f1os, son grandes &#8211;\u00a0miden 38cm &#8211;\u00a0grises y super suaves y llevan ropita &hellip; <a class=\"more-link\" href=\"https:\/\/bautizoycomunion.com\/index.php\/2012\/05\/30\/regalos-para-bautizos-oso-y-osa-personalizada-con-el-nombre-y-la-fecha\/\"><span class=\"more-msg\">Sigue leyendo &rarr;<\/span><\/a><\/p>\n","protected":false},"author":3,"featured_media":0,"comment_status":"open","ping_status":"open","sticky":false,"template":"","format":"standard","meta":{"footnotes":""},"categories":[12],"tags":[63,731,742],"class_list":["post-2652","post","type-post","status-publish","format-standard","hentry","category-regalos-para-bautizo","tag-bautizo","tag-regalo-bautizo","tag-regalo-personalizado"],"yoast_head":"<!-- This site is optimized with the Yoast SEO plugin v26.1.1 - https:\/\/yoast.com\/wordpress\/plugins\/seo\/ -->\n<title>Regalos para bautizos \u2013 oso y osa personalizada con el nombre y la fecha &#8211; Bautizo y Comunion<\/title>\n<meta name=\"robots\" content=\"index, follow, max-snippet:-1, max-image-preview:large, max-video-preview:-1\" \/>\n<link rel=\"canonical\" href=\"https:\/\/bautizoycomunion.com\/index.php\/2012\/05\/30\/regalos-para-bautizos-oso-y-osa-personalizada-con-el-nombre-y-la-fecha\/\" \/>\n<meta property=\"og:locale\" content=\"es_ES\" \/>\n<meta property=\"og:type\" content=\"article\" \/>\n<meta property=\"og:title\" content=\"Regalos para bautizos \u2013 oso y osa personalizada con el nombre y la fecha &#8211; Bautizo y Comunion\" \/>\n<meta property=\"og:description\" content=\"Estamos en plena \u00e9poca de bautizos y si ten\u00e9is alg\u00fan bautizo a la vista y quer\u00e9is regalar algo especial y a la vez original, os recomendamos estos osos personalizados de El Recien Nacido. Los hay para ni\u00f1as y ni\u00f1os, son grandes &#8211;\u00a0miden 38cm &#8211;\u00a0grises y super suaves y llevan ropita &hellip; Sigue leyendo &rarr;\" \/>\n<meta property=\"og:url\" content=\"https:\/\/bautizoycomunion.com\/index.php\/2012\/05\/30\/regalos-para-bautizos-oso-y-osa-personalizada-con-el-nombre-y-la-fecha\/\" \/>\n<meta property=\"og:site_name\" content=\"Bautizo y Comunion\" \/>\n<meta property=\"article:publisher\" content=\"https:\/\/www.facebook.com\/BautizosyComuniones\" \/>\n<meta property=\"article:published_time\" content=\"2012-05-30T08:39:29+00:00\" \/>\n<meta property=\"article:modified_time\" content=\"2017-01-25T16:07:28+00:00\" \/>\n<meta name=\"author\" content=\"publisher\" \/>\n<meta name=\"twitter:card\" content=\"summary_large_image\" \/>\n<meta name=\"twitter:creator\" content=\"@BautizoComunion\" \/>\n<meta name=\"twitter:site\" content=\"@BautizoComunion\" \/>\n<meta name=\"twitter:label1\" content=\"Escrito por\" \/>\n\t<meta name=\"twitter:data1\" content=\"publisher\" \/>\n<script type=\"application\/ld+json\" class=\"yoast-schema-graph\">{\"@context\":\"https:\/\/schema.org\",\"@graph\":[{\"@type\":\"Article\",\"@id\":\"https:\/\/bautizoycomunion.com\/index.php\/2012\/05\/30\/regalos-para-bautizos-oso-y-osa-personalizada-con-el-nombre-y-la-fecha\/#article\",\"isPartOf\":{\"@id\":\"https:\/\/bautizoycomunion.com\/index.php\/2012\/05\/30\/regalos-para-bautizos-oso-y-osa-personalizada-con-el-nombre-y-la-fecha\/\"},\"author\":{\"name\":\"publisher\",\"@id\":\"https:\/\/bautizoycomunion.com\/#\/schema\/person\/71b91ab759bf77b5348a2f95d85e8ba0\"},\"headline\":\"Regalos para bautizos \u2013 oso y osa personalizada con el nombre y la fecha\",\"datePublished\":\"2012-05-30T08:39:29+00:00\",\"dateModified\":\"2017-01-25T16:07:28+00:00\",\"mainEntityOfPage\":{\"@id\":\"https:\/\/bautizoycomunion.com\/index.php\/2012\/05\/30\/regalos-para-bautizos-oso-y-osa-personalizada-con-el-nombre-y-la-fecha\/\"},\"wordCount\":90,\"commentCount\":0,\"publisher\":{\"@id\":\"https:\/\/bautizoycomunion.com\/#organization\"},\"image\":{\"@id\":\"https:\/\/bautizoycomunion.com\/index.php\/2012\/05\/30\/regalos-para-bautizos-oso-y-osa-personalizada-con-el-nombre-y-la-fecha\/#primaryimage\"},\"thumbnailUrl\":\"http:\/\/bautizoycomunion.com\/wp-content\/uploads\/2012\/05\/regalos-para-un-bautizo.jpg\",\"keywords\":[\"bautizo\",\"regalo bautizo\",\"regalo personalizado\"],\"articleSection\":[\"Regalos para Bautizo\"],\"inLanguage\":\"es\",\"potentialAction\":[{\"@type\":\"CommentAction\",\"name\":\"Comment\",\"target\":[\"https:\/\/bautizoycomunion.com\/index.php\/2012\/05\/30\/regalos-para-bautizos-oso-y-osa-personalizada-con-el-nombre-y-la-fecha\/#respond\"]}]},{\"@type\":\"WebPage\",\"@id\":\"https:\/\/bautizoycomunion.com\/index.php\/2012\/05\/30\/regalos-para-bautizos-oso-y-osa-personalizada-con-el-nombre-y-la-fecha\/\",\"url\":\"https:\/\/bautizoycomunion.com\/index.php\/2012\/05\/30\/regalos-para-bautizos-oso-y-osa-personalizada-con-el-nombre-y-la-fecha\/\",\"name\":\"Regalos para bautizos \u2013 oso y osa personalizada con el nombre y la fecha &#8211; Bautizo y Comunion\",\"isPartOf\":{\"@id\":\"https:\/\/bautizoycomunion.com\/#website\"},\"primaryImageOfPage\":{\"@id\":\"https:\/\/bautizoycomunion.com\/index.php\/2012\/05\/30\/regalos-para-bautizos-oso-y-osa-personalizada-con-el-nombre-y-la-fecha\/#primaryimage\"},\"image\":{\"@id\":\"https:\/\/bautizoycomunion.com\/index.php\/2012\/05\/30\/regalos-para-bautizos-oso-y-osa-personalizada-con-el-nombre-y-la-fecha\/#primaryimage\"},\"thumbnailUrl\":\"http:\/\/bautizoycomunion.com\/wp-content\/uploads\/2012\/05\/regalos-para-un-bautizo.jpg\",\"datePublished\":\"2012-05-30T08:39:29+00:00\",\"dateModified\":\"2017-01-25T16:07:28+00:00\",\"breadcrumb\":{\"@id\":\"https:\/\/bautizoycomunion.com\/index.php\/2012\/05\/30\/regalos-para-bautizos-oso-y-osa-personalizada-con-el-nombre-y-la-fecha\/#breadcrumb\"},\"inLanguage\":\"es\",\"potentialAction\":[{\"@type\":\"ReadAction\",\"target\":[\"https:\/\/bautizoycomunion.com\/index.php\/2012\/05\/30\/regalos-para-bautizos-oso-y-osa-personalizada-con-el-nombre-y-la-fecha\/\"]}]},{\"@type\":\"ImageObject\",\"inLanguage\":\"es\",\"@id\":\"https:\/\/bautizoycomunion.com\/index.php\/2012\/05\/30\/regalos-para-bautizos-oso-y-osa-personalizada-con-el-nombre-y-la-fecha\/#primaryimage\",\"url\":\"\",\"contentUrl\":\"\"},{\"@type\":\"BreadcrumbList\",\"@id\":\"https:\/\/bautizoycomunion.com\/index.php\/2012\/05\/30\/regalos-para-bautizos-oso-y-osa-personalizada-con-el-nombre-y-la-fecha\/#breadcrumb\",\"itemListElement\":[{\"@type\":\"ListItem\",\"position\":1,\"name\":\"Portada\",\"item\":\"https:\/\/bautizoycomunion.com\/\"},{\"@type\":\"ListItem\",\"position\":2,\"name\":\"Regalos para bautizos \u2013 oso y osa personalizada con el nombre y la fecha\"}]},{\"@type\":\"WebSite\",\"@id\":\"https:\/\/bautizoycomunion.com\/#website\",\"url\":\"https:\/\/bautizoycomunion.com\/\",\"name\":\"Bautizo y Comunion\",\"description\":\"\",\"publisher\":{\"@id\":\"https:\/\/bautizoycomunion.com\/#organization\"},\"potentialAction\":[{\"@type\":\"SearchAction\",\"target\":{\"@type\":\"EntryPoint\",\"urlTemplate\":\"https:\/\/bautizoycomunion.com\/?s={search_term_string}\"},\"query-input\":{\"@type\":\"PropertyValueSpecification\",\"valueRequired\":true,\"valueName\":\"search_term_string\"}}],\"inLanguage\":\"es\"},{\"@type\":\"Organization\",\"@id\":\"https:\/\/bautizoycomunion.com\/#organization\",\"name\":\"Bautizo y Comunion\",\"url\":\"https:\/\/bautizoycomunion.com\/\",\"logo\":{\"@type\":\"ImageObject\",\"inLanguage\":\"es\",\"@id\":\"https:\/\/bautizoycomunion.com\/#\/schema\/logo\/image\/\",\"url\":\"https:\/\/bautizoycomunion.com\/wp-content\/uploads\/2020\/02\/logo-bautizo-y-comunion.jpg\",\"contentUrl\":\"https:\/\/bautizoycomunion.com\/wp-content\/uploads\/2020\/02\/logo-bautizo-y-comunion.jpg\",\"width\":128,\"height\":128,\"caption\":\"Bautizo y Comunion\"},\"image\":{\"@id\":\"https:\/\/bautizoycomunion.com\/#\/schema\/logo\/image\/\"},\"sameAs\":[\"https:\/\/www.facebook.com\/BautizosyComuniones\",\"https:\/\/x.com\/BautizoComunion\",\"https:\/\/www.instagram.com\/bautizoycomunion\/\",\"https:\/\/www.pinterest.es\/BautizoComunion\/\",\"https:\/\/www.youtube.com\/user\/BautizoyComunionTV\"]},{\"@type\":\"Person\",\"@id\":\"https:\/\/bautizoycomunion.com\/#\/schema\/person\/71b91ab759bf77b5348a2f95d85e8ba0\",\"name\":\"publisher\",\"image\":{\"@type\":\"ImageObject\",\"inLanguage\":\"es\",\"@id\":\"https:\/\/bautizoycomunion.com\/#\/schema\/person\/image\/\",\"url\":\"https:\/\/secure.gravatar.com\/avatar\/b678a6a8c15d6fa37228489ffa29aff56590dfc95fbec3aa2c2f2cc9013b082f?s=96&d=mm&r=g\",\"contentUrl\":\"https:\/\/secure.gravatar.com\/avatar\/b678a6a8c15d6fa37228489ffa29aff56590dfc95fbec3aa2c2f2cc9013b082f?s=96&d=mm&r=g\",\"caption\":\"publisher\"}}]}<\/script>\n<!-- \/ Yoast SEO plugin. -->","yoast_head_json":{"title":"Regalos para bautizos \u2013 oso y osa personalizada con el nombre y la fecha &#8211; Bautizo y Comunion","robots":{"index":"index","follow":"follow","max-snippet":"max-snippet:-1","max-image-preview":"max-image-preview:large","max-video-preview":"max-video-preview:-1"},"canonical":"https:\/\/bautizoycomunion.com\/index.php\/2012\/05\/30\/regalos-para-bautizos-oso-y-osa-personalizada-con-el-nombre-y-la-fecha\/","og_locale":"es_ES","og_type":"article","og_title":"Regalos para bautizos \u2013 oso y osa personalizada con el nombre y la fecha &#8211; Bautizo y Comunion","og_description":"Estamos en plena \u00e9poca de bautizos y si ten\u00e9is alg\u00fan bautizo a la vista y quer\u00e9is regalar algo especial y a la vez original, os recomendamos estos osos personalizados de El Recien Nacido. Los hay para ni\u00f1as y ni\u00f1os, son grandes &#8211;\u00a0miden 38cm &#8211;\u00a0grises y super suaves y llevan ropita &hellip; Sigue leyendo &rarr;","og_url":"https:\/\/bautizoycomunion.com\/index.php\/2012\/05\/30\/regalos-para-bautizos-oso-y-osa-personalizada-con-el-nombre-y-la-fecha\/","og_site_name":"Bautizo y Comunion","article_publisher":"https:\/\/www.facebook.com\/BautizosyComuniones","article_published_time":"2012-05-30T08:39:29+00:00","article_modified_time":"2017-01-25T16:07:28+00:00","author":"publisher","twitter_card":"summary_large_image","twitter_creator":"@BautizoComunion","twitter_site":"@BautizoComunion","twitter_misc":{"Escrito por":"publisher"},"schema":{"@context":"https:\/\/schema.org","@graph":[{"@type":"Article","@id":"https:\/\/bautizoycomunion.com\/index.php\/2012\/05\/30\/regalos-para-bautizos-oso-y-osa-personalizada-con-el-nombre-y-la-fecha\/#article","isPartOf":{"@id":"https:\/\/bautizoycomunion.com\/index.php\/2012\/05\/30\/regalos-para-bautizos-oso-y-osa-personalizada-con-el-nombre-y-la-fecha\/"},"author":{"name":"publisher","@id":"https:\/\/bautizoycomunion.com\/#\/schema\/person\/71b91ab759bf77b5348a2f95d85e8ba0"},"headline":"Regalos para bautizos \u2013 oso y osa personalizada con el nombre y la fecha","datePublished":"2012-05-30T08:39:29+00:00","dateModified":"2017-01-25T16:07:28+00:00","mainEntityOfPage":{"@id":"https:\/\/bautizoycomunion.com\/index.php\/2012\/05\/30\/regalos-para-bautizos-oso-y-osa-personalizada-con-el-nombre-y-la-fecha\/"},"wordCount":90,"commentCount":0,"publisher":{"@id":"https:\/\/bautizoycomunion.com\/#organization"},"image":{"@id":"https:\/\/bautizoycomunion.com\/index.php\/2012\/05\/30\/regalos-para-bautizos-oso-y-osa-personalizada-con-el-nombre-y-la-fecha\/#primaryimage"},"thumbnailUrl":"http:\/\/bautizoycomunion.com\/wp-content\/uploads\/2012\/05\/regalos-para-un-bautizo.jpg","keywords":["bautizo","regalo bautizo","regalo personalizado"],"articleSection":["Regalos para Bautizo"],"inLanguage":"es","potentialAction":[{"@type":"CommentAction","name":"Comment","target":["https:\/\/bautizoycomunion.com\/index.php\/2012\/05\/30\/regalos-para-bautizos-oso-y-osa-personalizada-con-el-nombre-y-la-fecha\/#respond"]}]},{"@type":"WebPage","@id":"https:\/\/bautizoycomunion.com\/index.php\/2012\/05\/30\/regalos-para-bautizos-oso-y-osa-personalizada-con-el-nombre-y-la-fecha\/","url":"https:\/\/bautizoycomunion.com\/index.php\/2012\/05\/30\/regalos-para-bautizos-oso-y-osa-personalizada-con-el-nombre-y-la-fecha\/","name":"Regalos para bautizos \u2013 oso y osa personalizada con el nombre y la fecha &#8211; Bautizo y Comunion","isPartOf":{"@id":"https:\/\/bautizoycomunion.com\/#website"},"primaryImageOfPage":{"@id":"https:\/\/bautizoycomunion.com\/index.php\/2012\/05\/30\/regalos-para-bautizos-oso-y-osa-personalizada-con-el-nombre-y-la-fecha\/#primaryimage"},"image":{"@id":"https:\/\/bautizoycomunion.com\/index.php\/2012\/05\/30\/regalos-para-bautizos-oso-y-osa-personalizada-con-el-nombre-y-la-fecha\/#primaryimage"},"thumbnailUrl":"http:\/\/bautizoycomunion.com\/wp-content\/uploads\/2012\/05\/regalos-para-un-bautizo.jpg","datePublished":"2012-05-30T08:39:29+00:00","dateModified":"2017-01-25T16:07:28+00:00","breadcrumb":{"@id":"https:\/\/bautizoycomunion.com\/index.php\/2012\/05\/30\/regalos-para-bautizos-oso-y-osa-personalizada-con-el-nombre-y-la-fecha\/#breadcrumb"},"inLanguage":"es","potentialAction":[{"@type":"ReadAction","target":["https:\/\/bautizoycomunion.com\/index.php\/2012\/05\/30\/regalos-para-bautizos-oso-y-osa-personalizada-con-el-nombre-y-la-fecha\/"]}]},{"@type":"ImageObject","inLanguage":"es","@id":"https:\/\/bautizoycomunion.com\/index.php\/2012\/05\/30\/regalos-para-bautizos-oso-y-osa-personalizada-con-el-nombre-y-la-fecha\/#primaryimage","url":"","contentUrl":""},{"@type":"BreadcrumbList","@id":"https:\/\/bautizoycomunion.com\/index.php\/2012\/05\/30\/regalos-para-bautizos-oso-y-osa-personalizada-con-el-nombre-y-la-fecha\/#breadcrumb","itemListElement":[{"@type":"ListItem","position":1,"name":"Portada","item":"https:\/\/bautizoycomunion.com\/"},{"@type":"ListItem","position":2,"name":"Regalos para bautizos \u2013 oso y osa personalizada con el nombre y la fecha"}]},{"@type":"WebSite","@id":"https:\/\/bautizoycomunion.com\/#website","url":"https:\/\/bautizoycomunion.com\/","name":"Bautizo y Comunion","description":"","publisher":{"@id":"https:\/\/bautizoycomunion.com\/#organization"},"potentialAction":[{"@type":"SearchAction","target":{"@type":"EntryPoint","urlTemplate":"https:\/\/bautizoycomunion.com\/?s={search_term_string}"},"query-input":{"@type":"PropertyValueSpecification","valueRequired":true,"valueName":"search_term_string"}}],"inLanguage":"es"},{"@type":"Organization","@id":"https:\/\/bautizoycomunion.com\/#organization","name":"Bautizo y Comunion","url":"https:\/\/bautizoycomunion.com\/","logo":{"@type":"ImageObject","inLanguage":"es","@id":"https:\/\/bautizoycomunion.com\/#\/schema\/logo\/image\/","url":"https:\/\/bautizoycomunion.com\/wp-content\/uploads\/2020\/02\/logo-bautizo-y-comunion.jpg","contentUrl":"https:\/\/bautizoycomunion.com\/wp-content\/uploads\/2020\/02\/logo-bautizo-y-comunion.jpg","width":128,"height":128,"caption":"Bautizo y Comunion"},"image":{"@id":"https:\/\/bautizoycomunion.com\/#\/schema\/logo\/image\/"},"sameAs":["https:\/\/www.facebook.com\/BautizosyComuniones","https:\/\/x.com\/BautizoComunion","https:\/\/www.instagram.com\/bautizoycomunion\/","https:\/\/www.pinterest.es\/BautizoComunion\/","https:\/\/www.youtube.com\/user\/BautizoyComunionTV"]},{"@type":"Person","@id":"https:\/\/bautizoycomunion.com\/#\/schema\/person\/71b91ab759bf77b5348a2f95d85e8ba0","name":"publisher","image":{"@type":"ImageObject","inLanguage":"es","@id":"https:\/\/bautizoycomunion.com\/#\/schema\/person\/image\/","url":"https:\/\/secure.gravatar.com\/avatar\/b678a6a8c15d6fa37228489ffa29aff56590dfc95fbec3aa2c2f2cc9013b082f?s=96&d=mm&r=g","contentUrl":"https:\/\/secure.gravatar.com\/avatar\/b678a6a8c15d6fa37228489ffa29aff56590dfc95fbec3aa2c2f2cc9013b082f?s=96&d=mm&r=g","caption":"publisher"}}]}},"_links":{"self":[{"href":"https:\/\/bautizoycomunion.com\/index.php\/wp-json\/wp\/v2\/posts\/2652","targetHints":{"allow":["GET"]}}],"collection":[{"href":"https:\/\/bautizoycomunion.com\/index.php\/wp-json\/wp\/v2\/posts"}],"about":[{"href":"https:\/\/bautizoycomunion.com\/index.php\/wp-json\/wp\/v2\/types\/post"}],"author":[{"embeddable":true,"href":"https:\/\/bautizoycomunion.com\/index.php\/wp-json\/wp\/v2\/users\/3"}],"replies":[{"embeddable":true,"href":"https:\/\/bautizoycomunion.com\/index.php\/wp-json\/wp\/v2\/comments?post=2652"}],"version-history":[{"count":2,"href":"https:\/\/bautizoycomunion.com\/index.php\/wp-json\/wp\/v2\/posts\/2652\/revisions"}],"predecessor-version":[{"id":8102,"href":"https:\/\/bautizoycomunion.com\/index.php\/wp-json\/wp\/v2\/posts\/2652\/revisions\/8102"}],"wp:attachment":[{"href":"https:\/\/bautizoycomunion.com\/index.php\/wp-json\/wp\/v2\/media?parent=2652"}],"wp:term":[{"taxonomy":"category","embeddable":true,"href":"https:\/\/bautizoycomunion.com\/index.php\/wp-json\/wp\/v2\/categories?post=2652"},{"taxonomy":"post_tag","embeddable":true,"href":"https:\/\/bautizoycomunion.com\/index.php\/wp-json\/wp\/v2\/tags?post=2652"}],"curies":[{"name":"wp","href":"https:\/\/api.w.org\/{rel}","templated":true}]}}