{"id":3098,"date":"2013-01-25T08:45:50","date_gmt":"2013-01-25T07:45:50","guid":{"rendered":"http:\/\/bautizoycomunion.com\/?p=3098"},"modified":"2013-01-25T08:45:50","modified_gmt":"2013-01-25T07:45:50","slug":"recordatorios-de-comunion-personalizados","status":"publish","type":"post","link":"https:\/\/bautizoycomunion.com\/index.php\/2013\/01\/25\/recordatorios-de-comunion-personalizados\/","title":{"rendered":"Recordatorios de Comuni\u00f3n personalizados"},"content":{"rendered":"<p style=\"text-align: justify;\"><span style=\"text-align: justify;\">Hoy voy a hablaros de recordatorios, algo s\u00faper importante a la hora de preparar una Comuni\u00f3n, nunca faltan. Costumbre, tradici\u00f3n, lo cierto es que las mam\u00e1s ponen especial atenci\u00f3n y cari\u00f1o a la hora de elegirlos porque quieren que sus invitados, familiares y amigos, se lleven un recuerdo muy especial de ese d\u00eda tan significativo en la vida de sus hijos.<\/span><\/p>\n<p style=\"text-align: justify;\">Los hay de todo tipo pero la propuesta que os presento hoy es sin duda \u00fanica, original y sobre todo muy personal. En <strong><a title=\"Reojo\" href=\"http:\/\/www.reojo.es\/\" target=\"_blank\">Reojo<\/a><\/strong>\u00a0y de\u00a0la mano de\u00a0<em><a href=\"http:\/\/aumannydelarocha.blogspot.com.es\/\" target=\"_blank\">Marta De La Rocha<\/a><\/em>, a quien conozco personalmente y he de reconocer que me encanta su trabajo, os traigo unos <strong>recordatorios de Comuni\u00f3n realmente personalizados.\u00a0<\/strong>Admiro la capacidad art\u00edstica de Marta, y cuando ve\u00e1is las fotos que os he tra\u00eddo entender\u00e9is porqu\u00e9 lo digo&#8230;<\/p>\n<p style=\"text-align: justify;\"><strong><\/strong>Los recordatorios se realizan a partir de un retrato original pintado a l\u00e1piz o acuarela, que posteriormente se digitaliza para hacer los recordatorios. Los precios son bastante econ\u00f3micos y adem\u00e1s os llev\u00e1is <strong>de regalo la acuarela o dibujo original<\/strong>, \u00a1no me dig\u00e1is que no est\u00e1 genial!<\/p>\n<p style=\"text-align: center;\"><a href=\"http:\/\/bautizoycomunion.com\/wp-content\/uploads\/2013\/01\/Diapositiva16.jpg\"><img loading=\"lazy\" decoding=\"async\" class=\"aligncenter  wp-image-3345\" title=\"Recordatorios de Comuni\u00f3n personalizados\" src=\"http:\/\/bautizoycomunion.com\/wp-content\/uploads\/2013\/01\/Diapositiva16.jpg\" alt=\"Recordatorios de Comuni\u00f3n pintados a mano\" width=\"648\" height=\"486\" \/><\/a><a href=\"http:\/\/bautizoycomunion.com\/wp-content\/uploads\/2013\/01\/Diapositiva15.jpg\"><img loading=\"lazy\" decoding=\"async\" class=\"aligncenter  wp-image-3342\" title=\"Recordatorios de Comuni\u00f3n personalizados\" src=\"http:\/\/bautizoycomunion.com\/wp-content\/uploads\/2013\/01\/Diapositiva15.jpg\" alt=\"Recordatorios de Comuni\u00f3n pintados a mano\" width=\"648\" height=\"486\" \/><\/a><\/p>\n<p style=\"text-align: justify;\">En <a href=\"http:\/\/www.reojo.es\/\" target=\"_blank\">Reojo<\/a> pod\u00e9is personalizar vuestros recordatorios de Comuni\u00f3n a\u00fan m\u00e1s a\u00f1adiendo los personajes favoritos de vuestros hijos, detalles de angelitos, iglesias, etc&#8230; \u00bfqu\u00e9 os parecen, os han gustado?\u00a0A mi me parecen\u00a0una monada&#8230;<\/p>\n<p style=\"text-align: center;\"><a href=\"http:\/\/bautizoycomunion.com\/wp-content\/uploads\/2013\/01\/Diapositiva16.jpg\"><img loading=\"lazy\" decoding=\"async\" class=\"aligncenter  wp-image-3340\" title=\"Recordatorios de Comuni\u00f3n pintados a mano\" src=\"http:\/\/bautizoycomunion.com\/wp-content\/uploads\/2013\/01\/Diapositiva14.jpg\" alt=\"Recordatorios de Comuni\u00f3n personalizados\" width=\"648\" height=\"486\" \/><\/a><\/p>\n<p style=\"text-align: center;\"><a style=\"text-align: start;\" href=\"http:\/\/bautizoycomunion.com\/wp-content\/uploads\/2013\/01\/Diapositiva17.jpg\"><img loading=\"lazy\" decoding=\"async\" class=\"aligncenter  wp-image-3350\" title=\"Recordatorios de Comuni\u00f3n pintados a mano\" src=\"http:\/\/bautizoycomunion.com\/wp-content\/uploads\/2013\/01\/Diapositiva17.jpg\" alt=\"Recordatorios de Comuni\u00f3n personalizados\" width=\"648\" height=\"486\" \/><\/a><\/p>\n<p style=\"text-align: justify;\">Adem\u00e1s de recordatorios, en <a href=\"http:\/\/www.reojo.es\/\" target=\"_blank\">Reojo<\/a> tambi\u00e9n encontrar\u00e9is invitaciones, marca-p\u00e1ginas, retratos, dibujos, mil ideas con las que personalizar ese d\u00eda tan especial.<\/p>\n<p style=\"text-align: justify;\">\u00a1A qu\u00e9 est\u00e1is esperando!<\/p>\n<address>C\/ Orellana, 5<\/address>\n<address>28004 Madrid \u00a0<\/address>\n<address>\u00a0<\/address>\n<address>Tel: 34 91 391 51 85\/ 636542213<\/address>\n<address>\u00a0<\/address>\n<address><a href=\"http:\/\/www.reojo.es\/\">www.reojo.es<\/a><\/address>\n<address>e-mail: marta@reojo.es<\/address>\n","protected":false},"excerpt":{"rendered":"<p>Hoy voy a hablaros de recordatorios, algo s\u00faper importante a la hora de preparar una Comuni\u00f3n, nunca faltan. Costumbre, tradici\u00f3n, lo cierto es que las mam\u00e1s ponen especial atenci\u00f3n y cari\u00f1o a la hora de elegirlos porque quieren que sus invitados, familiares y amigos, se lleven un recuerdo muy especial &hellip; <a class=\"more-link\" href=\"https:\/\/bautizoycomunion.com\/index.php\/2013\/01\/25\/recordatorios-de-comunion-personalizados\/\"><span class=\"more-msg\">Sigue leyendo &rarr;<\/span><\/a><\/p>\n","protected":false},"author":3,"featured_media":0,"comment_status":"closed","ping_status":"closed","sticky":false,"template":"","format":"standard","meta":{"footnotes":""},"categories":[11,13,16],"tags":[726,772,793],"class_list":["post-3098","post","type-post","status-publish","format-standard","hentry","category-detalles-para-invitados-y-recordatorios","category-regalos-para-comunion","category-uncategorized","tag-recordatorios-personalizados-de-comunion","tag-regalos-personales-de-comunion","tag-retratos-pintados-a-mano"],"yoast_head":"<!-- This site is optimized with the Yoast SEO plugin v26.1.1 - https:\/\/yoast.com\/wordpress\/plugins\/seo\/ -->\n<title>Recordatorios de Comuni\u00f3n personalizados &#8211; Bautizo y Comunion<\/title>\n<meta name=\"robots\" content=\"index, follow, max-snippet:-1, max-image-preview:large, max-video-preview:-1\" \/>\n<link rel=\"canonical\" href=\"https:\/\/bautizoycomunion.com\/index.php\/2013\/01\/25\/recordatorios-de-comunion-personalizados\/\" \/>\n<meta property=\"og:locale\" content=\"es_ES\" \/>\n<meta property=\"og:type\" content=\"article\" \/>\n<meta property=\"og:title\" content=\"Recordatorios de Comuni\u00f3n personalizados &#8211; Bautizo y Comunion\" \/>\n<meta property=\"og:description\" content=\"Hoy voy a hablaros de recordatorios, algo s\u00faper importante a la hora de preparar una Comuni\u00f3n, nunca faltan. Costumbre, tradici\u00f3n, lo cierto es que las mam\u00e1s ponen especial atenci\u00f3n y cari\u00f1o a la hora de elegirlos porque quieren que sus invitados, familiares y amigos, se lleven un recuerdo muy especial &hellip; Sigue leyendo &rarr;\" \/>\n<meta property=\"og:url\" content=\"https:\/\/bautizoycomunion.com\/index.php\/2013\/01\/25\/recordatorios-de-comunion-personalizados\/\" \/>\n<meta property=\"og:site_name\" content=\"Bautizo y Comunion\" \/>\n<meta property=\"article:publisher\" content=\"https:\/\/www.facebook.com\/BautizosyComuniones\" \/>\n<meta property=\"article:published_time\" content=\"2013-01-25T07:45:50+00:00\" \/>\n<meta name=\"author\" content=\"publisher\" \/>\n<meta name=\"twitter:card\" content=\"summary_large_image\" \/>\n<meta name=\"twitter:creator\" content=\"@BautizoComunion\" \/>\n<meta name=\"twitter:site\" content=\"@BautizoComunion\" \/>\n<meta name=\"twitter:label1\" content=\"Escrito por\" \/>\n\t<meta name=\"twitter:data1\" content=\"publisher\" \/>\n\t<meta name=\"twitter:label2\" content=\"Tiempo de lectura\" \/>\n\t<meta name=\"twitter:data2\" content=\"1 minuto\" \/>\n<script type=\"application\/ld+json\" class=\"yoast-schema-graph\">{\"@context\":\"https:\/\/schema.org\",\"@graph\":[{\"@type\":\"Article\",\"@id\":\"https:\/\/bautizoycomunion.com\/index.php\/2013\/01\/25\/recordatorios-de-comunion-personalizados\/#article\",\"isPartOf\":{\"@id\":\"https:\/\/bautizoycomunion.com\/index.php\/2013\/01\/25\/recordatorios-de-comunion-personalizados\/\"},\"author\":{\"name\":\"publisher\",\"@id\":\"https:\/\/bautizoycomunion.com\/#\/schema\/person\/71b91ab759bf77b5348a2f95d85e8ba0\"},\"headline\":\"Recordatorios de Comuni\u00f3n personalizados\",\"datePublished\":\"2013-01-25T07:45:50+00:00\",\"mainEntityOfPage\":{\"@id\":\"https:\/\/bautizoycomunion.com\/index.php\/2013\/01\/25\/recordatorios-de-comunion-personalizados\/\"},\"wordCount\":283,\"publisher\":{\"@id\":\"https:\/\/bautizoycomunion.com\/#organization\"},\"image\":{\"@id\":\"https:\/\/bautizoycomunion.com\/index.php\/2013\/01\/25\/recordatorios-de-comunion-personalizados\/#primaryimage\"},\"thumbnailUrl\":\"http:\/\/bautizoycomunion.com\/wp-content\/uploads\/2013\/01\/Diapositiva16.jpg\",\"keywords\":[\"Recordatorios personalizados de Comuni\u00f3n\",\"regalos personales de Comuni\u00f3n\",\"Retratos pintados a mano\"],\"articleSection\":[\"Detalles para invitados y recordatorios de Comuni\u00f3n\",\"Regalos para Comuni\u00f3n\",\"Todas las entradas\"],\"inLanguage\":\"es\"},{\"@type\":\"WebPage\",\"@id\":\"https:\/\/bautizoycomunion.com\/index.php\/2013\/01\/25\/recordatorios-de-comunion-personalizados\/\",\"url\":\"https:\/\/bautizoycomunion.com\/index.php\/2013\/01\/25\/recordatorios-de-comunion-personalizados\/\",\"name\":\"Recordatorios de Comuni\u00f3n personalizados &#8211; Bautizo y Comunion\",\"isPartOf\":{\"@id\":\"https:\/\/bautizoycomunion.com\/#website\"},\"primaryImageOfPage\":{\"@id\":\"https:\/\/bautizoycomunion.com\/index.php\/2013\/01\/25\/recordatorios-de-comunion-personalizados\/#primaryimage\"},\"image\":{\"@id\":\"https:\/\/bautizoycomunion.com\/index.php\/2013\/01\/25\/recordatorios-de-comunion-personalizados\/#primaryimage\"},\"thumbnailUrl\":\"http:\/\/bautizoycomunion.com\/wp-content\/uploads\/2013\/01\/Diapositiva16.jpg\",\"datePublished\":\"2013-01-25T07:45:50+00:00\",\"breadcrumb\":{\"@id\":\"https:\/\/bautizoycomunion.com\/index.php\/2013\/01\/25\/recordatorios-de-comunion-personalizados\/#breadcrumb\"},\"inLanguage\":\"es\",\"potentialAction\":[{\"@type\":\"ReadAction\",\"target\":[\"https:\/\/bautizoycomunion.com\/index.php\/2013\/01\/25\/recordatorios-de-comunion-personalizados\/\"]}]},{\"@type\":\"ImageObject\",\"inLanguage\":\"es\",\"@id\":\"https:\/\/bautizoycomunion.com\/index.php\/2013\/01\/25\/recordatorios-de-comunion-personalizados\/#primaryimage\",\"url\":\"http:\/\/bautizoycomunion.com\/wp-content\/uploads\/2013\/01\/Diapositiva16.jpg\",\"contentUrl\":\"http:\/\/bautizoycomunion.com\/wp-content\/uploads\/2013\/01\/Diapositiva16.jpg\"},{\"@type\":\"BreadcrumbList\",\"@id\":\"https:\/\/bautizoycomunion.com\/index.php\/2013\/01\/25\/recordatorios-de-comunion-personalizados\/#breadcrumb\",\"itemListElement\":[{\"@type\":\"ListItem\",\"position\":1,\"name\":\"Portada\",\"item\":\"https:\/\/bautizoycomunion.com\/\"},{\"@type\":\"ListItem\",\"position\":2,\"name\":\"Recordatorios de Comuni\u00f3n personalizados\"}]},{\"@type\":\"WebSite\",\"@id\":\"https:\/\/bautizoycomunion.com\/#website\",\"url\":\"https:\/\/bautizoycomunion.com\/\",\"name\":\"Bautizo y Comunion\",\"description\":\"\",\"publisher\":{\"@id\":\"https:\/\/bautizoycomunion.com\/#organization\"},\"potentialAction\":[{\"@type\":\"SearchAction\",\"target\":{\"@type\":\"EntryPoint\",\"urlTemplate\":\"https:\/\/bautizoycomunion.com\/?s={search_term_string}\"},\"query-input\":{\"@type\":\"PropertyValueSpecification\",\"valueRequired\":true,\"valueName\":\"search_term_string\"}}],\"inLanguage\":\"es\"},{\"@type\":\"Organization\",\"@id\":\"https:\/\/bautizoycomunion.com\/#organization\",\"name\":\"Bautizo y Comunion\",\"url\":\"https:\/\/bautizoycomunion.com\/\",\"logo\":{\"@type\":\"ImageObject\",\"inLanguage\":\"es\",\"@id\":\"https:\/\/bautizoycomunion.com\/#\/schema\/logo\/image\/\",\"url\":\"https:\/\/bautizoycomunion.com\/wp-content\/uploads\/2020\/02\/logo-bautizo-y-comunion.jpg\",\"contentUrl\":\"https:\/\/bautizoycomunion.com\/wp-content\/uploads\/2020\/02\/logo-bautizo-y-comunion.jpg\",\"width\":128,\"height\":128,\"caption\":\"Bautizo y Comunion\"},\"image\":{\"@id\":\"https:\/\/bautizoycomunion.com\/#\/schema\/logo\/image\/\"},\"sameAs\":[\"https:\/\/www.facebook.com\/BautizosyComuniones\",\"https:\/\/x.com\/BautizoComunion\",\"https:\/\/www.instagram.com\/bautizoycomunion\/\",\"https:\/\/www.pinterest.es\/BautizoComunion\/\",\"https:\/\/www.youtube.com\/user\/BautizoyComunionTV\"]},{\"@type\":\"Person\",\"@id\":\"https:\/\/bautizoycomunion.com\/#\/schema\/person\/71b91ab759bf77b5348a2f95d85e8ba0\",\"name\":\"publisher\",\"image\":{\"@type\":\"ImageObject\",\"inLanguage\":\"es\",\"@id\":\"https:\/\/bautizoycomunion.com\/#\/schema\/person\/image\/\",\"url\":\"https:\/\/secure.gravatar.com\/avatar\/b678a6a8c15d6fa37228489ffa29aff56590dfc95fbec3aa2c2f2cc9013b082f?s=96&d=mm&r=g\",\"contentUrl\":\"https:\/\/secure.gravatar.com\/avatar\/b678a6a8c15d6fa37228489ffa29aff56590dfc95fbec3aa2c2f2cc9013b082f?s=96&d=mm&r=g\",\"caption\":\"publisher\"}}]}<\/script>\n<!-- \/ Yoast SEO plugin. -->","yoast_head_json":{"title":"Recordatorios de Comuni\u00f3n personalizados &#8211; Bautizo y Comunion","robots":{"index":"index","follow":"follow","max-snippet":"max-snippet:-1","max-image-preview":"max-image-preview:large","max-video-preview":"max-video-preview:-1"},"canonical":"https:\/\/bautizoycomunion.com\/index.php\/2013\/01\/25\/recordatorios-de-comunion-personalizados\/","og_locale":"es_ES","og_type":"article","og_title":"Recordatorios de Comuni\u00f3n personalizados &#8211; Bautizo y Comunion","og_description":"Hoy voy a hablaros de recordatorios, algo s\u00faper importante a la hora de preparar una Comuni\u00f3n, nunca faltan. Costumbre, tradici\u00f3n, lo cierto es que las mam\u00e1s ponen especial atenci\u00f3n y cari\u00f1o a la hora de elegirlos porque quieren que sus invitados, familiares y amigos, se lleven un recuerdo muy especial &hellip; Sigue leyendo &rarr;","og_url":"https:\/\/bautizoycomunion.com\/index.php\/2013\/01\/25\/recordatorios-de-comunion-personalizados\/","og_site_name":"Bautizo y Comunion","article_publisher":"https:\/\/www.facebook.com\/BautizosyComuniones","article_published_time":"2013-01-25T07:45:50+00:00","author":"publisher","twitter_card":"summary_large_image","twitter_creator":"@BautizoComunion","twitter_site":"@BautizoComunion","twitter_misc":{"Escrito por":"publisher","Tiempo de lectura":"1 minuto"},"schema":{"@context":"https:\/\/schema.org","@graph":[{"@type":"Article","@id":"https:\/\/bautizoycomunion.com\/index.php\/2013\/01\/25\/recordatorios-de-comunion-personalizados\/#article","isPartOf":{"@id":"https:\/\/bautizoycomunion.com\/index.php\/2013\/01\/25\/recordatorios-de-comunion-personalizados\/"},"author":{"name":"publisher","@id":"https:\/\/bautizoycomunion.com\/#\/schema\/person\/71b91ab759bf77b5348a2f95d85e8ba0"},"headline":"Recordatorios de Comuni\u00f3n personalizados","datePublished":"2013-01-25T07:45:50+00:00","mainEntityOfPage":{"@id":"https:\/\/bautizoycomunion.com\/index.php\/2013\/01\/25\/recordatorios-de-comunion-personalizados\/"},"wordCount":283,"publisher":{"@id":"https:\/\/bautizoycomunion.com\/#organization"},"image":{"@id":"https:\/\/bautizoycomunion.com\/index.php\/2013\/01\/25\/recordatorios-de-comunion-personalizados\/#primaryimage"},"thumbnailUrl":"http:\/\/bautizoycomunion.com\/wp-content\/uploads\/2013\/01\/Diapositiva16.jpg","keywords":["Recordatorios personalizados de Comuni\u00f3n","regalos personales de Comuni\u00f3n","Retratos pintados a mano"],"articleSection":["Detalles para invitados y recordatorios de Comuni\u00f3n","Regalos para Comuni\u00f3n","Todas las entradas"],"inLanguage":"es"},{"@type":"WebPage","@id":"https:\/\/bautizoycomunion.com\/index.php\/2013\/01\/25\/recordatorios-de-comunion-personalizados\/","url":"https:\/\/bautizoycomunion.com\/index.php\/2013\/01\/25\/recordatorios-de-comunion-personalizados\/","name":"Recordatorios de Comuni\u00f3n personalizados &#8211; Bautizo y Comunion","isPartOf":{"@id":"https:\/\/bautizoycomunion.com\/#website"},"primaryImageOfPage":{"@id":"https:\/\/bautizoycomunion.com\/index.php\/2013\/01\/25\/recordatorios-de-comunion-personalizados\/#primaryimage"},"image":{"@id":"https:\/\/bautizoycomunion.com\/index.php\/2013\/01\/25\/recordatorios-de-comunion-personalizados\/#primaryimage"},"thumbnailUrl":"http:\/\/bautizoycomunion.com\/wp-content\/uploads\/2013\/01\/Diapositiva16.jpg","datePublished":"2013-01-25T07:45:50+00:00","breadcrumb":{"@id":"https:\/\/bautizoycomunion.com\/index.php\/2013\/01\/25\/recordatorios-de-comunion-personalizados\/#breadcrumb"},"inLanguage":"es","potentialAction":[{"@type":"ReadAction","target":["https:\/\/bautizoycomunion.com\/index.php\/2013\/01\/25\/recordatorios-de-comunion-personalizados\/"]}]},{"@type":"ImageObject","inLanguage":"es","@id":"https:\/\/bautizoycomunion.com\/index.php\/2013\/01\/25\/recordatorios-de-comunion-personalizados\/#primaryimage","url":"http:\/\/bautizoycomunion.com\/wp-content\/uploads\/2013\/01\/Diapositiva16.jpg","contentUrl":"http:\/\/bautizoycomunion.com\/wp-content\/uploads\/2013\/01\/Diapositiva16.jpg"},{"@type":"BreadcrumbList","@id":"https:\/\/bautizoycomunion.com\/index.php\/2013\/01\/25\/recordatorios-de-comunion-personalizados\/#breadcrumb","itemListElement":[{"@type":"ListItem","position":1,"name":"Portada","item":"https:\/\/bautizoycomunion.com\/"},{"@type":"ListItem","position":2,"name":"Recordatorios de Comuni\u00f3n personalizados"}]},{"@type":"WebSite","@id":"https:\/\/bautizoycomunion.com\/#website","url":"https:\/\/bautizoycomunion.com\/","name":"Bautizo y Comunion","description":"","publisher":{"@id":"https:\/\/bautizoycomunion.com\/#organization"},"potentialAction":[{"@type":"SearchAction","target":{"@type":"EntryPoint","urlTemplate":"https:\/\/bautizoycomunion.com\/?s={search_term_string}"},"query-input":{"@type":"PropertyValueSpecification","valueRequired":true,"valueName":"search_term_string"}}],"inLanguage":"es"},{"@type":"Organization","@id":"https:\/\/bautizoycomunion.com\/#organization","name":"Bautizo y Comunion","url":"https:\/\/bautizoycomunion.com\/","logo":{"@type":"ImageObject","inLanguage":"es","@id":"https:\/\/bautizoycomunion.com\/#\/schema\/logo\/image\/","url":"https:\/\/bautizoycomunion.com\/wp-content\/uploads\/2020\/02\/logo-bautizo-y-comunion.jpg","contentUrl":"https:\/\/bautizoycomunion.com\/wp-content\/uploads\/2020\/02\/logo-bautizo-y-comunion.jpg","width":128,"height":128,"caption":"Bautizo y Comunion"},"image":{"@id":"https:\/\/bautizoycomunion.com\/#\/schema\/logo\/image\/"},"sameAs":["https:\/\/www.facebook.com\/BautizosyComuniones","https:\/\/x.com\/BautizoComunion","https:\/\/www.instagram.com\/bautizoycomunion\/","https:\/\/www.pinterest.es\/BautizoComunion\/","https:\/\/www.youtube.com\/user\/BautizoyComunionTV"]},{"@type":"Person","@id":"https:\/\/bautizoycomunion.com\/#\/schema\/person\/71b91ab759bf77b5348a2f95d85e8ba0","name":"publisher","image":{"@type":"ImageObject","inLanguage":"es","@id":"https:\/\/bautizoycomunion.com\/#\/schema\/person\/image\/","url":"https:\/\/secure.gravatar.com\/avatar\/b678a6a8c15d6fa37228489ffa29aff56590dfc95fbec3aa2c2f2cc9013b082f?s=96&d=mm&r=g","contentUrl":"https:\/\/secure.gravatar.com\/avatar\/b678a6a8c15d6fa37228489ffa29aff56590dfc95fbec3aa2c2f2cc9013b082f?s=96&d=mm&r=g","caption":"publisher"}}]}},"_links":{"self":[{"href":"https:\/\/bautizoycomunion.com\/index.php\/wp-json\/wp\/v2\/posts\/3098","targetHints":{"allow":["GET"]}}],"collection":[{"href":"https:\/\/bautizoycomunion.com\/index.php\/wp-json\/wp\/v2\/posts"}],"about":[{"href":"https:\/\/bautizoycomunion.com\/index.php\/wp-json\/wp\/v2\/types\/post"}],"author":[{"embeddable":true,"href":"https:\/\/bautizoycomunion.com\/index.php\/wp-json\/wp\/v2\/users\/3"}],"replies":[{"embeddable":true,"href":"https:\/\/bautizoycomunion.com\/index.php\/wp-json\/wp\/v2\/comments?post=3098"}],"version-history":[{"count":0,"href":"https:\/\/bautizoycomunion.com\/index.php\/wp-json\/wp\/v2\/posts\/3098\/revisions"}],"wp:attachment":[{"href":"https:\/\/bautizoycomunion.com\/index.php\/wp-json\/wp\/v2\/media?parent=3098"}],"wp:term":[{"taxonomy":"category","embeddable":true,"href":"https:\/\/bautizoycomunion.com\/index.php\/wp-json\/wp\/v2\/categories?post=3098"},{"taxonomy":"post_tag","embeddable":true,"href":"https:\/\/bautizoycomunion.com\/index.php\/wp-json\/wp\/v2\/tags?post=3098"}],"curies":[{"name":"wp","href":"https:\/\/api.w.org\/{rel}","templated":true}]}}