{"id":5613,"date":"2013-04-22T10:56:20","date_gmt":"2013-04-22T08:56:20","guid":{"rendered":"http:\/\/bautizoycomunion.com\/?p=5613"},"modified":"2020-01-31T17:59:15","modified_gmt":"2020-01-31T16:59:15","slug":"como-se-rodo-el-nuevo-video-sobre-faldones-y-regalos-para-un-bautizo","status":"publish","type":"post","link":"https:\/\/bautizoycomunion.com\/index.php\/2013\/04\/22\/como-se-rodo-el-nuevo-video-sobre-faldones-y-regalos-para-un-bautizo\/","title":{"rendered":"Como se rod\u00f3 el video sobre \u00abFaldones y regalos para un bautizo\u00bb"},"content":{"rendered":"<p>Las chicas de <strong><a title=\"El Recien Nacido\" href=\"http:\/\/www.elreciennacido.com\/vestidos-para-bautizo\" target=\"_blank\" rel=\"noopener noreferrer\">El Recien Nacido<\/a><\/strong> junto con <strong>Le Petite Monde<\/strong> han vuelto a crear un&nbsp;nuevo video,&nbsp;esta vez sobre un beb\u00e9, de lo m\u00e1s simp\u00e1tico, en&nbsp;el d\u00eda de su bautizo.&nbsp;En el video&nbsp;ense\u00f1an <strong>como vestir al beb\u00e9 con un fald\u00f3n de cristianar<\/strong> y se&nbsp;dan varias <strong>ideas para regalar<\/strong> en und d\u00eda&nbsp;tan especial.<\/p>\n<p>El video se rod\u00f3 durante una ma\u00f1ana y la protagonista era Bel\u00e9n, un beb\u00e9 que conquist\u00f3 a todos con su sonrisa y sus ojitos azules.<\/p>\n<p><a href=\"http:\/\/www.elreciennacido.com\/vestidos-para-bautizo\" target=\"_blank\" rel=\"noopener noreferrer\"><img loading=\"lazy\" decoding=\"async\" class=\"aligncenter wp-image-5634 size-full\" title=\"Faldon cristianar\" src=\"http:\/\/bautizoycomunion.com\/wp-content\/uploads\/2013\/04\/bebes-y-camaras.jpg\" alt=\"Faldon cristianar\" width=\"600\" height=\"296\"><\/a><\/p>\n<p>Primero se rodaron varias escenas con Belencita rodeada de regalitos y luego&nbsp;visti\u00e9ndola con un fald\u00f3n de bautizo. Belen no par\u00f3 de sonreir y mirar a todas las c\u00e1maras con gran inter\u00e9s, incluso no protest\u00f3 cuando le pusieron la ropa. Fue una modelo perfecta!!!<\/p>\n<p><a href=\"http:\/\/www.elreciennacido.com\/vestidos-para-bautizo\" target=\"_blank\" rel=\"noopener noreferrer\"><img loading=\"lazy\" decoding=\"async\" class=\"aligncenter wp-image-5623 size-full\" title=\"Faldones para bautizos\" src=\"http:\/\/bautizoycomunion.com\/wp-content\/uploads\/2013\/04\/bebe-bautizo.jpg\" alt=\"Faldones para bautizos\" width=\"600\" height=\"348\"><\/a><\/p>\n<p><a href=\"http:\/\/www.elreciennacido.com\/vestidos-para-bautizo\" target=\"_blank\" rel=\"noopener noreferrer\"><img loading=\"lazy\" decoding=\"async\" class=\"aligncenter wp-image-5633 size-full\" title=\"Faldones para bautizo\" src=\"http:\/\/bautizoycomunion.com\/wp-content\/uploads\/2013\/04\/fotos-y-video-con-bebe.jpg\" alt=\"Faldones para bautizo\" width=\"600\" height=\"268\"><\/a><\/p>\n<p><a href=\"http:\/\/www.elreciennacido.com\/vestidos-para-bautizo\" target=\"_blank\" rel=\"noopener noreferrer\"><img loading=\"lazy\" decoding=\"async\" class=\"alignleft wp-image-5638 size-full\" title=\"video bautizo\" src=\"http:\/\/bautizoycomunion.com\/wp-content\/uploads\/2013\/04\/sacar-fotos-a-un-bebe.jpg\" alt=\"video bautizo\" width=\"300\" height=\"453\"><\/a>Como muchos ya sabr\u00e9is, desde hace&nbsp;tiempo que El Reci\u00e9n Nacido ofrece todo tipo de <strong>regalos para nacimientos, bautizos y comuniones<\/strong> &#8211; todos ellos <strong>personalizados<\/strong>! Pero&nbsp;esta es la primera temporada que se han lanzado&nbsp;a ofrecer ropa de cristianar. Ahora podemos encontrar en su web&nbsp;varios <strong>faldones, peleles y patucos<\/strong> preciosos para&nbsp;esta ocasi\u00f3n.&nbsp;Los faldones son de color crema, largos y llevan todos una capota a juego&#8230;y lo mejor son sus&nbsp;precios&nbsp;competitivos!<\/p>\n<p>Les deseamos mucho \u00e9xito a <a href=\"http:\/\/www.elreciennacido.com\/vestidos-para-bautizo\">El Recien Nacido<\/a> en esta nueva aventura y estamos deseando ver el video!<\/p>\n<p>&nbsp;<\/p>\n","protected":false},"excerpt":{"rendered":"<p>Las chicas de El Recien Nacido junto con Le Petite Monde han vuelto a crear un&nbsp;nuevo video,&nbsp;esta vez sobre un beb\u00e9, de lo m\u00e1s simp\u00e1tico, en&nbsp;el d\u00eda de su bautizo.&nbsp;En el video&nbsp;ense\u00f1an como vestir al beb\u00e9 con un fald\u00f3n de cristianar y se&nbsp;dan varias ideas para regalar en und d\u00eda&nbsp;tan &hellip; <a class=\"more-link\" href=\"https:\/\/bautizoycomunion.com\/index.php\/2013\/04\/22\/como-se-rodo-el-nuevo-video-sobre-faldones-y-regalos-para-un-bautizo\/\"><span class=\"more-msg\">Sigue leyendo &rarr;<\/span><\/a><\/p>\n","protected":false},"author":3,"featured_media":0,"comment_status":"open","ping_status":"open","sticky":false,"template":"","format":"standard","meta":{"footnotes":""},"categories":[8,20],"tags":[351,353,363,769,800,975],"class_list":["post-5613","post","type-post","status-publish","format-standard","hentry","category-fotografos-comunion-bautizo","category-videos","tag-faldon-bautizo","tag-faldon-de-cristal","tag-faldones-de-cristianar","tag-regalos-para-bautizo-2","tag-ropa-bautizo","tag-video-bautizo"],"yoast_head":"<!-- This site is optimized with the Yoast SEO plugin v26.1.1 - https:\/\/yoast.com\/wordpress\/plugins\/seo\/ -->\n<title>Como se rod\u00f3 el video sobre &quot;Faldones y regalos para un bautizo&quot; &#8211; Bautizo y Comunion<\/title>\n<meta name=\"robots\" content=\"index, follow, max-snippet:-1, max-image-preview:large, max-video-preview:-1\" \/>\n<link rel=\"canonical\" href=\"https:\/\/bautizoycomunion.com\/index.php\/2013\/04\/22\/como-se-rodo-el-nuevo-video-sobre-faldones-y-regalos-para-un-bautizo\/\" \/>\n<meta property=\"og:locale\" content=\"es_ES\" \/>\n<meta property=\"og:type\" content=\"article\" \/>\n<meta property=\"og:title\" content=\"Como se rod\u00f3 el video sobre &quot;Faldones y regalos para un bautizo&quot; &#8211; Bautizo y Comunion\" \/>\n<meta property=\"og:description\" content=\"Las chicas de El Recien Nacido junto con Le Petite Monde han vuelto a crear un&nbsp;nuevo video,&nbsp;esta vez sobre un beb\u00e9, de lo m\u00e1s simp\u00e1tico, en&nbsp;el d\u00eda de su bautizo.&nbsp;En el video&nbsp;ense\u00f1an como vestir al beb\u00e9 con un fald\u00f3n de cristianar y se&nbsp;dan varias ideas para regalar en und d\u00eda&nbsp;tan &hellip; Sigue leyendo &rarr;\" \/>\n<meta property=\"og:url\" content=\"https:\/\/bautizoycomunion.com\/index.php\/2013\/04\/22\/como-se-rodo-el-nuevo-video-sobre-faldones-y-regalos-para-un-bautizo\/\" \/>\n<meta property=\"og:site_name\" content=\"Bautizo y Comunion\" \/>\n<meta property=\"article:publisher\" content=\"https:\/\/www.facebook.com\/BautizosyComuniones\" \/>\n<meta property=\"article:published_time\" content=\"2013-04-22T08:56:20+00:00\" \/>\n<meta property=\"article:modified_time\" content=\"2020-01-31T16:59:15+00:00\" \/>\n<meta name=\"author\" content=\"publisher\" \/>\n<meta name=\"twitter:card\" content=\"summary_large_image\" \/>\n<meta name=\"twitter:creator\" content=\"@BautizoComunion\" \/>\n<meta name=\"twitter:site\" content=\"@BautizoComunion\" \/>\n<meta name=\"twitter:label1\" content=\"Escrito por\" \/>\n\t<meta name=\"twitter:data1\" content=\"publisher\" \/>\n\t<meta name=\"twitter:label2\" content=\"Tiempo de lectura\" \/>\n\t<meta name=\"twitter:data2\" content=\"1 minuto\" \/>\n<script type=\"application\/ld+json\" class=\"yoast-schema-graph\">{\"@context\":\"https:\/\/schema.org\",\"@graph\":[{\"@type\":\"Article\",\"@id\":\"https:\/\/bautizoycomunion.com\/index.php\/2013\/04\/22\/como-se-rodo-el-nuevo-video-sobre-faldones-y-regalos-para-un-bautizo\/#article\",\"isPartOf\":{\"@id\":\"https:\/\/bautizoycomunion.com\/index.php\/2013\/04\/22\/como-se-rodo-el-nuevo-video-sobre-faldones-y-regalos-para-un-bautizo\/\"},\"author\":{\"name\":\"publisher\",\"@id\":\"https:\/\/bautizoycomunion.com\/#\/schema\/person\/71b91ab759bf77b5348a2f95d85e8ba0\"},\"headline\":\"Como se rod\u00f3 el video sobre \u00abFaldones y regalos para un bautizo\u00bb\",\"datePublished\":\"2013-04-22T08:56:20+00:00\",\"dateModified\":\"2020-01-31T16:59:15+00:00\",\"mainEntityOfPage\":{\"@id\":\"https:\/\/bautizoycomunion.com\/index.php\/2013\/04\/22\/como-se-rodo-el-nuevo-video-sobre-faldones-y-regalos-para-un-bautizo\/\"},\"wordCount\":265,\"commentCount\":0,\"publisher\":{\"@id\":\"https:\/\/bautizoycomunion.com\/#organization\"},\"image\":{\"@id\":\"https:\/\/bautizoycomunion.com\/index.php\/2013\/04\/22\/como-se-rodo-el-nuevo-video-sobre-faldones-y-regalos-para-un-bautizo\/#primaryimage\"},\"thumbnailUrl\":\"http:\/\/bautizoycomunion.com\/wp-content\/uploads\/2013\/04\/bebes-y-camaras.jpg\",\"keywords\":[\"faldon bautizo\",\"faldon de cristal\",\"faldones de cristianar\",\"regalos para Bautizo\",\"ropa bautizo\",\"video bautizo\"],\"articleSection\":[\"Fotografos\",\"Videos\"],\"inLanguage\":\"es\",\"potentialAction\":[{\"@type\":\"CommentAction\",\"name\":\"Comment\",\"target\":[\"https:\/\/bautizoycomunion.com\/index.php\/2013\/04\/22\/como-se-rodo-el-nuevo-video-sobre-faldones-y-regalos-para-un-bautizo\/#respond\"]}]},{\"@type\":\"WebPage\",\"@id\":\"https:\/\/bautizoycomunion.com\/index.php\/2013\/04\/22\/como-se-rodo-el-nuevo-video-sobre-faldones-y-regalos-para-un-bautizo\/\",\"url\":\"https:\/\/bautizoycomunion.com\/index.php\/2013\/04\/22\/como-se-rodo-el-nuevo-video-sobre-faldones-y-regalos-para-un-bautizo\/\",\"name\":\"Como se rod\u00f3 el video sobre \\\"Faldones y regalos para un bautizo\\\" &#8211; Bautizo y Comunion\",\"isPartOf\":{\"@id\":\"https:\/\/bautizoycomunion.com\/#website\"},\"primaryImageOfPage\":{\"@id\":\"https:\/\/bautizoycomunion.com\/index.php\/2013\/04\/22\/como-se-rodo-el-nuevo-video-sobre-faldones-y-regalos-para-un-bautizo\/#primaryimage\"},\"image\":{\"@id\":\"https:\/\/bautizoycomunion.com\/index.php\/2013\/04\/22\/como-se-rodo-el-nuevo-video-sobre-faldones-y-regalos-para-un-bautizo\/#primaryimage\"},\"thumbnailUrl\":\"http:\/\/bautizoycomunion.com\/wp-content\/uploads\/2013\/04\/bebes-y-camaras.jpg\",\"datePublished\":\"2013-04-22T08:56:20+00:00\",\"dateModified\":\"2020-01-31T16:59:15+00:00\",\"breadcrumb\":{\"@id\":\"https:\/\/bautizoycomunion.com\/index.php\/2013\/04\/22\/como-se-rodo-el-nuevo-video-sobre-faldones-y-regalos-para-un-bautizo\/#breadcrumb\"},\"inLanguage\":\"es\",\"potentialAction\":[{\"@type\":\"ReadAction\",\"target\":[\"https:\/\/bautizoycomunion.com\/index.php\/2013\/04\/22\/como-se-rodo-el-nuevo-video-sobre-faldones-y-regalos-para-un-bautizo\/\"]}]},{\"@type\":\"ImageObject\",\"inLanguage\":\"es\",\"@id\":\"https:\/\/bautizoycomunion.com\/index.php\/2013\/04\/22\/como-se-rodo-el-nuevo-video-sobre-faldones-y-regalos-para-un-bautizo\/#primaryimage\",\"url\":\"\",\"contentUrl\":\"\"},{\"@type\":\"BreadcrumbList\",\"@id\":\"https:\/\/bautizoycomunion.com\/index.php\/2013\/04\/22\/como-se-rodo-el-nuevo-video-sobre-faldones-y-regalos-para-un-bautizo\/#breadcrumb\",\"itemListElement\":[{\"@type\":\"ListItem\",\"position\":1,\"name\":\"Portada\",\"item\":\"https:\/\/bautizoycomunion.com\/\"},{\"@type\":\"ListItem\",\"position\":2,\"name\":\"Como se rod\u00f3 el video sobre \u00abFaldones y regalos para un bautizo\u00bb\"}]},{\"@type\":\"WebSite\",\"@id\":\"https:\/\/bautizoycomunion.com\/#website\",\"url\":\"https:\/\/bautizoycomunion.com\/\",\"name\":\"Bautizo y Comunion\",\"description\":\"\",\"publisher\":{\"@id\":\"https:\/\/bautizoycomunion.com\/#organization\"},\"potentialAction\":[{\"@type\":\"SearchAction\",\"target\":{\"@type\":\"EntryPoint\",\"urlTemplate\":\"https:\/\/bautizoycomunion.com\/?s={search_term_string}\"},\"query-input\":{\"@type\":\"PropertyValueSpecification\",\"valueRequired\":true,\"valueName\":\"search_term_string\"}}],\"inLanguage\":\"es\"},{\"@type\":\"Organization\",\"@id\":\"https:\/\/bautizoycomunion.com\/#organization\",\"name\":\"Bautizo y Comunion\",\"url\":\"https:\/\/bautizoycomunion.com\/\",\"logo\":{\"@type\":\"ImageObject\",\"inLanguage\":\"es\",\"@id\":\"https:\/\/bautizoycomunion.com\/#\/schema\/logo\/image\/\",\"url\":\"https:\/\/bautizoycomunion.com\/wp-content\/uploads\/2020\/02\/logo-bautizo-y-comunion.jpg\",\"contentUrl\":\"https:\/\/bautizoycomunion.com\/wp-content\/uploads\/2020\/02\/logo-bautizo-y-comunion.jpg\",\"width\":128,\"height\":128,\"caption\":\"Bautizo y Comunion\"},\"image\":{\"@id\":\"https:\/\/bautizoycomunion.com\/#\/schema\/logo\/image\/\"},\"sameAs\":[\"https:\/\/www.facebook.com\/BautizosyComuniones\",\"https:\/\/x.com\/BautizoComunion\",\"https:\/\/www.instagram.com\/bautizoycomunion\/\",\"https:\/\/www.pinterest.es\/BautizoComunion\/\",\"https:\/\/www.youtube.com\/user\/BautizoyComunionTV\"]},{\"@type\":\"Person\",\"@id\":\"https:\/\/bautizoycomunion.com\/#\/schema\/person\/71b91ab759bf77b5348a2f95d85e8ba0\",\"name\":\"publisher\",\"image\":{\"@type\":\"ImageObject\",\"inLanguage\":\"es\",\"@id\":\"https:\/\/bautizoycomunion.com\/#\/schema\/person\/image\/\",\"url\":\"https:\/\/secure.gravatar.com\/avatar\/b678a6a8c15d6fa37228489ffa29aff56590dfc95fbec3aa2c2f2cc9013b082f?s=96&d=mm&r=g\",\"contentUrl\":\"https:\/\/secure.gravatar.com\/avatar\/b678a6a8c15d6fa37228489ffa29aff56590dfc95fbec3aa2c2f2cc9013b082f?s=96&d=mm&r=g\",\"caption\":\"publisher\"}}]}<\/script>\n<!-- \/ Yoast SEO plugin. -->","yoast_head_json":{"title":"Como se rod\u00f3 el video sobre \"Faldones y regalos para un bautizo\" &#8211; Bautizo y Comunion","robots":{"index":"index","follow":"follow","max-snippet":"max-snippet:-1","max-image-preview":"max-image-preview:large","max-video-preview":"max-video-preview:-1"},"canonical":"https:\/\/bautizoycomunion.com\/index.php\/2013\/04\/22\/como-se-rodo-el-nuevo-video-sobre-faldones-y-regalos-para-un-bautizo\/","og_locale":"es_ES","og_type":"article","og_title":"Como se rod\u00f3 el video sobre \"Faldones y regalos para un bautizo\" &#8211; Bautizo y Comunion","og_description":"Las chicas de El Recien Nacido junto con Le Petite Monde han vuelto a crear un&nbsp;nuevo video,&nbsp;esta vez sobre un beb\u00e9, de lo m\u00e1s simp\u00e1tico, en&nbsp;el d\u00eda de su bautizo.&nbsp;En el video&nbsp;ense\u00f1an como vestir al beb\u00e9 con un fald\u00f3n de cristianar y se&nbsp;dan varias ideas para regalar en und d\u00eda&nbsp;tan &hellip; Sigue leyendo &rarr;","og_url":"https:\/\/bautizoycomunion.com\/index.php\/2013\/04\/22\/como-se-rodo-el-nuevo-video-sobre-faldones-y-regalos-para-un-bautizo\/","og_site_name":"Bautizo y Comunion","article_publisher":"https:\/\/www.facebook.com\/BautizosyComuniones","article_published_time":"2013-04-22T08:56:20+00:00","article_modified_time":"2020-01-31T16:59:15+00:00","author":"publisher","twitter_card":"summary_large_image","twitter_creator":"@BautizoComunion","twitter_site":"@BautizoComunion","twitter_misc":{"Escrito por":"publisher","Tiempo de lectura":"1 minuto"},"schema":{"@context":"https:\/\/schema.org","@graph":[{"@type":"Article","@id":"https:\/\/bautizoycomunion.com\/index.php\/2013\/04\/22\/como-se-rodo-el-nuevo-video-sobre-faldones-y-regalos-para-un-bautizo\/#article","isPartOf":{"@id":"https:\/\/bautizoycomunion.com\/index.php\/2013\/04\/22\/como-se-rodo-el-nuevo-video-sobre-faldones-y-regalos-para-un-bautizo\/"},"author":{"name":"publisher","@id":"https:\/\/bautizoycomunion.com\/#\/schema\/person\/71b91ab759bf77b5348a2f95d85e8ba0"},"headline":"Como se rod\u00f3 el video sobre \u00abFaldones y regalos para un bautizo\u00bb","datePublished":"2013-04-22T08:56:20+00:00","dateModified":"2020-01-31T16:59:15+00:00","mainEntityOfPage":{"@id":"https:\/\/bautizoycomunion.com\/index.php\/2013\/04\/22\/como-se-rodo-el-nuevo-video-sobre-faldones-y-regalos-para-un-bautizo\/"},"wordCount":265,"commentCount":0,"publisher":{"@id":"https:\/\/bautizoycomunion.com\/#organization"},"image":{"@id":"https:\/\/bautizoycomunion.com\/index.php\/2013\/04\/22\/como-se-rodo-el-nuevo-video-sobre-faldones-y-regalos-para-un-bautizo\/#primaryimage"},"thumbnailUrl":"http:\/\/bautizoycomunion.com\/wp-content\/uploads\/2013\/04\/bebes-y-camaras.jpg","keywords":["faldon bautizo","faldon de cristal","faldones de cristianar","regalos para Bautizo","ropa bautizo","video bautizo"],"articleSection":["Fotografos","Videos"],"inLanguage":"es","potentialAction":[{"@type":"CommentAction","name":"Comment","target":["https:\/\/bautizoycomunion.com\/index.php\/2013\/04\/22\/como-se-rodo-el-nuevo-video-sobre-faldones-y-regalos-para-un-bautizo\/#respond"]}]},{"@type":"WebPage","@id":"https:\/\/bautizoycomunion.com\/index.php\/2013\/04\/22\/como-se-rodo-el-nuevo-video-sobre-faldones-y-regalos-para-un-bautizo\/","url":"https:\/\/bautizoycomunion.com\/index.php\/2013\/04\/22\/como-se-rodo-el-nuevo-video-sobre-faldones-y-regalos-para-un-bautizo\/","name":"Como se rod\u00f3 el video sobre \"Faldones y regalos para un bautizo\" &#8211; Bautizo y Comunion","isPartOf":{"@id":"https:\/\/bautizoycomunion.com\/#website"},"primaryImageOfPage":{"@id":"https:\/\/bautizoycomunion.com\/index.php\/2013\/04\/22\/como-se-rodo-el-nuevo-video-sobre-faldones-y-regalos-para-un-bautizo\/#primaryimage"},"image":{"@id":"https:\/\/bautizoycomunion.com\/index.php\/2013\/04\/22\/como-se-rodo-el-nuevo-video-sobre-faldones-y-regalos-para-un-bautizo\/#primaryimage"},"thumbnailUrl":"http:\/\/bautizoycomunion.com\/wp-content\/uploads\/2013\/04\/bebes-y-camaras.jpg","datePublished":"2013-04-22T08:56:20+00:00","dateModified":"2020-01-31T16:59:15+00:00","breadcrumb":{"@id":"https:\/\/bautizoycomunion.com\/index.php\/2013\/04\/22\/como-se-rodo-el-nuevo-video-sobre-faldones-y-regalos-para-un-bautizo\/#breadcrumb"},"inLanguage":"es","potentialAction":[{"@type":"ReadAction","target":["https:\/\/bautizoycomunion.com\/index.php\/2013\/04\/22\/como-se-rodo-el-nuevo-video-sobre-faldones-y-regalos-para-un-bautizo\/"]}]},{"@type":"ImageObject","inLanguage":"es","@id":"https:\/\/bautizoycomunion.com\/index.php\/2013\/04\/22\/como-se-rodo-el-nuevo-video-sobre-faldones-y-regalos-para-un-bautizo\/#primaryimage","url":"","contentUrl":""},{"@type":"BreadcrumbList","@id":"https:\/\/bautizoycomunion.com\/index.php\/2013\/04\/22\/como-se-rodo-el-nuevo-video-sobre-faldones-y-regalos-para-un-bautizo\/#breadcrumb","itemListElement":[{"@type":"ListItem","position":1,"name":"Portada","item":"https:\/\/bautizoycomunion.com\/"},{"@type":"ListItem","position":2,"name":"Como se rod\u00f3 el video sobre \u00abFaldones y regalos para un bautizo\u00bb"}]},{"@type":"WebSite","@id":"https:\/\/bautizoycomunion.com\/#website","url":"https:\/\/bautizoycomunion.com\/","name":"Bautizo y Comunion","description":"","publisher":{"@id":"https:\/\/bautizoycomunion.com\/#organization"},"potentialAction":[{"@type":"SearchAction","target":{"@type":"EntryPoint","urlTemplate":"https:\/\/bautizoycomunion.com\/?s={search_term_string}"},"query-input":{"@type":"PropertyValueSpecification","valueRequired":true,"valueName":"search_term_string"}}],"inLanguage":"es"},{"@type":"Organization","@id":"https:\/\/bautizoycomunion.com\/#organization","name":"Bautizo y Comunion","url":"https:\/\/bautizoycomunion.com\/","logo":{"@type":"ImageObject","inLanguage":"es","@id":"https:\/\/bautizoycomunion.com\/#\/schema\/logo\/image\/","url":"https:\/\/bautizoycomunion.com\/wp-content\/uploads\/2020\/02\/logo-bautizo-y-comunion.jpg","contentUrl":"https:\/\/bautizoycomunion.com\/wp-content\/uploads\/2020\/02\/logo-bautizo-y-comunion.jpg","width":128,"height":128,"caption":"Bautizo y Comunion"},"image":{"@id":"https:\/\/bautizoycomunion.com\/#\/schema\/logo\/image\/"},"sameAs":["https:\/\/www.facebook.com\/BautizosyComuniones","https:\/\/x.com\/BautizoComunion","https:\/\/www.instagram.com\/bautizoycomunion\/","https:\/\/www.pinterest.es\/BautizoComunion\/","https:\/\/www.youtube.com\/user\/BautizoyComunionTV"]},{"@type":"Person","@id":"https:\/\/bautizoycomunion.com\/#\/schema\/person\/71b91ab759bf77b5348a2f95d85e8ba0","name":"publisher","image":{"@type":"ImageObject","inLanguage":"es","@id":"https:\/\/bautizoycomunion.com\/#\/schema\/person\/image\/","url":"https:\/\/secure.gravatar.com\/avatar\/b678a6a8c15d6fa37228489ffa29aff56590dfc95fbec3aa2c2f2cc9013b082f?s=96&d=mm&r=g","contentUrl":"https:\/\/secure.gravatar.com\/avatar\/b678a6a8c15d6fa37228489ffa29aff56590dfc95fbec3aa2c2f2cc9013b082f?s=96&d=mm&r=g","caption":"publisher"}}]}},"_links":{"self":[{"href":"https:\/\/bautizoycomunion.com\/index.php\/wp-json\/wp\/v2\/posts\/5613","targetHints":{"allow":["GET"]}}],"collection":[{"href":"https:\/\/bautizoycomunion.com\/index.php\/wp-json\/wp\/v2\/posts"}],"about":[{"href":"https:\/\/bautizoycomunion.com\/index.php\/wp-json\/wp\/v2\/types\/post"}],"author":[{"embeddable":true,"href":"https:\/\/bautizoycomunion.com\/index.php\/wp-json\/wp\/v2\/users\/3"}],"replies":[{"embeddable":true,"href":"https:\/\/bautizoycomunion.com\/index.php\/wp-json\/wp\/v2\/comments?post=5613"}],"version-history":[{"count":2,"href":"https:\/\/bautizoycomunion.com\/index.php\/wp-json\/wp\/v2\/posts\/5613\/revisions"}],"predecessor-version":[{"id":10428,"href":"https:\/\/bautizoycomunion.com\/index.php\/wp-json\/wp\/v2\/posts\/5613\/revisions\/10428"}],"wp:attachment":[{"href":"https:\/\/bautizoycomunion.com\/index.php\/wp-json\/wp\/v2\/media?parent=5613"}],"wp:term":[{"taxonomy":"category","embeddable":true,"href":"https:\/\/bautizoycomunion.com\/index.php\/wp-json\/wp\/v2\/categories?post=5613"},{"taxonomy":"post_tag","embeddable":true,"href":"https:\/\/bautizoycomunion.com\/index.php\/wp-json\/wp\/v2\/tags?post=5613"}],"curies":[{"name":"wp","href":"https:\/\/api.w.org\/{rel}","templated":true}]}}