{"id":5729,"date":"2013-05-14T07:45:36","date_gmt":"2013-05-14T05:45:36","guid":{"rendered":"http:\/\/bautizoycomunion.com\/?p=5729"},"modified":"2013-05-14T07:45:36","modified_gmt":"2013-05-14T05:45:36","slug":"un-regalo-original-y-creativo-para-comunion-el-regalo-de-tu-nombre","status":"publish","type":"post","link":"https:\/\/bautizoycomunion.com\/index.php\/2013\/05\/14\/un-regalo-original-y-creativo-para-comunion-el-regalo-de-tu-nombre\/","title":{"rendered":"Un regalo original y creativo para Comuni\u00f3n, El Regalo de tu Nombre"},"content":{"rendered":"<p style=\"text-align: justify;\">Ahora que estamos en plena \u00e9poca de Comuniones os queremos presentar una propuesta de lo m\u00e1s original para regalar a los grandes protagonistas de ese d\u00eda.<\/p>\n<p style=\"text-align: justify;\">Lejos de los t\u00edpicos regalos de comuni\u00f3n (relojes, gemelos, medallas&#8230;), nuestra propuesta de hoy sorprende por su originalidad. Se trata de un regalo de lo m\u00e1s creativo que perdurar\u00e1 toda la vida, y con el que estamos seguros que acertar\u00e9is, <strong><a href=\"\/http:\/\/www.elregalodetunombre.es\/\" target=\"_blank\">\u00abEL REGALO DE TU NOMBRE\u00bb<\/a><\/strong>.<\/p>\n<p style=\"text-align: justify;\"><strong><\/strong>El Regalo de Tu Nombre consiste en una narraci\u00f3n ilustrada en la que\u00a0<strong>TU NOMBRE\u00a0<\/strong>es el protagonista. Inspir\u00e1ndose en el arte y el dise\u00f1o y con un \u00fanico punto de partida, el propio nombre, en <a href=\"http:\/\/www.elregalodetunombre.es\/\" target=\"_blank\">El Regalo de tu Nombre<\/a> se crean historias \u00fanicas, dibujos exclusivos especialmente dise\u00f1ados para ti, porque detr\u00e1s de cada nombre siempre hay una preciosa historia que contar, que ilustrar, que compartir, y ellos lo dise\u00f1an para ti&#8230;<\/p>\n<p style=\"text-align: center;\"><a href=\"http:\/\/bautizoycomunion.com\/wp-content\/uploads\/2013\/05\/LAMINA-HUGO.jpg\"><img loading=\"lazy\" decoding=\"async\" class=\"aligncenter  wp-image-5775\" title=\"regalo original para Bautizo y Comuni\u00f3n\" src=\"http:\/\/bautizoycomunion.com\/wp-content\/uploads\/2013\/05\/LAMINA-HUGO.jpg\" alt=\"regalo original para Bautizo y Comuni\u00f3n\" width=\"778\" height=\"625\" \/><\/a><\/p>\n<p style=\"text-align: center;\"><a href=\"http:\/\/bautizoycomunion.com\/wp-content\/uploads\/2013\/05\/LAMINA-NICOLAS.jpg\"><img loading=\"lazy\" decoding=\"async\" class=\"aligncenter\" title=\"Lamina regalo original bautizo y comunion\" src=\"http:\/\/bautizoycomunion.com\/wp-content\/uploads\/2013\/05\/LAMINA-NICOLAS.jpg\" alt=\"Lamina regalo original bautizo y comunion\" width=\"778\" height=\"625\" \/><\/a><\/p>\n<p style=\"text-align: justify;\">Cada nombre es diferente y esconde una relato diferente, pero todos ellos tienen algo en com\u00fan, y es que son para toda la vida&#8230; En\u00a0<strong><a href=\"http:\/\/www.elregalodetunombre.es\/\" target=\"_blank\">El Regalo de Tu Nombre<\/a><\/strong>\u00a0lo saben y por eso ponen toda su creatividad a tu servicio con propuestas po\u00e9ticas, divertidas, dulces, y, en ocasiones, algo picantes\u2026<\/p>\n<p style=\"text-align: center;\"><a href=\"http:\/\/bautizoycomunion.com\/wp-content\/uploads\/2013\/05\/HABITACION-DE-CARLOS.jpg\"><img loading=\"lazy\" decoding=\"async\" class=\"aligncenter  wp-image-5733\" title=\"regalos originales para Bautizo y comuni\u00f3n\" src=\"http:\/\/bautizoycomunion.com\/wp-content\/uploads\/2013\/05\/HABITACION-DE-CARLOS.jpg\" alt=\"l\u00e1minas originales para Bautizo y Comuni\u00f3n\" width=\"864\" height=\"481\" \/><\/a><\/p>\n<p style=\"text-align: justify;\">Puedes elegir la\u00a0<strong>colecci\u00f3n completa<\/strong>,\u00a0que se compone de un conjunto de entre 14 y 18 l\u00e1minas ilustradas,\u00a0numeradas y firmadas por el autor. Ediciones limitadas elaboradas con material de la m\u00e1s alta calidad.<\/p>\n<p style=\"text-align: justify;\">Adem\u00e1s si quer\u00e9is que el regalo sea a\u00fan m\u00e1s especial pod\u00e9is personalizarlo a\u00fan m\u00e1s a\u00f1adiendo \u00a0dibujos hechos por el propio protagonista o aquello que se os ocurra, recuerdos bonitos que tengan para toda la vida&#8230;<\/p>\n<p><a href=\"http:\/\/bautizoycomunion.com\/wp-content\/uploads\/2013\/05\/Personalizada-Alicia-1.jpg\"><img loading=\"lazy\" decoding=\"async\" class=\"aligncenter size-full wp-image-5804\" title=\"laminas personalizadas regalo original Bautizo y comunion\" src=\"http:\/\/bautizoycomunion.com\/wp-content\/uploads\/2013\/05\/Personalizada-Alicia-1.jpg\" alt=\"laminas personalizadas regalo original Bautizo y comunion\" width=\"960\" height=\"706\" \/><\/a><\/p>\n<p><a href=\"http:\/\/bautizoycomunion.com\/wp-content\/uploads\/2013\/05\/Personalizada-Mario.jpg\"><img loading=\"lazy\" decoding=\"async\" class=\"aligncenter size-full wp-image-5847\" title=\"l\u00e1minas personalizadas regalo original Bautizo y Comuni\u00f3n\" src=\"http:\/\/bautizoycomunion.com\/wp-content\/uploads\/2013\/05\/Personalizada-Mario.jpg\" alt=\"l\u00e1minas personalizadas regalo original Bautizo y Comuni\u00f3n\" width=\"856\" height=\"615\" \/><\/a><\/p>\n<p style=\"text-align: justify;\"><span style=\"text-align: justify;\">O si lo que busc\u00e1is es un regalo m\u00e1s \u00absencillo\u00bb,\u00a0<\/span><strong style=\"text-align: justify;\"><a href=\"http:\/\/www.elregalodetunombre.es\/\" target=\"_blank\">El Regalo de Tu Nombre<\/a><\/strong><span style=\"text-align: justify;\">\u00a0te ofrece <\/span><strong style=\"text-align: justify;\">MINID3TRES<\/strong>, un producto que consiste en <span style=\"text-align: justify;\">una selecci\u00f3n de 3 l\u00e1minas, pudiendo incorporar adem\u00e1s una l\u00e1mina m\u00e1s con la dedicatoria que vosotros elij\u00e1is&#8230; Un regalo fresco, original y sencillo, pero no por ello menos decorativo.<\/span><\/p>\n<div><a href=\"http:\/\/bautizoycomunion.com\/wp-content\/uploads\/2013\/05\/Grupo-Seleccion-de-3.jpg\"><img loading=\"lazy\" decoding=\"async\" class=\"aligncenter  wp-image-5740\" title=\"l\u00e1minas decorativas regalo original para Bautizo y Comuni\u00f3n\" src=\"http:\/\/bautizoycomunion.com\/wp-content\/uploads\/2013\/05\/Grupo-Seleccion-de-3.jpg\" alt=\"l\u00e1minas decorativas regalo original para Bautizo y Comuni\u00f3n\" width=\"841\" height=\"510\" \/><\/a><\/div>\n<p style=\"text-align: justify;\">Adem\u00e1s en <strong><a href=\"http:\/\/www.elregalodetunombre.es\/\" target=\"_blank\">El Regalo de tu Nombre<\/a><\/strong> tambi\u00e9n pod\u00e9is encontrar una secci\u00f3n de Papeler\u00eda Creativa con ideas originales para completar el regalo, como molinillos, varitas m\u00e1gicas&#8230; y los productos estrella: barcos y aviones de papel personalizados, perfectos para crear decoraciones de eventos, recordatorios y regalos para ni\u00f1os en bodas, comuniones y bautizos&#8230; una manera divertida de hacer tu evento diferente.<\/p>\n<p style=\"text-align: justify;\">El Regalo de tu Nombre es un regalo perfecto para ocasiones especiales: Comuniones, Bautizos, aniversarios.<\/p>\n<div style=\"text-align: center;\"><a href=\"http:\/\/bautizoycomunion.com\/wp-content\/uploads\/2013\/05\/TALLERES-CUMPLE-01.jpg\"><img loading=\"lazy\" decoding=\"async\" class=\"wp-image-5742 alignleft\" title=\"decoraci\u00f3n original para tu fiesta de bautizo y comuni\u00f3n\" src=\"http:\/\/bautizoycomunion.com\/wp-content\/uploads\/2013\/05\/TALLERES-CUMPLE-01.jpg\" alt=\"decoraci\u00f3n original para tu fiesta de bautizo y comuni\u00f3n\" width=\"333\" height=\"442\" \/><\/a><\/div>\n<div style=\"text-align: center;\">\n<div><\/div>\n<div><\/div>\n<div><\/div>\n<div><\/div>\n<p>Para contactar con ellos pod\u00e9is hacerlo a trav\u00e9s de su p\u00e1gina web:<\/p>\n<p><a href=\"http:\/\/www.elregalodetunombre.es\/contacto\/\" target=\"_blank\">www.elregalodetunombre.es<\/a><\/p>\n<div><\/div>\n<p>Deja que tu nombre sea el protagonista&#8230;<\/p>\n<div>\n<p>\u00a0\u00a1Espero que os haya gustado!<\/p>\n<\/div>\n<\/div>\n","protected":false},"excerpt":{"rendered":"<p>Ahora que estamos en plena \u00e9poca de Comuniones os queremos presentar una propuesta de lo m\u00e1s original para regalar a los grandes protagonistas de ese d\u00eda. Lejos de los t\u00edpicos regalos de comuni\u00f3n (relojes, gemelos, medallas&#8230;), nuestra propuesta de hoy sorprende por su originalidad. Se trata de un regalo de &hellip; <a class=\"more-link\" href=\"https:\/\/bautizoycomunion.com\/index.php\/2013\/05\/14\/un-regalo-original-y-creativo-para-comunion-el-regalo-de-tu-nombre\/\"><span class=\"more-msg\">Sigue leyendo &rarr;<\/span><\/a><\/p>\n","protected":false},"author":3,"featured_media":0,"comment_status":"closed","ping_status":"closed","sticky":false,"template":"","format":"standard","meta":{"footnotes":""},"categories":[4,12,13,16],"tags":[318,513,767],"class_list":["post-5729","post","type-post","status-publish","format-standard","hentry","category-decoracion","category-regalos-para-bautizo","category-regalos-para-comunion","category-uncategorized","tag-dibujos-personalizados-para-bautizo-o-comunion","tag-laminas-grabadas-para-bautizo-o-comunion","tag-regalos-originales-para-bautizo-y-comunion"],"yoast_head":"<!-- This site is optimized with the Yoast SEO plugin v26.1.1 - https:\/\/yoast.com\/wordpress\/plugins\/seo\/ -->\n<title>Un regalo original y creativo para Comuni\u00f3n, El Regalo de tu Nombre &#8211; Bautizo y Comunion<\/title>\n<meta name=\"robots\" content=\"index, follow, max-snippet:-1, max-image-preview:large, max-video-preview:-1\" \/>\n<link rel=\"canonical\" href=\"https:\/\/bautizoycomunion.com\/index.php\/2013\/05\/14\/un-regalo-original-y-creativo-para-comunion-el-regalo-de-tu-nombre\/\" \/>\n<meta property=\"og:locale\" content=\"es_ES\" \/>\n<meta property=\"og:type\" content=\"article\" \/>\n<meta property=\"og:title\" content=\"Un regalo original y creativo para Comuni\u00f3n, El Regalo de tu Nombre &#8211; Bautizo y Comunion\" \/>\n<meta property=\"og:description\" content=\"Ahora que estamos en plena \u00e9poca de Comuniones os queremos presentar una propuesta de lo m\u00e1s original para regalar a los grandes protagonistas de ese d\u00eda. Lejos de los t\u00edpicos regalos de comuni\u00f3n (relojes, gemelos, medallas&#8230;), nuestra propuesta de hoy sorprende por su originalidad. Se trata de un regalo de &hellip; Sigue leyendo &rarr;\" \/>\n<meta property=\"og:url\" content=\"https:\/\/bautizoycomunion.com\/index.php\/2013\/05\/14\/un-regalo-original-y-creativo-para-comunion-el-regalo-de-tu-nombre\/\" \/>\n<meta property=\"og:site_name\" content=\"Bautizo y Comunion\" \/>\n<meta property=\"article:publisher\" content=\"https:\/\/www.facebook.com\/BautizosyComuniones\" \/>\n<meta property=\"article:published_time\" content=\"2013-05-14T05:45:36+00:00\" \/>\n<meta name=\"author\" content=\"publisher\" \/>\n<meta name=\"twitter:card\" content=\"summary_large_image\" \/>\n<meta name=\"twitter:creator\" content=\"@BautizoComunion\" \/>\n<meta name=\"twitter:site\" content=\"@BautizoComunion\" \/>\n<meta name=\"twitter:label1\" content=\"Escrito por\" \/>\n\t<meta name=\"twitter:data1\" content=\"publisher\" \/>\n\t<meta name=\"twitter:label2\" content=\"Tiempo de lectura\" \/>\n\t<meta name=\"twitter:data2\" content=\"2 minutos\" \/>\n<script type=\"application\/ld+json\" class=\"yoast-schema-graph\">{\"@context\":\"https:\/\/schema.org\",\"@graph\":[{\"@type\":\"Article\",\"@id\":\"https:\/\/bautizoycomunion.com\/index.php\/2013\/05\/14\/un-regalo-original-y-creativo-para-comunion-el-regalo-de-tu-nombre\/#article\",\"isPartOf\":{\"@id\":\"https:\/\/bautizoycomunion.com\/index.php\/2013\/05\/14\/un-regalo-original-y-creativo-para-comunion-el-regalo-de-tu-nombre\/\"},\"author\":{\"name\":\"publisher\",\"@id\":\"https:\/\/bautizoycomunion.com\/#\/schema\/person\/71b91ab759bf77b5348a2f95d85e8ba0\"},\"headline\":\"Un regalo original y creativo para Comuni\u00f3n, El Regalo de tu Nombre\",\"datePublished\":\"2013-05-14T05:45:36+00:00\",\"mainEntityOfPage\":{\"@id\":\"https:\/\/bautizoycomunion.com\/index.php\/2013\/05\/14\/un-regalo-original-y-creativo-para-comunion-el-regalo-de-tu-nombre\/\"},\"wordCount\":473,\"publisher\":{\"@id\":\"https:\/\/bautizoycomunion.com\/#organization\"},\"image\":{\"@id\":\"https:\/\/bautizoycomunion.com\/index.php\/2013\/05\/14\/un-regalo-original-y-creativo-para-comunion-el-regalo-de-tu-nombre\/#primaryimage\"},\"thumbnailUrl\":\"http:\/\/bautizoycomunion.com\/wp-content\/uploads\/2013\/05\/LAMINA-HUGO.jpg\",\"keywords\":[\"Dibujos personalizados para Bautizo o Comuni\u00f3n\",\"l\u00e1minas grabadas para Bautizo o Comuni\u00f3n\",\"regalos originales para Bautizo y Comunion\"],\"articleSection\":[\"Decoraci\u00f3n\",\"Regalos para Bautizo\",\"Regalos para Comuni\u00f3n\",\"Todas las entradas\"],\"inLanguage\":\"es\"},{\"@type\":\"WebPage\",\"@id\":\"https:\/\/bautizoycomunion.com\/index.php\/2013\/05\/14\/un-regalo-original-y-creativo-para-comunion-el-regalo-de-tu-nombre\/\",\"url\":\"https:\/\/bautizoycomunion.com\/index.php\/2013\/05\/14\/un-regalo-original-y-creativo-para-comunion-el-regalo-de-tu-nombre\/\",\"name\":\"Un regalo original y creativo para Comuni\u00f3n, El Regalo de tu Nombre &#8211; Bautizo y Comunion\",\"isPartOf\":{\"@id\":\"https:\/\/bautizoycomunion.com\/#website\"},\"primaryImageOfPage\":{\"@id\":\"https:\/\/bautizoycomunion.com\/index.php\/2013\/05\/14\/un-regalo-original-y-creativo-para-comunion-el-regalo-de-tu-nombre\/#primaryimage\"},\"image\":{\"@id\":\"https:\/\/bautizoycomunion.com\/index.php\/2013\/05\/14\/un-regalo-original-y-creativo-para-comunion-el-regalo-de-tu-nombre\/#primaryimage\"},\"thumbnailUrl\":\"http:\/\/bautizoycomunion.com\/wp-content\/uploads\/2013\/05\/LAMINA-HUGO.jpg\",\"datePublished\":\"2013-05-14T05:45:36+00:00\",\"breadcrumb\":{\"@id\":\"https:\/\/bautizoycomunion.com\/index.php\/2013\/05\/14\/un-regalo-original-y-creativo-para-comunion-el-regalo-de-tu-nombre\/#breadcrumb\"},\"inLanguage\":\"es\",\"potentialAction\":[{\"@type\":\"ReadAction\",\"target\":[\"https:\/\/bautizoycomunion.com\/index.php\/2013\/05\/14\/un-regalo-original-y-creativo-para-comunion-el-regalo-de-tu-nombre\/\"]}]},{\"@type\":\"ImageObject\",\"inLanguage\":\"es\",\"@id\":\"https:\/\/bautizoycomunion.com\/index.php\/2013\/05\/14\/un-regalo-original-y-creativo-para-comunion-el-regalo-de-tu-nombre\/#primaryimage\",\"url\":\"http:\/\/bautizoycomunion.com\/wp-content\/uploads\/2013\/05\/LAMINA-HUGO.jpg\",\"contentUrl\":\"http:\/\/bautizoycomunion.com\/wp-content\/uploads\/2013\/05\/LAMINA-HUGO.jpg\"},{\"@type\":\"BreadcrumbList\",\"@id\":\"https:\/\/bautizoycomunion.com\/index.php\/2013\/05\/14\/un-regalo-original-y-creativo-para-comunion-el-regalo-de-tu-nombre\/#breadcrumb\",\"itemListElement\":[{\"@type\":\"ListItem\",\"position\":1,\"name\":\"Portada\",\"item\":\"https:\/\/bautizoycomunion.com\/\"},{\"@type\":\"ListItem\",\"position\":2,\"name\":\"Un regalo original y creativo para Comuni\u00f3n, El Regalo de tu Nombre\"}]},{\"@type\":\"WebSite\",\"@id\":\"https:\/\/bautizoycomunion.com\/#website\",\"url\":\"https:\/\/bautizoycomunion.com\/\",\"name\":\"Bautizo y Comunion\",\"description\":\"\",\"publisher\":{\"@id\":\"https:\/\/bautizoycomunion.com\/#organization\"},\"potentialAction\":[{\"@type\":\"SearchAction\",\"target\":{\"@type\":\"EntryPoint\",\"urlTemplate\":\"https:\/\/bautizoycomunion.com\/?s={search_term_string}\"},\"query-input\":{\"@type\":\"PropertyValueSpecification\",\"valueRequired\":true,\"valueName\":\"search_term_string\"}}],\"inLanguage\":\"es\"},{\"@type\":\"Organization\",\"@id\":\"https:\/\/bautizoycomunion.com\/#organization\",\"name\":\"Bautizo y Comunion\",\"url\":\"https:\/\/bautizoycomunion.com\/\",\"logo\":{\"@type\":\"ImageObject\",\"inLanguage\":\"es\",\"@id\":\"https:\/\/bautizoycomunion.com\/#\/schema\/logo\/image\/\",\"url\":\"https:\/\/bautizoycomunion.com\/wp-content\/uploads\/2020\/02\/logo-bautizo-y-comunion.jpg\",\"contentUrl\":\"https:\/\/bautizoycomunion.com\/wp-content\/uploads\/2020\/02\/logo-bautizo-y-comunion.jpg\",\"width\":128,\"height\":128,\"caption\":\"Bautizo y Comunion\"},\"image\":{\"@id\":\"https:\/\/bautizoycomunion.com\/#\/schema\/logo\/image\/\"},\"sameAs\":[\"https:\/\/www.facebook.com\/BautizosyComuniones\",\"https:\/\/x.com\/BautizoComunion\",\"https:\/\/www.instagram.com\/bautizoycomunion\/\",\"https:\/\/www.pinterest.es\/BautizoComunion\/\",\"https:\/\/www.youtube.com\/user\/BautizoyComunionTV\"]},{\"@type\":\"Person\",\"@id\":\"https:\/\/bautizoycomunion.com\/#\/schema\/person\/71b91ab759bf77b5348a2f95d85e8ba0\",\"name\":\"publisher\",\"image\":{\"@type\":\"ImageObject\",\"inLanguage\":\"es\",\"@id\":\"https:\/\/bautizoycomunion.com\/#\/schema\/person\/image\/\",\"url\":\"https:\/\/secure.gravatar.com\/avatar\/b678a6a8c15d6fa37228489ffa29aff56590dfc95fbec3aa2c2f2cc9013b082f?s=96&d=mm&r=g\",\"contentUrl\":\"https:\/\/secure.gravatar.com\/avatar\/b678a6a8c15d6fa37228489ffa29aff56590dfc95fbec3aa2c2f2cc9013b082f?s=96&d=mm&r=g\",\"caption\":\"publisher\"}}]}<\/script>\n<!-- \/ Yoast SEO plugin. -->","yoast_head_json":{"title":"Un regalo original y creativo para Comuni\u00f3n, El Regalo de tu Nombre &#8211; Bautizo y Comunion","robots":{"index":"index","follow":"follow","max-snippet":"max-snippet:-1","max-image-preview":"max-image-preview:large","max-video-preview":"max-video-preview:-1"},"canonical":"https:\/\/bautizoycomunion.com\/index.php\/2013\/05\/14\/un-regalo-original-y-creativo-para-comunion-el-regalo-de-tu-nombre\/","og_locale":"es_ES","og_type":"article","og_title":"Un regalo original y creativo para Comuni\u00f3n, El Regalo de tu Nombre &#8211; Bautizo y Comunion","og_description":"Ahora que estamos en plena \u00e9poca de Comuniones os queremos presentar una propuesta de lo m\u00e1s original para regalar a los grandes protagonistas de ese d\u00eda. Lejos de los t\u00edpicos regalos de comuni\u00f3n (relojes, gemelos, medallas&#8230;), nuestra propuesta de hoy sorprende por su originalidad. Se trata de un regalo de &hellip; Sigue leyendo &rarr;","og_url":"https:\/\/bautizoycomunion.com\/index.php\/2013\/05\/14\/un-regalo-original-y-creativo-para-comunion-el-regalo-de-tu-nombre\/","og_site_name":"Bautizo y Comunion","article_publisher":"https:\/\/www.facebook.com\/BautizosyComuniones","article_published_time":"2013-05-14T05:45:36+00:00","author":"publisher","twitter_card":"summary_large_image","twitter_creator":"@BautizoComunion","twitter_site":"@BautizoComunion","twitter_misc":{"Escrito por":"publisher","Tiempo de lectura":"2 minutos"},"schema":{"@context":"https:\/\/schema.org","@graph":[{"@type":"Article","@id":"https:\/\/bautizoycomunion.com\/index.php\/2013\/05\/14\/un-regalo-original-y-creativo-para-comunion-el-regalo-de-tu-nombre\/#article","isPartOf":{"@id":"https:\/\/bautizoycomunion.com\/index.php\/2013\/05\/14\/un-regalo-original-y-creativo-para-comunion-el-regalo-de-tu-nombre\/"},"author":{"name":"publisher","@id":"https:\/\/bautizoycomunion.com\/#\/schema\/person\/71b91ab759bf77b5348a2f95d85e8ba0"},"headline":"Un regalo original y creativo para Comuni\u00f3n, El Regalo de tu Nombre","datePublished":"2013-05-14T05:45:36+00:00","mainEntityOfPage":{"@id":"https:\/\/bautizoycomunion.com\/index.php\/2013\/05\/14\/un-regalo-original-y-creativo-para-comunion-el-regalo-de-tu-nombre\/"},"wordCount":473,"publisher":{"@id":"https:\/\/bautizoycomunion.com\/#organization"},"image":{"@id":"https:\/\/bautizoycomunion.com\/index.php\/2013\/05\/14\/un-regalo-original-y-creativo-para-comunion-el-regalo-de-tu-nombre\/#primaryimage"},"thumbnailUrl":"http:\/\/bautizoycomunion.com\/wp-content\/uploads\/2013\/05\/LAMINA-HUGO.jpg","keywords":["Dibujos personalizados para Bautizo o Comuni\u00f3n","l\u00e1minas grabadas para Bautizo o Comuni\u00f3n","regalos originales para Bautizo y Comunion"],"articleSection":["Decoraci\u00f3n","Regalos para Bautizo","Regalos para Comuni\u00f3n","Todas las entradas"],"inLanguage":"es"},{"@type":"WebPage","@id":"https:\/\/bautizoycomunion.com\/index.php\/2013\/05\/14\/un-regalo-original-y-creativo-para-comunion-el-regalo-de-tu-nombre\/","url":"https:\/\/bautizoycomunion.com\/index.php\/2013\/05\/14\/un-regalo-original-y-creativo-para-comunion-el-regalo-de-tu-nombre\/","name":"Un regalo original y creativo para Comuni\u00f3n, El Regalo de tu Nombre &#8211; Bautizo y Comunion","isPartOf":{"@id":"https:\/\/bautizoycomunion.com\/#website"},"primaryImageOfPage":{"@id":"https:\/\/bautizoycomunion.com\/index.php\/2013\/05\/14\/un-regalo-original-y-creativo-para-comunion-el-regalo-de-tu-nombre\/#primaryimage"},"image":{"@id":"https:\/\/bautizoycomunion.com\/index.php\/2013\/05\/14\/un-regalo-original-y-creativo-para-comunion-el-regalo-de-tu-nombre\/#primaryimage"},"thumbnailUrl":"http:\/\/bautizoycomunion.com\/wp-content\/uploads\/2013\/05\/LAMINA-HUGO.jpg","datePublished":"2013-05-14T05:45:36+00:00","breadcrumb":{"@id":"https:\/\/bautizoycomunion.com\/index.php\/2013\/05\/14\/un-regalo-original-y-creativo-para-comunion-el-regalo-de-tu-nombre\/#breadcrumb"},"inLanguage":"es","potentialAction":[{"@type":"ReadAction","target":["https:\/\/bautizoycomunion.com\/index.php\/2013\/05\/14\/un-regalo-original-y-creativo-para-comunion-el-regalo-de-tu-nombre\/"]}]},{"@type":"ImageObject","inLanguage":"es","@id":"https:\/\/bautizoycomunion.com\/index.php\/2013\/05\/14\/un-regalo-original-y-creativo-para-comunion-el-regalo-de-tu-nombre\/#primaryimage","url":"http:\/\/bautizoycomunion.com\/wp-content\/uploads\/2013\/05\/LAMINA-HUGO.jpg","contentUrl":"http:\/\/bautizoycomunion.com\/wp-content\/uploads\/2013\/05\/LAMINA-HUGO.jpg"},{"@type":"BreadcrumbList","@id":"https:\/\/bautizoycomunion.com\/index.php\/2013\/05\/14\/un-regalo-original-y-creativo-para-comunion-el-regalo-de-tu-nombre\/#breadcrumb","itemListElement":[{"@type":"ListItem","position":1,"name":"Portada","item":"https:\/\/bautizoycomunion.com\/"},{"@type":"ListItem","position":2,"name":"Un regalo original y creativo para Comuni\u00f3n, El Regalo de tu Nombre"}]},{"@type":"WebSite","@id":"https:\/\/bautizoycomunion.com\/#website","url":"https:\/\/bautizoycomunion.com\/","name":"Bautizo y Comunion","description":"","publisher":{"@id":"https:\/\/bautizoycomunion.com\/#organization"},"potentialAction":[{"@type":"SearchAction","target":{"@type":"EntryPoint","urlTemplate":"https:\/\/bautizoycomunion.com\/?s={search_term_string}"},"query-input":{"@type":"PropertyValueSpecification","valueRequired":true,"valueName":"search_term_string"}}],"inLanguage":"es"},{"@type":"Organization","@id":"https:\/\/bautizoycomunion.com\/#organization","name":"Bautizo y Comunion","url":"https:\/\/bautizoycomunion.com\/","logo":{"@type":"ImageObject","inLanguage":"es","@id":"https:\/\/bautizoycomunion.com\/#\/schema\/logo\/image\/","url":"https:\/\/bautizoycomunion.com\/wp-content\/uploads\/2020\/02\/logo-bautizo-y-comunion.jpg","contentUrl":"https:\/\/bautizoycomunion.com\/wp-content\/uploads\/2020\/02\/logo-bautizo-y-comunion.jpg","width":128,"height":128,"caption":"Bautizo y Comunion"},"image":{"@id":"https:\/\/bautizoycomunion.com\/#\/schema\/logo\/image\/"},"sameAs":["https:\/\/www.facebook.com\/BautizosyComuniones","https:\/\/x.com\/BautizoComunion","https:\/\/www.instagram.com\/bautizoycomunion\/","https:\/\/www.pinterest.es\/BautizoComunion\/","https:\/\/www.youtube.com\/user\/BautizoyComunionTV"]},{"@type":"Person","@id":"https:\/\/bautizoycomunion.com\/#\/schema\/person\/71b91ab759bf77b5348a2f95d85e8ba0","name":"publisher","image":{"@type":"ImageObject","inLanguage":"es","@id":"https:\/\/bautizoycomunion.com\/#\/schema\/person\/image\/","url":"https:\/\/secure.gravatar.com\/avatar\/b678a6a8c15d6fa37228489ffa29aff56590dfc95fbec3aa2c2f2cc9013b082f?s=96&d=mm&r=g","contentUrl":"https:\/\/secure.gravatar.com\/avatar\/b678a6a8c15d6fa37228489ffa29aff56590dfc95fbec3aa2c2f2cc9013b082f?s=96&d=mm&r=g","caption":"publisher"}}]}},"_links":{"self":[{"href":"https:\/\/bautizoycomunion.com\/index.php\/wp-json\/wp\/v2\/posts\/5729","targetHints":{"allow":["GET"]}}],"collection":[{"href":"https:\/\/bautizoycomunion.com\/index.php\/wp-json\/wp\/v2\/posts"}],"about":[{"href":"https:\/\/bautizoycomunion.com\/index.php\/wp-json\/wp\/v2\/types\/post"}],"author":[{"embeddable":true,"href":"https:\/\/bautizoycomunion.com\/index.php\/wp-json\/wp\/v2\/users\/3"}],"replies":[{"embeddable":true,"href":"https:\/\/bautizoycomunion.com\/index.php\/wp-json\/wp\/v2\/comments?post=5729"}],"version-history":[{"count":0,"href":"https:\/\/bautizoycomunion.com\/index.php\/wp-json\/wp\/v2\/posts\/5729\/revisions"}],"wp:attachment":[{"href":"https:\/\/bautizoycomunion.com\/index.php\/wp-json\/wp\/v2\/media?parent=5729"}],"wp:term":[{"taxonomy":"category","embeddable":true,"href":"https:\/\/bautizoycomunion.com\/index.php\/wp-json\/wp\/v2\/categories?post=5729"},{"taxonomy":"post_tag","embeddable":true,"href":"https:\/\/bautizoycomunion.com\/index.php\/wp-json\/wp\/v2\/tags?post=5729"}],"curies":[{"name":"wp","href":"https:\/\/api.w.org\/{rel}","templated":true}]}}