{"id":6353,"date":"2016-02-26T08:45:45","date_gmt":"2016-02-26T07:45:45","guid":{"rendered":"http:\/\/bautizoycomunion.com\/?p=6353"},"modified":"2020-01-31T17:46:18","modified_gmt":"2020-01-31T16:46:18","slug":"inspiracion-primeras-comuniones","status":"publish","type":"post","link":"https:\/\/bautizoycomunion.com\/index.php\/2016\/02\/26\/inspiracion-primeras-comuniones\/","title":{"rendered":"Inspiraci\u00f3n Primeras Comuniones"},"content":{"rendered":"<p>Y del ba\u00fal de los recuerdos he rescatado este video de una produccion que <strong>Bautizo y Comuni\u00f3n<\/strong> hizo con Charhadas hace unos a\u00f1os, pero que no me puede gustar m\u00e1s.<\/p>\n<p><iframe loading=\"lazy\" src=\"\/\/player.vimeo.com\/video\/87203405?title=0&amp;byline=0&amp;color=8a87d6\" width=\"580\" height=\"327\" frameborder=\"0\" allowfullscreen=\"allowfullscreen\"><\/iframe><\/p>\n<p>Los vestidos son de Bel and Soph, las coronas de flores de <a href=\"http:\/\/sallyhambleton.com\/es\/\" target=\"_blank\" rel=\"noopener noreferrer\">Sally Hambleton<\/a>, los detalles para invitados y las medallas y cruces que llevan las ni\u00f1as son de <a href=\"http:\/\/limonae.com\/es\/59-comunion\" target=\"_blank\" rel=\"noopener noreferrer\">Limonae<\/a>, las bailarinas de <a href=\"https:\/\/www.prettyballerinas.es\/\" target=\"_blank\" rel=\"noopener noreferrer\">Pretty Ballerinas<\/a>&nbsp;y&nbsp;las tartas y cupcakes de <a href=\"http:\/\/www.creambakery.es\/\" target=\"_blank\" rel=\"noopener noreferrer\">Cream Bakery<\/a>.<\/p>\n<p>\u00bfNo os parece todo ideal?<\/p>\n","protected":false},"excerpt":{"rendered":"<p>Y del ba\u00fal de los recuerdos he rescatado este video de una produccion que Bautizo y Comuni\u00f3n hizo con Charhadas hace unos a\u00f1os, pero que no me puede gustar m\u00e1s. Los vestidos son de Bel and Soph, las coronas de flores de Sally Hambleton, los detalles para invitados y las &hellip; <a class=\"more-link\" href=\"https:\/\/bautizoycomunion.com\/index.php\/2016\/02\/26\/inspiracion-primeras-comuniones\/\"><span class=\"more-msg\">Sigue leyendo &rarr;<\/span><\/a><\/p>\n","protected":false},"author":3,"featured_media":0,"comment_status":"open","ping_status":"open","sticky":false,"template":"","format":"standard","meta":{"footnotes":""},"categories":[16,20],"tags":[175,184,472,988],"class_list":["post-6353","post","type-post","status-publish","format-standard","hentry","category-uncategorized","category-videos","tag-comunion","tag-comuniones","tag-inspiracion","tag-videos-comunion"],"yoast_head":"<!-- This site is optimized with the Yoast SEO plugin v26.1.1 - https:\/\/yoast.com\/wordpress\/plugins\/seo\/ -->\n<title>Inspiraci\u00f3n Primeras Comuniones &#8211; Bautizo y Comunion<\/title>\n<meta name=\"robots\" content=\"index, follow, max-snippet:-1, max-image-preview:large, max-video-preview:-1\" \/>\n<link rel=\"canonical\" href=\"https:\/\/bautizoycomunion.com\/index.php\/2016\/02\/26\/inspiracion-primeras-comuniones\/\" \/>\n<meta property=\"og:locale\" content=\"es_ES\" \/>\n<meta property=\"og:type\" content=\"article\" \/>\n<meta property=\"og:title\" content=\"Inspiraci\u00f3n Primeras Comuniones &#8211; Bautizo y Comunion\" \/>\n<meta property=\"og:description\" content=\"Y del ba\u00fal de los recuerdos he rescatado este video de una produccion que Bautizo y Comuni\u00f3n hizo con Charhadas hace unos a\u00f1os, pero que no me puede gustar m\u00e1s. Los vestidos son de Bel and Soph, las coronas de flores de Sally Hambleton, los detalles para invitados y las &hellip; Sigue leyendo &rarr;\" \/>\n<meta property=\"og:url\" content=\"https:\/\/bautizoycomunion.com\/index.php\/2016\/02\/26\/inspiracion-primeras-comuniones\/\" \/>\n<meta property=\"og:site_name\" content=\"Bautizo y Comunion\" \/>\n<meta property=\"article:publisher\" content=\"https:\/\/www.facebook.com\/BautizosyComuniones\" \/>\n<meta property=\"article:published_time\" content=\"2016-02-26T07:45:45+00:00\" \/>\n<meta property=\"article:modified_time\" content=\"2020-01-31T16:46:18+00:00\" \/>\n<meta name=\"author\" content=\"publisher\" \/>\n<meta name=\"twitter:card\" content=\"summary_large_image\" \/>\n<meta name=\"twitter:creator\" content=\"@BautizoComunion\" \/>\n<meta name=\"twitter:site\" content=\"@BautizoComunion\" \/>\n<meta name=\"twitter:label1\" content=\"Escrito por\" \/>\n\t<meta name=\"twitter:data1\" content=\"publisher\" \/>\n<script type=\"application\/ld+json\" class=\"yoast-schema-graph\">{\"@context\":\"https:\/\/schema.org\",\"@graph\":[{\"@type\":\"Article\",\"@id\":\"https:\/\/bautizoycomunion.com\/index.php\/2016\/02\/26\/inspiracion-primeras-comuniones\/#article\",\"isPartOf\":{\"@id\":\"https:\/\/bautizoycomunion.com\/index.php\/2016\/02\/26\/inspiracion-primeras-comuniones\/\"},\"author\":{\"name\":\"publisher\",\"@id\":\"https:\/\/bautizoycomunion.com\/#\/schema\/person\/71b91ab759bf77b5348a2f95d85e8ba0\"},\"headline\":\"Inspiraci\u00f3n Primeras Comuniones\",\"datePublished\":\"2016-02-26T07:45:45+00:00\",\"dateModified\":\"2020-01-31T16:46:18+00:00\",\"mainEntityOfPage\":{\"@id\":\"https:\/\/bautizoycomunion.com\/index.php\/2016\/02\/26\/inspiracion-primeras-comuniones\/\"},\"wordCount\":89,\"commentCount\":0,\"publisher\":{\"@id\":\"https:\/\/bautizoycomunion.com\/#organization\"},\"keywords\":[\"comunion\",\"comuniones\",\"Inspiraci\u00f3n\",\"videos comunion\"],\"articleSection\":[\"Todas las entradas\",\"Videos\"],\"inLanguage\":\"es\",\"potentialAction\":[{\"@type\":\"CommentAction\",\"name\":\"Comment\",\"target\":[\"https:\/\/bautizoycomunion.com\/index.php\/2016\/02\/26\/inspiracion-primeras-comuniones\/#respond\"]}]},{\"@type\":\"WebPage\",\"@id\":\"https:\/\/bautizoycomunion.com\/index.php\/2016\/02\/26\/inspiracion-primeras-comuniones\/\",\"url\":\"https:\/\/bautizoycomunion.com\/index.php\/2016\/02\/26\/inspiracion-primeras-comuniones\/\",\"name\":\"Inspiraci\u00f3n Primeras Comuniones &#8211; Bautizo y Comunion\",\"isPartOf\":{\"@id\":\"https:\/\/bautizoycomunion.com\/#website\"},\"datePublished\":\"2016-02-26T07:45:45+00:00\",\"dateModified\":\"2020-01-31T16:46:18+00:00\",\"breadcrumb\":{\"@id\":\"https:\/\/bautizoycomunion.com\/index.php\/2016\/02\/26\/inspiracion-primeras-comuniones\/#breadcrumb\"},\"inLanguage\":\"es\",\"potentialAction\":[{\"@type\":\"ReadAction\",\"target\":[\"https:\/\/bautizoycomunion.com\/index.php\/2016\/02\/26\/inspiracion-primeras-comuniones\/\"]}]},{\"@type\":\"BreadcrumbList\",\"@id\":\"https:\/\/bautizoycomunion.com\/index.php\/2016\/02\/26\/inspiracion-primeras-comuniones\/#breadcrumb\",\"itemListElement\":[{\"@type\":\"ListItem\",\"position\":1,\"name\":\"Portada\",\"item\":\"https:\/\/bautizoycomunion.com\/\"},{\"@type\":\"ListItem\",\"position\":2,\"name\":\"Inspiraci\u00f3n Primeras Comuniones\"}]},{\"@type\":\"WebSite\",\"@id\":\"https:\/\/bautizoycomunion.com\/#website\",\"url\":\"https:\/\/bautizoycomunion.com\/\",\"name\":\"Bautizo y Comunion\",\"description\":\"\",\"publisher\":{\"@id\":\"https:\/\/bautizoycomunion.com\/#organization\"},\"potentialAction\":[{\"@type\":\"SearchAction\",\"target\":{\"@type\":\"EntryPoint\",\"urlTemplate\":\"https:\/\/bautizoycomunion.com\/?s={search_term_string}\"},\"query-input\":{\"@type\":\"PropertyValueSpecification\",\"valueRequired\":true,\"valueName\":\"search_term_string\"}}],\"inLanguage\":\"es\"},{\"@type\":\"Organization\",\"@id\":\"https:\/\/bautizoycomunion.com\/#organization\",\"name\":\"Bautizo y Comunion\",\"url\":\"https:\/\/bautizoycomunion.com\/\",\"logo\":{\"@type\":\"ImageObject\",\"inLanguage\":\"es\",\"@id\":\"https:\/\/bautizoycomunion.com\/#\/schema\/logo\/image\/\",\"url\":\"https:\/\/bautizoycomunion.com\/wp-content\/uploads\/2020\/02\/logo-bautizo-y-comunion.jpg\",\"contentUrl\":\"https:\/\/bautizoycomunion.com\/wp-content\/uploads\/2020\/02\/logo-bautizo-y-comunion.jpg\",\"width\":128,\"height\":128,\"caption\":\"Bautizo y Comunion\"},\"image\":{\"@id\":\"https:\/\/bautizoycomunion.com\/#\/schema\/logo\/image\/\"},\"sameAs\":[\"https:\/\/www.facebook.com\/BautizosyComuniones\",\"https:\/\/x.com\/BautizoComunion\",\"https:\/\/www.instagram.com\/bautizoycomunion\/\",\"https:\/\/www.pinterest.es\/BautizoComunion\/\",\"https:\/\/www.youtube.com\/user\/BautizoyComunionTV\"]},{\"@type\":\"Person\",\"@id\":\"https:\/\/bautizoycomunion.com\/#\/schema\/person\/71b91ab759bf77b5348a2f95d85e8ba0\",\"name\":\"publisher\",\"image\":{\"@type\":\"ImageObject\",\"inLanguage\":\"es\",\"@id\":\"https:\/\/bautizoycomunion.com\/#\/schema\/person\/image\/\",\"url\":\"https:\/\/secure.gravatar.com\/avatar\/b678a6a8c15d6fa37228489ffa29aff56590dfc95fbec3aa2c2f2cc9013b082f?s=96&d=mm&r=g\",\"contentUrl\":\"https:\/\/secure.gravatar.com\/avatar\/b678a6a8c15d6fa37228489ffa29aff56590dfc95fbec3aa2c2f2cc9013b082f?s=96&d=mm&r=g\",\"caption\":\"publisher\"}}]}<\/script>\n<!-- \/ Yoast SEO plugin. -->","yoast_head_json":{"title":"Inspiraci\u00f3n Primeras Comuniones &#8211; Bautizo y Comunion","robots":{"index":"index","follow":"follow","max-snippet":"max-snippet:-1","max-image-preview":"max-image-preview:large","max-video-preview":"max-video-preview:-1"},"canonical":"https:\/\/bautizoycomunion.com\/index.php\/2016\/02\/26\/inspiracion-primeras-comuniones\/","og_locale":"es_ES","og_type":"article","og_title":"Inspiraci\u00f3n Primeras Comuniones &#8211; Bautizo y Comunion","og_description":"Y del ba\u00fal de los recuerdos he rescatado este video de una produccion que Bautizo y Comuni\u00f3n hizo con Charhadas hace unos a\u00f1os, pero que no me puede gustar m\u00e1s. Los vestidos son de Bel and Soph, las coronas de flores de Sally Hambleton, los detalles para invitados y las &hellip; Sigue leyendo &rarr;","og_url":"https:\/\/bautizoycomunion.com\/index.php\/2016\/02\/26\/inspiracion-primeras-comuniones\/","og_site_name":"Bautizo y Comunion","article_publisher":"https:\/\/www.facebook.com\/BautizosyComuniones","article_published_time":"2016-02-26T07:45:45+00:00","article_modified_time":"2020-01-31T16:46:18+00:00","author":"publisher","twitter_card":"summary_large_image","twitter_creator":"@BautizoComunion","twitter_site":"@BautizoComunion","twitter_misc":{"Escrito por":"publisher"},"schema":{"@context":"https:\/\/schema.org","@graph":[{"@type":"Article","@id":"https:\/\/bautizoycomunion.com\/index.php\/2016\/02\/26\/inspiracion-primeras-comuniones\/#article","isPartOf":{"@id":"https:\/\/bautizoycomunion.com\/index.php\/2016\/02\/26\/inspiracion-primeras-comuniones\/"},"author":{"name":"publisher","@id":"https:\/\/bautizoycomunion.com\/#\/schema\/person\/71b91ab759bf77b5348a2f95d85e8ba0"},"headline":"Inspiraci\u00f3n Primeras Comuniones","datePublished":"2016-02-26T07:45:45+00:00","dateModified":"2020-01-31T16:46:18+00:00","mainEntityOfPage":{"@id":"https:\/\/bautizoycomunion.com\/index.php\/2016\/02\/26\/inspiracion-primeras-comuniones\/"},"wordCount":89,"commentCount":0,"publisher":{"@id":"https:\/\/bautizoycomunion.com\/#organization"},"keywords":["comunion","comuniones","Inspiraci\u00f3n","videos comunion"],"articleSection":["Todas las entradas","Videos"],"inLanguage":"es","potentialAction":[{"@type":"CommentAction","name":"Comment","target":["https:\/\/bautizoycomunion.com\/index.php\/2016\/02\/26\/inspiracion-primeras-comuniones\/#respond"]}]},{"@type":"WebPage","@id":"https:\/\/bautizoycomunion.com\/index.php\/2016\/02\/26\/inspiracion-primeras-comuniones\/","url":"https:\/\/bautizoycomunion.com\/index.php\/2016\/02\/26\/inspiracion-primeras-comuniones\/","name":"Inspiraci\u00f3n Primeras Comuniones &#8211; Bautizo y Comunion","isPartOf":{"@id":"https:\/\/bautizoycomunion.com\/#website"},"datePublished":"2016-02-26T07:45:45+00:00","dateModified":"2020-01-31T16:46:18+00:00","breadcrumb":{"@id":"https:\/\/bautizoycomunion.com\/index.php\/2016\/02\/26\/inspiracion-primeras-comuniones\/#breadcrumb"},"inLanguage":"es","potentialAction":[{"@type":"ReadAction","target":["https:\/\/bautizoycomunion.com\/index.php\/2016\/02\/26\/inspiracion-primeras-comuniones\/"]}]},{"@type":"BreadcrumbList","@id":"https:\/\/bautizoycomunion.com\/index.php\/2016\/02\/26\/inspiracion-primeras-comuniones\/#breadcrumb","itemListElement":[{"@type":"ListItem","position":1,"name":"Portada","item":"https:\/\/bautizoycomunion.com\/"},{"@type":"ListItem","position":2,"name":"Inspiraci\u00f3n Primeras Comuniones"}]},{"@type":"WebSite","@id":"https:\/\/bautizoycomunion.com\/#website","url":"https:\/\/bautizoycomunion.com\/","name":"Bautizo y Comunion","description":"","publisher":{"@id":"https:\/\/bautizoycomunion.com\/#organization"},"potentialAction":[{"@type":"SearchAction","target":{"@type":"EntryPoint","urlTemplate":"https:\/\/bautizoycomunion.com\/?s={search_term_string}"},"query-input":{"@type":"PropertyValueSpecification","valueRequired":true,"valueName":"search_term_string"}}],"inLanguage":"es"},{"@type":"Organization","@id":"https:\/\/bautizoycomunion.com\/#organization","name":"Bautizo y Comunion","url":"https:\/\/bautizoycomunion.com\/","logo":{"@type":"ImageObject","inLanguage":"es","@id":"https:\/\/bautizoycomunion.com\/#\/schema\/logo\/image\/","url":"https:\/\/bautizoycomunion.com\/wp-content\/uploads\/2020\/02\/logo-bautizo-y-comunion.jpg","contentUrl":"https:\/\/bautizoycomunion.com\/wp-content\/uploads\/2020\/02\/logo-bautizo-y-comunion.jpg","width":128,"height":128,"caption":"Bautizo y Comunion"},"image":{"@id":"https:\/\/bautizoycomunion.com\/#\/schema\/logo\/image\/"},"sameAs":["https:\/\/www.facebook.com\/BautizosyComuniones","https:\/\/x.com\/BautizoComunion","https:\/\/www.instagram.com\/bautizoycomunion\/","https:\/\/www.pinterest.es\/BautizoComunion\/","https:\/\/www.youtube.com\/user\/BautizoyComunionTV"]},{"@type":"Person","@id":"https:\/\/bautizoycomunion.com\/#\/schema\/person\/71b91ab759bf77b5348a2f95d85e8ba0","name":"publisher","image":{"@type":"ImageObject","inLanguage":"es","@id":"https:\/\/bautizoycomunion.com\/#\/schema\/person\/image\/","url":"https:\/\/secure.gravatar.com\/avatar\/b678a6a8c15d6fa37228489ffa29aff56590dfc95fbec3aa2c2f2cc9013b082f?s=96&d=mm&r=g","contentUrl":"https:\/\/secure.gravatar.com\/avatar\/b678a6a8c15d6fa37228489ffa29aff56590dfc95fbec3aa2c2f2cc9013b082f?s=96&d=mm&r=g","caption":"publisher"}}]}},"_links":{"self":[{"href":"https:\/\/bautizoycomunion.com\/index.php\/wp-json\/wp\/v2\/posts\/6353","targetHints":{"allow":["GET"]}}],"collection":[{"href":"https:\/\/bautizoycomunion.com\/index.php\/wp-json\/wp\/v2\/posts"}],"about":[{"href":"https:\/\/bautizoycomunion.com\/index.php\/wp-json\/wp\/v2\/types\/post"}],"author":[{"embeddable":true,"href":"https:\/\/bautizoycomunion.com\/index.php\/wp-json\/wp\/v2\/users\/3"}],"replies":[{"embeddable":true,"href":"https:\/\/bautizoycomunion.com\/index.php\/wp-json\/wp\/v2\/comments?post=6353"}],"version-history":[{"count":2,"href":"https:\/\/bautizoycomunion.com\/index.php\/wp-json\/wp\/v2\/posts\/6353\/revisions"}],"predecessor-version":[{"id":10424,"href":"https:\/\/bautizoycomunion.com\/index.php\/wp-json\/wp\/v2\/posts\/6353\/revisions\/10424"}],"wp:attachment":[{"href":"https:\/\/bautizoycomunion.com\/index.php\/wp-json\/wp\/v2\/media?parent=6353"}],"wp:term":[{"taxonomy":"category","embeddable":true,"href":"https:\/\/bautizoycomunion.com\/index.php\/wp-json\/wp\/v2\/categories?post=6353"},{"taxonomy":"post_tag","embeddable":true,"href":"https:\/\/bautizoycomunion.com\/index.php\/wp-json\/wp\/v2\/tags?post=6353"}],"curies":[{"name":"wp","href":"https:\/\/api.w.org\/{rel}","templated":true}]}}