{"id":6434,"date":"2014-04-28T12:38:26","date_gmt":"2014-04-28T10:38:26","guid":{"rendered":"http:\/\/bautizoycomunion.com\/?p=6434"},"modified":"2017-08-08T10:41:11","modified_gmt":"2017-08-08T08:41:11","slug":"un-recuerdo-para-toda-la-vida-reportaje-fotografico-de-tu-primera-comunion-con-noonu-fotografia","status":"publish","type":"post","link":"https:\/\/bautizoycomunion.com\/index.php\/2014\/04\/28\/un-recuerdo-para-toda-la-vida-reportaje-fotografico-de-tu-primera-comunion-con-noonu-fotografia\/","title":{"rendered":"Un recuerdo para toda la vida &#8211; reportaje fotogr\u00e1fico de tu Primera Comuni\u00f3n con Noonu Fotograf\u00eda"},"content":{"rendered":"<p>Hace unas semanas pudimos ver en vivo y en directo a los fot\u00f3grafos <strong>Patricia Semir y Luis Visconti de <a href=\"http:\/\/noonu.es\/\" target=\"_blank\" rel=\"noopener\">Noonu Fotograf\u00eda<\/a><\/strong>. Desde <strong>Bautizo y Comuni\u00f3n<\/strong> organizamos una sesi\u00f3n de fotos para hacer un <strong>reportaje sobre Comuniones para el \u00abEspecial Ni\u00f1os\u00bb de la revista HOLA<\/strong>, y nos quedamos maravillados con el resultado &#8211; salieron unas fotos impresionantes!<\/p>\n<p>Aqu\u00ed os dejamos una selecci\u00f3n (nos ha costado much\u00edsimo hacerla porque TODAS las fotos son realmente bonitas) para que os pod\u00e1is hacer una idea de como trabajan. <strong>Noonu Fotograf\u00eda<\/strong> est\u00e1 especializado en <strong>fotos de ni\u00f1os, beb\u00e9s y celebraciones como Comuniones y Bautizos<\/strong>.<br \/>\n<a href=\"http:\/\/noonu.es\/\" target=\"_blank\" rel=\"noopener\"><img loading=\"lazy\" decoding=\"async\" class=\"aligncenter wp-image-9188 size-full\" src=\"http:\/\/bautizoycomunion.com\/wp-content\/uploads\/2014\/04\/noonu2_zpsfhfqeoc3.jpg\" alt=\"FOTOGRAF\u00cdA COMUNION\" width=\"600\" height=\"400\" srcset=\"https:\/\/bautizoycomunion.com\/wp-content\/uploads\/2014\/04\/noonu2_zpsfhfqeoc3.jpg 600w, https:\/\/bautizoycomunion.com\/wp-content\/uploads\/2014\/04\/noonu2_zpsfhfqeoc3-300x200.jpg 300w\" sizes=\"auto, (max-width: 600px) 100vw, 600px\" \/><\/a><\/p>\n<p><a href=\"http:\/\/noonu.es\/\" target=\"_blank\" rel=\"noopener\"><img loading=\"lazy\" decoding=\"async\" class=\"aligncenter wp-image-9189 size-full\" src=\"http:\/\/bautizoycomunion.com\/wp-content\/uploads\/2014\/04\/noonu5_zps2qlwewdc.jpg\" alt=\"corona de flores comuniones\" width=\"600\" height=\"400\" srcset=\"https:\/\/bautizoycomunion.com\/wp-content\/uploads\/2014\/04\/noonu5_zps2qlwewdc.jpg 600w, https:\/\/bautizoycomunion.com\/wp-content\/uploads\/2014\/04\/noonu5_zps2qlwewdc-300x200.jpg 300w\" sizes=\"auto, (max-width: 600px) 100vw, 600px\" \/><\/a>\u00bfA qui\u00e9n no le gustar\u00eda tener fotos as\u00ed de su Primera Comuni\u00f3n? Son un recuerdo para toda la vida de un d\u00eda muy especial.<\/p>\n<p><a href=\"http:\/\/noonu.es\/\" target=\"_blank\" rel=\"noopener\"><img loading=\"lazy\" decoding=\"async\" class=\"aligncenter wp-image-9190 size-full\" src=\"http:\/\/bautizoycomunion.com\/wp-content\/uploads\/2014\/04\/noonu3_zpstxygoopp.jpg\" alt=\"EDITORIAL COMUNIONES\" width=\"427\" height=\"640\" srcset=\"https:\/\/bautizoycomunion.com\/wp-content\/uploads\/2014\/04\/noonu3_zpstxygoopp.jpg 427w, https:\/\/bautizoycomunion.com\/wp-content\/uploads\/2014\/04\/noonu3_zpstxygoopp-200x300.jpg 200w\" sizes=\"auto, (max-width: 427px) 100vw, 427px\" \/><\/a><\/p>\n<p><a href=\"http:\/\/noonu.es\/\" target=\"_blank\" rel=\"noopener\"><img loading=\"lazy\" decoding=\"async\" class=\"aligncenter wp-image-9191 size-full\" src=\"http:\/\/bautizoycomunion.com\/wp-content\/uploads\/2014\/04\/noonu8_zpsbiibzowg.jpg\" alt=\"fotografo comunion madrid\" width=\"427\" height=\"640\" srcset=\"https:\/\/bautizoycomunion.com\/wp-content\/uploads\/2014\/04\/noonu8_zpsbiibzowg.jpg 427w, https:\/\/bautizoycomunion.com\/wp-content\/uploads\/2014\/04\/noonu8_zpsbiibzowg-200x300.jpg 200w\" sizes=\"auto, (max-width: 427px) 100vw, 427px\" \/><\/a><\/p>\n<p><a href=\"http:\/\/noonu.es\/\" target=\"_blank\" rel=\"noopener\"><img loading=\"lazy\" decoding=\"async\" class=\"aligncenter wp-image-9192 size-full\" src=\"http:\/\/bautizoycomunion.com\/wp-content\/uploads\/2014\/04\/noonu7_zpsail7dfsy.jpg\" alt=\"sesion fotografica comunion\" width=\"600\" height=\"400\" srcset=\"https:\/\/bautizoycomunion.com\/wp-content\/uploads\/2014\/04\/noonu7_zpsail7dfsy.jpg 600w, https:\/\/bautizoycomunion.com\/wp-content\/uploads\/2014\/04\/noonu7_zpsail7dfsy-300x200.jpg 300w\" sizes=\"auto, (max-width: 600px) 100vw, 600px\" \/><\/a><\/p>\n<p><a href=\"http:\/\/noonu.es\/\" target=\"_blank\" rel=\"noopener\"><img loading=\"lazy\" decoding=\"async\" class=\"aligncenter wp-image-9193 size-full\" src=\"http:\/\/bautizoycomunion.com\/wp-content\/uploads\/2014\/04\/noonu6_zps1lfebuny.jpg\" alt=\"FOTOS COMUNION\" width=\"427\" height=\"640\" srcset=\"https:\/\/bautizoycomunion.com\/wp-content\/uploads\/2014\/04\/noonu6_zps1lfebuny.jpg 427w, https:\/\/bautizoycomunion.com\/wp-content\/uploads\/2014\/04\/noonu6_zps1lfebuny-200x300.jpg 200w\" sizes=\"auto, (max-width: 427px) 100vw, 427px\" \/><\/a><\/p>\n<p><a href=\"http:\/\/noonu.es\/\" target=\"_blank\" rel=\"noopener\"><img loading=\"lazy\" decoding=\"async\" class=\"aligncenter wp-image-9194 size-full\" src=\"http:\/\/bautizoycomunion.com\/wp-content\/uploads\/2014\/04\/noonu1_zpscimyr6lu.jpg\" alt=\"sesion fotos comunion revista hola ni\u00f1os\" width=\"600\" height=\"400\" srcset=\"https:\/\/bautizoycomunion.com\/wp-content\/uploads\/2014\/04\/noonu1_zpscimyr6lu.jpg 600w, https:\/\/bautizoycomunion.com\/wp-content\/uploads\/2014\/04\/noonu1_zpscimyr6lu-300x200.jpg 300w\" sizes=\"auto, (max-width: 600px) 100vw, 600px\" \/><\/a><\/p>\n<p><strong>Noonu Fotograf\u00eda<\/strong>, <a href=\"http:\/\/www.noonu.es\">www.noonu.es<\/a>, tel. 639 64 84 64<br \/>\n<strong>El Recien Nacido<\/strong>, detalles y regalos de Comuni\u00f3n, <a href=\"http:\/\/www.elreciennacido.com\">www.elreciennacido.com<\/a>, tel. 91\u00a0599 14 36<br \/>\n<strong>Sally L. Hambleton<\/strong>, decoraci\u00f3n, arreglos florales y coronas de flores, <a href=\"http:\/\/www.sallyhambleton.com\">www.sallyhambleton.com<\/a>, tel. 915 62 47 09<br \/>\n<strong>Bel &amp; Soph,<\/strong>vestidos de Comuni\u00f3n, www.belandshoph.com, tel. 660 01 96 94<br \/>\n<strong>Cream Bakery<\/strong>, <a href=\"http:\/\/www.creambakery.es\">www.creambakery.es<\/a>, tel. 91 250 03 03<br \/>\n<strong>Pretty Ballerinas<\/strong>, <a href=\"http:\/\/www.prettyballerinas.es\/\">www.prettyballerinas.es<\/a><br \/>\n<strong>Bautizo y Comuni\u00f3n<\/strong>, coordinaci\u00f3n, <a href=\"http:\/\/www.bautizoycomunion.com\/\">www.bautizoycomunion.com<\/a><\/p>\n","protected":false},"excerpt":{"rendered":"<p>Hace unas semanas pudimos ver en vivo y en directo a los fot\u00f3grafos Patricia Semir y Luis Visconti de Noonu Fotograf\u00eda. Desde Bautizo y Comuni\u00f3n organizamos una sesi\u00f3n de fotos para hacer un reportaje sobre Comuniones para el \u00abEspecial Ni\u00f1os\u00bb de la revista HOLA, y nos quedamos maravillados con el &hellip; <a class=\"more-link\" href=\"https:\/\/bautizoycomunion.com\/index.php\/2014\/04\/28\/un-recuerdo-para-toda-la-vida-reportaje-fotografico-de-tu-primera-comunion-con-noonu-fotografia\/\"><span class=\"more-msg\">Sigue leyendo &rarr;<\/span><\/a><\/p>\n","protected":false},"author":3,"featured_media":0,"comment_status":"open","ping_status":"open","sticky":false,"template":"","format":"standard","meta":{"footnotes":""},"categories":[4,8,19],"tags":[175,410,420,608,609,781,796],"class_list":["post-6434","post","type-post","status-publish","format-standard","hentry","category-decoracion","category-fotografos-comunion-bautizo","category-vestidos-de-comunion","tag-comunion","tag-fotos","tag-fotos-primera-comunion","tag-noonu","tag-noonu-fotografia","tag-reportaje-fotografico","tag-revista-hola"],"yoast_head":"<!-- This site is optimized with the Yoast SEO plugin v26.1.1 - https:\/\/yoast.com\/wordpress\/plugins\/seo\/ -->\n<title>Un recuerdo para toda la vida - reportaje fotogr\u00e1fico de tu Primera Comuni\u00f3n con Noonu Fotograf\u00eda &#8211; Bautizo y Comunion<\/title>\n<meta name=\"robots\" content=\"index, follow, max-snippet:-1, max-image-preview:large, max-video-preview:-1\" \/>\n<link rel=\"canonical\" href=\"https:\/\/bautizoycomunion.com\/index.php\/2014\/04\/28\/un-recuerdo-para-toda-la-vida-reportaje-fotografico-de-tu-primera-comunion-con-noonu-fotografia\/\" \/>\n<meta property=\"og:locale\" content=\"es_ES\" \/>\n<meta property=\"og:type\" content=\"article\" \/>\n<meta property=\"og:title\" content=\"Un recuerdo para toda la vida - reportaje fotogr\u00e1fico de tu Primera Comuni\u00f3n con Noonu Fotograf\u00eda &#8211; Bautizo y Comunion\" \/>\n<meta property=\"og:description\" content=\"Hace unas semanas pudimos ver en vivo y en directo a los fot\u00f3grafos Patricia Semir y Luis Visconti de Noonu Fotograf\u00eda. Desde Bautizo y Comuni\u00f3n organizamos una sesi\u00f3n de fotos para hacer un reportaje sobre Comuniones para el \u00abEspecial Ni\u00f1os\u00bb de la revista HOLA, y nos quedamos maravillados con el &hellip; Sigue leyendo &rarr;\" \/>\n<meta property=\"og:url\" content=\"https:\/\/bautizoycomunion.com\/index.php\/2014\/04\/28\/un-recuerdo-para-toda-la-vida-reportaje-fotografico-de-tu-primera-comunion-con-noonu-fotografia\/\" \/>\n<meta property=\"og:site_name\" content=\"Bautizo y Comunion\" \/>\n<meta property=\"article:publisher\" content=\"https:\/\/www.facebook.com\/BautizosyComuniones\" \/>\n<meta property=\"article:published_time\" content=\"2014-04-28T10:38:26+00:00\" \/>\n<meta property=\"article:modified_time\" content=\"2017-08-08T08:41:11+00:00\" \/>\n<meta property=\"og:image\" content=\"https:\/\/bautizoycomunion.com\/wp-content\/uploads\/2014\/04\/noonu2_zpsfhfqeoc3.jpg\" \/>\n\t<meta property=\"og:image:width\" content=\"600\" \/>\n\t<meta property=\"og:image:height\" content=\"400\" \/>\n\t<meta property=\"og:image:type\" content=\"image\/jpeg\" \/>\n<meta name=\"author\" content=\"publisher\" \/>\n<meta name=\"twitter:card\" content=\"summary_large_image\" \/>\n<meta name=\"twitter:creator\" content=\"@BautizoComunion\" \/>\n<meta name=\"twitter:site\" content=\"@BautizoComunion\" \/>\n<meta name=\"twitter:label1\" content=\"Escrito por\" \/>\n\t<meta name=\"twitter:data1\" content=\"publisher\" \/>\n\t<meta name=\"twitter:label2\" content=\"Tiempo de lectura\" \/>\n\t<meta name=\"twitter:data2\" content=\"1 minuto\" \/>\n<script type=\"application\/ld+json\" class=\"yoast-schema-graph\">{\"@context\":\"https:\/\/schema.org\",\"@graph\":[{\"@type\":\"Article\",\"@id\":\"https:\/\/bautizoycomunion.com\/index.php\/2014\/04\/28\/un-recuerdo-para-toda-la-vida-reportaje-fotografico-de-tu-primera-comunion-con-noonu-fotografia\/#article\",\"isPartOf\":{\"@id\":\"https:\/\/bautizoycomunion.com\/index.php\/2014\/04\/28\/un-recuerdo-para-toda-la-vida-reportaje-fotografico-de-tu-primera-comunion-con-noonu-fotografia\/\"},\"author\":{\"name\":\"publisher\",\"@id\":\"https:\/\/bautizoycomunion.com\/#\/schema\/person\/71b91ab759bf77b5348a2f95d85e8ba0\"},\"headline\":\"Un recuerdo para toda la vida &#8211; reportaje fotogr\u00e1fico de tu Primera Comuni\u00f3n con Noonu Fotograf\u00eda\",\"datePublished\":\"2014-04-28T10:38:26+00:00\",\"dateModified\":\"2017-08-08T08:41:11+00:00\",\"mainEntityOfPage\":{\"@id\":\"https:\/\/bautizoycomunion.com\/index.php\/2014\/04\/28\/un-recuerdo-para-toda-la-vida-reportaje-fotografico-de-tu-primera-comunion-con-noonu-fotografia\/\"},\"wordCount\":222,\"commentCount\":0,\"publisher\":{\"@id\":\"https:\/\/bautizoycomunion.com\/#organization\"},\"image\":{\"@id\":\"https:\/\/bautizoycomunion.com\/index.php\/2014\/04\/28\/un-recuerdo-para-toda-la-vida-reportaje-fotografico-de-tu-primera-comunion-con-noonu-fotografia\/#primaryimage\"},\"thumbnailUrl\":\"http:\/\/bautizoycomunion.com\/wp-content\/uploads\/2014\/04\/noonu2_zpsfhfqeoc3.jpg\",\"keywords\":[\"comunion\",\"fotos\",\"fotos primera comunion\",\"noonu\",\"noonu fotografia\",\"reportaje fotografico\",\"revista hola\"],\"articleSection\":[\"Decoraci\u00f3n\",\"Fotografos\",\"Vestidos, trajes y zapatos de Comuni\u00f3n\"],\"inLanguage\":\"es\",\"potentialAction\":[{\"@type\":\"CommentAction\",\"name\":\"Comment\",\"target\":[\"https:\/\/bautizoycomunion.com\/index.php\/2014\/04\/28\/un-recuerdo-para-toda-la-vida-reportaje-fotografico-de-tu-primera-comunion-con-noonu-fotografia\/#respond\"]}]},{\"@type\":\"WebPage\",\"@id\":\"https:\/\/bautizoycomunion.com\/index.php\/2014\/04\/28\/un-recuerdo-para-toda-la-vida-reportaje-fotografico-de-tu-primera-comunion-con-noonu-fotografia\/\",\"url\":\"https:\/\/bautizoycomunion.com\/index.php\/2014\/04\/28\/un-recuerdo-para-toda-la-vida-reportaje-fotografico-de-tu-primera-comunion-con-noonu-fotografia\/\",\"name\":\"Un recuerdo para toda la vida - reportaje fotogr\u00e1fico de tu Primera Comuni\u00f3n con Noonu Fotograf\u00eda &#8211; Bautizo y Comunion\",\"isPartOf\":{\"@id\":\"https:\/\/bautizoycomunion.com\/#website\"},\"primaryImageOfPage\":{\"@id\":\"https:\/\/bautizoycomunion.com\/index.php\/2014\/04\/28\/un-recuerdo-para-toda-la-vida-reportaje-fotografico-de-tu-primera-comunion-con-noonu-fotografia\/#primaryimage\"},\"image\":{\"@id\":\"https:\/\/bautizoycomunion.com\/index.php\/2014\/04\/28\/un-recuerdo-para-toda-la-vida-reportaje-fotografico-de-tu-primera-comunion-con-noonu-fotografia\/#primaryimage\"},\"thumbnailUrl\":\"http:\/\/bautizoycomunion.com\/wp-content\/uploads\/2014\/04\/noonu2_zpsfhfqeoc3.jpg\",\"datePublished\":\"2014-04-28T10:38:26+00:00\",\"dateModified\":\"2017-08-08T08:41:11+00:00\",\"breadcrumb\":{\"@id\":\"https:\/\/bautizoycomunion.com\/index.php\/2014\/04\/28\/un-recuerdo-para-toda-la-vida-reportaje-fotografico-de-tu-primera-comunion-con-noonu-fotografia\/#breadcrumb\"},\"inLanguage\":\"es\",\"potentialAction\":[{\"@type\":\"ReadAction\",\"target\":[\"https:\/\/bautizoycomunion.com\/index.php\/2014\/04\/28\/un-recuerdo-para-toda-la-vida-reportaje-fotografico-de-tu-primera-comunion-con-noonu-fotografia\/\"]}]},{\"@type\":\"ImageObject\",\"inLanguage\":\"es\",\"@id\":\"https:\/\/bautizoycomunion.com\/index.php\/2014\/04\/28\/un-recuerdo-para-toda-la-vida-reportaje-fotografico-de-tu-primera-comunion-con-noonu-fotografia\/#primaryimage\",\"url\":\"https:\/\/bautizoycomunion.com\/wp-content\/uploads\/2014\/04\/noonu2_zpsfhfqeoc3.jpg\",\"contentUrl\":\"https:\/\/bautizoycomunion.com\/wp-content\/uploads\/2014\/04\/noonu2_zpsfhfqeoc3.jpg\",\"width\":600,\"height\":400},{\"@type\":\"BreadcrumbList\",\"@id\":\"https:\/\/bautizoycomunion.com\/index.php\/2014\/04\/28\/un-recuerdo-para-toda-la-vida-reportaje-fotografico-de-tu-primera-comunion-con-noonu-fotografia\/#breadcrumb\",\"itemListElement\":[{\"@type\":\"ListItem\",\"position\":1,\"name\":\"Portada\",\"item\":\"https:\/\/bautizoycomunion.com\/\"},{\"@type\":\"ListItem\",\"position\":2,\"name\":\"Un recuerdo para toda la vida &#8211; reportaje fotogr\u00e1fico de tu Primera Comuni\u00f3n con Noonu Fotograf\u00eda\"}]},{\"@type\":\"WebSite\",\"@id\":\"https:\/\/bautizoycomunion.com\/#website\",\"url\":\"https:\/\/bautizoycomunion.com\/\",\"name\":\"Bautizo y Comunion\",\"description\":\"\",\"publisher\":{\"@id\":\"https:\/\/bautizoycomunion.com\/#organization\"},\"potentialAction\":[{\"@type\":\"SearchAction\",\"target\":{\"@type\":\"EntryPoint\",\"urlTemplate\":\"https:\/\/bautizoycomunion.com\/?s={search_term_string}\"},\"query-input\":{\"@type\":\"PropertyValueSpecification\",\"valueRequired\":true,\"valueName\":\"search_term_string\"}}],\"inLanguage\":\"es\"},{\"@type\":\"Organization\",\"@id\":\"https:\/\/bautizoycomunion.com\/#organization\",\"name\":\"Bautizo y Comunion\",\"url\":\"https:\/\/bautizoycomunion.com\/\",\"logo\":{\"@type\":\"ImageObject\",\"inLanguage\":\"es\",\"@id\":\"https:\/\/bautizoycomunion.com\/#\/schema\/logo\/image\/\",\"url\":\"https:\/\/bautizoycomunion.com\/wp-content\/uploads\/2020\/02\/logo-bautizo-y-comunion.jpg\",\"contentUrl\":\"https:\/\/bautizoycomunion.com\/wp-content\/uploads\/2020\/02\/logo-bautizo-y-comunion.jpg\",\"width\":128,\"height\":128,\"caption\":\"Bautizo y Comunion\"},\"image\":{\"@id\":\"https:\/\/bautizoycomunion.com\/#\/schema\/logo\/image\/\"},\"sameAs\":[\"https:\/\/www.facebook.com\/BautizosyComuniones\",\"https:\/\/x.com\/BautizoComunion\",\"https:\/\/www.instagram.com\/bautizoycomunion\/\",\"https:\/\/www.pinterest.es\/BautizoComunion\/\",\"https:\/\/www.youtube.com\/user\/BautizoyComunionTV\"]},{\"@type\":\"Person\",\"@id\":\"https:\/\/bautizoycomunion.com\/#\/schema\/person\/71b91ab759bf77b5348a2f95d85e8ba0\",\"name\":\"publisher\",\"image\":{\"@type\":\"ImageObject\",\"inLanguage\":\"es\",\"@id\":\"https:\/\/bautizoycomunion.com\/#\/schema\/person\/image\/\",\"url\":\"https:\/\/secure.gravatar.com\/avatar\/b678a6a8c15d6fa37228489ffa29aff56590dfc95fbec3aa2c2f2cc9013b082f?s=96&d=mm&r=g\",\"contentUrl\":\"https:\/\/secure.gravatar.com\/avatar\/b678a6a8c15d6fa37228489ffa29aff56590dfc95fbec3aa2c2f2cc9013b082f?s=96&d=mm&r=g\",\"caption\":\"publisher\"}}]}<\/script>\n<!-- \/ Yoast SEO plugin. -->","yoast_head_json":{"title":"Un recuerdo para toda la vida - reportaje fotogr\u00e1fico de tu Primera Comuni\u00f3n con Noonu Fotograf\u00eda &#8211; Bautizo y Comunion","robots":{"index":"index","follow":"follow","max-snippet":"max-snippet:-1","max-image-preview":"max-image-preview:large","max-video-preview":"max-video-preview:-1"},"canonical":"https:\/\/bautizoycomunion.com\/index.php\/2014\/04\/28\/un-recuerdo-para-toda-la-vida-reportaje-fotografico-de-tu-primera-comunion-con-noonu-fotografia\/","og_locale":"es_ES","og_type":"article","og_title":"Un recuerdo para toda la vida - reportaje fotogr\u00e1fico de tu Primera Comuni\u00f3n con Noonu Fotograf\u00eda &#8211; Bautizo y Comunion","og_description":"Hace unas semanas pudimos ver en vivo y en directo a los fot\u00f3grafos Patricia Semir y Luis Visconti de Noonu Fotograf\u00eda. Desde Bautizo y Comuni\u00f3n organizamos una sesi\u00f3n de fotos para hacer un reportaje sobre Comuniones para el \u00abEspecial Ni\u00f1os\u00bb de la revista HOLA, y nos quedamos maravillados con el &hellip; Sigue leyendo &rarr;","og_url":"https:\/\/bautizoycomunion.com\/index.php\/2014\/04\/28\/un-recuerdo-para-toda-la-vida-reportaje-fotografico-de-tu-primera-comunion-con-noonu-fotografia\/","og_site_name":"Bautizo y Comunion","article_publisher":"https:\/\/www.facebook.com\/BautizosyComuniones","article_published_time":"2014-04-28T10:38:26+00:00","article_modified_time":"2017-08-08T08:41:11+00:00","og_image":[{"width":600,"height":400,"url":"https:\/\/bautizoycomunion.com\/wp-content\/uploads\/2014\/04\/noonu2_zpsfhfqeoc3.jpg","type":"image\/jpeg"}],"author":"publisher","twitter_card":"summary_large_image","twitter_creator":"@BautizoComunion","twitter_site":"@BautizoComunion","twitter_misc":{"Escrito por":"publisher","Tiempo de lectura":"1 minuto"},"schema":{"@context":"https:\/\/schema.org","@graph":[{"@type":"Article","@id":"https:\/\/bautizoycomunion.com\/index.php\/2014\/04\/28\/un-recuerdo-para-toda-la-vida-reportaje-fotografico-de-tu-primera-comunion-con-noonu-fotografia\/#article","isPartOf":{"@id":"https:\/\/bautizoycomunion.com\/index.php\/2014\/04\/28\/un-recuerdo-para-toda-la-vida-reportaje-fotografico-de-tu-primera-comunion-con-noonu-fotografia\/"},"author":{"name":"publisher","@id":"https:\/\/bautizoycomunion.com\/#\/schema\/person\/71b91ab759bf77b5348a2f95d85e8ba0"},"headline":"Un recuerdo para toda la vida &#8211; reportaje fotogr\u00e1fico de tu Primera Comuni\u00f3n con Noonu Fotograf\u00eda","datePublished":"2014-04-28T10:38:26+00:00","dateModified":"2017-08-08T08:41:11+00:00","mainEntityOfPage":{"@id":"https:\/\/bautizoycomunion.com\/index.php\/2014\/04\/28\/un-recuerdo-para-toda-la-vida-reportaje-fotografico-de-tu-primera-comunion-con-noonu-fotografia\/"},"wordCount":222,"commentCount":0,"publisher":{"@id":"https:\/\/bautizoycomunion.com\/#organization"},"image":{"@id":"https:\/\/bautizoycomunion.com\/index.php\/2014\/04\/28\/un-recuerdo-para-toda-la-vida-reportaje-fotografico-de-tu-primera-comunion-con-noonu-fotografia\/#primaryimage"},"thumbnailUrl":"http:\/\/bautizoycomunion.com\/wp-content\/uploads\/2014\/04\/noonu2_zpsfhfqeoc3.jpg","keywords":["comunion","fotos","fotos primera comunion","noonu","noonu fotografia","reportaje fotografico","revista hola"],"articleSection":["Decoraci\u00f3n","Fotografos","Vestidos, trajes y zapatos de Comuni\u00f3n"],"inLanguage":"es","potentialAction":[{"@type":"CommentAction","name":"Comment","target":["https:\/\/bautizoycomunion.com\/index.php\/2014\/04\/28\/un-recuerdo-para-toda-la-vida-reportaje-fotografico-de-tu-primera-comunion-con-noonu-fotografia\/#respond"]}]},{"@type":"WebPage","@id":"https:\/\/bautizoycomunion.com\/index.php\/2014\/04\/28\/un-recuerdo-para-toda-la-vida-reportaje-fotografico-de-tu-primera-comunion-con-noonu-fotografia\/","url":"https:\/\/bautizoycomunion.com\/index.php\/2014\/04\/28\/un-recuerdo-para-toda-la-vida-reportaje-fotografico-de-tu-primera-comunion-con-noonu-fotografia\/","name":"Un recuerdo para toda la vida - reportaje fotogr\u00e1fico de tu Primera Comuni\u00f3n con Noonu Fotograf\u00eda &#8211; Bautizo y Comunion","isPartOf":{"@id":"https:\/\/bautizoycomunion.com\/#website"},"primaryImageOfPage":{"@id":"https:\/\/bautizoycomunion.com\/index.php\/2014\/04\/28\/un-recuerdo-para-toda-la-vida-reportaje-fotografico-de-tu-primera-comunion-con-noonu-fotografia\/#primaryimage"},"image":{"@id":"https:\/\/bautizoycomunion.com\/index.php\/2014\/04\/28\/un-recuerdo-para-toda-la-vida-reportaje-fotografico-de-tu-primera-comunion-con-noonu-fotografia\/#primaryimage"},"thumbnailUrl":"http:\/\/bautizoycomunion.com\/wp-content\/uploads\/2014\/04\/noonu2_zpsfhfqeoc3.jpg","datePublished":"2014-04-28T10:38:26+00:00","dateModified":"2017-08-08T08:41:11+00:00","breadcrumb":{"@id":"https:\/\/bautizoycomunion.com\/index.php\/2014\/04\/28\/un-recuerdo-para-toda-la-vida-reportaje-fotografico-de-tu-primera-comunion-con-noonu-fotografia\/#breadcrumb"},"inLanguage":"es","potentialAction":[{"@type":"ReadAction","target":["https:\/\/bautizoycomunion.com\/index.php\/2014\/04\/28\/un-recuerdo-para-toda-la-vida-reportaje-fotografico-de-tu-primera-comunion-con-noonu-fotografia\/"]}]},{"@type":"ImageObject","inLanguage":"es","@id":"https:\/\/bautizoycomunion.com\/index.php\/2014\/04\/28\/un-recuerdo-para-toda-la-vida-reportaje-fotografico-de-tu-primera-comunion-con-noonu-fotografia\/#primaryimage","url":"https:\/\/bautizoycomunion.com\/wp-content\/uploads\/2014\/04\/noonu2_zpsfhfqeoc3.jpg","contentUrl":"https:\/\/bautizoycomunion.com\/wp-content\/uploads\/2014\/04\/noonu2_zpsfhfqeoc3.jpg","width":600,"height":400},{"@type":"BreadcrumbList","@id":"https:\/\/bautizoycomunion.com\/index.php\/2014\/04\/28\/un-recuerdo-para-toda-la-vida-reportaje-fotografico-de-tu-primera-comunion-con-noonu-fotografia\/#breadcrumb","itemListElement":[{"@type":"ListItem","position":1,"name":"Portada","item":"https:\/\/bautizoycomunion.com\/"},{"@type":"ListItem","position":2,"name":"Un recuerdo para toda la vida &#8211; reportaje fotogr\u00e1fico de tu Primera Comuni\u00f3n con Noonu Fotograf\u00eda"}]},{"@type":"WebSite","@id":"https:\/\/bautizoycomunion.com\/#website","url":"https:\/\/bautizoycomunion.com\/","name":"Bautizo y Comunion","description":"","publisher":{"@id":"https:\/\/bautizoycomunion.com\/#organization"},"potentialAction":[{"@type":"SearchAction","target":{"@type":"EntryPoint","urlTemplate":"https:\/\/bautizoycomunion.com\/?s={search_term_string}"},"query-input":{"@type":"PropertyValueSpecification","valueRequired":true,"valueName":"search_term_string"}}],"inLanguage":"es"},{"@type":"Organization","@id":"https:\/\/bautizoycomunion.com\/#organization","name":"Bautizo y Comunion","url":"https:\/\/bautizoycomunion.com\/","logo":{"@type":"ImageObject","inLanguage":"es","@id":"https:\/\/bautizoycomunion.com\/#\/schema\/logo\/image\/","url":"https:\/\/bautizoycomunion.com\/wp-content\/uploads\/2020\/02\/logo-bautizo-y-comunion.jpg","contentUrl":"https:\/\/bautizoycomunion.com\/wp-content\/uploads\/2020\/02\/logo-bautizo-y-comunion.jpg","width":128,"height":128,"caption":"Bautizo y Comunion"},"image":{"@id":"https:\/\/bautizoycomunion.com\/#\/schema\/logo\/image\/"},"sameAs":["https:\/\/www.facebook.com\/BautizosyComuniones","https:\/\/x.com\/BautizoComunion","https:\/\/www.instagram.com\/bautizoycomunion\/","https:\/\/www.pinterest.es\/BautizoComunion\/","https:\/\/www.youtube.com\/user\/BautizoyComunionTV"]},{"@type":"Person","@id":"https:\/\/bautizoycomunion.com\/#\/schema\/person\/71b91ab759bf77b5348a2f95d85e8ba0","name":"publisher","image":{"@type":"ImageObject","inLanguage":"es","@id":"https:\/\/bautizoycomunion.com\/#\/schema\/person\/image\/","url":"https:\/\/secure.gravatar.com\/avatar\/b678a6a8c15d6fa37228489ffa29aff56590dfc95fbec3aa2c2f2cc9013b082f?s=96&d=mm&r=g","contentUrl":"https:\/\/secure.gravatar.com\/avatar\/b678a6a8c15d6fa37228489ffa29aff56590dfc95fbec3aa2c2f2cc9013b082f?s=96&d=mm&r=g","caption":"publisher"}}]}},"_links":{"self":[{"href":"https:\/\/bautizoycomunion.com\/index.php\/wp-json\/wp\/v2\/posts\/6434","targetHints":{"allow":["GET"]}}],"collection":[{"href":"https:\/\/bautizoycomunion.com\/index.php\/wp-json\/wp\/v2\/posts"}],"about":[{"href":"https:\/\/bautizoycomunion.com\/index.php\/wp-json\/wp\/v2\/types\/post"}],"author":[{"embeddable":true,"href":"https:\/\/bautizoycomunion.com\/index.php\/wp-json\/wp\/v2\/users\/3"}],"replies":[{"embeddable":true,"href":"https:\/\/bautizoycomunion.com\/index.php\/wp-json\/wp\/v2\/comments?post=6434"}],"version-history":[{"count":5,"href":"https:\/\/bautizoycomunion.com\/index.php\/wp-json\/wp\/v2\/posts\/6434\/revisions"}],"predecessor-version":[{"id":9218,"href":"https:\/\/bautizoycomunion.com\/index.php\/wp-json\/wp\/v2\/posts\/6434\/revisions\/9218"}],"wp:attachment":[{"href":"https:\/\/bautizoycomunion.com\/index.php\/wp-json\/wp\/v2\/media?parent=6434"}],"wp:term":[{"taxonomy":"category","embeddable":true,"href":"https:\/\/bautizoycomunion.com\/index.php\/wp-json\/wp\/v2\/categories?post=6434"},{"taxonomy":"post_tag","embeddable":true,"href":"https:\/\/bautizoycomunion.com\/index.php\/wp-json\/wp\/v2\/tags?post=6434"}],"curies":[{"name":"wp","href":"https:\/\/api.w.org\/{rel}","templated":true}]}}