{"id":6655,"date":"2015-03-18T12:47:01","date_gmt":"2015-03-18T11:47:01","guid":{"rendered":"http:\/\/bautizoycomunion.com\/?p=6655"},"modified":"2017-07-20T17:34:48","modified_gmt":"2017-07-20T15:34:48","slug":"ideas-para-decorar-las-comuniones-mas-especiales","status":"publish","type":"post","link":"https:\/\/bautizoycomunion.com\/index.php\/2015\/03\/18\/ideas-para-decorar-las-comuniones-mas-especiales\/","title":{"rendered":"Ideas para decorar las comuniones m\u00e1s especiales"},"content":{"rendered":"<p><strong>Si estas organizando la celebraci\u00f3n de la Primera Comuni\u00f3n de tus hijos no te pierdas estas maravillosas ideas para decorar las mesas y el lugar de la celebraci\u00f3n. Sorprende a tus invitados creando ambientes m\u00e1gicos.<\/strong><\/p>\n<p>En <a title=\"Caramel Cookie\" href=\"https:\/\/es-es.facebook.com\/Caramel-Cookie-292698934142641\/\">Caramel Cookie<\/a> hemos encontrado ideas de <strong>inspiraci\u00f3n primaveral<\/strong> con tonos en <strong>color pastel<\/strong>. Una encantadora idea para <strong>decorar<\/strong> las <strong>mesas<\/strong> de nuestra <strong>celebraci\u00f3n<\/strong>. En esta ocasi\u00f3n la disposici\u00f3n sim\u00e9trica de los elementos nos parece un acierto.<\/p>\n<p><strong><a href=\"https:\/\/es-es.facebook.com\/Caramel-Cookie-292698934142641\/\" target=\"_blank\" rel=\"noopener\"><img loading=\"lazy\" decoding=\"async\" class=\"aligncenter wp-image-6656 size-full\" src=\"http:\/\/bautizoycomunion.com\/wp-content\/uploads\/2015\/03\/Caramel_Cookie.jpg\" alt=\"Caramel_Cookie_Comuniones_Decoracion\" width=\"584\" height=\"440\" \/><\/a><\/strong><\/p>\n<p style=\"text-align: center;\">Fuente: <a href=\"https:\/\/es-es.facebook.com\/Caramel-Cookie-292698934142641\/\">Caramelcookie.es<\/a><\/p>\n<p>Nos encanta esta <strong>mesa de dulces<\/strong> perfecta para que los m\u00e1s peque\u00f1os disfruten de los caramelos y golosinas\u00a0en un d\u00eda tan especial para ellos. Puedes utilizar <strong>guirnaldas<\/strong> <strong>de tela<\/strong> para <strong>decorar<\/strong> <strong>la mesa de dulces<\/strong>. Encontrar\u00e1s\u00a0modelos mon\u00edsimos de <strong>guirnaldas de tela y luces<\/strong> en la web de <strong>regalos personalizados<\/strong> <a title=\"Limonae\" href=\"http:\/\/limonae.com\/14-regalos-personalizados\">Limonae<\/a>.<\/p>\n<p><a href=\"http:\/\/enunanubeblog.com\/\" target=\"_blank\" rel=\"noopener\"><img loading=\"lazy\" decoding=\"async\" class=\"aligncenter wp-image-6660 size-full\" src=\"http:\/\/bautizoycomunion.com\/wp-content\/uploads\/2015\/03\/En_una_nube_decoracion_Eventos_Mesa_Catering_Comunion.jpg\" alt=\"En_una_nube_decoracion_Eventos_Mesa_Catering_Comunion\" width=\"820\" height=\"615\" \/><\/a><\/p>\n<p style=\"text-align: center;\">\u00a0Fuente:\u00a0<a href=\"https:\/\/enunanubeblog.com\/\">enunanubeblog.com<\/a><\/p>\n<p style=\"text-align: left;\">Si planeas <strong>celebrar<\/strong> la <strong>Primera Comuni\u00f3n<\/strong> de tu <strong>ni\u00f1o<\/strong> o <strong>ni\u00f1a<\/strong> al aire libre no te pierdas esta maravillosa mesa de <strong>catering dulce<\/strong>. Puedes <strong>decorar<\/strong> con <strong>flores<\/strong> y <strong>pompones de tela<\/strong> ideales para las <strong>celebraciones<\/strong> al aire libre.<\/p>\n<p style=\"text-align: left;\">Puedes <strong>personalizar<\/strong> la <strong>mesa<\/strong> con un <strong>cartel<\/strong> que t\u00fa mismo podr\u00e1s crear: el nombre del protagonista de la celebraci\u00f3n, una frase que os sirva como lema del evento&#8230; Tu decides y creas al mismo tiempo!<\/p>\n<p style=\"text-align: left;\"><a href=\"http:\/\/www.caramelcookie.es\/\"><img loading=\"lazy\" decoding=\"async\" class=\"aligncenter size-full wp-image-6663\" src=\"http:\/\/bautizoycomunion.com\/wp-content\/uploads\/2015\/03\/Inspiracion_Comunion_Mesa_Catering.jpg\" alt=\"Caramel_Cookie_Inspiracion_Comunion_Mesa_Catering\" width=\"1100\" height=\"731\" \/><\/a><\/p>\n<p style=\"text-align: center;\">Fuente: <a href=\"https:\/\/es-es.facebook.com\/Caramel-Cookie-292698934142641\/\">Caramelcookie.es<\/a><\/p>\n<p style=\"text-align: left;\">Esta otra <strong>mesa<\/strong>\u00a0es\u00a0perfecta para la <strong>celebraci\u00f3n<\/strong> de la <strong>Primera Comuni\u00f3n<\/strong> de una <strong>ni\u00f1a <\/strong>entusiasta de los tonos <strong>rosas pastel<\/strong>.\u00a0D\u00e9jate llevar por tu intuici\u00f3n y escoge el <strong>color<\/strong> que m\u00e1s se adecue a la personalidad del protagonista del <strong>evento<\/strong>.<\/p>\n<p style=\"text-align: center;\"><a href=\"http:\/\/www.perfectlyimperfectblog.com\/\"><img loading=\"lazy\" decoding=\"async\" class=\"aligncenter size-full wp-image-6665\" src=\"http:\/\/bautizoycomunion.com\/wp-content\/uploads\/2015\/03\/perfectlyimperfectblog.jpg\" alt=\"perfectlyimperfectblog_Decoracion_Catering_Comuniones\" width=\"482\" height=\"600\" \/><\/a>Fuente:\u00a0<a href=\"http:\/\/www.perfectlyimperfectblog.com\/blog\">perfectlyimperfectblog.com<\/a><\/p>\n<p style=\"text-align: left;\">Comienza a so\u00f1ar y descubre como quieres ambientar la <strong>celebraci\u00f3n<\/strong> de la <strong>Primera Comuni\u00f3n<\/strong> de tus hijos. <strong>Mesas dulces de colores con las guirnaldas de tela, luces y pompones m\u00e1s originales&#8230; \u00bfQu\u00e9 ideas son tus favoritas?<\/strong><\/p>\n","protected":false},"excerpt":{"rendered":"<p>Si estas organizando la celebraci\u00f3n de la Primera Comuni\u00f3n de tus hijos no te pierdas estas maravillosas ideas para decorar las mesas y el lugar de la celebraci\u00f3n. Sorprende a tus invitados creando ambientes m\u00e1gicos. En Caramel Cookie hemos encontrado ideas de inspiraci\u00f3n primaveral con tonos en color pastel. Una &hellip; <a class=\"more-link\" href=\"https:\/\/bautizoycomunion.com\/index.php\/2015\/03\/18\/ideas-para-decorar-las-comuniones-mas-especiales\/\"><span class=\"more-msg\">Sigue leyendo &rarr;<\/span><\/a><\/p>\n","protected":false},"author":3,"featured_media":0,"comment_status":"open","ping_status":"open","sticky":false,"template":"","format":"standard","meta":{"footnotes":""},"categories":[4,16],"tags":[123,184,262,386,448,449,450,472,473,580,604,668,672],"class_list":["post-6655","post","type-post","status-publish","format-standard","hentry","category-decoracion","category-uncategorized","tag-celebraciones","tag-comuniones","tag-decoracion-2","tag-flores","tag-guirnaldas","tag-guirnaldas-luces","tag-guirnaldas-tela","tag-inspiracion","tag-inspiracion-comunion","tag-mesas","tag-ninos","tag-pompones-tela","tag-primera-comunion"],"yoast_head":"<!-- This site is optimized with the Yoast SEO plugin v26.1.1 - https:\/\/yoast.com\/wordpress\/plugins\/seo\/ -->\n<title>Ideas para decorar las comuniones m\u00e1s especiales &#8211; Bautizo y Comunion<\/title>\n<meta name=\"robots\" content=\"index, follow, max-snippet:-1, max-image-preview:large, max-video-preview:-1\" \/>\n<link rel=\"canonical\" href=\"https:\/\/bautizoycomunion.com\/index.php\/2015\/03\/18\/ideas-para-decorar-las-comuniones-mas-especiales\/\" \/>\n<meta property=\"og:locale\" content=\"es_ES\" \/>\n<meta property=\"og:type\" content=\"article\" \/>\n<meta property=\"og:title\" content=\"Ideas para decorar las comuniones m\u00e1s especiales &#8211; Bautizo y Comunion\" \/>\n<meta property=\"og:description\" content=\"Si estas organizando la celebraci\u00f3n de la Primera Comuni\u00f3n de tus hijos no te pierdas estas maravillosas ideas para decorar las mesas y el lugar de la celebraci\u00f3n. Sorprende a tus invitados creando ambientes m\u00e1gicos. En Caramel Cookie hemos encontrado ideas de inspiraci\u00f3n primaveral con tonos en color pastel. Una &hellip; Sigue leyendo &rarr;\" \/>\n<meta property=\"og:url\" content=\"https:\/\/bautizoycomunion.com\/index.php\/2015\/03\/18\/ideas-para-decorar-las-comuniones-mas-especiales\/\" \/>\n<meta property=\"og:site_name\" content=\"Bautizo y Comunion\" \/>\n<meta property=\"article:publisher\" content=\"https:\/\/www.facebook.com\/BautizosyComuniones\" \/>\n<meta property=\"article:published_time\" content=\"2015-03-18T11:47:01+00:00\" \/>\n<meta property=\"article:modified_time\" content=\"2017-07-20T15:34:48+00:00\" \/>\n<meta name=\"author\" content=\"publisher\" \/>\n<meta name=\"twitter:card\" content=\"summary_large_image\" \/>\n<meta name=\"twitter:creator\" content=\"@BautizoComunion\" \/>\n<meta name=\"twitter:site\" content=\"@BautizoComunion\" \/>\n<meta name=\"twitter:label1\" content=\"Escrito por\" \/>\n\t<meta name=\"twitter:data1\" content=\"publisher\" \/>\n\t<meta name=\"twitter:label2\" content=\"Tiempo de lectura\" \/>\n\t<meta name=\"twitter:data2\" content=\"2 minutos\" \/>\n<script type=\"application\/ld+json\" class=\"yoast-schema-graph\">{\"@context\":\"https:\/\/schema.org\",\"@graph\":[{\"@type\":\"Article\",\"@id\":\"https:\/\/bautizoycomunion.com\/index.php\/2015\/03\/18\/ideas-para-decorar-las-comuniones-mas-especiales\/#article\",\"isPartOf\":{\"@id\":\"https:\/\/bautizoycomunion.com\/index.php\/2015\/03\/18\/ideas-para-decorar-las-comuniones-mas-especiales\/\"},\"author\":{\"name\":\"publisher\",\"@id\":\"https:\/\/bautizoycomunion.com\/#\/schema\/person\/71b91ab759bf77b5348a2f95d85e8ba0\"},\"headline\":\"Ideas para decorar las comuniones m\u00e1s especiales\",\"datePublished\":\"2015-03-18T11:47:01+00:00\",\"dateModified\":\"2017-07-20T15:34:48+00:00\",\"mainEntityOfPage\":{\"@id\":\"https:\/\/bautizoycomunion.com\/index.php\/2015\/03\/18\/ideas-para-decorar-las-comuniones-mas-especiales\/\"},\"wordCount\":323,\"commentCount\":0,\"publisher\":{\"@id\":\"https:\/\/bautizoycomunion.com\/#organization\"},\"image\":{\"@id\":\"https:\/\/bautizoycomunion.com\/index.php\/2015\/03\/18\/ideas-para-decorar-las-comuniones-mas-especiales\/#primaryimage\"},\"thumbnailUrl\":\"http:\/\/bautizoycomunion.com\/wp-content\/uploads\/2015\/03\/Caramel_Cookie.jpg\",\"keywords\":[\"Celebraciones\",\"comuniones\",\"decoracion\",\"flores\",\"guirnaldas\",\"Guirnaldas luces\",\"Guirnaldas tela\",\"Inspiraci\u00f3n\",\"inspiraci\u00f3n Comuni\u00f3n\",\"Mesas\",\"Ni\u00f1os\",\"Pompones tela\",\"primera comunion\"],\"articleSection\":[\"Decoraci\u00f3n\",\"Todas las entradas\"],\"inLanguage\":\"es\",\"potentialAction\":[{\"@type\":\"CommentAction\",\"name\":\"Comment\",\"target\":[\"https:\/\/bautizoycomunion.com\/index.php\/2015\/03\/18\/ideas-para-decorar-las-comuniones-mas-especiales\/#respond\"]}]},{\"@type\":\"WebPage\",\"@id\":\"https:\/\/bautizoycomunion.com\/index.php\/2015\/03\/18\/ideas-para-decorar-las-comuniones-mas-especiales\/\",\"url\":\"https:\/\/bautizoycomunion.com\/index.php\/2015\/03\/18\/ideas-para-decorar-las-comuniones-mas-especiales\/\",\"name\":\"Ideas para decorar las comuniones m\u00e1s especiales &#8211; Bautizo y Comunion\",\"isPartOf\":{\"@id\":\"https:\/\/bautizoycomunion.com\/#website\"},\"primaryImageOfPage\":{\"@id\":\"https:\/\/bautizoycomunion.com\/index.php\/2015\/03\/18\/ideas-para-decorar-las-comuniones-mas-especiales\/#primaryimage\"},\"image\":{\"@id\":\"https:\/\/bautizoycomunion.com\/index.php\/2015\/03\/18\/ideas-para-decorar-las-comuniones-mas-especiales\/#primaryimage\"},\"thumbnailUrl\":\"http:\/\/bautizoycomunion.com\/wp-content\/uploads\/2015\/03\/Caramel_Cookie.jpg\",\"datePublished\":\"2015-03-18T11:47:01+00:00\",\"dateModified\":\"2017-07-20T15:34:48+00:00\",\"breadcrumb\":{\"@id\":\"https:\/\/bautizoycomunion.com\/index.php\/2015\/03\/18\/ideas-para-decorar-las-comuniones-mas-especiales\/#breadcrumb\"},\"inLanguage\":\"es\",\"potentialAction\":[{\"@type\":\"ReadAction\",\"target\":[\"https:\/\/bautizoycomunion.com\/index.php\/2015\/03\/18\/ideas-para-decorar-las-comuniones-mas-especiales\/\"]}]},{\"@type\":\"ImageObject\",\"inLanguage\":\"es\",\"@id\":\"https:\/\/bautizoycomunion.com\/index.php\/2015\/03\/18\/ideas-para-decorar-las-comuniones-mas-especiales\/#primaryimage\",\"url\":\"\",\"contentUrl\":\"\"},{\"@type\":\"BreadcrumbList\",\"@id\":\"https:\/\/bautizoycomunion.com\/index.php\/2015\/03\/18\/ideas-para-decorar-las-comuniones-mas-especiales\/#breadcrumb\",\"itemListElement\":[{\"@type\":\"ListItem\",\"position\":1,\"name\":\"Portada\",\"item\":\"https:\/\/bautizoycomunion.com\/\"},{\"@type\":\"ListItem\",\"position\":2,\"name\":\"Ideas para decorar las comuniones m\u00e1s especiales\"}]},{\"@type\":\"WebSite\",\"@id\":\"https:\/\/bautizoycomunion.com\/#website\",\"url\":\"https:\/\/bautizoycomunion.com\/\",\"name\":\"Bautizo y Comunion\",\"description\":\"\",\"publisher\":{\"@id\":\"https:\/\/bautizoycomunion.com\/#organization\"},\"potentialAction\":[{\"@type\":\"SearchAction\",\"target\":{\"@type\":\"EntryPoint\",\"urlTemplate\":\"https:\/\/bautizoycomunion.com\/?s={search_term_string}\"},\"query-input\":{\"@type\":\"PropertyValueSpecification\",\"valueRequired\":true,\"valueName\":\"search_term_string\"}}],\"inLanguage\":\"es\"},{\"@type\":\"Organization\",\"@id\":\"https:\/\/bautizoycomunion.com\/#organization\",\"name\":\"Bautizo y Comunion\",\"url\":\"https:\/\/bautizoycomunion.com\/\",\"logo\":{\"@type\":\"ImageObject\",\"inLanguage\":\"es\",\"@id\":\"https:\/\/bautizoycomunion.com\/#\/schema\/logo\/image\/\",\"url\":\"https:\/\/bautizoycomunion.com\/wp-content\/uploads\/2020\/02\/logo-bautizo-y-comunion.jpg\",\"contentUrl\":\"https:\/\/bautizoycomunion.com\/wp-content\/uploads\/2020\/02\/logo-bautizo-y-comunion.jpg\",\"width\":128,\"height\":128,\"caption\":\"Bautizo y Comunion\"},\"image\":{\"@id\":\"https:\/\/bautizoycomunion.com\/#\/schema\/logo\/image\/\"},\"sameAs\":[\"https:\/\/www.facebook.com\/BautizosyComuniones\",\"https:\/\/x.com\/BautizoComunion\",\"https:\/\/www.instagram.com\/bautizoycomunion\/\",\"https:\/\/www.pinterest.es\/BautizoComunion\/\",\"https:\/\/www.youtube.com\/user\/BautizoyComunionTV\"]},{\"@type\":\"Person\",\"@id\":\"https:\/\/bautizoycomunion.com\/#\/schema\/person\/71b91ab759bf77b5348a2f95d85e8ba0\",\"name\":\"publisher\",\"image\":{\"@type\":\"ImageObject\",\"inLanguage\":\"es\",\"@id\":\"https:\/\/bautizoycomunion.com\/#\/schema\/person\/image\/\",\"url\":\"https:\/\/secure.gravatar.com\/avatar\/b678a6a8c15d6fa37228489ffa29aff56590dfc95fbec3aa2c2f2cc9013b082f?s=96&d=mm&r=g\",\"contentUrl\":\"https:\/\/secure.gravatar.com\/avatar\/b678a6a8c15d6fa37228489ffa29aff56590dfc95fbec3aa2c2f2cc9013b082f?s=96&d=mm&r=g\",\"caption\":\"publisher\"}}]}<\/script>\n<!-- \/ Yoast SEO plugin. -->","yoast_head_json":{"title":"Ideas para decorar las comuniones m\u00e1s especiales &#8211; Bautizo y Comunion","robots":{"index":"index","follow":"follow","max-snippet":"max-snippet:-1","max-image-preview":"max-image-preview:large","max-video-preview":"max-video-preview:-1"},"canonical":"https:\/\/bautizoycomunion.com\/index.php\/2015\/03\/18\/ideas-para-decorar-las-comuniones-mas-especiales\/","og_locale":"es_ES","og_type":"article","og_title":"Ideas para decorar las comuniones m\u00e1s especiales &#8211; Bautizo y Comunion","og_description":"Si estas organizando la celebraci\u00f3n de la Primera Comuni\u00f3n de tus hijos no te pierdas estas maravillosas ideas para decorar las mesas y el lugar de la celebraci\u00f3n. Sorprende a tus invitados creando ambientes m\u00e1gicos. En Caramel Cookie hemos encontrado ideas de inspiraci\u00f3n primaveral con tonos en color pastel. Una &hellip; Sigue leyendo &rarr;","og_url":"https:\/\/bautizoycomunion.com\/index.php\/2015\/03\/18\/ideas-para-decorar-las-comuniones-mas-especiales\/","og_site_name":"Bautizo y Comunion","article_publisher":"https:\/\/www.facebook.com\/BautizosyComuniones","article_published_time":"2015-03-18T11:47:01+00:00","article_modified_time":"2017-07-20T15:34:48+00:00","author":"publisher","twitter_card":"summary_large_image","twitter_creator":"@BautizoComunion","twitter_site":"@BautizoComunion","twitter_misc":{"Escrito por":"publisher","Tiempo de lectura":"2 minutos"},"schema":{"@context":"https:\/\/schema.org","@graph":[{"@type":"Article","@id":"https:\/\/bautizoycomunion.com\/index.php\/2015\/03\/18\/ideas-para-decorar-las-comuniones-mas-especiales\/#article","isPartOf":{"@id":"https:\/\/bautizoycomunion.com\/index.php\/2015\/03\/18\/ideas-para-decorar-las-comuniones-mas-especiales\/"},"author":{"name":"publisher","@id":"https:\/\/bautizoycomunion.com\/#\/schema\/person\/71b91ab759bf77b5348a2f95d85e8ba0"},"headline":"Ideas para decorar las comuniones m\u00e1s especiales","datePublished":"2015-03-18T11:47:01+00:00","dateModified":"2017-07-20T15:34:48+00:00","mainEntityOfPage":{"@id":"https:\/\/bautizoycomunion.com\/index.php\/2015\/03\/18\/ideas-para-decorar-las-comuniones-mas-especiales\/"},"wordCount":323,"commentCount":0,"publisher":{"@id":"https:\/\/bautizoycomunion.com\/#organization"},"image":{"@id":"https:\/\/bautizoycomunion.com\/index.php\/2015\/03\/18\/ideas-para-decorar-las-comuniones-mas-especiales\/#primaryimage"},"thumbnailUrl":"http:\/\/bautizoycomunion.com\/wp-content\/uploads\/2015\/03\/Caramel_Cookie.jpg","keywords":["Celebraciones","comuniones","decoracion","flores","guirnaldas","Guirnaldas luces","Guirnaldas tela","Inspiraci\u00f3n","inspiraci\u00f3n Comuni\u00f3n","Mesas","Ni\u00f1os","Pompones tela","primera comunion"],"articleSection":["Decoraci\u00f3n","Todas las entradas"],"inLanguage":"es","potentialAction":[{"@type":"CommentAction","name":"Comment","target":["https:\/\/bautizoycomunion.com\/index.php\/2015\/03\/18\/ideas-para-decorar-las-comuniones-mas-especiales\/#respond"]}]},{"@type":"WebPage","@id":"https:\/\/bautizoycomunion.com\/index.php\/2015\/03\/18\/ideas-para-decorar-las-comuniones-mas-especiales\/","url":"https:\/\/bautizoycomunion.com\/index.php\/2015\/03\/18\/ideas-para-decorar-las-comuniones-mas-especiales\/","name":"Ideas para decorar las comuniones m\u00e1s especiales &#8211; Bautizo y Comunion","isPartOf":{"@id":"https:\/\/bautizoycomunion.com\/#website"},"primaryImageOfPage":{"@id":"https:\/\/bautizoycomunion.com\/index.php\/2015\/03\/18\/ideas-para-decorar-las-comuniones-mas-especiales\/#primaryimage"},"image":{"@id":"https:\/\/bautizoycomunion.com\/index.php\/2015\/03\/18\/ideas-para-decorar-las-comuniones-mas-especiales\/#primaryimage"},"thumbnailUrl":"http:\/\/bautizoycomunion.com\/wp-content\/uploads\/2015\/03\/Caramel_Cookie.jpg","datePublished":"2015-03-18T11:47:01+00:00","dateModified":"2017-07-20T15:34:48+00:00","breadcrumb":{"@id":"https:\/\/bautizoycomunion.com\/index.php\/2015\/03\/18\/ideas-para-decorar-las-comuniones-mas-especiales\/#breadcrumb"},"inLanguage":"es","potentialAction":[{"@type":"ReadAction","target":["https:\/\/bautizoycomunion.com\/index.php\/2015\/03\/18\/ideas-para-decorar-las-comuniones-mas-especiales\/"]}]},{"@type":"ImageObject","inLanguage":"es","@id":"https:\/\/bautizoycomunion.com\/index.php\/2015\/03\/18\/ideas-para-decorar-las-comuniones-mas-especiales\/#primaryimage","url":"","contentUrl":""},{"@type":"BreadcrumbList","@id":"https:\/\/bautizoycomunion.com\/index.php\/2015\/03\/18\/ideas-para-decorar-las-comuniones-mas-especiales\/#breadcrumb","itemListElement":[{"@type":"ListItem","position":1,"name":"Portada","item":"https:\/\/bautizoycomunion.com\/"},{"@type":"ListItem","position":2,"name":"Ideas para decorar las comuniones m\u00e1s especiales"}]},{"@type":"WebSite","@id":"https:\/\/bautizoycomunion.com\/#website","url":"https:\/\/bautizoycomunion.com\/","name":"Bautizo y Comunion","description":"","publisher":{"@id":"https:\/\/bautizoycomunion.com\/#organization"},"potentialAction":[{"@type":"SearchAction","target":{"@type":"EntryPoint","urlTemplate":"https:\/\/bautizoycomunion.com\/?s={search_term_string}"},"query-input":{"@type":"PropertyValueSpecification","valueRequired":true,"valueName":"search_term_string"}}],"inLanguage":"es"},{"@type":"Organization","@id":"https:\/\/bautizoycomunion.com\/#organization","name":"Bautizo y Comunion","url":"https:\/\/bautizoycomunion.com\/","logo":{"@type":"ImageObject","inLanguage":"es","@id":"https:\/\/bautizoycomunion.com\/#\/schema\/logo\/image\/","url":"https:\/\/bautizoycomunion.com\/wp-content\/uploads\/2020\/02\/logo-bautizo-y-comunion.jpg","contentUrl":"https:\/\/bautizoycomunion.com\/wp-content\/uploads\/2020\/02\/logo-bautizo-y-comunion.jpg","width":128,"height":128,"caption":"Bautizo y Comunion"},"image":{"@id":"https:\/\/bautizoycomunion.com\/#\/schema\/logo\/image\/"},"sameAs":["https:\/\/www.facebook.com\/BautizosyComuniones","https:\/\/x.com\/BautizoComunion","https:\/\/www.instagram.com\/bautizoycomunion\/","https:\/\/www.pinterest.es\/BautizoComunion\/","https:\/\/www.youtube.com\/user\/BautizoyComunionTV"]},{"@type":"Person","@id":"https:\/\/bautizoycomunion.com\/#\/schema\/person\/71b91ab759bf77b5348a2f95d85e8ba0","name":"publisher","image":{"@type":"ImageObject","inLanguage":"es","@id":"https:\/\/bautizoycomunion.com\/#\/schema\/person\/image\/","url":"https:\/\/secure.gravatar.com\/avatar\/b678a6a8c15d6fa37228489ffa29aff56590dfc95fbec3aa2c2f2cc9013b082f?s=96&d=mm&r=g","contentUrl":"https:\/\/secure.gravatar.com\/avatar\/b678a6a8c15d6fa37228489ffa29aff56590dfc95fbec3aa2c2f2cc9013b082f?s=96&d=mm&r=g","caption":"publisher"}}]}},"_links":{"self":[{"href":"https:\/\/bautizoycomunion.com\/index.php\/wp-json\/wp\/v2\/posts\/6655","targetHints":{"allow":["GET"]}}],"collection":[{"href":"https:\/\/bautizoycomunion.com\/index.php\/wp-json\/wp\/v2\/posts"}],"about":[{"href":"https:\/\/bautizoycomunion.com\/index.php\/wp-json\/wp\/v2\/types\/post"}],"author":[{"embeddable":true,"href":"https:\/\/bautizoycomunion.com\/index.php\/wp-json\/wp\/v2\/users\/3"}],"replies":[{"embeddable":true,"href":"https:\/\/bautizoycomunion.com\/index.php\/wp-json\/wp\/v2\/comments?post=6655"}],"version-history":[{"count":1,"href":"https:\/\/bautizoycomunion.com\/index.php\/wp-json\/wp\/v2\/posts\/6655\/revisions"}],"predecessor-version":[{"id":9096,"href":"https:\/\/bautizoycomunion.com\/index.php\/wp-json\/wp\/v2\/posts\/6655\/revisions\/9096"}],"wp:attachment":[{"href":"https:\/\/bautizoycomunion.com\/index.php\/wp-json\/wp\/v2\/media?parent=6655"}],"wp:term":[{"taxonomy":"category","embeddable":true,"href":"https:\/\/bautizoycomunion.com\/index.php\/wp-json\/wp\/v2\/categories?post=6655"},{"taxonomy":"post_tag","embeddable":true,"href":"https:\/\/bautizoycomunion.com\/index.php\/wp-json\/wp\/v2\/tags?post=6655"}],"curies":[{"name":"wp","href":"https:\/\/api.w.org\/{rel}","templated":true}]}}