{"id":6671,"date":"2015-03-23T13:58:55","date_gmt":"2015-03-23T12:58:55","guid":{"rendered":"http:\/\/bautizoycomunion.com\/?p=6671"},"modified":"2015-03-23T13:58:55","modified_gmt":"2015-03-23T12:58:55","slug":"peinados-para-ninas-en-el-dia-de-su-primera-comunion","status":"publish","type":"post","link":"https:\/\/bautizoycomunion.com\/index.php\/2015\/03\/23\/peinados-para-ninas-en-el-dia-de-su-primera-comunion\/","title":{"rendered":"Peinados para ni\u00f1as en el d\u00eda de su Primera Comuni\u00f3n"},"content":{"rendered":"<p style=\"text-align: justify;\"><strong><span style=\"color: #000000;\">Si organizas la Primera Comuni\u00f3n de tu ni\u00f1a seguro que te encuentras inmersa en un sin fin de preparativos\u00a0para que ese d\u00eda todo salga como quieres. Pero, \u00bfhas pensado en el Peinado para el d\u00eda de su Primera Comuni\u00f3n?<\/span><\/strong><\/p>\n<p style=\"text-align: justify;\"><span style=\"color: #000000;\">El <strong>Peinado de Comuni\u00f3n<\/strong> ser\u00e1 clave para definir\u00a0el estilo de t\u00fa <strong>ni\u00f1a<\/strong> en el d\u00eda de\u00a0su <strong>Primera Comuni\u00f3n<\/strong>. Por ello si ya tienes el <strong>vestido de Comuni\u00f3n<\/strong>, no lo dejes m\u00e1s tiempo y prep\u00e1rate para disfrutar escogiendo el <strong>peinado<\/strong> m\u00e1s especial para <strong>ni\u00f1as<\/strong> en el d\u00eda de su <strong>Comuni\u00f3n<\/strong>.<\/span><\/p>\n<p style=\"text-align: justify;\"><span style=\"color: #000000;\">Las <strong>coronas de flores<\/strong> son perfectas\u00a0para combinar con cualquier modelo de <strong>vestido de comuni\u00f3n<\/strong>. Lo ideal es llevarlas con la <strong>melena suelta y lisa, <\/strong>aunque este look admite divertidas ondas si lo prefieres.<\/span><\/p>\n<p style=\"text-align: justify;\"><span style=\"color: #000000;\"><a href=\"http:\/\/www.cocono.es\/\"><img loading=\"lazy\" decoding=\"async\" class=\"aligncenter size-full wp-image-6675\" src=\"http:\/\/bautizoycomunion.com\/wp-content\/uploads\/2015\/03\/Corona_Flores_Cocono_Comuniones.jpg\" alt=\"Corona_Flores_Cocono_Comuniones\" width=\"702\" height=\"801\" \/><\/a><\/span><\/p>\n<p style=\"text-align: justify;\">\u00a0 \u00a0 \u00a0 \u00a0 Fuente: Cocono.es<\/p>\n<p style=\"text-align: justify;\"><span style=\"color: #000000;\">Los modelos m\u00e1s especiales son aquellos que utilizan las <strong>flores<\/strong> como protagonistas. Nos han encantado estos modelos de <strong>coronas de flores y hortensias preservadas<\/strong> disponibles en <a title=\"Cocon\u00f3\" href=\"http:\/\/www.cocon\u00f3.es\">Cocon\u00f3.<\/a><\/span><\/p>\n<p style=\"text-align: justify;\"><a href=\"http:\/\/www.cocono.es\/\"><img loading=\"lazy\" decoding=\"async\" class=\"aligncenter size-full wp-image-6676\" src=\"http:\/\/bautizoycomunion.com\/wp-content\/uploads\/2015\/03\/Cocono_Corona_Hortensias_Preservadas_Comuniones_2.jpg\" alt=\"Cocono_Corona_Hortensias_Preservadas_Comuniones_Peinados\" width=\"702\" height=\"594\" \/><\/a><\/p>\n<p style=\"text-align: justify;\">\u00a0 \u00a0 \u00a0 \u00a0Fuente: Cocono.es<\/p>\n<p style=\"text-align: justify;\"><span style=\"color: #000000;\">Otra buena opci\u00f3n son los <strong>peinados de comuni\u00f3n<\/strong> con <strong>melena lisa<\/strong> o con <strong>ondas<\/strong> adornados con <strong>tocados<\/strong> con motivos primaverales.<\/span><\/p>\n<p style=\"text-align: justify;\"><strong><span style=\"color: #000000;\"><a href=\"http:\/\/www.deladosaladoce.es\/\"><img loading=\"lazy\" decoding=\"async\" class=\"aligncenter size-full wp-image-6679\" src=\"http:\/\/bautizoycomunion.com\/wp-content\/uploads\/2015\/03\/Tocado_Virginia_Peinados_Comuniones.jpg\" alt=\"Tocado_Flores_Peinados_Comuniones_Ni\u00f1as\" width=\"460\" height=\"710\" \/><\/a><\/span><\/strong>\u00a0 \u00a0 \u00a0 \u00a0 \u00a0 \u00a0 \u00a0 \u00a0 \u00a0 \u00a0 \u00a0 \u00a0 \u00a0Fuente:deladosaladoce.es<\/p>\n<p style=\"text-align: justify;\"><span style=\"color: #000000;\">Puedes utilizar los <strong>tocados con flores<\/strong> sobre las <strong>melenas de las ni\u00f1as<\/strong> sutilmente recogidas, aportando un aire\u00a0sencillo y natural.<\/span><\/p>\n<p style=\"text-align: justify;\"><a href=\"http:\/\/www.floresenelpelo.com\/\"><img loading=\"lazy\" decoding=\"async\" class=\"aligncenter size-full wp-image-6681\" src=\"http:\/\/bautizoycomunion.com\/wp-content\/uploads\/2015\/03\/Flores_en_el_pelo_Prendido_Comunion_Tostado.jpg\" alt=\"Flores_en_el_pelo_Prendido_Comunion_Tostado\" width=\"510\" height=\"600\" \/><\/a><\/p>\n<p><strong style=\"font-size: 14px; text-align: justify;\">\u00a0 \u00a0 \u00a0 \u00a0 \u00a0 \u00a0 \u00a0 \u00a0 \u00a0 \u00a0\u00a0<\/strong>Fuente:Floresenelpelo.com<\/p>\n<p><span style=\"color: #000000;\">Un complemento ideal que permitir\u00e1 varias posibilidades\u00a0de <strong>peinado de comuni\u00f3n<\/strong> son las <strong>diademas.<\/strong> Puedes colocar la <strong>diadema<\/strong> coronando su cabeza o utilizar la <strong>diadema<\/strong> en la parte posterior de la cabeza a modo de <strong>tocado<\/strong>.<\/span><\/p>\n<p><a href=\"http:\/\/www.floresenelpelo.com\/\"><img loading=\"lazy\" decoding=\"async\" class=\"aligncenter size-full wp-image-6685\" src=\"http:\/\/bautizoycomunion.com\/wp-content\/uploads\/2015\/03\/Diadema_doble_Flores_en_el_pelo.png\" alt=\"Diadema_doble_Flores_en_el_pelo\" width=\"600\" height=\"714\" \/><\/a><\/p>\n<p>Fuente:Floresenelpelo.com<\/p>\n<p><span style=\"color: #000000;\">Es momento de pensar con qu\u00e9 opci\u00f3n tu <strong>ni\u00f1a<\/strong> se sentir\u00e1 m\u00e1s especial en el d\u00eda de su <strong>Primera Comuni\u00f3n<\/strong>. <strong>Tocados primaverales<\/strong>, <strong>diademas<\/strong>, <strong>coronas de flores naturales<\/strong>&#8230; Melenas lisas, onduladas, trenzas o recogidos&#8230; Disfruta de la elecci\u00f3n del <strong>peinado de comuni\u00f3n<\/strong> con tu hija y compartir\u00e9is momentos \u00fanicos. \u00bfya tienes pensado como vas a peinar a t\u00fa hija en el d\u00eda de su Comuni\u00f3n?<\/span><\/p>\n","protected":false},"excerpt":{"rendered":"<p>Si organizas la Primera Comuni\u00f3n de tu ni\u00f1a seguro que te encuentras inmersa en un sin fin de preparativos\u00a0para que ese d\u00eda todo salga como quieres. Pero, \u00bfhas pensado en el Peinado para el d\u00eda de su Primera Comuni\u00f3n? El Peinado de Comuni\u00f3n ser\u00e1 clave para definir\u00a0el estilo de t\u00fa &hellip; <a class=\"more-link\" href=\"https:\/\/bautizoycomunion.com\/index.php\/2015\/03\/23\/peinados-para-ninas-en-el-dia-de-su-primera-comunion\/\"><span class=\"more-msg\">Sigue leyendo &rarr;<\/span><\/a><\/p>\n","protected":false},"author":3,"featured_media":0,"comment_status":"open","ping_status":"open","sticky":false,"template":"","format":"standard","meta":{"footnotes":""},"categories":[16],"tags":[184,213,312,600,632,633,877,887],"class_list":["post-6671","post","type-post","status-publish","format-standard","hentry","category-uncategorized","tag-comuniones","tag-coronas-flores","tag-diademas","tag-ninas","tag-peinados","tag-peinados-comunion","tag-tocados","tag-tocados-ninas"],"yoast_head":"<!-- This site is optimized with the Yoast SEO plugin v26.1.1 - https:\/\/yoast.com\/wordpress\/plugins\/seo\/ -->\n<title>Peinados para ni\u00f1as en el d\u00eda de su Primera Comuni\u00f3n &#8211; Bautizo y Comunion<\/title>\n<meta name=\"robots\" content=\"index, follow, max-snippet:-1, max-image-preview:large, max-video-preview:-1\" \/>\n<link rel=\"canonical\" href=\"https:\/\/bautizoycomunion.com\/index.php\/2015\/03\/23\/peinados-para-ninas-en-el-dia-de-su-primera-comunion\/\" \/>\n<meta property=\"og:locale\" content=\"es_ES\" \/>\n<meta property=\"og:type\" content=\"article\" \/>\n<meta property=\"og:title\" content=\"Peinados para ni\u00f1as en el d\u00eda de su Primera Comuni\u00f3n &#8211; Bautizo y Comunion\" \/>\n<meta property=\"og:description\" content=\"Si organizas la Primera Comuni\u00f3n de tu ni\u00f1a seguro que te encuentras inmersa en un sin fin de preparativos\u00a0para que ese d\u00eda todo salga como quieres. Pero, \u00bfhas pensado en el Peinado para el d\u00eda de su Primera Comuni\u00f3n? El Peinado de Comuni\u00f3n ser\u00e1 clave para definir\u00a0el estilo de t\u00fa &hellip; Sigue leyendo &rarr;\" \/>\n<meta property=\"og:url\" content=\"https:\/\/bautizoycomunion.com\/index.php\/2015\/03\/23\/peinados-para-ninas-en-el-dia-de-su-primera-comunion\/\" \/>\n<meta property=\"og:site_name\" content=\"Bautizo y Comunion\" \/>\n<meta property=\"article:publisher\" content=\"https:\/\/www.facebook.com\/BautizosyComuniones\" \/>\n<meta property=\"article:published_time\" content=\"2015-03-23T12:58:55+00:00\" \/>\n<meta name=\"author\" content=\"publisher\" \/>\n<meta name=\"twitter:card\" content=\"summary_large_image\" \/>\n<meta name=\"twitter:creator\" content=\"@BautizoComunion\" \/>\n<meta name=\"twitter:site\" content=\"@BautizoComunion\" \/>\n<meta name=\"twitter:label1\" content=\"Escrito por\" \/>\n\t<meta name=\"twitter:data1\" content=\"publisher\" \/>\n\t<meta name=\"twitter:label2\" content=\"Tiempo de lectura\" \/>\n\t<meta name=\"twitter:data2\" content=\"2 minutos\" \/>\n<script type=\"application\/ld+json\" class=\"yoast-schema-graph\">{\"@context\":\"https:\/\/schema.org\",\"@graph\":[{\"@type\":\"Article\",\"@id\":\"https:\/\/bautizoycomunion.com\/index.php\/2015\/03\/23\/peinados-para-ninas-en-el-dia-de-su-primera-comunion\/#article\",\"isPartOf\":{\"@id\":\"https:\/\/bautizoycomunion.com\/index.php\/2015\/03\/23\/peinados-para-ninas-en-el-dia-de-su-primera-comunion\/\"},\"author\":{\"name\":\"publisher\",\"@id\":\"https:\/\/bautizoycomunion.com\/#\/schema\/person\/71b91ab759bf77b5348a2f95d85e8ba0\"},\"headline\":\"Peinados para ni\u00f1as en el d\u00eda de su Primera Comuni\u00f3n\",\"datePublished\":\"2015-03-23T12:58:55+00:00\",\"mainEntityOfPage\":{\"@id\":\"https:\/\/bautizoycomunion.com\/index.php\/2015\/03\/23\/peinados-para-ninas-en-el-dia-de-su-primera-comunion\/\"},\"wordCount\":352,\"commentCount\":0,\"publisher\":{\"@id\":\"https:\/\/bautizoycomunion.com\/#organization\"},\"image\":{\"@id\":\"https:\/\/bautizoycomunion.com\/index.php\/2015\/03\/23\/peinados-para-ninas-en-el-dia-de-su-primera-comunion\/#primaryimage\"},\"thumbnailUrl\":\"http:\/\/bautizoycomunion.com\/wp-content\/uploads\/2015\/03\/Corona_Flores_Cocono_Comuniones.jpg\",\"keywords\":[\"comuniones\",\"coronas flores\",\"diademas\",\"Ni\u00f1as\",\"Peinados\",\"peinados comunion\",\"tocados\",\"Tocados ni\u00f1as\"],\"articleSection\":[\"Todas las entradas\"],\"inLanguage\":\"es\",\"potentialAction\":[{\"@type\":\"CommentAction\",\"name\":\"Comment\",\"target\":[\"https:\/\/bautizoycomunion.com\/index.php\/2015\/03\/23\/peinados-para-ninas-en-el-dia-de-su-primera-comunion\/#respond\"]}]},{\"@type\":\"WebPage\",\"@id\":\"https:\/\/bautizoycomunion.com\/index.php\/2015\/03\/23\/peinados-para-ninas-en-el-dia-de-su-primera-comunion\/\",\"url\":\"https:\/\/bautizoycomunion.com\/index.php\/2015\/03\/23\/peinados-para-ninas-en-el-dia-de-su-primera-comunion\/\",\"name\":\"Peinados para ni\u00f1as en el d\u00eda de su Primera Comuni\u00f3n &#8211; Bautizo y Comunion\",\"isPartOf\":{\"@id\":\"https:\/\/bautizoycomunion.com\/#website\"},\"primaryImageOfPage\":{\"@id\":\"https:\/\/bautizoycomunion.com\/index.php\/2015\/03\/23\/peinados-para-ninas-en-el-dia-de-su-primera-comunion\/#primaryimage\"},\"image\":{\"@id\":\"https:\/\/bautizoycomunion.com\/index.php\/2015\/03\/23\/peinados-para-ninas-en-el-dia-de-su-primera-comunion\/#primaryimage\"},\"thumbnailUrl\":\"http:\/\/bautizoycomunion.com\/wp-content\/uploads\/2015\/03\/Corona_Flores_Cocono_Comuniones.jpg\",\"datePublished\":\"2015-03-23T12:58:55+00:00\",\"breadcrumb\":{\"@id\":\"https:\/\/bautizoycomunion.com\/index.php\/2015\/03\/23\/peinados-para-ninas-en-el-dia-de-su-primera-comunion\/#breadcrumb\"},\"inLanguage\":\"es\",\"potentialAction\":[{\"@type\":\"ReadAction\",\"target\":[\"https:\/\/bautizoycomunion.com\/index.php\/2015\/03\/23\/peinados-para-ninas-en-el-dia-de-su-primera-comunion\/\"]}]},{\"@type\":\"ImageObject\",\"inLanguage\":\"es\",\"@id\":\"https:\/\/bautizoycomunion.com\/index.php\/2015\/03\/23\/peinados-para-ninas-en-el-dia-de-su-primera-comunion\/#primaryimage\",\"url\":\"\",\"contentUrl\":\"\"},{\"@type\":\"BreadcrumbList\",\"@id\":\"https:\/\/bautizoycomunion.com\/index.php\/2015\/03\/23\/peinados-para-ninas-en-el-dia-de-su-primera-comunion\/#breadcrumb\",\"itemListElement\":[{\"@type\":\"ListItem\",\"position\":1,\"name\":\"Portada\",\"item\":\"https:\/\/bautizoycomunion.com\/\"},{\"@type\":\"ListItem\",\"position\":2,\"name\":\"Peinados para ni\u00f1as en el d\u00eda de su Primera Comuni\u00f3n\"}]},{\"@type\":\"WebSite\",\"@id\":\"https:\/\/bautizoycomunion.com\/#website\",\"url\":\"https:\/\/bautizoycomunion.com\/\",\"name\":\"Bautizo y Comunion\",\"description\":\"\",\"publisher\":{\"@id\":\"https:\/\/bautizoycomunion.com\/#organization\"},\"potentialAction\":[{\"@type\":\"SearchAction\",\"target\":{\"@type\":\"EntryPoint\",\"urlTemplate\":\"https:\/\/bautizoycomunion.com\/?s={search_term_string}\"},\"query-input\":{\"@type\":\"PropertyValueSpecification\",\"valueRequired\":true,\"valueName\":\"search_term_string\"}}],\"inLanguage\":\"es\"},{\"@type\":\"Organization\",\"@id\":\"https:\/\/bautizoycomunion.com\/#organization\",\"name\":\"Bautizo y Comunion\",\"url\":\"https:\/\/bautizoycomunion.com\/\",\"logo\":{\"@type\":\"ImageObject\",\"inLanguage\":\"es\",\"@id\":\"https:\/\/bautizoycomunion.com\/#\/schema\/logo\/image\/\",\"url\":\"https:\/\/bautizoycomunion.com\/wp-content\/uploads\/2020\/02\/logo-bautizo-y-comunion.jpg\",\"contentUrl\":\"https:\/\/bautizoycomunion.com\/wp-content\/uploads\/2020\/02\/logo-bautizo-y-comunion.jpg\",\"width\":128,\"height\":128,\"caption\":\"Bautizo y Comunion\"},\"image\":{\"@id\":\"https:\/\/bautizoycomunion.com\/#\/schema\/logo\/image\/\"},\"sameAs\":[\"https:\/\/www.facebook.com\/BautizosyComuniones\",\"https:\/\/x.com\/BautizoComunion\",\"https:\/\/www.instagram.com\/bautizoycomunion\/\",\"https:\/\/www.pinterest.es\/BautizoComunion\/\",\"https:\/\/www.youtube.com\/user\/BautizoyComunionTV\"]},{\"@type\":\"Person\",\"@id\":\"https:\/\/bautizoycomunion.com\/#\/schema\/person\/71b91ab759bf77b5348a2f95d85e8ba0\",\"name\":\"publisher\",\"image\":{\"@type\":\"ImageObject\",\"inLanguage\":\"es\",\"@id\":\"https:\/\/bautizoycomunion.com\/#\/schema\/person\/image\/\",\"url\":\"https:\/\/secure.gravatar.com\/avatar\/b678a6a8c15d6fa37228489ffa29aff56590dfc95fbec3aa2c2f2cc9013b082f?s=96&d=mm&r=g\",\"contentUrl\":\"https:\/\/secure.gravatar.com\/avatar\/b678a6a8c15d6fa37228489ffa29aff56590dfc95fbec3aa2c2f2cc9013b082f?s=96&d=mm&r=g\",\"caption\":\"publisher\"}}]}<\/script>\n<!-- \/ Yoast SEO plugin. -->","yoast_head_json":{"title":"Peinados para ni\u00f1as en el d\u00eda de su Primera Comuni\u00f3n &#8211; Bautizo y Comunion","robots":{"index":"index","follow":"follow","max-snippet":"max-snippet:-1","max-image-preview":"max-image-preview:large","max-video-preview":"max-video-preview:-1"},"canonical":"https:\/\/bautizoycomunion.com\/index.php\/2015\/03\/23\/peinados-para-ninas-en-el-dia-de-su-primera-comunion\/","og_locale":"es_ES","og_type":"article","og_title":"Peinados para ni\u00f1as en el d\u00eda de su Primera Comuni\u00f3n &#8211; Bautizo y Comunion","og_description":"Si organizas la Primera Comuni\u00f3n de tu ni\u00f1a seguro que te encuentras inmersa en un sin fin de preparativos\u00a0para que ese d\u00eda todo salga como quieres. Pero, \u00bfhas pensado en el Peinado para el d\u00eda de su Primera Comuni\u00f3n? El Peinado de Comuni\u00f3n ser\u00e1 clave para definir\u00a0el estilo de t\u00fa &hellip; Sigue leyendo &rarr;","og_url":"https:\/\/bautizoycomunion.com\/index.php\/2015\/03\/23\/peinados-para-ninas-en-el-dia-de-su-primera-comunion\/","og_site_name":"Bautizo y Comunion","article_publisher":"https:\/\/www.facebook.com\/BautizosyComuniones","article_published_time":"2015-03-23T12:58:55+00:00","author":"publisher","twitter_card":"summary_large_image","twitter_creator":"@BautizoComunion","twitter_site":"@BautizoComunion","twitter_misc":{"Escrito por":"publisher","Tiempo de lectura":"2 minutos"},"schema":{"@context":"https:\/\/schema.org","@graph":[{"@type":"Article","@id":"https:\/\/bautizoycomunion.com\/index.php\/2015\/03\/23\/peinados-para-ninas-en-el-dia-de-su-primera-comunion\/#article","isPartOf":{"@id":"https:\/\/bautizoycomunion.com\/index.php\/2015\/03\/23\/peinados-para-ninas-en-el-dia-de-su-primera-comunion\/"},"author":{"name":"publisher","@id":"https:\/\/bautizoycomunion.com\/#\/schema\/person\/71b91ab759bf77b5348a2f95d85e8ba0"},"headline":"Peinados para ni\u00f1as en el d\u00eda de su Primera Comuni\u00f3n","datePublished":"2015-03-23T12:58:55+00:00","mainEntityOfPage":{"@id":"https:\/\/bautizoycomunion.com\/index.php\/2015\/03\/23\/peinados-para-ninas-en-el-dia-de-su-primera-comunion\/"},"wordCount":352,"commentCount":0,"publisher":{"@id":"https:\/\/bautizoycomunion.com\/#organization"},"image":{"@id":"https:\/\/bautizoycomunion.com\/index.php\/2015\/03\/23\/peinados-para-ninas-en-el-dia-de-su-primera-comunion\/#primaryimage"},"thumbnailUrl":"http:\/\/bautizoycomunion.com\/wp-content\/uploads\/2015\/03\/Corona_Flores_Cocono_Comuniones.jpg","keywords":["comuniones","coronas flores","diademas","Ni\u00f1as","Peinados","peinados comunion","tocados","Tocados ni\u00f1as"],"articleSection":["Todas las entradas"],"inLanguage":"es","potentialAction":[{"@type":"CommentAction","name":"Comment","target":["https:\/\/bautizoycomunion.com\/index.php\/2015\/03\/23\/peinados-para-ninas-en-el-dia-de-su-primera-comunion\/#respond"]}]},{"@type":"WebPage","@id":"https:\/\/bautizoycomunion.com\/index.php\/2015\/03\/23\/peinados-para-ninas-en-el-dia-de-su-primera-comunion\/","url":"https:\/\/bautizoycomunion.com\/index.php\/2015\/03\/23\/peinados-para-ninas-en-el-dia-de-su-primera-comunion\/","name":"Peinados para ni\u00f1as en el d\u00eda de su Primera Comuni\u00f3n &#8211; Bautizo y Comunion","isPartOf":{"@id":"https:\/\/bautizoycomunion.com\/#website"},"primaryImageOfPage":{"@id":"https:\/\/bautizoycomunion.com\/index.php\/2015\/03\/23\/peinados-para-ninas-en-el-dia-de-su-primera-comunion\/#primaryimage"},"image":{"@id":"https:\/\/bautizoycomunion.com\/index.php\/2015\/03\/23\/peinados-para-ninas-en-el-dia-de-su-primera-comunion\/#primaryimage"},"thumbnailUrl":"http:\/\/bautizoycomunion.com\/wp-content\/uploads\/2015\/03\/Corona_Flores_Cocono_Comuniones.jpg","datePublished":"2015-03-23T12:58:55+00:00","breadcrumb":{"@id":"https:\/\/bautizoycomunion.com\/index.php\/2015\/03\/23\/peinados-para-ninas-en-el-dia-de-su-primera-comunion\/#breadcrumb"},"inLanguage":"es","potentialAction":[{"@type":"ReadAction","target":["https:\/\/bautizoycomunion.com\/index.php\/2015\/03\/23\/peinados-para-ninas-en-el-dia-de-su-primera-comunion\/"]}]},{"@type":"ImageObject","inLanguage":"es","@id":"https:\/\/bautizoycomunion.com\/index.php\/2015\/03\/23\/peinados-para-ninas-en-el-dia-de-su-primera-comunion\/#primaryimage","url":"","contentUrl":""},{"@type":"BreadcrumbList","@id":"https:\/\/bautizoycomunion.com\/index.php\/2015\/03\/23\/peinados-para-ninas-en-el-dia-de-su-primera-comunion\/#breadcrumb","itemListElement":[{"@type":"ListItem","position":1,"name":"Portada","item":"https:\/\/bautizoycomunion.com\/"},{"@type":"ListItem","position":2,"name":"Peinados para ni\u00f1as en el d\u00eda de su Primera Comuni\u00f3n"}]},{"@type":"WebSite","@id":"https:\/\/bautizoycomunion.com\/#website","url":"https:\/\/bautizoycomunion.com\/","name":"Bautizo y Comunion","description":"","publisher":{"@id":"https:\/\/bautizoycomunion.com\/#organization"},"potentialAction":[{"@type":"SearchAction","target":{"@type":"EntryPoint","urlTemplate":"https:\/\/bautizoycomunion.com\/?s={search_term_string}"},"query-input":{"@type":"PropertyValueSpecification","valueRequired":true,"valueName":"search_term_string"}}],"inLanguage":"es"},{"@type":"Organization","@id":"https:\/\/bautizoycomunion.com\/#organization","name":"Bautizo y Comunion","url":"https:\/\/bautizoycomunion.com\/","logo":{"@type":"ImageObject","inLanguage":"es","@id":"https:\/\/bautizoycomunion.com\/#\/schema\/logo\/image\/","url":"https:\/\/bautizoycomunion.com\/wp-content\/uploads\/2020\/02\/logo-bautizo-y-comunion.jpg","contentUrl":"https:\/\/bautizoycomunion.com\/wp-content\/uploads\/2020\/02\/logo-bautizo-y-comunion.jpg","width":128,"height":128,"caption":"Bautizo y Comunion"},"image":{"@id":"https:\/\/bautizoycomunion.com\/#\/schema\/logo\/image\/"},"sameAs":["https:\/\/www.facebook.com\/BautizosyComuniones","https:\/\/x.com\/BautizoComunion","https:\/\/www.instagram.com\/bautizoycomunion\/","https:\/\/www.pinterest.es\/BautizoComunion\/","https:\/\/www.youtube.com\/user\/BautizoyComunionTV"]},{"@type":"Person","@id":"https:\/\/bautizoycomunion.com\/#\/schema\/person\/71b91ab759bf77b5348a2f95d85e8ba0","name":"publisher","image":{"@type":"ImageObject","inLanguage":"es","@id":"https:\/\/bautizoycomunion.com\/#\/schema\/person\/image\/","url":"https:\/\/secure.gravatar.com\/avatar\/b678a6a8c15d6fa37228489ffa29aff56590dfc95fbec3aa2c2f2cc9013b082f?s=96&d=mm&r=g","contentUrl":"https:\/\/secure.gravatar.com\/avatar\/b678a6a8c15d6fa37228489ffa29aff56590dfc95fbec3aa2c2f2cc9013b082f?s=96&d=mm&r=g","caption":"publisher"}}]}},"_links":{"self":[{"href":"https:\/\/bautizoycomunion.com\/index.php\/wp-json\/wp\/v2\/posts\/6671","targetHints":{"allow":["GET"]}}],"collection":[{"href":"https:\/\/bautizoycomunion.com\/index.php\/wp-json\/wp\/v2\/posts"}],"about":[{"href":"https:\/\/bautizoycomunion.com\/index.php\/wp-json\/wp\/v2\/types\/post"}],"author":[{"embeddable":true,"href":"https:\/\/bautizoycomunion.com\/index.php\/wp-json\/wp\/v2\/users\/3"}],"replies":[{"embeddable":true,"href":"https:\/\/bautizoycomunion.com\/index.php\/wp-json\/wp\/v2\/comments?post=6671"}],"version-history":[{"count":0,"href":"https:\/\/bautizoycomunion.com\/index.php\/wp-json\/wp\/v2\/posts\/6671\/revisions"}],"wp:attachment":[{"href":"https:\/\/bautizoycomunion.com\/index.php\/wp-json\/wp\/v2\/media?parent=6671"}],"wp:term":[{"taxonomy":"category","embeddable":true,"href":"https:\/\/bautizoycomunion.com\/index.php\/wp-json\/wp\/v2\/categories?post=6671"},{"taxonomy":"post_tag","embeddable":true,"href":"https:\/\/bautizoycomunion.com\/index.php\/wp-json\/wp\/v2\/tags?post=6671"}],"curies":[{"name":"wp","href":"https:\/\/api.w.org\/{rel}","templated":true}]}}