{"id":6767,"date":"2015-04-08T11:47:31","date_gmt":"2015-04-08T09:47:31","guid":{"rendered":"http:\/\/bautizoycomunion.com\/?p=6767"},"modified":"2017-07-20T17:27:57","modified_gmt":"2017-07-20T15:27:57","slug":"vestidos-de-ensueno-para-ninas-en-el-dia-de-su-primera-comunion","status":"publish","type":"post","link":"https:\/\/bautizoycomunion.com\/index.php\/2015\/04\/08\/vestidos-de-ensueno-para-ninas-en-el-dia-de-su-primera-comunion\/","title":{"rendered":"Vestidos de ensue\u00f1o para ni\u00f1as en el d\u00eda de su Primera Comuni\u00f3n"},"content":{"rendered":"<p><strong>La elecci\u00f3n del vestido de\u00a0comuni\u00f3n de una ni\u00f1a es\u00a0un momento muy especial que comparten todas las madres con sus hijas meses antes de la celebraci\u00f3n de la Primera Comuni\u00f3n. Si a\u00fan no hab\u00e9is elegido el vuestro, estas son nuestras propuestas favoritas.<\/strong><\/p>\n<p><span style=\"color: #000000;\">Los modelos de <strong>vestidos de comuni\u00f3n<\/strong> sencillos, frescos, vintage con un aire rom\u00e1ntico y elegantes son nuestros preferidos.\u00a0<\/span><\/p>\n<p><span style=\"color: #000000;\">Si a\u00fan tienes dudas en la elecci\u00f3n del <strong>vestido de comuni\u00f3n<\/strong> que vestir\u00e1 t\u00fa <strong>ni\u00f1a<\/strong> apuesta por la elecci\u00f3n de un <strong>vestido de comuni\u00f3n<\/strong>\u00a0que transmita <strong>naturalidad<\/strong> y <strong>elegancia<\/strong>.\u00a0<\/span><\/p>\n<p><a href=\"http:\/\/www.mivestido.es\/\" target=\"_blank\" rel=\"noopener\"><img loading=\"lazy\" decoding=\"async\" class=\"aligncenter wp-image-6769 size-full\" src=\"http:\/\/bautizoycomunion.com\/wp-content\/uploads\/2015\/04\/Vestido_Comunion_Mi_Vestido.jpg\" alt=\"Vestido Comuni\u00f3n Ni\u00f1as Mi Vestido\" width=\"667\" height=\"1000\" \/><\/a><\/p>\n<p style=\"text-align: center;\"><span style=\"color: #000000;\">Fuente: Mi vestido.es<\/span><\/p>\n<p style=\"text-align: left;\"><span style=\"color: #000000;\">Escoge <strong>vestidos<\/strong> elaborados con tejidos naturales como linos, algodones, sedas naturales, tules y organzas de seda.<\/span><\/p>\n<p style=\"color: #444444; text-align: center;\"><a href=\"http:\/\/www.elcorteingles.es\/tienda\/moda\/browse\/subcategory_horiz_showCase.jsp?categoryId=999.1421142341&amp;listado=horizontal&amp;pageNum=0&amp;subtotalPromotionId=&amp;dimensionValues=4294029066&amp;question=&amp;navigationIndex=0&amp;deepLinkFilters=D_Fashion_Level3%3AVestidos&amp;deepLink=&amp;selectedSortBy=firstPublishingDate&amp;pageSize=24\" target=\"_blank\" rel=\"noopener\"><img loading=\"lazy\" decoding=\"async\" class=\"aligncenter wp-image-6772 size-full\" src=\"http:\/\/bautizoycomunion.com\/wp-content\/uploads\/2015\/04\/Vestidos_Comunion_El_Corte_Ingles.png\" alt=\"Vestidos Comuni\u00f3n Ni\u00f1as El Corte Ingl\u00e9s\" width=\"487\" height=\"618\" \/><\/a><span style=\"color: #000000;\">Fuente: El Corte Ingl\u00e9s<\/span><\/p>\n<p style=\"color: #444444; text-align: left;\"><strong>Ni\u00f1as<\/strong> con un look muy natural y espont\u00e1neo para deslumbrar en el d\u00eda de su <strong>Primera Comuni\u00f3n<\/strong>.<\/p>\n<p style=\"color: #444444; text-align: left;\"><a href=\"http:\/\/www.nanos.es\/\" target=\"_blank\" rel=\"noopener\"><img loading=\"lazy\" decoding=\"async\" class=\"aligncenter wp-image-6775 size-full\" src=\"http:\/\/bautizoycomunion.com\/wp-content\/uploads\/2015\/04\/Vestidos_Comunion_Nanos.jpg\" alt=\"Vestidos Comuni\u00f3n Ni\u00f1os Nanos \" width=\"404\" height=\"600\" \/><\/a><\/p>\n<p style=\"color: #444444; text-align: center;\">Fuente: Colecci\u00f3n Nanos 2015<\/p>\n<p style=\"color: #444444; text-align: left;\">Es tendencia lucir un cintur\u00f3n en el <strong>vestido<\/strong>, esta cinta disponible en varios tonos aporta un detalle discreto y elegante al dise\u00f1o del <strong>vestido de comuni\u00f3n<\/strong> elegido.\u00a0\u00bfC\u00f3mo es el <strong>vestido<\/strong> que hab\u00e9is escogido para este d\u00eda tan importante?<\/p>\n","protected":false},"excerpt":{"rendered":"<p>La elecci\u00f3n del vestido de\u00a0comuni\u00f3n de una ni\u00f1a es\u00a0un momento muy especial que comparten todas las madres con sus hijas meses antes de la celebraci\u00f3n de la Primera Comuni\u00f3n. Si a\u00fan no hab\u00e9is elegido el vuestro, estas son nuestras propuestas favoritas. Los modelos de vestidos de comuni\u00f3n sencillos, frescos, vintage &hellip; <a class=\"more-link\" href=\"https:\/\/bautizoycomunion.com\/index.php\/2015\/04\/08\/vestidos-de-ensueno-para-ninas-en-el-dia-de-su-primera-comunion\/\"><span class=\"more-msg\">Sigue leyendo &rarr;<\/span><\/a><\/p>\n","protected":false},"author":3,"featured_media":0,"comment_status":"open","ping_status":"open","sticky":false,"template":"","format":"standard","meta":{"footnotes":""},"categories":[16],"tags":[175,184,672,905,943,950,969],"class_list":["post-6767","post","type-post","status-publish","format-standard","hentry","category-uncategorized","tag-comunion","tag-comuniones","tag-primera-comunion","tag-trajes-de-comunion","tag-vestidos-comunion","tag-vestidos-comuniones","tag-vestidos-ninas"],"yoast_head":"<!-- This site is optimized with the Yoast SEO plugin v26.1.1 - https:\/\/yoast.com\/wordpress\/plugins\/seo\/ -->\n<title>Vestidos de ensue\u00f1o para ni\u00f1as en el d\u00eda de su Primera Comuni\u00f3n &#8211; Bautizo y Comunion<\/title>\n<meta name=\"robots\" content=\"index, follow, max-snippet:-1, max-image-preview:large, max-video-preview:-1\" \/>\n<link rel=\"canonical\" href=\"https:\/\/bautizoycomunion.com\/index.php\/2015\/04\/08\/vestidos-de-ensueno-para-ninas-en-el-dia-de-su-primera-comunion\/\" \/>\n<meta property=\"og:locale\" content=\"es_ES\" \/>\n<meta property=\"og:type\" content=\"article\" \/>\n<meta property=\"og:title\" content=\"Vestidos de ensue\u00f1o para ni\u00f1as en el d\u00eda de su Primera Comuni\u00f3n &#8211; Bautizo y Comunion\" \/>\n<meta property=\"og:description\" content=\"La elecci\u00f3n del vestido de\u00a0comuni\u00f3n de una ni\u00f1a es\u00a0un momento muy especial que comparten todas las madres con sus hijas meses antes de la celebraci\u00f3n de la Primera Comuni\u00f3n. Si a\u00fan no hab\u00e9is elegido el vuestro, estas son nuestras propuestas favoritas. Los modelos de vestidos de comuni\u00f3n sencillos, frescos, vintage &hellip; Sigue leyendo &rarr;\" \/>\n<meta property=\"og:url\" content=\"https:\/\/bautizoycomunion.com\/index.php\/2015\/04\/08\/vestidos-de-ensueno-para-ninas-en-el-dia-de-su-primera-comunion\/\" \/>\n<meta property=\"og:site_name\" content=\"Bautizo y Comunion\" \/>\n<meta property=\"article:publisher\" content=\"https:\/\/www.facebook.com\/BautizosyComuniones\" \/>\n<meta property=\"article:published_time\" content=\"2015-04-08T09:47:31+00:00\" \/>\n<meta property=\"article:modified_time\" content=\"2017-07-20T15:27:57+00:00\" \/>\n<meta name=\"author\" content=\"publisher\" \/>\n<meta name=\"twitter:card\" content=\"summary_large_image\" \/>\n<meta name=\"twitter:creator\" content=\"@BautizoComunion\" \/>\n<meta name=\"twitter:site\" content=\"@BautizoComunion\" \/>\n<meta name=\"twitter:label1\" content=\"Escrito por\" \/>\n\t<meta name=\"twitter:data1\" content=\"publisher\" \/>\n\t<meta name=\"twitter:label2\" content=\"Tiempo de lectura\" \/>\n\t<meta name=\"twitter:data2\" content=\"1 minuto\" \/>\n<script type=\"application\/ld+json\" class=\"yoast-schema-graph\">{\"@context\":\"https:\/\/schema.org\",\"@graph\":[{\"@type\":\"Article\",\"@id\":\"https:\/\/bautizoycomunion.com\/index.php\/2015\/04\/08\/vestidos-de-ensueno-para-ninas-en-el-dia-de-su-primera-comunion\/#article\",\"isPartOf\":{\"@id\":\"https:\/\/bautizoycomunion.com\/index.php\/2015\/04\/08\/vestidos-de-ensueno-para-ninas-en-el-dia-de-su-primera-comunion\/\"},\"author\":{\"name\":\"publisher\",\"@id\":\"https:\/\/bautizoycomunion.com\/#\/schema\/person\/71b91ab759bf77b5348a2f95d85e8ba0\"},\"headline\":\"Vestidos de ensue\u00f1o para ni\u00f1as en el d\u00eda de su Primera Comuni\u00f3n\",\"datePublished\":\"2015-04-08T09:47:31+00:00\",\"dateModified\":\"2017-07-20T15:27:57+00:00\",\"mainEntityOfPage\":{\"@id\":\"https:\/\/bautizoycomunion.com\/index.php\/2015\/04\/08\/vestidos-de-ensueno-para-ninas-en-el-dia-de-su-primera-comunion\/\"},\"wordCount\":216,\"commentCount\":0,\"publisher\":{\"@id\":\"https:\/\/bautizoycomunion.com\/#organization\"},\"image\":{\"@id\":\"https:\/\/bautizoycomunion.com\/index.php\/2015\/04\/08\/vestidos-de-ensueno-para-ninas-en-el-dia-de-su-primera-comunion\/#primaryimage\"},\"thumbnailUrl\":\"http:\/\/bautizoycomunion.com\/wp-content\/uploads\/2015\/04\/Vestido_Comunion_Mi_Vestido.jpg\",\"keywords\":[\"comunion\",\"comuniones\",\"primera comunion\",\"Trajes de Comuni\u00f3n\",\"vestidos comunion\",\"Vestidos comuniones\",\"vestidos ni\u00f1as\"],\"articleSection\":[\"Todas las entradas\"],\"inLanguage\":\"es\",\"potentialAction\":[{\"@type\":\"CommentAction\",\"name\":\"Comment\",\"target\":[\"https:\/\/bautizoycomunion.com\/index.php\/2015\/04\/08\/vestidos-de-ensueno-para-ninas-en-el-dia-de-su-primera-comunion\/#respond\"]}]},{\"@type\":\"WebPage\",\"@id\":\"https:\/\/bautizoycomunion.com\/index.php\/2015\/04\/08\/vestidos-de-ensueno-para-ninas-en-el-dia-de-su-primera-comunion\/\",\"url\":\"https:\/\/bautizoycomunion.com\/index.php\/2015\/04\/08\/vestidos-de-ensueno-para-ninas-en-el-dia-de-su-primera-comunion\/\",\"name\":\"Vestidos de ensue\u00f1o para ni\u00f1as en el d\u00eda de su Primera Comuni\u00f3n &#8211; Bautizo y Comunion\",\"isPartOf\":{\"@id\":\"https:\/\/bautizoycomunion.com\/#website\"},\"primaryImageOfPage\":{\"@id\":\"https:\/\/bautizoycomunion.com\/index.php\/2015\/04\/08\/vestidos-de-ensueno-para-ninas-en-el-dia-de-su-primera-comunion\/#primaryimage\"},\"image\":{\"@id\":\"https:\/\/bautizoycomunion.com\/index.php\/2015\/04\/08\/vestidos-de-ensueno-para-ninas-en-el-dia-de-su-primera-comunion\/#primaryimage\"},\"thumbnailUrl\":\"http:\/\/bautizoycomunion.com\/wp-content\/uploads\/2015\/04\/Vestido_Comunion_Mi_Vestido.jpg\",\"datePublished\":\"2015-04-08T09:47:31+00:00\",\"dateModified\":\"2017-07-20T15:27:57+00:00\",\"breadcrumb\":{\"@id\":\"https:\/\/bautizoycomunion.com\/index.php\/2015\/04\/08\/vestidos-de-ensueno-para-ninas-en-el-dia-de-su-primera-comunion\/#breadcrumb\"},\"inLanguage\":\"es\",\"potentialAction\":[{\"@type\":\"ReadAction\",\"target\":[\"https:\/\/bautizoycomunion.com\/index.php\/2015\/04\/08\/vestidos-de-ensueno-para-ninas-en-el-dia-de-su-primera-comunion\/\"]}]},{\"@type\":\"ImageObject\",\"inLanguage\":\"es\",\"@id\":\"https:\/\/bautizoycomunion.com\/index.php\/2015\/04\/08\/vestidos-de-ensueno-para-ninas-en-el-dia-de-su-primera-comunion\/#primaryimage\",\"url\":\"\",\"contentUrl\":\"\"},{\"@type\":\"BreadcrumbList\",\"@id\":\"https:\/\/bautizoycomunion.com\/index.php\/2015\/04\/08\/vestidos-de-ensueno-para-ninas-en-el-dia-de-su-primera-comunion\/#breadcrumb\",\"itemListElement\":[{\"@type\":\"ListItem\",\"position\":1,\"name\":\"Portada\",\"item\":\"https:\/\/bautizoycomunion.com\/\"},{\"@type\":\"ListItem\",\"position\":2,\"name\":\"Vestidos de ensue\u00f1o para ni\u00f1as en el d\u00eda de su Primera Comuni\u00f3n\"}]},{\"@type\":\"WebSite\",\"@id\":\"https:\/\/bautizoycomunion.com\/#website\",\"url\":\"https:\/\/bautizoycomunion.com\/\",\"name\":\"Bautizo y Comunion\",\"description\":\"\",\"publisher\":{\"@id\":\"https:\/\/bautizoycomunion.com\/#organization\"},\"potentialAction\":[{\"@type\":\"SearchAction\",\"target\":{\"@type\":\"EntryPoint\",\"urlTemplate\":\"https:\/\/bautizoycomunion.com\/?s={search_term_string}\"},\"query-input\":{\"@type\":\"PropertyValueSpecification\",\"valueRequired\":true,\"valueName\":\"search_term_string\"}}],\"inLanguage\":\"es\"},{\"@type\":\"Organization\",\"@id\":\"https:\/\/bautizoycomunion.com\/#organization\",\"name\":\"Bautizo y Comunion\",\"url\":\"https:\/\/bautizoycomunion.com\/\",\"logo\":{\"@type\":\"ImageObject\",\"inLanguage\":\"es\",\"@id\":\"https:\/\/bautizoycomunion.com\/#\/schema\/logo\/image\/\",\"url\":\"https:\/\/bautizoycomunion.com\/wp-content\/uploads\/2020\/02\/logo-bautizo-y-comunion.jpg\",\"contentUrl\":\"https:\/\/bautizoycomunion.com\/wp-content\/uploads\/2020\/02\/logo-bautizo-y-comunion.jpg\",\"width\":128,\"height\":128,\"caption\":\"Bautizo y Comunion\"},\"image\":{\"@id\":\"https:\/\/bautizoycomunion.com\/#\/schema\/logo\/image\/\"},\"sameAs\":[\"https:\/\/www.facebook.com\/BautizosyComuniones\",\"https:\/\/x.com\/BautizoComunion\",\"https:\/\/www.instagram.com\/bautizoycomunion\/\",\"https:\/\/www.pinterest.es\/BautizoComunion\/\",\"https:\/\/www.youtube.com\/user\/BautizoyComunionTV\"]},{\"@type\":\"Person\",\"@id\":\"https:\/\/bautizoycomunion.com\/#\/schema\/person\/71b91ab759bf77b5348a2f95d85e8ba0\",\"name\":\"publisher\",\"image\":{\"@type\":\"ImageObject\",\"inLanguage\":\"es\",\"@id\":\"https:\/\/bautizoycomunion.com\/#\/schema\/person\/image\/\",\"url\":\"https:\/\/secure.gravatar.com\/avatar\/b678a6a8c15d6fa37228489ffa29aff56590dfc95fbec3aa2c2f2cc9013b082f?s=96&d=mm&r=g\",\"contentUrl\":\"https:\/\/secure.gravatar.com\/avatar\/b678a6a8c15d6fa37228489ffa29aff56590dfc95fbec3aa2c2f2cc9013b082f?s=96&d=mm&r=g\",\"caption\":\"publisher\"}}]}<\/script>\n<!-- \/ Yoast SEO plugin. -->","yoast_head_json":{"title":"Vestidos de ensue\u00f1o para ni\u00f1as en el d\u00eda de su Primera Comuni\u00f3n &#8211; Bautizo y Comunion","robots":{"index":"index","follow":"follow","max-snippet":"max-snippet:-1","max-image-preview":"max-image-preview:large","max-video-preview":"max-video-preview:-1"},"canonical":"https:\/\/bautizoycomunion.com\/index.php\/2015\/04\/08\/vestidos-de-ensueno-para-ninas-en-el-dia-de-su-primera-comunion\/","og_locale":"es_ES","og_type":"article","og_title":"Vestidos de ensue\u00f1o para ni\u00f1as en el d\u00eda de su Primera Comuni\u00f3n &#8211; Bautizo y Comunion","og_description":"La elecci\u00f3n del vestido de\u00a0comuni\u00f3n de una ni\u00f1a es\u00a0un momento muy especial que comparten todas las madres con sus hijas meses antes de la celebraci\u00f3n de la Primera Comuni\u00f3n. Si a\u00fan no hab\u00e9is elegido el vuestro, estas son nuestras propuestas favoritas. Los modelos de vestidos de comuni\u00f3n sencillos, frescos, vintage &hellip; Sigue leyendo &rarr;","og_url":"https:\/\/bautizoycomunion.com\/index.php\/2015\/04\/08\/vestidos-de-ensueno-para-ninas-en-el-dia-de-su-primera-comunion\/","og_site_name":"Bautizo y Comunion","article_publisher":"https:\/\/www.facebook.com\/BautizosyComuniones","article_published_time":"2015-04-08T09:47:31+00:00","article_modified_time":"2017-07-20T15:27:57+00:00","author":"publisher","twitter_card":"summary_large_image","twitter_creator":"@BautizoComunion","twitter_site":"@BautizoComunion","twitter_misc":{"Escrito por":"publisher","Tiempo de lectura":"1 minuto"},"schema":{"@context":"https:\/\/schema.org","@graph":[{"@type":"Article","@id":"https:\/\/bautizoycomunion.com\/index.php\/2015\/04\/08\/vestidos-de-ensueno-para-ninas-en-el-dia-de-su-primera-comunion\/#article","isPartOf":{"@id":"https:\/\/bautizoycomunion.com\/index.php\/2015\/04\/08\/vestidos-de-ensueno-para-ninas-en-el-dia-de-su-primera-comunion\/"},"author":{"name":"publisher","@id":"https:\/\/bautizoycomunion.com\/#\/schema\/person\/71b91ab759bf77b5348a2f95d85e8ba0"},"headline":"Vestidos de ensue\u00f1o para ni\u00f1as en el d\u00eda de su Primera Comuni\u00f3n","datePublished":"2015-04-08T09:47:31+00:00","dateModified":"2017-07-20T15:27:57+00:00","mainEntityOfPage":{"@id":"https:\/\/bautizoycomunion.com\/index.php\/2015\/04\/08\/vestidos-de-ensueno-para-ninas-en-el-dia-de-su-primera-comunion\/"},"wordCount":216,"commentCount":0,"publisher":{"@id":"https:\/\/bautizoycomunion.com\/#organization"},"image":{"@id":"https:\/\/bautizoycomunion.com\/index.php\/2015\/04\/08\/vestidos-de-ensueno-para-ninas-en-el-dia-de-su-primera-comunion\/#primaryimage"},"thumbnailUrl":"http:\/\/bautizoycomunion.com\/wp-content\/uploads\/2015\/04\/Vestido_Comunion_Mi_Vestido.jpg","keywords":["comunion","comuniones","primera comunion","Trajes de Comuni\u00f3n","vestidos comunion","Vestidos comuniones","vestidos ni\u00f1as"],"articleSection":["Todas las entradas"],"inLanguage":"es","potentialAction":[{"@type":"CommentAction","name":"Comment","target":["https:\/\/bautizoycomunion.com\/index.php\/2015\/04\/08\/vestidos-de-ensueno-para-ninas-en-el-dia-de-su-primera-comunion\/#respond"]}]},{"@type":"WebPage","@id":"https:\/\/bautizoycomunion.com\/index.php\/2015\/04\/08\/vestidos-de-ensueno-para-ninas-en-el-dia-de-su-primera-comunion\/","url":"https:\/\/bautizoycomunion.com\/index.php\/2015\/04\/08\/vestidos-de-ensueno-para-ninas-en-el-dia-de-su-primera-comunion\/","name":"Vestidos de ensue\u00f1o para ni\u00f1as en el d\u00eda de su Primera Comuni\u00f3n &#8211; Bautizo y Comunion","isPartOf":{"@id":"https:\/\/bautizoycomunion.com\/#website"},"primaryImageOfPage":{"@id":"https:\/\/bautizoycomunion.com\/index.php\/2015\/04\/08\/vestidos-de-ensueno-para-ninas-en-el-dia-de-su-primera-comunion\/#primaryimage"},"image":{"@id":"https:\/\/bautizoycomunion.com\/index.php\/2015\/04\/08\/vestidos-de-ensueno-para-ninas-en-el-dia-de-su-primera-comunion\/#primaryimage"},"thumbnailUrl":"http:\/\/bautizoycomunion.com\/wp-content\/uploads\/2015\/04\/Vestido_Comunion_Mi_Vestido.jpg","datePublished":"2015-04-08T09:47:31+00:00","dateModified":"2017-07-20T15:27:57+00:00","breadcrumb":{"@id":"https:\/\/bautizoycomunion.com\/index.php\/2015\/04\/08\/vestidos-de-ensueno-para-ninas-en-el-dia-de-su-primera-comunion\/#breadcrumb"},"inLanguage":"es","potentialAction":[{"@type":"ReadAction","target":["https:\/\/bautizoycomunion.com\/index.php\/2015\/04\/08\/vestidos-de-ensueno-para-ninas-en-el-dia-de-su-primera-comunion\/"]}]},{"@type":"ImageObject","inLanguage":"es","@id":"https:\/\/bautizoycomunion.com\/index.php\/2015\/04\/08\/vestidos-de-ensueno-para-ninas-en-el-dia-de-su-primera-comunion\/#primaryimage","url":"","contentUrl":""},{"@type":"BreadcrumbList","@id":"https:\/\/bautizoycomunion.com\/index.php\/2015\/04\/08\/vestidos-de-ensueno-para-ninas-en-el-dia-de-su-primera-comunion\/#breadcrumb","itemListElement":[{"@type":"ListItem","position":1,"name":"Portada","item":"https:\/\/bautizoycomunion.com\/"},{"@type":"ListItem","position":2,"name":"Vestidos de ensue\u00f1o para ni\u00f1as en el d\u00eda de su Primera Comuni\u00f3n"}]},{"@type":"WebSite","@id":"https:\/\/bautizoycomunion.com\/#website","url":"https:\/\/bautizoycomunion.com\/","name":"Bautizo y Comunion","description":"","publisher":{"@id":"https:\/\/bautizoycomunion.com\/#organization"},"potentialAction":[{"@type":"SearchAction","target":{"@type":"EntryPoint","urlTemplate":"https:\/\/bautizoycomunion.com\/?s={search_term_string}"},"query-input":{"@type":"PropertyValueSpecification","valueRequired":true,"valueName":"search_term_string"}}],"inLanguage":"es"},{"@type":"Organization","@id":"https:\/\/bautizoycomunion.com\/#organization","name":"Bautizo y Comunion","url":"https:\/\/bautizoycomunion.com\/","logo":{"@type":"ImageObject","inLanguage":"es","@id":"https:\/\/bautizoycomunion.com\/#\/schema\/logo\/image\/","url":"https:\/\/bautizoycomunion.com\/wp-content\/uploads\/2020\/02\/logo-bautizo-y-comunion.jpg","contentUrl":"https:\/\/bautizoycomunion.com\/wp-content\/uploads\/2020\/02\/logo-bautizo-y-comunion.jpg","width":128,"height":128,"caption":"Bautizo y Comunion"},"image":{"@id":"https:\/\/bautizoycomunion.com\/#\/schema\/logo\/image\/"},"sameAs":["https:\/\/www.facebook.com\/BautizosyComuniones","https:\/\/x.com\/BautizoComunion","https:\/\/www.instagram.com\/bautizoycomunion\/","https:\/\/www.pinterest.es\/BautizoComunion\/","https:\/\/www.youtube.com\/user\/BautizoyComunionTV"]},{"@type":"Person","@id":"https:\/\/bautizoycomunion.com\/#\/schema\/person\/71b91ab759bf77b5348a2f95d85e8ba0","name":"publisher","image":{"@type":"ImageObject","inLanguage":"es","@id":"https:\/\/bautizoycomunion.com\/#\/schema\/person\/image\/","url":"https:\/\/secure.gravatar.com\/avatar\/b678a6a8c15d6fa37228489ffa29aff56590dfc95fbec3aa2c2f2cc9013b082f?s=96&d=mm&r=g","contentUrl":"https:\/\/secure.gravatar.com\/avatar\/b678a6a8c15d6fa37228489ffa29aff56590dfc95fbec3aa2c2f2cc9013b082f?s=96&d=mm&r=g","caption":"publisher"}}]}},"_links":{"self":[{"href":"https:\/\/bautizoycomunion.com\/index.php\/wp-json\/wp\/v2\/posts\/6767","targetHints":{"allow":["GET"]}}],"collection":[{"href":"https:\/\/bautizoycomunion.com\/index.php\/wp-json\/wp\/v2\/posts"}],"about":[{"href":"https:\/\/bautizoycomunion.com\/index.php\/wp-json\/wp\/v2\/types\/post"}],"author":[{"embeddable":true,"href":"https:\/\/bautizoycomunion.com\/index.php\/wp-json\/wp\/v2\/users\/3"}],"replies":[{"embeddable":true,"href":"https:\/\/bautizoycomunion.com\/index.php\/wp-json\/wp\/v2\/comments?post=6767"}],"version-history":[{"count":2,"href":"https:\/\/bautizoycomunion.com\/index.php\/wp-json\/wp\/v2\/posts\/6767\/revisions"}],"predecessor-version":[{"id":9091,"href":"https:\/\/bautizoycomunion.com\/index.php\/wp-json\/wp\/v2\/posts\/6767\/revisions\/9091"}],"wp:attachment":[{"href":"https:\/\/bautizoycomunion.com\/index.php\/wp-json\/wp\/v2\/media?parent=6767"}],"wp:term":[{"taxonomy":"category","embeddable":true,"href":"https:\/\/bautizoycomunion.com\/index.php\/wp-json\/wp\/v2\/categories?post=6767"},{"taxonomy":"post_tag","embeddable":true,"href":"https:\/\/bautizoycomunion.com\/index.php\/wp-json\/wp\/v2\/tags?post=6767"}],"curies":[{"name":"wp","href":"https:\/\/api.w.org\/{rel}","templated":true}]}}