{"id":6778,"date":"2015-04-10T12:32:56","date_gmt":"2015-04-10T10:32:56","guid":{"rendered":"http:\/\/bautizoycomunion.com\/?p=6778"},"modified":"2017-07-20T17:25:25","modified_gmt":"2017-07-20T15:25:25","slug":"vestidos-de-ninas-invitadas-a-celebraciones-muy-especiales","status":"publish","type":"post","link":"https:\/\/bautizoycomunion.com\/index.php\/2015\/04\/10\/vestidos-de-ninas-invitadas-a-celebraciones-muy-especiales\/","title":{"rendered":"Vestidos de ni\u00f1as invitadas a celebraciones muy especiales"},"content":{"rendered":"<p><span style=\"color: #000000;\"><strong>Bautizo y Comuni\u00f3n quiere ayudar a vestir como aut\u00e9nticas princesas a las ni\u00f1as de la casa. Por ello te traemos ideas de vestidos para todas las ni\u00f1as que\u00a0asistan como invitadas a eventos familiares tan especiales como bautizos, comuniones o bodas.<\/strong><\/span><\/p>\n<p><img loading=\"lazy\" decoding=\"async\" class=\"aligncenter wp-image-6779 size-full\" src=\"http:\/\/bautizoycomunion.com\/wp-content\/uploads\/2015\/04\/vestidos-para-celebraciones.jpg\" alt=\"Vestidos Celebraciones Bautizos Comuniones Arras Mecedora\" width=\"600\" height=\"460\" \/><span style=\"color: #000000;\">Nos encantan los maravillosos <strong>vestidos<\/strong> para <strong>ni\u00f1as <\/strong>disponibles en<strong> La Mecedora. <\/strong>Sus <strong>vestidos<\/strong> son\u00a0ideales para que nuestras peque\u00f1as luzcan como <strong>invitadas<\/strong> perfectas a las <strong>celebraciones<\/strong> m\u00e1s especiales que tendr\u00e1n lugar en los pr\u00f3ximos meses.<\/span><\/p>\n<p><img loading=\"lazy\" decoding=\"async\" class=\"aligncenter wp-image-6783 size-full\" src=\"http:\/\/bautizoycomunion.com\/wp-content\/uploads\/2015\/04\/IMG_6926.jpg\" alt=\"Vestidos Celebraciones Bautizos Comuniones Arras Mecedora\" width=\"600\" height=\"1129\" \/><span style=\"color: #000000;\">Bien se trate de <strong>vestir<\/strong> a nuestras <strong>ni\u00f1as<\/strong> para asistir a un <strong>bautizo<\/strong> o a una\u00a0<strong>comuni\u00f3n<\/strong> estos <strong>vestidos<\/strong>\u00a0destacan por su frescura y naturalidad.<\/span><\/p>\n<p><img loading=\"lazy\" decoding=\"async\" class=\"aligncenter wp-image-6784 size-full\" src=\"http:\/\/bautizoycomunion.com\/wp-content\/uploads\/2015\/04\/IMG_6928.jpg\" alt=\"Vestidos Celebraciones Bautizos Comuniones Arras Mecedora\" width=\"600\" height=\"909\" \/><span style=\"color: #000000;\">En <strong>La Mecedora<\/strong> encontrar\u00e1s una selecci\u00f3n de\u00a0<strong>vestidos de arras y trajes <\/strong>para<strong> ni\u00f1os<\/strong>\u00a0con los que deslumbrar en cualquier tipo de celebraci\u00f3n.<\/span><\/p>\n<p><del><span style=\"color: #000000;\">Puedes contactar con el proveedor <strong>La Mecedora<\/strong> a trav\u00e9s del correo electr\u00f3nico <strong>pedidos@lamecedoraonline.com<\/strong> o en el tel\u00e9fono 952 77 19 17.<\/span><\/del><\/p>\n<p><del><span style=\"color: #000000;\">Si prefieres dirigirte a su establecimiento te est\u00e1n esperando en la siguiente direcci\u00f3n:\u00a0Avenida Ram\u00f3n y Cajal 3, Marbella.<\/span><\/del><\/p>\n<p><span style=\"color: #000000;\">\u00bfA qu\u00e9 esperas para escoger t\u00fa modelo favorito?<\/span><\/p>\n","protected":false},"excerpt":{"rendered":"<p>Bautizo y Comuni\u00f3n quiere ayudar a vestir como aut\u00e9nticas princesas a las ni\u00f1as de la casa. Por ello te traemos ideas de vestidos para todas las ni\u00f1as que\u00a0asistan como invitadas a eventos familiares tan especiales como bautizos, comuniones o bodas. Nos encantan los maravillosos vestidos para ni\u00f1as disponibles en La &hellip; <a class=\"more-link\" href=\"https:\/\/bautizoycomunion.com\/index.php\/2015\/04\/10\/vestidos-de-ninas-invitadas-a-celebraciones-muy-especiales\/\"><span class=\"more-msg\">Sigue leyendo &rarr;<\/span><\/a><\/p>\n","protected":false},"author":3,"featured_media":0,"comment_status":"open","ping_status":"open","sticky":false,"template":"","format":"standard","meta":{"footnotes":""},"categories":[16],"tags":[72,81,184,806,810,813,907,935,941,969],"class_list":["post-6778","post","type-post","status-publish","format-standard","hentry","category-uncategorized","tag-bautizos","tag-bodas","tag-comuniones","tag-ropa-celebraciones","tag-ropa-invitados","tag-ropa-ninos","tag-trajes-ninos","tag-vestidos-arras","tag-vestidos-celebraciones","tag-vestidos-ninas"],"yoast_head":"<!-- This site is optimized with the Yoast SEO plugin v26.1.1 - https:\/\/yoast.com\/wordpress\/plugins\/seo\/ -->\n<title>Vestidos de ni\u00f1as invitadas a celebraciones muy especiales &#8211; Bautizo y Comunion<\/title>\n<meta name=\"robots\" content=\"index, follow, max-snippet:-1, max-image-preview:large, max-video-preview:-1\" \/>\n<link rel=\"canonical\" href=\"https:\/\/bautizoycomunion.com\/index.php\/2015\/04\/10\/vestidos-de-ninas-invitadas-a-celebraciones-muy-especiales\/\" \/>\n<meta property=\"og:locale\" content=\"es_ES\" \/>\n<meta property=\"og:type\" content=\"article\" \/>\n<meta property=\"og:title\" content=\"Vestidos de ni\u00f1as invitadas a celebraciones muy especiales &#8211; Bautizo y Comunion\" \/>\n<meta property=\"og:description\" content=\"Bautizo y Comuni\u00f3n quiere ayudar a vestir como aut\u00e9nticas princesas a las ni\u00f1as de la casa. Por ello te traemos ideas de vestidos para todas las ni\u00f1as que\u00a0asistan como invitadas a eventos familiares tan especiales como bautizos, comuniones o bodas. Nos encantan los maravillosos vestidos para ni\u00f1as disponibles en La &hellip; Sigue leyendo &rarr;\" \/>\n<meta property=\"og:url\" content=\"https:\/\/bautizoycomunion.com\/index.php\/2015\/04\/10\/vestidos-de-ninas-invitadas-a-celebraciones-muy-especiales\/\" \/>\n<meta property=\"og:site_name\" content=\"Bautizo y Comunion\" \/>\n<meta property=\"article:publisher\" content=\"https:\/\/www.facebook.com\/BautizosyComuniones\" \/>\n<meta property=\"article:published_time\" content=\"2015-04-10T10:32:56+00:00\" \/>\n<meta property=\"article:modified_time\" content=\"2017-07-20T15:25:25+00:00\" \/>\n<meta name=\"author\" content=\"publisher\" \/>\n<meta name=\"twitter:card\" content=\"summary_large_image\" \/>\n<meta name=\"twitter:creator\" content=\"@BautizoComunion\" \/>\n<meta name=\"twitter:site\" content=\"@BautizoComunion\" \/>\n<meta name=\"twitter:label1\" content=\"Escrito por\" \/>\n\t<meta name=\"twitter:data1\" content=\"publisher\" \/>\n\t<meta name=\"twitter:label2\" content=\"Tiempo de lectura\" \/>\n\t<meta name=\"twitter:data2\" content=\"1 minuto\" \/>\n<script type=\"application\/ld+json\" class=\"yoast-schema-graph\">{\"@context\":\"https:\/\/schema.org\",\"@graph\":[{\"@type\":\"Article\",\"@id\":\"https:\/\/bautizoycomunion.com\/index.php\/2015\/04\/10\/vestidos-de-ninas-invitadas-a-celebraciones-muy-especiales\/#article\",\"isPartOf\":{\"@id\":\"https:\/\/bautizoycomunion.com\/index.php\/2015\/04\/10\/vestidos-de-ninas-invitadas-a-celebraciones-muy-especiales\/\"},\"author\":{\"name\":\"publisher\",\"@id\":\"https:\/\/bautizoycomunion.com\/#\/schema\/person\/71b91ab759bf77b5348a2f95d85e8ba0\"},\"headline\":\"Vestidos de ni\u00f1as invitadas a celebraciones muy especiales\",\"datePublished\":\"2015-04-10T10:32:56+00:00\",\"dateModified\":\"2017-07-20T15:25:25+00:00\",\"mainEntityOfPage\":{\"@id\":\"https:\/\/bautizoycomunion.com\/index.php\/2015\/04\/10\/vestidos-de-ninas-invitadas-a-celebraciones-muy-especiales\/\"},\"wordCount\":199,\"commentCount\":0,\"publisher\":{\"@id\":\"https:\/\/bautizoycomunion.com\/#organization\"},\"image\":{\"@id\":\"https:\/\/bautizoycomunion.com\/index.php\/2015\/04\/10\/vestidos-de-ninas-invitadas-a-celebraciones-muy-especiales\/#primaryimage\"},\"thumbnailUrl\":\"http:\/\/bautizoycomunion.com\/wp-content\/uploads\/2015\/04\/vestidos-para-celebraciones.jpg\",\"keywords\":[\"bautizos\",\"Bodas\",\"comuniones\",\"Ropa celebraciones\",\"Ropa invitados\",\"Ropa ni\u00f1os\",\"Trajes ni\u00f1os\",\"Vestidos arras\",\"Vestidos celebraciones\",\"vestidos ni\u00f1as\"],\"articleSection\":[\"Todas las entradas\"],\"inLanguage\":\"es\",\"potentialAction\":[{\"@type\":\"CommentAction\",\"name\":\"Comment\",\"target\":[\"https:\/\/bautizoycomunion.com\/index.php\/2015\/04\/10\/vestidos-de-ninas-invitadas-a-celebraciones-muy-especiales\/#respond\"]}]},{\"@type\":\"WebPage\",\"@id\":\"https:\/\/bautizoycomunion.com\/index.php\/2015\/04\/10\/vestidos-de-ninas-invitadas-a-celebraciones-muy-especiales\/\",\"url\":\"https:\/\/bautizoycomunion.com\/index.php\/2015\/04\/10\/vestidos-de-ninas-invitadas-a-celebraciones-muy-especiales\/\",\"name\":\"Vestidos de ni\u00f1as invitadas a celebraciones muy especiales &#8211; Bautizo y Comunion\",\"isPartOf\":{\"@id\":\"https:\/\/bautizoycomunion.com\/#website\"},\"primaryImageOfPage\":{\"@id\":\"https:\/\/bautizoycomunion.com\/index.php\/2015\/04\/10\/vestidos-de-ninas-invitadas-a-celebraciones-muy-especiales\/#primaryimage\"},\"image\":{\"@id\":\"https:\/\/bautizoycomunion.com\/index.php\/2015\/04\/10\/vestidos-de-ninas-invitadas-a-celebraciones-muy-especiales\/#primaryimage\"},\"thumbnailUrl\":\"http:\/\/bautizoycomunion.com\/wp-content\/uploads\/2015\/04\/vestidos-para-celebraciones.jpg\",\"datePublished\":\"2015-04-10T10:32:56+00:00\",\"dateModified\":\"2017-07-20T15:25:25+00:00\",\"breadcrumb\":{\"@id\":\"https:\/\/bautizoycomunion.com\/index.php\/2015\/04\/10\/vestidos-de-ninas-invitadas-a-celebraciones-muy-especiales\/#breadcrumb\"},\"inLanguage\":\"es\",\"potentialAction\":[{\"@type\":\"ReadAction\",\"target\":[\"https:\/\/bautizoycomunion.com\/index.php\/2015\/04\/10\/vestidos-de-ninas-invitadas-a-celebraciones-muy-especiales\/\"]}]},{\"@type\":\"ImageObject\",\"inLanguage\":\"es\",\"@id\":\"https:\/\/bautizoycomunion.com\/index.php\/2015\/04\/10\/vestidos-de-ninas-invitadas-a-celebraciones-muy-especiales\/#primaryimage\",\"url\":\"\",\"contentUrl\":\"\"},{\"@type\":\"BreadcrumbList\",\"@id\":\"https:\/\/bautizoycomunion.com\/index.php\/2015\/04\/10\/vestidos-de-ninas-invitadas-a-celebraciones-muy-especiales\/#breadcrumb\",\"itemListElement\":[{\"@type\":\"ListItem\",\"position\":1,\"name\":\"Portada\",\"item\":\"https:\/\/bautizoycomunion.com\/\"},{\"@type\":\"ListItem\",\"position\":2,\"name\":\"Vestidos de ni\u00f1as invitadas a celebraciones muy especiales\"}]},{\"@type\":\"WebSite\",\"@id\":\"https:\/\/bautizoycomunion.com\/#website\",\"url\":\"https:\/\/bautizoycomunion.com\/\",\"name\":\"Bautizo y Comunion\",\"description\":\"\",\"publisher\":{\"@id\":\"https:\/\/bautizoycomunion.com\/#organization\"},\"potentialAction\":[{\"@type\":\"SearchAction\",\"target\":{\"@type\":\"EntryPoint\",\"urlTemplate\":\"https:\/\/bautizoycomunion.com\/?s={search_term_string}\"},\"query-input\":{\"@type\":\"PropertyValueSpecification\",\"valueRequired\":true,\"valueName\":\"search_term_string\"}}],\"inLanguage\":\"es\"},{\"@type\":\"Organization\",\"@id\":\"https:\/\/bautizoycomunion.com\/#organization\",\"name\":\"Bautizo y Comunion\",\"url\":\"https:\/\/bautizoycomunion.com\/\",\"logo\":{\"@type\":\"ImageObject\",\"inLanguage\":\"es\",\"@id\":\"https:\/\/bautizoycomunion.com\/#\/schema\/logo\/image\/\",\"url\":\"https:\/\/bautizoycomunion.com\/wp-content\/uploads\/2020\/02\/logo-bautizo-y-comunion.jpg\",\"contentUrl\":\"https:\/\/bautizoycomunion.com\/wp-content\/uploads\/2020\/02\/logo-bautizo-y-comunion.jpg\",\"width\":128,\"height\":128,\"caption\":\"Bautizo y Comunion\"},\"image\":{\"@id\":\"https:\/\/bautizoycomunion.com\/#\/schema\/logo\/image\/\"},\"sameAs\":[\"https:\/\/www.facebook.com\/BautizosyComuniones\",\"https:\/\/x.com\/BautizoComunion\",\"https:\/\/www.instagram.com\/bautizoycomunion\/\",\"https:\/\/www.pinterest.es\/BautizoComunion\/\",\"https:\/\/www.youtube.com\/user\/BautizoyComunionTV\"]},{\"@type\":\"Person\",\"@id\":\"https:\/\/bautizoycomunion.com\/#\/schema\/person\/71b91ab759bf77b5348a2f95d85e8ba0\",\"name\":\"publisher\",\"image\":{\"@type\":\"ImageObject\",\"inLanguage\":\"es\",\"@id\":\"https:\/\/bautizoycomunion.com\/#\/schema\/person\/image\/\",\"url\":\"https:\/\/secure.gravatar.com\/avatar\/b678a6a8c15d6fa37228489ffa29aff56590dfc95fbec3aa2c2f2cc9013b082f?s=96&d=mm&r=g\",\"contentUrl\":\"https:\/\/secure.gravatar.com\/avatar\/b678a6a8c15d6fa37228489ffa29aff56590dfc95fbec3aa2c2f2cc9013b082f?s=96&d=mm&r=g\",\"caption\":\"publisher\"}}]}<\/script>\n<!-- \/ Yoast SEO plugin. -->","yoast_head_json":{"title":"Vestidos de ni\u00f1as invitadas a celebraciones muy especiales &#8211; Bautizo y Comunion","robots":{"index":"index","follow":"follow","max-snippet":"max-snippet:-1","max-image-preview":"max-image-preview:large","max-video-preview":"max-video-preview:-1"},"canonical":"https:\/\/bautizoycomunion.com\/index.php\/2015\/04\/10\/vestidos-de-ninas-invitadas-a-celebraciones-muy-especiales\/","og_locale":"es_ES","og_type":"article","og_title":"Vestidos de ni\u00f1as invitadas a celebraciones muy especiales &#8211; Bautizo y Comunion","og_description":"Bautizo y Comuni\u00f3n quiere ayudar a vestir como aut\u00e9nticas princesas a las ni\u00f1as de la casa. Por ello te traemos ideas de vestidos para todas las ni\u00f1as que\u00a0asistan como invitadas a eventos familiares tan especiales como bautizos, comuniones o bodas. Nos encantan los maravillosos vestidos para ni\u00f1as disponibles en La &hellip; Sigue leyendo &rarr;","og_url":"https:\/\/bautizoycomunion.com\/index.php\/2015\/04\/10\/vestidos-de-ninas-invitadas-a-celebraciones-muy-especiales\/","og_site_name":"Bautizo y Comunion","article_publisher":"https:\/\/www.facebook.com\/BautizosyComuniones","article_published_time":"2015-04-10T10:32:56+00:00","article_modified_time":"2017-07-20T15:25:25+00:00","author":"publisher","twitter_card":"summary_large_image","twitter_creator":"@BautizoComunion","twitter_site":"@BautizoComunion","twitter_misc":{"Escrito por":"publisher","Tiempo de lectura":"1 minuto"},"schema":{"@context":"https:\/\/schema.org","@graph":[{"@type":"Article","@id":"https:\/\/bautizoycomunion.com\/index.php\/2015\/04\/10\/vestidos-de-ninas-invitadas-a-celebraciones-muy-especiales\/#article","isPartOf":{"@id":"https:\/\/bautizoycomunion.com\/index.php\/2015\/04\/10\/vestidos-de-ninas-invitadas-a-celebraciones-muy-especiales\/"},"author":{"name":"publisher","@id":"https:\/\/bautizoycomunion.com\/#\/schema\/person\/71b91ab759bf77b5348a2f95d85e8ba0"},"headline":"Vestidos de ni\u00f1as invitadas a celebraciones muy especiales","datePublished":"2015-04-10T10:32:56+00:00","dateModified":"2017-07-20T15:25:25+00:00","mainEntityOfPage":{"@id":"https:\/\/bautizoycomunion.com\/index.php\/2015\/04\/10\/vestidos-de-ninas-invitadas-a-celebraciones-muy-especiales\/"},"wordCount":199,"commentCount":0,"publisher":{"@id":"https:\/\/bautizoycomunion.com\/#organization"},"image":{"@id":"https:\/\/bautizoycomunion.com\/index.php\/2015\/04\/10\/vestidos-de-ninas-invitadas-a-celebraciones-muy-especiales\/#primaryimage"},"thumbnailUrl":"http:\/\/bautizoycomunion.com\/wp-content\/uploads\/2015\/04\/vestidos-para-celebraciones.jpg","keywords":["bautizos","Bodas","comuniones","Ropa celebraciones","Ropa invitados","Ropa ni\u00f1os","Trajes ni\u00f1os","Vestidos arras","Vestidos celebraciones","vestidos ni\u00f1as"],"articleSection":["Todas las entradas"],"inLanguage":"es","potentialAction":[{"@type":"CommentAction","name":"Comment","target":["https:\/\/bautizoycomunion.com\/index.php\/2015\/04\/10\/vestidos-de-ninas-invitadas-a-celebraciones-muy-especiales\/#respond"]}]},{"@type":"WebPage","@id":"https:\/\/bautizoycomunion.com\/index.php\/2015\/04\/10\/vestidos-de-ninas-invitadas-a-celebraciones-muy-especiales\/","url":"https:\/\/bautizoycomunion.com\/index.php\/2015\/04\/10\/vestidos-de-ninas-invitadas-a-celebraciones-muy-especiales\/","name":"Vestidos de ni\u00f1as invitadas a celebraciones muy especiales &#8211; Bautizo y Comunion","isPartOf":{"@id":"https:\/\/bautizoycomunion.com\/#website"},"primaryImageOfPage":{"@id":"https:\/\/bautizoycomunion.com\/index.php\/2015\/04\/10\/vestidos-de-ninas-invitadas-a-celebraciones-muy-especiales\/#primaryimage"},"image":{"@id":"https:\/\/bautizoycomunion.com\/index.php\/2015\/04\/10\/vestidos-de-ninas-invitadas-a-celebraciones-muy-especiales\/#primaryimage"},"thumbnailUrl":"http:\/\/bautizoycomunion.com\/wp-content\/uploads\/2015\/04\/vestidos-para-celebraciones.jpg","datePublished":"2015-04-10T10:32:56+00:00","dateModified":"2017-07-20T15:25:25+00:00","breadcrumb":{"@id":"https:\/\/bautizoycomunion.com\/index.php\/2015\/04\/10\/vestidos-de-ninas-invitadas-a-celebraciones-muy-especiales\/#breadcrumb"},"inLanguage":"es","potentialAction":[{"@type":"ReadAction","target":["https:\/\/bautizoycomunion.com\/index.php\/2015\/04\/10\/vestidos-de-ninas-invitadas-a-celebraciones-muy-especiales\/"]}]},{"@type":"ImageObject","inLanguage":"es","@id":"https:\/\/bautizoycomunion.com\/index.php\/2015\/04\/10\/vestidos-de-ninas-invitadas-a-celebraciones-muy-especiales\/#primaryimage","url":"","contentUrl":""},{"@type":"BreadcrumbList","@id":"https:\/\/bautizoycomunion.com\/index.php\/2015\/04\/10\/vestidos-de-ninas-invitadas-a-celebraciones-muy-especiales\/#breadcrumb","itemListElement":[{"@type":"ListItem","position":1,"name":"Portada","item":"https:\/\/bautizoycomunion.com\/"},{"@type":"ListItem","position":2,"name":"Vestidos de ni\u00f1as invitadas a celebraciones muy especiales"}]},{"@type":"WebSite","@id":"https:\/\/bautizoycomunion.com\/#website","url":"https:\/\/bautizoycomunion.com\/","name":"Bautizo y Comunion","description":"","publisher":{"@id":"https:\/\/bautizoycomunion.com\/#organization"},"potentialAction":[{"@type":"SearchAction","target":{"@type":"EntryPoint","urlTemplate":"https:\/\/bautizoycomunion.com\/?s={search_term_string}"},"query-input":{"@type":"PropertyValueSpecification","valueRequired":true,"valueName":"search_term_string"}}],"inLanguage":"es"},{"@type":"Organization","@id":"https:\/\/bautizoycomunion.com\/#organization","name":"Bautizo y Comunion","url":"https:\/\/bautizoycomunion.com\/","logo":{"@type":"ImageObject","inLanguage":"es","@id":"https:\/\/bautizoycomunion.com\/#\/schema\/logo\/image\/","url":"https:\/\/bautizoycomunion.com\/wp-content\/uploads\/2020\/02\/logo-bautizo-y-comunion.jpg","contentUrl":"https:\/\/bautizoycomunion.com\/wp-content\/uploads\/2020\/02\/logo-bautizo-y-comunion.jpg","width":128,"height":128,"caption":"Bautizo y Comunion"},"image":{"@id":"https:\/\/bautizoycomunion.com\/#\/schema\/logo\/image\/"},"sameAs":["https:\/\/www.facebook.com\/BautizosyComuniones","https:\/\/x.com\/BautizoComunion","https:\/\/www.instagram.com\/bautizoycomunion\/","https:\/\/www.pinterest.es\/BautizoComunion\/","https:\/\/www.youtube.com\/user\/BautizoyComunionTV"]},{"@type":"Person","@id":"https:\/\/bautizoycomunion.com\/#\/schema\/person\/71b91ab759bf77b5348a2f95d85e8ba0","name":"publisher","image":{"@type":"ImageObject","inLanguage":"es","@id":"https:\/\/bautizoycomunion.com\/#\/schema\/person\/image\/","url":"https:\/\/secure.gravatar.com\/avatar\/b678a6a8c15d6fa37228489ffa29aff56590dfc95fbec3aa2c2f2cc9013b082f?s=96&d=mm&r=g","contentUrl":"https:\/\/secure.gravatar.com\/avatar\/b678a6a8c15d6fa37228489ffa29aff56590dfc95fbec3aa2c2f2cc9013b082f?s=96&d=mm&r=g","caption":"publisher"}}]}},"_links":{"self":[{"href":"https:\/\/bautizoycomunion.com\/index.php\/wp-json\/wp\/v2\/posts\/6778","targetHints":{"allow":["GET"]}}],"collection":[{"href":"https:\/\/bautizoycomunion.com\/index.php\/wp-json\/wp\/v2\/posts"}],"about":[{"href":"https:\/\/bautizoycomunion.com\/index.php\/wp-json\/wp\/v2\/types\/post"}],"author":[{"embeddable":true,"href":"https:\/\/bautizoycomunion.com\/index.php\/wp-json\/wp\/v2\/users\/3"}],"replies":[{"embeddable":true,"href":"https:\/\/bautizoycomunion.com\/index.php\/wp-json\/wp\/v2\/comments?post=6778"}],"version-history":[{"count":2,"href":"https:\/\/bautizoycomunion.com\/index.php\/wp-json\/wp\/v2\/posts\/6778\/revisions"}],"predecessor-version":[{"id":9089,"href":"https:\/\/bautizoycomunion.com\/index.php\/wp-json\/wp\/v2\/posts\/6778\/revisions\/9089"}],"wp:attachment":[{"href":"https:\/\/bautizoycomunion.com\/index.php\/wp-json\/wp\/v2\/media?parent=6778"}],"wp:term":[{"taxonomy":"category","embeddable":true,"href":"https:\/\/bautizoycomunion.com\/index.php\/wp-json\/wp\/v2\/categories?post=6778"},{"taxonomy":"post_tag","embeddable":true,"href":"https:\/\/bautizoycomunion.com\/index.php\/wp-json\/wp\/v2\/tags?post=6778"}],"curies":[{"name":"wp","href":"https:\/\/api.w.org\/{rel}","templated":true}]}}