{"id":7074,"date":"2015-05-27T12:00:57","date_gmt":"2015-05-27T10:00:57","guid":{"rendered":"http:\/\/bautizoycomunion.com\/?p=7074"},"modified":"2017-01-24T12:50:06","modified_gmt":"2017-01-24T12:50:06","slug":"tpkids-by-teresa-palazuelo-vestidos-para-ninas-invitadas-a-celebraciones","status":"publish","type":"post","link":"https:\/\/bautizoycomunion.com\/index.php\/2015\/05\/27\/tpkids-by-teresa-palazuelo-vestidos-para-ninas-invitadas-a-celebraciones\/","title":{"rendered":"TPKids by Teresa Palazuelo: vestidos para ni\u00f1as invitadas a celebraciones"},"content":{"rendered":"<p style=\"color: #575555;\"><span style=\"color: #000000;\"><strong>Bautizo y Comuni\u00f3n te recomienda la colecci\u00f3n de vestidos de fiesta, arras y ceremonia de <a title=\"Teresa Palazuelo\" href=\"http:\/\/www.teresapalazuelo.com\/\"><span style=\"color: #000000;\">Teresa Palazuelo<\/span><\/a>, por ello si a\u00fan buscas vestidos para ni\u00f1as invitadas a celebraciones especiales no te pierdas estas ideas.<\/strong><\/span><\/p>\n<p style=\"color: #575555;\"><span style=\"color: #000000;\">Descubre la <strong>colecci\u00f3n de vestidos de fiesta, arras y ceremonia<\/strong> de <a title=\"Teresa Palazuelo\" href=\"http:\/\/www.teresapalazuelo.com\"><strong>Teresa Palazuelo<\/strong><\/a>. Una l\u00ednea de <strong>vestidos<\/strong> especialmente dise\u00f1ados para <strong>ni\u00f1as<\/strong> desde 5 hasta 18 a\u00f1os.<\/span><\/p>\n<p style=\"color: #575555;\"><a href=\"http:\/\/www.teresapalazuelo.com\/\" target=\"_blank\"><img loading=\"lazy\" decoding=\"async\" class=\"aligncenter wp-image-7077 size-large\" src=\"http:\/\/bautizoycomunion.com\/wp-content\/uploads\/2015\/05\/ARRAS_0043-copia-copia-1024x845.jpg\" alt=\"Teresa Palazuelo vestidos Invitadas Ni\u00f1as Bautizo y Comuni\u00f3nTeresa Palazuelo vestidos Invitadas Ni\u00f1as Bautizo y Comuni\u00f3n\" width=\"640\" height=\"528\" \/><\/a><\/p>\n<p style=\"color: #575555; text-align: center;\"><span style=\"color: #000000;\">Fuente:\u00a0www.teresapalazuelo.com<\/span><\/p>\n<p style=\"color: #575555;\"><span style=\"color: #000000;\"><strong>Vestidos<\/strong> de toques <strong>modernos<\/strong> y muy <strong>c\u00f3modos<\/strong> ideales para cualquier tipo de <strong>celebraci\u00f3n familiar<\/strong>. <strong>Vestidos<\/strong> con los que nuestras <strong>ni\u00f1as<\/strong> no pierden su frescura ni se ver\u00e1n\u00a0disfrazadas.<\/span><\/p>\n<p style=\"color: #575555;\"><span style=\"color: #000000;\">Si a\u00fan no tienes el <strong>vestido<\/strong> que estas buscando para vestir a las <strong>ni\u00f1as invitadas<\/strong> a cualquier evento en\u00a0<strong>TPKids by Teresa Palazuelo<\/strong> encontrar\u00e1s vestidos con los que las <strong>ni\u00f1as<\/strong> seguir\u00e1n siendo <strong>ni\u00f1as<\/strong>.<\/span><\/p>\n","protected":false},"excerpt":{"rendered":"<p>Bautizo y Comuni\u00f3n te recomienda la colecci\u00f3n de vestidos de fiesta, arras y ceremonia de Teresa Palazuelo, por ello si a\u00fan buscas vestidos para ni\u00f1as invitadas a celebraciones especiales no te pierdas estas ideas. Descubre la colecci\u00f3n de vestidos de fiesta, arras y ceremonia de Teresa Palazuelo. Una l\u00ednea de &hellip; <a class=\"more-link\" href=\"https:\/\/bautizoycomunion.com\/index.php\/2015\/05\/27\/tpkids-by-teresa-palazuelo-vestidos-para-ninas-invitadas-a-celebraciones\/\"><span class=\"more-msg\">Sigue leyendo &rarr;<\/span><\/a><\/p>\n","protected":false},"author":3,"featured_media":0,"comment_status":"open","ping_status":"open","sticky":false,"template":"","format":"standard","meta":{"footnotes":""},"categories":[16,18,19],"tags":[72,123,132,184,349,485,600,812,934,969],"class_list":["post-7074","post","type-post","status-publish","format-standard","hentry","category-uncategorized","category-vestido-bautizo","category-vestidos-de-comunion","tag-bautizos","tag-celebraciones","tag-ceremonias","tag-comuniones","tag-eventos","tag-invitadas","tag-ninas","tag-ropa-ninas","tag-vestidos","tag-vestidos-ninas"],"yoast_head":"<!-- This site is optimized with the Yoast SEO plugin v26.1.1 - https:\/\/yoast.com\/wordpress\/plugins\/seo\/ -->\n<title>TPKids by Teresa Palazuelo: vestidos para ni\u00f1as invitadas a celebraciones &#8211; Bautizo y Comunion<\/title>\n<meta name=\"robots\" content=\"index, follow, max-snippet:-1, max-image-preview:large, max-video-preview:-1\" \/>\n<link rel=\"canonical\" href=\"https:\/\/bautizoycomunion.com\/index.php\/2015\/05\/27\/tpkids-by-teresa-palazuelo-vestidos-para-ninas-invitadas-a-celebraciones\/\" \/>\n<meta property=\"og:locale\" content=\"es_ES\" \/>\n<meta property=\"og:type\" content=\"article\" \/>\n<meta property=\"og:title\" content=\"TPKids by Teresa Palazuelo: vestidos para ni\u00f1as invitadas a celebraciones &#8211; Bautizo y Comunion\" \/>\n<meta property=\"og:description\" content=\"Bautizo y Comuni\u00f3n te recomienda la colecci\u00f3n de vestidos de fiesta, arras y ceremonia de Teresa Palazuelo, por ello si a\u00fan buscas vestidos para ni\u00f1as invitadas a celebraciones especiales no te pierdas estas ideas. Descubre la colecci\u00f3n de vestidos de fiesta, arras y ceremonia de Teresa Palazuelo. Una l\u00ednea de &hellip; Sigue leyendo &rarr;\" \/>\n<meta property=\"og:url\" content=\"https:\/\/bautizoycomunion.com\/index.php\/2015\/05\/27\/tpkids-by-teresa-palazuelo-vestidos-para-ninas-invitadas-a-celebraciones\/\" \/>\n<meta property=\"og:site_name\" content=\"Bautizo y Comunion\" \/>\n<meta property=\"article:publisher\" content=\"https:\/\/www.facebook.com\/BautizosyComuniones\" \/>\n<meta property=\"article:published_time\" content=\"2015-05-27T10:00:57+00:00\" \/>\n<meta property=\"article:modified_time\" content=\"2017-01-24T12:50:06+00:00\" \/>\n<meta name=\"author\" content=\"publisher\" \/>\n<meta name=\"twitter:card\" content=\"summary_large_image\" \/>\n<meta name=\"twitter:creator\" content=\"@BautizoComunion\" \/>\n<meta name=\"twitter:site\" content=\"@BautizoComunion\" \/>\n<meta name=\"twitter:label1\" content=\"Escrito por\" \/>\n\t<meta name=\"twitter:data1\" content=\"publisher\" \/>\n\t<meta name=\"twitter:label2\" content=\"Tiempo de lectura\" \/>\n\t<meta name=\"twitter:data2\" content=\"1 minuto\" \/>\n<script type=\"application\/ld+json\" class=\"yoast-schema-graph\">{\"@context\":\"https:\/\/schema.org\",\"@graph\":[{\"@type\":\"Article\",\"@id\":\"https:\/\/bautizoycomunion.com\/index.php\/2015\/05\/27\/tpkids-by-teresa-palazuelo-vestidos-para-ninas-invitadas-a-celebraciones\/#article\",\"isPartOf\":{\"@id\":\"https:\/\/bautizoycomunion.com\/index.php\/2015\/05\/27\/tpkids-by-teresa-palazuelo-vestidos-para-ninas-invitadas-a-celebraciones\/\"},\"author\":{\"name\":\"publisher\",\"@id\":\"https:\/\/bautizoycomunion.com\/#\/schema\/person\/71b91ab759bf77b5348a2f95d85e8ba0\"},\"headline\":\"TPKids by Teresa Palazuelo: vestidos para ni\u00f1as invitadas a celebraciones\",\"datePublished\":\"2015-05-27T10:00:57+00:00\",\"dateModified\":\"2017-01-24T12:50:06+00:00\",\"mainEntityOfPage\":{\"@id\":\"https:\/\/bautizoycomunion.com\/index.php\/2015\/05\/27\/tpkids-by-teresa-palazuelo-vestidos-para-ninas-invitadas-a-celebraciones\/\"},\"wordCount\":153,\"commentCount\":0,\"publisher\":{\"@id\":\"https:\/\/bautizoycomunion.com\/#organization\"},\"image\":{\"@id\":\"https:\/\/bautizoycomunion.com\/index.php\/2015\/05\/27\/tpkids-by-teresa-palazuelo-vestidos-para-ninas-invitadas-a-celebraciones\/#primaryimage\"},\"thumbnailUrl\":\"http:\/\/bautizoycomunion.com\/wp-content\/uploads\/2015\/05\/ARRAS_0043-copia-copia-1024x845.jpg\",\"keywords\":[\"bautizos\",\"Celebraciones\",\"Ceremonias\",\"comuniones\",\"Eventos\",\"Invitadas\",\"Ni\u00f1as\",\"Ropa ni\u00f1as\",\"Vestidos\",\"vestidos ni\u00f1as\"],\"articleSection\":[\"Todas las entradas\",\"Vestidos y faldones para Bautizo\",\"Vestidos, trajes y zapatos de Comuni\u00f3n\"],\"inLanguage\":\"es\",\"potentialAction\":[{\"@type\":\"CommentAction\",\"name\":\"Comment\",\"target\":[\"https:\/\/bautizoycomunion.com\/index.php\/2015\/05\/27\/tpkids-by-teresa-palazuelo-vestidos-para-ninas-invitadas-a-celebraciones\/#respond\"]}]},{\"@type\":\"WebPage\",\"@id\":\"https:\/\/bautizoycomunion.com\/index.php\/2015\/05\/27\/tpkids-by-teresa-palazuelo-vestidos-para-ninas-invitadas-a-celebraciones\/\",\"url\":\"https:\/\/bautizoycomunion.com\/index.php\/2015\/05\/27\/tpkids-by-teresa-palazuelo-vestidos-para-ninas-invitadas-a-celebraciones\/\",\"name\":\"TPKids by Teresa Palazuelo: vestidos para ni\u00f1as invitadas a celebraciones &#8211; Bautizo y Comunion\",\"isPartOf\":{\"@id\":\"https:\/\/bautizoycomunion.com\/#website\"},\"primaryImageOfPage\":{\"@id\":\"https:\/\/bautizoycomunion.com\/index.php\/2015\/05\/27\/tpkids-by-teresa-palazuelo-vestidos-para-ninas-invitadas-a-celebraciones\/#primaryimage\"},\"image\":{\"@id\":\"https:\/\/bautizoycomunion.com\/index.php\/2015\/05\/27\/tpkids-by-teresa-palazuelo-vestidos-para-ninas-invitadas-a-celebraciones\/#primaryimage\"},\"thumbnailUrl\":\"http:\/\/bautizoycomunion.com\/wp-content\/uploads\/2015\/05\/ARRAS_0043-copia-copia-1024x845.jpg\",\"datePublished\":\"2015-05-27T10:00:57+00:00\",\"dateModified\":\"2017-01-24T12:50:06+00:00\",\"breadcrumb\":{\"@id\":\"https:\/\/bautizoycomunion.com\/index.php\/2015\/05\/27\/tpkids-by-teresa-palazuelo-vestidos-para-ninas-invitadas-a-celebraciones\/#breadcrumb\"},\"inLanguage\":\"es\",\"potentialAction\":[{\"@type\":\"ReadAction\",\"target\":[\"https:\/\/bautizoycomunion.com\/index.php\/2015\/05\/27\/tpkids-by-teresa-palazuelo-vestidos-para-ninas-invitadas-a-celebraciones\/\"]}]},{\"@type\":\"ImageObject\",\"inLanguage\":\"es\",\"@id\":\"https:\/\/bautizoycomunion.com\/index.php\/2015\/05\/27\/tpkids-by-teresa-palazuelo-vestidos-para-ninas-invitadas-a-celebraciones\/#primaryimage\",\"url\":\"\",\"contentUrl\":\"\"},{\"@type\":\"BreadcrumbList\",\"@id\":\"https:\/\/bautizoycomunion.com\/index.php\/2015\/05\/27\/tpkids-by-teresa-palazuelo-vestidos-para-ninas-invitadas-a-celebraciones\/#breadcrumb\",\"itemListElement\":[{\"@type\":\"ListItem\",\"position\":1,\"name\":\"Portada\",\"item\":\"https:\/\/bautizoycomunion.com\/\"},{\"@type\":\"ListItem\",\"position\":2,\"name\":\"TPKids by Teresa Palazuelo: vestidos para ni\u00f1as invitadas a celebraciones\"}]},{\"@type\":\"WebSite\",\"@id\":\"https:\/\/bautizoycomunion.com\/#website\",\"url\":\"https:\/\/bautizoycomunion.com\/\",\"name\":\"Bautizo y Comunion\",\"description\":\"\",\"publisher\":{\"@id\":\"https:\/\/bautizoycomunion.com\/#organization\"},\"potentialAction\":[{\"@type\":\"SearchAction\",\"target\":{\"@type\":\"EntryPoint\",\"urlTemplate\":\"https:\/\/bautizoycomunion.com\/?s={search_term_string}\"},\"query-input\":{\"@type\":\"PropertyValueSpecification\",\"valueRequired\":true,\"valueName\":\"search_term_string\"}}],\"inLanguage\":\"es\"},{\"@type\":\"Organization\",\"@id\":\"https:\/\/bautizoycomunion.com\/#organization\",\"name\":\"Bautizo y Comunion\",\"url\":\"https:\/\/bautizoycomunion.com\/\",\"logo\":{\"@type\":\"ImageObject\",\"inLanguage\":\"es\",\"@id\":\"https:\/\/bautizoycomunion.com\/#\/schema\/logo\/image\/\",\"url\":\"https:\/\/bautizoycomunion.com\/wp-content\/uploads\/2020\/02\/logo-bautizo-y-comunion.jpg\",\"contentUrl\":\"https:\/\/bautizoycomunion.com\/wp-content\/uploads\/2020\/02\/logo-bautizo-y-comunion.jpg\",\"width\":128,\"height\":128,\"caption\":\"Bautizo y Comunion\"},\"image\":{\"@id\":\"https:\/\/bautizoycomunion.com\/#\/schema\/logo\/image\/\"},\"sameAs\":[\"https:\/\/www.facebook.com\/BautizosyComuniones\",\"https:\/\/x.com\/BautizoComunion\",\"https:\/\/www.instagram.com\/bautizoycomunion\/\",\"https:\/\/www.pinterest.es\/BautizoComunion\/\",\"https:\/\/www.youtube.com\/user\/BautizoyComunionTV\"]},{\"@type\":\"Person\",\"@id\":\"https:\/\/bautizoycomunion.com\/#\/schema\/person\/71b91ab759bf77b5348a2f95d85e8ba0\",\"name\":\"publisher\",\"image\":{\"@type\":\"ImageObject\",\"inLanguage\":\"es\",\"@id\":\"https:\/\/bautizoycomunion.com\/#\/schema\/person\/image\/\",\"url\":\"https:\/\/secure.gravatar.com\/avatar\/b678a6a8c15d6fa37228489ffa29aff56590dfc95fbec3aa2c2f2cc9013b082f?s=96&d=mm&r=g\",\"contentUrl\":\"https:\/\/secure.gravatar.com\/avatar\/b678a6a8c15d6fa37228489ffa29aff56590dfc95fbec3aa2c2f2cc9013b082f?s=96&d=mm&r=g\",\"caption\":\"publisher\"}}]}<\/script>\n<!-- \/ Yoast SEO plugin. -->","yoast_head_json":{"title":"TPKids by Teresa Palazuelo: vestidos para ni\u00f1as invitadas a celebraciones &#8211; Bautizo y Comunion","robots":{"index":"index","follow":"follow","max-snippet":"max-snippet:-1","max-image-preview":"max-image-preview:large","max-video-preview":"max-video-preview:-1"},"canonical":"https:\/\/bautizoycomunion.com\/index.php\/2015\/05\/27\/tpkids-by-teresa-palazuelo-vestidos-para-ninas-invitadas-a-celebraciones\/","og_locale":"es_ES","og_type":"article","og_title":"TPKids by Teresa Palazuelo: vestidos para ni\u00f1as invitadas a celebraciones &#8211; Bautizo y Comunion","og_description":"Bautizo y Comuni\u00f3n te recomienda la colecci\u00f3n de vestidos de fiesta, arras y ceremonia de Teresa Palazuelo, por ello si a\u00fan buscas vestidos para ni\u00f1as invitadas a celebraciones especiales no te pierdas estas ideas. Descubre la colecci\u00f3n de vestidos de fiesta, arras y ceremonia de Teresa Palazuelo. Una l\u00ednea de &hellip; Sigue leyendo &rarr;","og_url":"https:\/\/bautizoycomunion.com\/index.php\/2015\/05\/27\/tpkids-by-teresa-palazuelo-vestidos-para-ninas-invitadas-a-celebraciones\/","og_site_name":"Bautizo y Comunion","article_publisher":"https:\/\/www.facebook.com\/BautizosyComuniones","article_published_time":"2015-05-27T10:00:57+00:00","article_modified_time":"2017-01-24T12:50:06+00:00","author":"publisher","twitter_card":"summary_large_image","twitter_creator":"@BautizoComunion","twitter_site":"@BautizoComunion","twitter_misc":{"Escrito por":"publisher","Tiempo de lectura":"1 minuto"},"schema":{"@context":"https:\/\/schema.org","@graph":[{"@type":"Article","@id":"https:\/\/bautizoycomunion.com\/index.php\/2015\/05\/27\/tpkids-by-teresa-palazuelo-vestidos-para-ninas-invitadas-a-celebraciones\/#article","isPartOf":{"@id":"https:\/\/bautizoycomunion.com\/index.php\/2015\/05\/27\/tpkids-by-teresa-palazuelo-vestidos-para-ninas-invitadas-a-celebraciones\/"},"author":{"name":"publisher","@id":"https:\/\/bautizoycomunion.com\/#\/schema\/person\/71b91ab759bf77b5348a2f95d85e8ba0"},"headline":"TPKids by Teresa Palazuelo: vestidos para ni\u00f1as invitadas a celebraciones","datePublished":"2015-05-27T10:00:57+00:00","dateModified":"2017-01-24T12:50:06+00:00","mainEntityOfPage":{"@id":"https:\/\/bautizoycomunion.com\/index.php\/2015\/05\/27\/tpkids-by-teresa-palazuelo-vestidos-para-ninas-invitadas-a-celebraciones\/"},"wordCount":153,"commentCount":0,"publisher":{"@id":"https:\/\/bautizoycomunion.com\/#organization"},"image":{"@id":"https:\/\/bautizoycomunion.com\/index.php\/2015\/05\/27\/tpkids-by-teresa-palazuelo-vestidos-para-ninas-invitadas-a-celebraciones\/#primaryimage"},"thumbnailUrl":"http:\/\/bautizoycomunion.com\/wp-content\/uploads\/2015\/05\/ARRAS_0043-copia-copia-1024x845.jpg","keywords":["bautizos","Celebraciones","Ceremonias","comuniones","Eventos","Invitadas","Ni\u00f1as","Ropa ni\u00f1as","Vestidos","vestidos ni\u00f1as"],"articleSection":["Todas las entradas","Vestidos y faldones para Bautizo","Vestidos, trajes y zapatos de Comuni\u00f3n"],"inLanguage":"es","potentialAction":[{"@type":"CommentAction","name":"Comment","target":["https:\/\/bautizoycomunion.com\/index.php\/2015\/05\/27\/tpkids-by-teresa-palazuelo-vestidos-para-ninas-invitadas-a-celebraciones\/#respond"]}]},{"@type":"WebPage","@id":"https:\/\/bautizoycomunion.com\/index.php\/2015\/05\/27\/tpkids-by-teresa-palazuelo-vestidos-para-ninas-invitadas-a-celebraciones\/","url":"https:\/\/bautizoycomunion.com\/index.php\/2015\/05\/27\/tpkids-by-teresa-palazuelo-vestidos-para-ninas-invitadas-a-celebraciones\/","name":"TPKids by Teresa Palazuelo: vestidos para ni\u00f1as invitadas a celebraciones &#8211; Bautizo y Comunion","isPartOf":{"@id":"https:\/\/bautizoycomunion.com\/#website"},"primaryImageOfPage":{"@id":"https:\/\/bautizoycomunion.com\/index.php\/2015\/05\/27\/tpkids-by-teresa-palazuelo-vestidos-para-ninas-invitadas-a-celebraciones\/#primaryimage"},"image":{"@id":"https:\/\/bautizoycomunion.com\/index.php\/2015\/05\/27\/tpkids-by-teresa-palazuelo-vestidos-para-ninas-invitadas-a-celebraciones\/#primaryimage"},"thumbnailUrl":"http:\/\/bautizoycomunion.com\/wp-content\/uploads\/2015\/05\/ARRAS_0043-copia-copia-1024x845.jpg","datePublished":"2015-05-27T10:00:57+00:00","dateModified":"2017-01-24T12:50:06+00:00","breadcrumb":{"@id":"https:\/\/bautizoycomunion.com\/index.php\/2015\/05\/27\/tpkids-by-teresa-palazuelo-vestidos-para-ninas-invitadas-a-celebraciones\/#breadcrumb"},"inLanguage":"es","potentialAction":[{"@type":"ReadAction","target":["https:\/\/bautizoycomunion.com\/index.php\/2015\/05\/27\/tpkids-by-teresa-palazuelo-vestidos-para-ninas-invitadas-a-celebraciones\/"]}]},{"@type":"ImageObject","inLanguage":"es","@id":"https:\/\/bautizoycomunion.com\/index.php\/2015\/05\/27\/tpkids-by-teresa-palazuelo-vestidos-para-ninas-invitadas-a-celebraciones\/#primaryimage","url":"","contentUrl":""},{"@type":"BreadcrumbList","@id":"https:\/\/bautizoycomunion.com\/index.php\/2015\/05\/27\/tpkids-by-teresa-palazuelo-vestidos-para-ninas-invitadas-a-celebraciones\/#breadcrumb","itemListElement":[{"@type":"ListItem","position":1,"name":"Portada","item":"https:\/\/bautizoycomunion.com\/"},{"@type":"ListItem","position":2,"name":"TPKids by Teresa Palazuelo: vestidos para ni\u00f1as invitadas a celebraciones"}]},{"@type":"WebSite","@id":"https:\/\/bautizoycomunion.com\/#website","url":"https:\/\/bautizoycomunion.com\/","name":"Bautizo y Comunion","description":"","publisher":{"@id":"https:\/\/bautizoycomunion.com\/#organization"},"potentialAction":[{"@type":"SearchAction","target":{"@type":"EntryPoint","urlTemplate":"https:\/\/bautizoycomunion.com\/?s={search_term_string}"},"query-input":{"@type":"PropertyValueSpecification","valueRequired":true,"valueName":"search_term_string"}}],"inLanguage":"es"},{"@type":"Organization","@id":"https:\/\/bautizoycomunion.com\/#organization","name":"Bautizo y Comunion","url":"https:\/\/bautizoycomunion.com\/","logo":{"@type":"ImageObject","inLanguage":"es","@id":"https:\/\/bautizoycomunion.com\/#\/schema\/logo\/image\/","url":"https:\/\/bautizoycomunion.com\/wp-content\/uploads\/2020\/02\/logo-bautizo-y-comunion.jpg","contentUrl":"https:\/\/bautizoycomunion.com\/wp-content\/uploads\/2020\/02\/logo-bautizo-y-comunion.jpg","width":128,"height":128,"caption":"Bautizo y Comunion"},"image":{"@id":"https:\/\/bautizoycomunion.com\/#\/schema\/logo\/image\/"},"sameAs":["https:\/\/www.facebook.com\/BautizosyComuniones","https:\/\/x.com\/BautizoComunion","https:\/\/www.instagram.com\/bautizoycomunion\/","https:\/\/www.pinterest.es\/BautizoComunion\/","https:\/\/www.youtube.com\/user\/BautizoyComunionTV"]},{"@type":"Person","@id":"https:\/\/bautizoycomunion.com\/#\/schema\/person\/71b91ab759bf77b5348a2f95d85e8ba0","name":"publisher","image":{"@type":"ImageObject","inLanguage":"es","@id":"https:\/\/bautizoycomunion.com\/#\/schema\/person\/image\/","url":"https:\/\/secure.gravatar.com\/avatar\/b678a6a8c15d6fa37228489ffa29aff56590dfc95fbec3aa2c2f2cc9013b082f?s=96&d=mm&r=g","contentUrl":"https:\/\/secure.gravatar.com\/avatar\/b678a6a8c15d6fa37228489ffa29aff56590dfc95fbec3aa2c2f2cc9013b082f?s=96&d=mm&r=g","caption":"publisher"}}]}},"_links":{"self":[{"href":"https:\/\/bautizoycomunion.com\/index.php\/wp-json\/wp\/v2\/posts\/7074","targetHints":{"allow":["GET"]}}],"collection":[{"href":"https:\/\/bautizoycomunion.com\/index.php\/wp-json\/wp\/v2\/posts"}],"about":[{"href":"https:\/\/bautizoycomunion.com\/index.php\/wp-json\/wp\/v2\/types\/post"}],"author":[{"embeddable":true,"href":"https:\/\/bautizoycomunion.com\/index.php\/wp-json\/wp\/v2\/users\/3"}],"replies":[{"embeddable":true,"href":"https:\/\/bautizoycomunion.com\/index.php\/wp-json\/wp\/v2\/comments?post=7074"}],"version-history":[{"count":1,"href":"https:\/\/bautizoycomunion.com\/index.php\/wp-json\/wp\/v2\/posts\/7074\/revisions"}],"predecessor-version":[{"id":8003,"href":"https:\/\/bautizoycomunion.com\/index.php\/wp-json\/wp\/v2\/posts\/7074\/revisions\/8003"}],"wp:attachment":[{"href":"https:\/\/bautizoycomunion.com\/index.php\/wp-json\/wp\/v2\/media?parent=7074"}],"wp:term":[{"taxonomy":"category","embeddable":true,"href":"https:\/\/bautizoycomunion.com\/index.php\/wp-json\/wp\/v2\/categories?post=7074"},{"taxonomy":"post_tag","embeddable":true,"href":"https:\/\/bautizoycomunion.com\/index.php\/wp-json\/wp\/v2\/tags?post=7074"}],"curies":[{"name":"wp","href":"https:\/\/api.w.org\/{rel}","templated":true}]}}