{"id":7096,"date":"2015-06-02T13:45:42","date_gmt":"2015-06-02T11:45:42","guid":{"rendered":"http:\/\/bautizoycomunion.com\/?p=7096"},"modified":"2017-01-24T12:48:24","modified_gmt":"2017-01-24T12:48:24","slug":"ropa-para-ocasiones-especiales-para-ninos-y-ninas-en-nicoli","status":"publish","type":"post","link":"https:\/\/bautizoycomunion.com\/index.php\/2015\/06\/02\/ropa-para-ocasiones-especiales-para-ninos-y-ninas-en-nicoli\/","title":{"rendered":"Ropa para ocasiones especiales para ni\u00f1os y ni\u00f1as en N\u00edcoli"},"content":{"rendered":"<p style=\"color: #666666;\"><span style=\"color: #000000;\"><strong>Desde Bautizo y Comuni\u00f3n queremos ayudarte a vestir a vuestros ni\u00f1os como \u00abinvitados perfectos\u00bb a los eventos familiares que tendr\u00e1n lugar pr\u00f3ximamente.<\/strong><\/span><\/p>\n<p style=\"color: #666666;\"><span style=\"color: #000000;\">En <a title=\"N\u00edcoli\" href=\"http:\/\/www.nicoli.es\"><span style=\"color: #000000;\"><strong>N\u00edcoli<\/strong><\/span><\/a> encontrar\u00e1s una amplia <strong>colecci\u00f3n<\/strong> de <strong>ropa<\/strong> para <strong>beb\u00e9s<\/strong> y <strong>ni\u00f1os<\/strong> hasta 18 a\u00f1os, donde el dise\u00f1o, la calidad y las telas son \u00fanicas.<\/span><\/p>\n<p style=\"color: #666666;\"><a href=\"http:\/\/www.nicoli.es\" target=\"_blank\"><img loading=\"lazy\" decoding=\"async\" class=\"aligncenter wp-image-7099 size-full\" src=\"http:\/\/bautizoycomunion.com\/wp-content\/uploads\/2015\/06\/Nicoli_Vestido_Ni\u00f1a_Invitadas_2.jpg\" alt=\"N\u00edcoli Vestidos Ni\u00f1as Invitadas Bautizos Comuniones \" width=\"470\" height=\"554\" \/><\/a><span style=\"color: #000000;\">El buen precio y la exclusividad de sus colecciones, hacen que sus modelos sean los m\u00e1s deseados por todas las madres para <strong>vestir<\/strong> a los <strong>ni\u00f1os<\/strong> en <strong>ocasiones especiales,<\/strong> como <strong>bautizos<\/strong> o <strong>comuniones<\/strong>.<\/span><\/p>\n<p style=\"color: #666666;\"><img loading=\"lazy\" decoding=\"async\" class=\"aligncenter wp-image-7101 size-full\" src=\"http:\/\/bautizoycomunion.com\/wp-content\/uploads\/2015\/06\/Nicoli_Vestido_Ni\u00f1as_Invitadas_1.jpg\" alt=\"N\u00edcoli Vestidos Ni\u00f1as Invitadas Bautizos Comuniones \" width=\"470\" height=\"554\" \/><\/p>\n<p style=\"color: #666666;\"><span style=\"color: #000000;\">Adem\u00e1s de una amplia l\u00ednea de <strong>ropa<\/strong> para <strong>beb\u00e9s<\/strong> y <strong>ni\u00f1os<\/strong>, en <a title=\"N\u00edcoli\" href=\"http:\/\/www.nicoli.es\"><strong>N\u00edcoli<\/strong><\/a> encontrar\u00e1s <strong>complementos<\/strong> de todo tipo para completar los\u00a0<strong>looks<\/strong> m\u00e1s especiales de <strong>ni\u00f1os<\/strong> y <strong>ni\u00f1as<\/strong>.<\/span><\/p>\n<p style=\"color: #666666;\"><img loading=\"lazy\" decoding=\"async\" class=\"aligncenter wp-image-7103 size-full\" src=\"http:\/\/bautizoycomunion.com\/wp-content\/uploads\/2015\/06\/Nicoli_Ni\u00f1os_Invitados_1.jpg\" alt=\"N\u00edcoli Ropa Infantil Ni\u00f1os Invitados Bautizos Comuniones \" width=\"470\" height=\"554\" \/><\/p>\n<p style=\"color: #666666;\"><span style=\"color: #000000;\">En <strong>Bautizo y Comuni\u00f3n<\/strong> nos parece una idea estupenda la posibilidad que nos ofrece <a title=\"N\u00edcoli\" href=\"http:\/\/www.nicoli.es\"><strong>N\u00edcoli<\/strong><\/a> de adquirir los <strong>looks completos<\/strong>, siendo posible salir de sus tiendas con todo el conjunto solucionado.<\/span><\/p>\n<p style=\"color: #666666;\"><span style=\"color: #000000;\"><a href=\"http:\/\/www.nicoli.es\" target=\"_blank\"><img loading=\"lazy\" decoding=\"async\" class=\"aligncenter wp-image-7104 size-full\" src=\"http:\/\/bautizoycomunion.com\/wp-content\/uploads\/2015\/06\/Nicoli_Ni\u00f1os_Invitados_2.jpg\" alt=\"N\u00edcoli Ropa Infantil Ni\u00f1os Invitados Bautizos Comuniones \" width=\"470\" height=\"554\" \/><\/a>Actualmente podr\u00e1s encontrar sus <strong>tiendas de ropa infantil y juvenil<\/strong> en Madrid, Sevilla, Barcelona, Bilbao y, por supuesto, tambi\u00e9n podr\u00e1s realizar compras a trav\u00e9s de su maravillosa tienda <a title=\"online\" href=\"http:\/\/www.nicoli.es\"><strong>online<\/strong><\/a>. \u00bfBuscas modelo para <strong>vestir<\/strong> a tus <strong>ni\u00f1os<\/strong> con motivo de alguna <strong>ocasi\u00f3n especial<\/strong>?<\/span><\/p>\n","protected":false},"excerpt":{"rendered":"<p>Desde Bautizo y Comuni\u00f3n queremos ayudarte a vestir a vuestros ni\u00f1os como \u00abinvitados perfectos\u00bb a los eventos familiares que tendr\u00e1n lugar pr\u00f3ximamente. En N\u00edcoli encontrar\u00e1s una amplia colecci\u00f3n de ropa para beb\u00e9s y ni\u00f1os hasta 18 a\u00f1os, donde el dise\u00f1o, la calidad y las telas son \u00fanicas. El buen precio &hellip; <a class=\"more-link\" href=\"https:\/\/bautizoycomunion.com\/index.php\/2015\/06\/02\/ropa-para-ocasiones-especiales-para-ninos-y-ninas-en-nicoli\/\"><span class=\"more-msg\">Sigue leyendo &rarr;<\/span><\/a><\/p>\n","protected":false},"author":3,"featured_media":0,"comment_status":"open","ping_status":"open","sticky":false,"template":"","format":"standard","meta":{"footnotes":""},"categories":[16],"tags":[602,605,799,802,808,812,813,934],"class_list":["post-7096","post","type-post","status-publish","format-standard","hentry","category-uncategorized","tag-ninas-invitadas","tag-ninos-invitados","tag-ropa","tag-ropa-bautizos","tag-ropa-comuniones","tag-ropa-ninas","tag-ropa-ninos","tag-vestidos"],"yoast_head":"<!-- This site is optimized with the Yoast SEO plugin v26.1.1 - https:\/\/yoast.com\/wordpress\/plugins\/seo\/ -->\n<title>Ropa para ocasiones especiales para ni\u00f1os y ni\u00f1as en N\u00edcoli &#8211; Bautizo y Comunion<\/title>\n<meta name=\"robots\" content=\"index, follow, max-snippet:-1, max-image-preview:large, max-video-preview:-1\" \/>\n<link rel=\"canonical\" href=\"https:\/\/bautizoycomunion.com\/index.php\/2015\/06\/02\/ropa-para-ocasiones-especiales-para-ninos-y-ninas-en-nicoli\/\" \/>\n<meta property=\"og:locale\" content=\"es_ES\" \/>\n<meta property=\"og:type\" content=\"article\" \/>\n<meta property=\"og:title\" content=\"Ropa para ocasiones especiales para ni\u00f1os y ni\u00f1as en N\u00edcoli &#8211; Bautizo y Comunion\" \/>\n<meta property=\"og:description\" content=\"Desde Bautizo y Comuni\u00f3n queremos ayudarte a vestir a vuestros ni\u00f1os como \u00abinvitados perfectos\u00bb a los eventos familiares que tendr\u00e1n lugar pr\u00f3ximamente. En N\u00edcoli encontrar\u00e1s una amplia colecci\u00f3n de ropa para beb\u00e9s y ni\u00f1os hasta 18 a\u00f1os, donde el dise\u00f1o, la calidad y las telas son \u00fanicas. El buen precio &hellip; Sigue leyendo &rarr;\" \/>\n<meta property=\"og:url\" content=\"https:\/\/bautizoycomunion.com\/index.php\/2015\/06\/02\/ropa-para-ocasiones-especiales-para-ninos-y-ninas-en-nicoli\/\" \/>\n<meta property=\"og:site_name\" content=\"Bautizo y Comunion\" \/>\n<meta property=\"article:publisher\" content=\"https:\/\/www.facebook.com\/BautizosyComuniones\" \/>\n<meta property=\"article:published_time\" content=\"2015-06-02T11:45:42+00:00\" \/>\n<meta property=\"article:modified_time\" content=\"2017-01-24T12:48:24+00:00\" \/>\n<meta name=\"author\" content=\"publisher\" \/>\n<meta name=\"twitter:card\" content=\"summary_large_image\" \/>\n<meta name=\"twitter:creator\" content=\"@BautizoComunion\" \/>\n<meta name=\"twitter:site\" content=\"@BautizoComunion\" \/>\n<meta name=\"twitter:label1\" content=\"Escrito por\" \/>\n\t<meta name=\"twitter:data1\" content=\"publisher\" \/>\n\t<meta name=\"twitter:label2\" content=\"Tiempo de lectura\" \/>\n\t<meta name=\"twitter:data2\" content=\"1 minuto\" \/>\n<script type=\"application\/ld+json\" class=\"yoast-schema-graph\">{\"@context\":\"https:\/\/schema.org\",\"@graph\":[{\"@type\":\"Article\",\"@id\":\"https:\/\/bautizoycomunion.com\/index.php\/2015\/06\/02\/ropa-para-ocasiones-especiales-para-ninos-y-ninas-en-nicoli\/#article\",\"isPartOf\":{\"@id\":\"https:\/\/bautizoycomunion.com\/index.php\/2015\/06\/02\/ropa-para-ocasiones-especiales-para-ninos-y-ninas-en-nicoli\/\"},\"author\":{\"name\":\"publisher\",\"@id\":\"https:\/\/bautizoycomunion.com\/#\/schema\/person\/71b91ab759bf77b5348a2f95d85e8ba0\"},\"headline\":\"Ropa para ocasiones especiales para ni\u00f1os y ni\u00f1as en N\u00edcoli\",\"datePublished\":\"2015-06-02T11:45:42+00:00\",\"dateModified\":\"2017-01-24T12:48:24+00:00\",\"mainEntityOfPage\":{\"@id\":\"https:\/\/bautizoycomunion.com\/index.php\/2015\/06\/02\/ropa-para-ocasiones-especiales-para-ninos-y-ninas-en-nicoli\/\"},\"wordCount\":223,\"commentCount\":0,\"publisher\":{\"@id\":\"https:\/\/bautizoycomunion.com\/#organization\"},\"keywords\":[\"Ni\u00f1as invitadas\",\"Ni\u00f1os invitados\",\"Ropa\",\"Ropa bautizos\",\"Ropa comuniones\",\"Ropa ni\u00f1as\",\"Ropa ni\u00f1os\",\"Vestidos\"],\"articleSection\":[\"Todas las entradas\"],\"inLanguage\":\"es\",\"potentialAction\":[{\"@type\":\"CommentAction\",\"name\":\"Comment\",\"target\":[\"https:\/\/bautizoycomunion.com\/index.php\/2015\/06\/02\/ropa-para-ocasiones-especiales-para-ninos-y-ninas-en-nicoli\/#respond\"]}]},{\"@type\":\"WebPage\",\"@id\":\"https:\/\/bautizoycomunion.com\/index.php\/2015\/06\/02\/ropa-para-ocasiones-especiales-para-ninos-y-ninas-en-nicoli\/\",\"url\":\"https:\/\/bautizoycomunion.com\/index.php\/2015\/06\/02\/ropa-para-ocasiones-especiales-para-ninos-y-ninas-en-nicoli\/\",\"name\":\"Ropa para ocasiones especiales para ni\u00f1os y ni\u00f1as en N\u00edcoli &#8211; Bautizo y Comunion\",\"isPartOf\":{\"@id\":\"https:\/\/bautizoycomunion.com\/#website\"},\"datePublished\":\"2015-06-02T11:45:42+00:00\",\"dateModified\":\"2017-01-24T12:48:24+00:00\",\"breadcrumb\":{\"@id\":\"https:\/\/bautizoycomunion.com\/index.php\/2015\/06\/02\/ropa-para-ocasiones-especiales-para-ninos-y-ninas-en-nicoli\/#breadcrumb\"},\"inLanguage\":\"es\",\"potentialAction\":[{\"@type\":\"ReadAction\",\"target\":[\"https:\/\/bautizoycomunion.com\/index.php\/2015\/06\/02\/ropa-para-ocasiones-especiales-para-ninos-y-ninas-en-nicoli\/\"]}]},{\"@type\":\"BreadcrumbList\",\"@id\":\"https:\/\/bautizoycomunion.com\/index.php\/2015\/06\/02\/ropa-para-ocasiones-especiales-para-ninos-y-ninas-en-nicoli\/#breadcrumb\",\"itemListElement\":[{\"@type\":\"ListItem\",\"position\":1,\"name\":\"Portada\",\"item\":\"https:\/\/bautizoycomunion.com\/\"},{\"@type\":\"ListItem\",\"position\":2,\"name\":\"Ropa para ocasiones especiales para ni\u00f1os y ni\u00f1as en N\u00edcoli\"}]},{\"@type\":\"WebSite\",\"@id\":\"https:\/\/bautizoycomunion.com\/#website\",\"url\":\"https:\/\/bautizoycomunion.com\/\",\"name\":\"Bautizo y Comunion\",\"description\":\"\",\"publisher\":{\"@id\":\"https:\/\/bautizoycomunion.com\/#organization\"},\"potentialAction\":[{\"@type\":\"SearchAction\",\"target\":{\"@type\":\"EntryPoint\",\"urlTemplate\":\"https:\/\/bautizoycomunion.com\/?s={search_term_string}\"},\"query-input\":{\"@type\":\"PropertyValueSpecification\",\"valueRequired\":true,\"valueName\":\"search_term_string\"}}],\"inLanguage\":\"es\"},{\"@type\":\"Organization\",\"@id\":\"https:\/\/bautizoycomunion.com\/#organization\",\"name\":\"Bautizo y Comunion\",\"url\":\"https:\/\/bautizoycomunion.com\/\",\"logo\":{\"@type\":\"ImageObject\",\"inLanguage\":\"es\",\"@id\":\"https:\/\/bautizoycomunion.com\/#\/schema\/logo\/image\/\",\"url\":\"https:\/\/bautizoycomunion.com\/wp-content\/uploads\/2020\/02\/logo-bautizo-y-comunion.jpg\",\"contentUrl\":\"https:\/\/bautizoycomunion.com\/wp-content\/uploads\/2020\/02\/logo-bautizo-y-comunion.jpg\",\"width\":128,\"height\":128,\"caption\":\"Bautizo y Comunion\"},\"image\":{\"@id\":\"https:\/\/bautizoycomunion.com\/#\/schema\/logo\/image\/\"},\"sameAs\":[\"https:\/\/www.facebook.com\/BautizosyComuniones\",\"https:\/\/x.com\/BautizoComunion\",\"https:\/\/www.instagram.com\/bautizoycomunion\/\",\"https:\/\/www.pinterest.es\/BautizoComunion\/\",\"https:\/\/www.youtube.com\/user\/BautizoyComunionTV\"]},{\"@type\":\"Person\",\"@id\":\"https:\/\/bautizoycomunion.com\/#\/schema\/person\/71b91ab759bf77b5348a2f95d85e8ba0\",\"name\":\"publisher\",\"image\":{\"@type\":\"ImageObject\",\"inLanguage\":\"es\",\"@id\":\"https:\/\/bautizoycomunion.com\/#\/schema\/person\/image\/\",\"url\":\"https:\/\/secure.gravatar.com\/avatar\/b678a6a8c15d6fa37228489ffa29aff56590dfc95fbec3aa2c2f2cc9013b082f?s=96&d=mm&r=g\",\"contentUrl\":\"https:\/\/secure.gravatar.com\/avatar\/b678a6a8c15d6fa37228489ffa29aff56590dfc95fbec3aa2c2f2cc9013b082f?s=96&d=mm&r=g\",\"caption\":\"publisher\"}}]}<\/script>\n<!-- \/ Yoast SEO plugin. -->","yoast_head_json":{"title":"Ropa para ocasiones especiales para ni\u00f1os y ni\u00f1as en N\u00edcoli &#8211; Bautizo y Comunion","robots":{"index":"index","follow":"follow","max-snippet":"max-snippet:-1","max-image-preview":"max-image-preview:large","max-video-preview":"max-video-preview:-1"},"canonical":"https:\/\/bautizoycomunion.com\/index.php\/2015\/06\/02\/ropa-para-ocasiones-especiales-para-ninos-y-ninas-en-nicoli\/","og_locale":"es_ES","og_type":"article","og_title":"Ropa para ocasiones especiales para ni\u00f1os y ni\u00f1as en N\u00edcoli &#8211; Bautizo y Comunion","og_description":"Desde Bautizo y Comuni\u00f3n queremos ayudarte a vestir a vuestros ni\u00f1os como \u00abinvitados perfectos\u00bb a los eventos familiares que tendr\u00e1n lugar pr\u00f3ximamente. En N\u00edcoli encontrar\u00e1s una amplia colecci\u00f3n de ropa para beb\u00e9s y ni\u00f1os hasta 18 a\u00f1os, donde el dise\u00f1o, la calidad y las telas son \u00fanicas. El buen precio &hellip; Sigue leyendo &rarr;","og_url":"https:\/\/bautizoycomunion.com\/index.php\/2015\/06\/02\/ropa-para-ocasiones-especiales-para-ninos-y-ninas-en-nicoli\/","og_site_name":"Bautizo y Comunion","article_publisher":"https:\/\/www.facebook.com\/BautizosyComuniones","article_published_time":"2015-06-02T11:45:42+00:00","article_modified_time":"2017-01-24T12:48:24+00:00","author":"publisher","twitter_card":"summary_large_image","twitter_creator":"@BautizoComunion","twitter_site":"@BautizoComunion","twitter_misc":{"Escrito por":"publisher","Tiempo de lectura":"1 minuto"},"schema":{"@context":"https:\/\/schema.org","@graph":[{"@type":"Article","@id":"https:\/\/bautizoycomunion.com\/index.php\/2015\/06\/02\/ropa-para-ocasiones-especiales-para-ninos-y-ninas-en-nicoli\/#article","isPartOf":{"@id":"https:\/\/bautizoycomunion.com\/index.php\/2015\/06\/02\/ropa-para-ocasiones-especiales-para-ninos-y-ninas-en-nicoli\/"},"author":{"name":"publisher","@id":"https:\/\/bautizoycomunion.com\/#\/schema\/person\/71b91ab759bf77b5348a2f95d85e8ba0"},"headline":"Ropa para ocasiones especiales para ni\u00f1os y ni\u00f1as en N\u00edcoli","datePublished":"2015-06-02T11:45:42+00:00","dateModified":"2017-01-24T12:48:24+00:00","mainEntityOfPage":{"@id":"https:\/\/bautizoycomunion.com\/index.php\/2015\/06\/02\/ropa-para-ocasiones-especiales-para-ninos-y-ninas-en-nicoli\/"},"wordCount":223,"commentCount":0,"publisher":{"@id":"https:\/\/bautizoycomunion.com\/#organization"},"keywords":["Ni\u00f1as invitadas","Ni\u00f1os invitados","Ropa","Ropa bautizos","Ropa comuniones","Ropa ni\u00f1as","Ropa ni\u00f1os","Vestidos"],"articleSection":["Todas las entradas"],"inLanguage":"es","potentialAction":[{"@type":"CommentAction","name":"Comment","target":["https:\/\/bautizoycomunion.com\/index.php\/2015\/06\/02\/ropa-para-ocasiones-especiales-para-ninos-y-ninas-en-nicoli\/#respond"]}]},{"@type":"WebPage","@id":"https:\/\/bautizoycomunion.com\/index.php\/2015\/06\/02\/ropa-para-ocasiones-especiales-para-ninos-y-ninas-en-nicoli\/","url":"https:\/\/bautizoycomunion.com\/index.php\/2015\/06\/02\/ropa-para-ocasiones-especiales-para-ninos-y-ninas-en-nicoli\/","name":"Ropa para ocasiones especiales para ni\u00f1os y ni\u00f1as en N\u00edcoli &#8211; Bautizo y Comunion","isPartOf":{"@id":"https:\/\/bautizoycomunion.com\/#website"},"datePublished":"2015-06-02T11:45:42+00:00","dateModified":"2017-01-24T12:48:24+00:00","breadcrumb":{"@id":"https:\/\/bautizoycomunion.com\/index.php\/2015\/06\/02\/ropa-para-ocasiones-especiales-para-ninos-y-ninas-en-nicoli\/#breadcrumb"},"inLanguage":"es","potentialAction":[{"@type":"ReadAction","target":["https:\/\/bautizoycomunion.com\/index.php\/2015\/06\/02\/ropa-para-ocasiones-especiales-para-ninos-y-ninas-en-nicoli\/"]}]},{"@type":"BreadcrumbList","@id":"https:\/\/bautizoycomunion.com\/index.php\/2015\/06\/02\/ropa-para-ocasiones-especiales-para-ninos-y-ninas-en-nicoli\/#breadcrumb","itemListElement":[{"@type":"ListItem","position":1,"name":"Portada","item":"https:\/\/bautizoycomunion.com\/"},{"@type":"ListItem","position":2,"name":"Ropa para ocasiones especiales para ni\u00f1os y ni\u00f1as en N\u00edcoli"}]},{"@type":"WebSite","@id":"https:\/\/bautizoycomunion.com\/#website","url":"https:\/\/bautizoycomunion.com\/","name":"Bautizo y Comunion","description":"","publisher":{"@id":"https:\/\/bautizoycomunion.com\/#organization"},"potentialAction":[{"@type":"SearchAction","target":{"@type":"EntryPoint","urlTemplate":"https:\/\/bautizoycomunion.com\/?s={search_term_string}"},"query-input":{"@type":"PropertyValueSpecification","valueRequired":true,"valueName":"search_term_string"}}],"inLanguage":"es"},{"@type":"Organization","@id":"https:\/\/bautizoycomunion.com\/#organization","name":"Bautizo y Comunion","url":"https:\/\/bautizoycomunion.com\/","logo":{"@type":"ImageObject","inLanguage":"es","@id":"https:\/\/bautizoycomunion.com\/#\/schema\/logo\/image\/","url":"https:\/\/bautizoycomunion.com\/wp-content\/uploads\/2020\/02\/logo-bautizo-y-comunion.jpg","contentUrl":"https:\/\/bautizoycomunion.com\/wp-content\/uploads\/2020\/02\/logo-bautizo-y-comunion.jpg","width":128,"height":128,"caption":"Bautizo y Comunion"},"image":{"@id":"https:\/\/bautizoycomunion.com\/#\/schema\/logo\/image\/"},"sameAs":["https:\/\/www.facebook.com\/BautizosyComuniones","https:\/\/x.com\/BautizoComunion","https:\/\/www.instagram.com\/bautizoycomunion\/","https:\/\/www.pinterest.es\/BautizoComunion\/","https:\/\/www.youtube.com\/user\/BautizoyComunionTV"]},{"@type":"Person","@id":"https:\/\/bautizoycomunion.com\/#\/schema\/person\/71b91ab759bf77b5348a2f95d85e8ba0","name":"publisher","image":{"@type":"ImageObject","inLanguage":"es","@id":"https:\/\/bautizoycomunion.com\/#\/schema\/person\/image\/","url":"https:\/\/secure.gravatar.com\/avatar\/b678a6a8c15d6fa37228489ffa29aff56590dfc95fbec3aa2c2f2cc9013b082f?s=96&d=mm&r=g","contentUrl":"https:\/\/secure.gravatar.com\/avatar\/b678a6a8c15d6fa37228489ffa29aff56590dfc95fbec3aa2c2f2cc9013b082f?s=96&d=mm&r=g","caption":"publisher"}}]}},"_links":{"self":[{"href":"https:\/\/bautizoycomunion.com\/index.php\/wp-json\/wp\/v2\/posts\/7096","targetHints":{"allow":["GET"]}}],"collection":[{"href":"https:\/\/bautizoycomunion.com\/index.php\/wp-json\/wp\/v2\/posts"}],"about":[{"href":"https:\/\/bautizoycomunion.com\/index.php\/wp-json\/wp\/v2\/types\/post"}],"author":[{"embeddable":true,"href":"https:\/\/bautizoycomunion.com\/index.php\/wp-json\/wp\/v2\/users\/3"}],"replies":[{"embeddable":true,"href":"https:\/\/bautizoycomunion.com\/index.php\/wp-json\/wp\/v2\/comments?post=7096"}],"version-history":[{"count":1,"href":"https:\/\/bautizoycomunion.com\/index.php\/wp-json\/wp\/v2\/posts\/7096\/revisions"}],"predecessor-version":[{"id":8001,"href":"https:\/\/bautizoycomunion.com\/index.php\/wp-json\/wp\/v2\/posts\/7096\/revisions\/8001"}],"wp:attachment":[{"href":"https:\/\/bautizoycomunion.com\/index.php\/wp-json\/wp\/v2\/media?parent=7096"}],"wp:term":[{"taxonomy":"category","embeddable":true,"href":"https:\/\/bautizoycomunion.com\/index.php\/wp-json\/wp\/v2\/categories?post=7096"},{"taxonomy":"post_tag","embeddable":true,"href":"https:\/\/bautizoycomunion.com\/index.php\/wp-json\/wp\/v2\/tags?post=7096"}],"curies":[{"name":"wp","href":"https:\/\/api.w.org\/{rel}","templated":true}]}}