{"id":7129,"date":"2015-10-01T17:54:45","date_gmt":"2015-10-01T15:54:45","guid":{"rendered":"http:\/\/bautizoycomunion.com\/?p=7129"},"modified":"2017-07-20T17:06:16","modified_gmt":"2017-07-20T15:06:16","slug":"vela-personalizada-para-el-bautizo","status":"publish","type":"post","link":"https:\/\/bautizoycomunion.com\/index.php\/2015\/10\/01\/vela-personalizada-para-el-bautizo\/","title":{"rendered":"Vela personalizada para el Bautizo"},"content":{"rendered":"<p>El Bautismo de un beb\u00e9 siempre es motivo de ilusi\u00f3n. Las cosas m\u00e1s importantes a tener en cuenta para la ceremonia son el<strong> fald\u00f3n de cristianar<\/strong>, la <strong>concha de bautismo<\/strong> y la <strong>vela para la ceremonia<\/strong>.<\/p>\n<p><a href=\"http:\/\/limonae.com\/78-regalos-personalizados-para-bautizo\" target=\"_blank\" rel=\"noopener\"><img loading=\"lazy\" decoding=\"async\" class=\"aligncenter wp-image-8789 size-full\" title=\"Regalos personalizados bautizo. Vela bautizo personalizada.\" src=\"http:\/\/bautizoycomunion.com\/wp-content\/uploads\/2016\/09\/vela-Bautizo-personalizada_zpsaheqdem0.jpg\" alt=\"Vela bautizo personalizada.\" width=\"1024\" height=\"1024\" srcset=\"https:\/\/bautizoycomunion.com\/wp-content\/uploads\/2016\/09\/vela-Bautizo-personalizada_zpsaheqdem0.jpg 1024w, https:\/\/bautizoycomunion.com\/wp-content\/uploads\/2016\/09\/vela-Bautizo-personalizada_zpsaheqdem0-150x150.jpg 150w, https:\/\/bautizoycomunion.com\/wp-content\/uploads\/2016\/09\/vela-Bautizo-personalizada_zpsaheqdem0-300x300.jpg 300w, https:\/\/bautizoycomunion.com\/wp-content\/uploads\/2016\/09\/vela-Bautizo-personalizada_zpsaheqdem0-768x768.jpg 768w\" sizes=\"auto, (max-width: 1024px) 100vw, 1024px\" \/><\/a><\/p>\n<p>Mirad que <strong>vela<\/strong> tan bonita hemos encontrado en <a title=\"vela personalizada Bautismo\" href=\"http:\/\/limonae.com\/es\/bautizo\/532-vela-bautizo-personalizada.html?search_query=vela&amp;results=10\" target=\"_blank\" rel=\"noopener\">www.limonae.com<\/a>\u00a0totalemente <strong>personalizada con el nombre del beb\u00e9 y la fecha de su bautizo.<\/strong><\/p>\n<p>Es una vela grande de 15 cm alto x 7 cm de di\u00e1metro, un regalo ideal que pueden hacer los <strong>padrinos<\/strong> o cualquier invitado.<\/p>\n<p>Lo mejor de todo es que el plazo de <strong>entrega<\/strong>, ya <strong>personalizado<\/strong> es de <strong>24\/ 48 horas<\/strong>, \u00a1eso s\u00ed que es rapidez!<\/p>\n<p>La <strong>bandeja de plata<\/strong> tambi\u00e9n la venden en la misma web, es preciosa para presentar el regalo.<\/p>\n<p><a style=\"color: #706752;\" title=\"vela personalizada Bautismo\" href=\"http:\/\/limonae.com\/es\/bautizo\/532-vela-bautizo-personalizada.html?search_query=vela&amp;results=10\" target=\"_blank\" rel=\"noopener\">www.limonae.com<\/a><br \/>\n<a href=\"mailto:info@limonae.com\" target=\"_blank\" rel=\"noopener\">info@limonae.com<\/a><br \/>\nTel\u00e9fono: 638 664 876<\/p>\n","protected":false},"excerpt":{"rendered":"<p>El Bautismo de un beb\u00e9 siempre es motivo de ilusi\u00f3n. Las cosas m\u00e1s importantes a tener en cuenta para la ceremonia son el fald\u00f3n de cristianar, la concha de bautismo y la vela para la ceremonia. Mirad que vela tan bonita hemos encontrado en www.limonae.com\u00a0totalemente personalizada con el nombre del &hellip; <a class=\"more-link\" href=\"https:\/\/bautizoycomunion.com\/index.php\/2015\/10\/01\/vela-personalizada-para-el-bautizo\/\"><span class=\"more-msg\">Sigue leyendo &rarr;<\/span><\/a><\/p>\n","protected":false},"author":3,"featured_media":0,"comment_status":"open","ping_status":"open","sticky":false,"template":"","format":"standard","meta":{"footnotes":""},"categories":[12],"tags":[63,745,773,917,918,919],"class_list":["post-7129","post","type-post","status-publish","format-standard","hentry","category-regalos-para-bautizo","tag-bautizo","tag-regalos-bautizo","tag-regalos-personalizados","tag-vela-bautismo","tag-vela-bautizo","tag-vela-personalizada"],"yoast_head":"<!-- This site is optimized with the Yoast SEO plugin v26.1.1 - https:\/\/yoast.com\/wordpress\/plugins\/seo\/ -->\n<title>Vela personalizada para el Bautizo &#8211; Bautizo y Comunion<\/title>\n<meta name=\"robots\" content=\"index, follow, max-snippet:-1, max-image-preview:large, max-video-preview:-1\" \/>\n<link rel=\"canonical\" href=\"https:\/\/bautizoycomunion.com\/index.php\/2015\/10\/01\/vela-personalizada-para-el-bautizo\/\" \/>\n<meta property=\"og:locale\" content=\"es_ES\" \/>\n<meta property=\"og:type\" content=\"article\" \/>\n<meta property=\"og:title\" content=\"Vela personalizada para el Bautizo &#8211; Bautizo y Comunion\" \/>\n<meta property=\"og:description\" content=\"El Bautismo de un beb\u00e9 siempre es motivo de ilusi\u00f3n. Las cosas m\u00e1s importantes a tener en cuenta para la ceremonia son el fald\u00f3n de cristianar, la concha de bautismo y la vela para la ceremonia. Mirad que vela tan bonita hemos encontrado en www.limonae.com\u00a0totalemente personalizada con el nombre del &hellip; Sigue leyendo &rarr;\" \/>\n<meta property=\"og:url\" content=\"https:\/\/bautizoycomunion.com\/index.php\/2015\/10\/01\/vela-personalizada-para-el-bautizo\/\" \/>\n<meta property=\"og:site_name\" content=\"Bautizo y Comunion\" \/>\n<meta property=\"article:publisher\" content=\"https:\/\/www.facebook.com\/BautizosyComuniones\" \/>\n<meta property=\"article:published_time\" content=\"2015-10-01T15:54:45+00:00\" \/>\n<meta property=\"article:modified_time\" content=\"2017-07-20T15:06:16+00:00\" \/>\n<meta property=\"og:image\" content=\"https:\/\/bautizoycomunion.com\/wp-content\/uploads\/2016\/09\/vela-Bautizo-personalizada_zpsaheqdem0.jpg\" \/>\n\t<meta property=\"og:image:width\" content=\"1024\" \/>\n\t<meta property=\"og:image:height\" content=\"1024\" \/>\n\t<meta property=\"og:image:type\" content=\"image\/jpeg\" \/>\n<meta name=\"author\" content=\"publisher\" \/>\n<meta name=\"twitter:card\" content=\"summary_large_image\" \/>\n<meta name=\"twitter:creator\" content=\"@BautizoComunion\" \/>\n<meta name=\"twitter:site\" content=\"@BautizoComunion\" \/>\n<meta name=\"twitter:label1\" content=\"Escrito por\" \/>\n\t<meta name=\"twitter:data1\" content=\"publisher\" \/>\n\t<meta name=\"twitter:label2\" content=\"Tiempo de lectura\" \/>\n\t<meta name=\"twitter:data2\" content=\"1 minuto\" \/>\n<script type=\"application\/ld+json\" class=\"yoast-schema-graph\">{\"@context\":\"https:\/\/schema.org\",\"@graph\":[{\"@type\":\"Article\",\"@id\":\"https:\/\/bautizoycomunion.com\/index.php\/2015\/10\/01\/vela-personalizada-para-el-bautizo\/#article\",\"isPartOf\":{\"@id\":\"https:\/\/bautizoycomunion.com\/index.php\/2015\/10\/01\/vela-personalizada-para-el-bautizo\/\"},\"author\":{\"name\":\"publisher\",\"@id\":\"https:\/\/bautizoycomunion.com\/#\/schema\/person\/71b91ab759bf77b5348a2f95d85e8ba0\"},\"headline\":\"Vela personalizada para el Bautizo\",\"datePublished\":\"2015-10-01T15:54:45+00:00\",\"dateModified\":\"2017-07-20T15:06:16+00:00\",\"mainEntityOfPage\":{\"@id\":\"https:\/\/bautizoycomunion.com\/index.php\/2015\/10\/01\/vela-personalizada-para-el-bautizo\/\"},\"wordCount\":137,\"commentCount\":0,\"publisher\":{\"@id\":\"https:\/\/bautizoycomunion.com\/#organization\"},\"image\":{\"@id\":\"https:\/\/bautizoycomunion.com\/index.php\/2015\/10\/01\/vela-personalizada-para-el-bautizo\/#primaryimage\"},\"thumbnailUrl\":\"http:\/\/bautizoycomunion.com\/wp-content\/uploads\/2016\/09\/vela-Bautizo-personalizada_zpsaheqdem0.jpg\",\"keywords\":[\"bautizo\",\"regalos bautizo\",\"regalos personalizados\",\"vela bautismo\",\"vela bautizo\",\"vela personalizada\"],\"articleSection\":[\"Regalos para Bautizo\"],\"inLanguage\":\"es\",\"potentialAction\":[{\"@type\":\"CommentAction\",\"name\":\"Comment\",\"target\":[\"https:\/\/bautizoycomunion.com\/index.php\/2015\/10\/01\/vela-personalizada-para-el-bautizo\/#respond\"]}]},{\"@type\":\"WebPage\",\"@id\":\"https:\/\/bautizoycomunion.com\/index.php\/2015\/10\/01\/vela-personalizada-para-el-bautizo\/\",\"url\":\"https:\/\/bautizoycomunion.com\/index.php\/2015\/10\/01\/vela-personalizada-para-el-bautizo\/\",\"name\":\"Vela personalizada para el Bautizo &#8211; Bautizo y Comunion\",\"isPartOf\":{\"@id\":\"https:\/\/bautizoycomunion.com\/#website\"},\"primaryImageOfPage\":{\"@id\":\"https:\/\/bautizoycomunion.com\/index.php\/2015\/10\/01\/vela-personalizada-para-el-bautizo\/#primaryimage\"},\"image\":{\"@id\":\"https:\/\/bautizoycomunion.com\/index.php\/2015\/10\/01\/vela-personalizada-para-el-bautizo\/#primaryimage\"},\"thumbnailUrl\":\"http:\/\/bautizoycomunion.com\/wp-content\/uploads\/2016\/09\/vela-Bautizo-personalizada_zpsaheqdem0.jpg\",\"datePublished\":\"2015-10-01T15:54:45+00:00\",\"dateModified\":\"2017-07-20T15:06:16+00:00\",\"breadcrumb\":{\"@id\":\"https:\/\/bautizoycomunion.com\/index.php\/2015\/10\/01\/vela-personalizada-para-el-bautizo\/#breadcrumb\"},\"inLanguage\":\"es\",\"potentialAction\":[{\"@type\":\"ReadAction\",\"target\":[\"https:\/\/bautizoycomunion.com\/index.php\/2015\/10\/01\/vela-personalizada-para-el-bautizo\/\"]}]},{\"@type\":\"ImageObject\",\"inLanguage\":\"es\",\"@id\":\"https:\/\/bautizoycomunion.com\/index.php\/2015\/10\/01\/vela-personalizada-para-el-bautizo\/#primaryimage\",\"url\":\"https:\/\/bautizoycomunion.com\/wp-content\/uploads\/2016\/09\/vela-Bautizo-personalizada_zpsaheqdem0.jpg\",\"contentUrl\":\"https:\/\/bautizoycomunion.com\/wp-content\/uploads\/2016\/09\/vela-Bautizo-personalizada_zpsaheqdem0.jpg\",\"width\":1024,\"height\":1024},{\"@type\":\"BreadcrumbList\",\"@id\":\"https:\/\/bautizoycomunion.com\/index.php\/2015\/10\/01\/vela-personalizada-para-el-bautizo\/#breadcrumb\",\"itemListElement\":[{\"@type\":\"ListItem\",\"position\":1,\"name\":\"Portada\",\"item\":\"https:\/\/bautizoycomunion.com\/\"},{\"@type\":\"ListItem\",\"position\":2,\"name\":\"Vela personalizada para el Bautizo\"}]},{\"@type\":\"WebSite\",\"@id\":\"https:\/\/bautizoycomunion.com\/#website\",\"url\":\"https:\/\/bautizoycomunion.com\/\",\"name\":\"Bautizo y Comunion\",\"description\":\"\",\"publisher\":{\"@id\":\"https:\/\/bautizoycomunion.com\/#organization\"},\"potentialAction\":[{\"@type\":\"SearchAction\",\"target\":{\"@type\":\"EntryPoint\",\"urlTemplate\":\"https:\/\/bautizoycomunion.com\/?s={search_term_string}\"},\"query-input\":{\"@type\":\"PropertyValueSpecification\",\"valueRequired\":true,\"valueName\":\"search_term_string\"}}],\"inLanguage\":\"es\"},{\"@type\":\"Organization\",\"@id\":\"https:\/\/bautizoycomunion.com\/#organization\",\"name\":\"Bautizo y Comunion\",\"url\":\"https:\/\/bautizoycomunion.com\/\",\"logo\":{\"@type\":\"ImageObject\",\"inLanguage\":\"es\",\"@id\":\"https:\/\/bautizoycomunion.com\/#\/schema\/logo\/image\/\",\"url\":\"https:\/\/bautizoycomunion.com\/wp-content\/uploads\/2020\/02\/logo-bautizo-y-comunion.jpg\",\"contentUrl\":\"https:\/\/bautizoycomunion.com\/wp-content\/uploads\/2020\/02\/logo-bautizo-y-comunion.jpg\",\"width\":128,\"height\":128,\"caption\":\"Bautizo y Comunion\"},\"image\":{\"@id\":\"https:\/\/bautizoycomunion.com\/#\/schema\/logo\/image\/\"},\"sameAs\":[\"https:\/\/www.facebook.com\/BautizosyComuniones\",\"https:\/\/x.com\/BautizoComunion\",\"https:\/\/www.instagram.com\/bautizoycomunion\/\",\"https:\/\/www.pinterest.es\/BautizoComunion\/\",\"https:\/\/www.youtube.com\/user\/BautizoyComunionTV\"]},{\"@type\":\"Person\",\"@id\":\"https:\/\/bautizoycomunion.com\/#\/schema\/person\/71b91ab759bf77b5348a2f95d85e8ba0\",\"name\":\"publisher\",\"image\":{\"@type\":\"ImageObject\",\"inLanguage\":\"es\",\"@id\":\"https:\/\/bautizoycomunion.com\/#\/schema\/person\/image\/\",\"url\":\"https:\/\/secure.gravatar.com\/avatar\/b678a6a8c15d6fa37228489ffa29aff56590dfc95fbec3aa2c2f2cc9013b082f?s=96&d=mm&r=g\",\"contentUrl\":\"https:\/\/secure.gravatar.com\/avatar\/b678a6a8c15d6fa37228489ffa29aff56590dfc95fbec3aa2c2f2cc9013b082f?s=96&d=mm&r=g\",\"caption\":\"publisher\"}}]}<\/script>\n<!-- \/ Yoast SEO plugin. -->","yoast_head_json":{"title":"Vela personalizada para el Bautizo &#8211; Bautizo y Comunion","robots":{"index":"index","follow":"follow","max-snippet":"max-snippet:-1","max-image-preview":"max-image-preview:large","max-video-preview":"max-video-preview:-1"},"canonical":"https:\/\/bautizoycomunion.com\/index.php\/2015\/10\/01\/vela-personalizada-para-el-bautizo\/","og_locale":"es_ES","og_type":"article","og_title":"Vela personalizada para el Bautizo &#8211; Bautizo y Comunion","og_description":"El Bautismo de un beb\u00e9 siempre es motivo de ilusi\u00f3n. Las cosas m\u00e1s importantes a tener en cuenta para la ceremonia son el fald\u00f3n de cristianar, la concha de bautismo y la vela para la ceremonia. Mirad que vela tan bonita hemos encontrado en www.limonae.com\u00a0totalemente personalizada con el nombre del &hellip; Sigue leyendo &rarr;","og_url":"https:\/\/bautizoycomunion.com\/index.php\/2015\/10\/01\/vela-personalizada-para-el-bautizo\/","og_site_name":"Bautizo y Comunion","article_publisher":"https:\/\/www.facebook.com\/BautizosyComuniones","article_published_time":"2015-10-01T15:54:45+00:00","article_modified_time":"2017-07-20T15:06:16+00:00","og_image":[{"width":1024,"height":1024,"url":"https:\/\/bautizoycomunion.com\/wp-content\/uploads\/2016\/09\/vela-Bautizo-personalizada_zpsaheqdem0.jpg","type":"image\/jpeg"}],"author":"publisher","twitter_card":"summary_large_image","twitter_creator":"@BautizoComunion","twitter_site":"@BautizoComunion","twitter_misc":{"Escrito por":"publisher","Tiempo de lectura":"1 minuto"},"schema":{"@context":"https:\/\/schema.org","@graph":[{"@type":"Article","@id":"https:\/\/bautizoycomunion.com\/index.php\/2015\/10\/01\/vela-personalizada-para-el-bautizo\/#article","isPartOf":{"@id":"https:\/\/bautizoycomunion.com\/index.php\/2015\/10\/01\/vela-personalizada-para-el-bautizo\/"},"author":{"name":"publisher","@id":"https:\/\/bautizoycomunion.com\/#\/schema\/person\/71b91ab759bf77b5348a2f95d85e8ba0"},"headline":"Vela personalizada para el Bautizo","datePublished":"2015-10-01T15:54:45+00:00","dateModified":"2017-07-20T15:06:16+00:00","mainEntityOfPage":{"@id":"https:\/\/bautizoycomunion.com\/index.php\/2015\/10\/01\/vela-personalizada-para-el-bautizo\/"},"wordCount":137,"commentCount":0,"publisher":{"@id":"https:\/\/bautizoycomunion.com\/#organization"},"image":{"@id":"https:\/\/bautizoycomunion.com\/index.php\/2015\/10\/01\/vela-personalizada-para-el-bautizo\/#primaryimage"},"thumbnailUrl":"http:\/\/bautizoycomunion.com\/wp-content\/uploads\/2016\/09\/vela-Bautizo-personalizada_zpsaheqdem0.jpg","keywords":["bautizo","regalos bautizo","regalos personalizados","vela bautismo","vela bautizo","vela personalizada"],"articleSection":["Regalos para Bautizo"],"inLanguage":"es","potentialAction":[{"@type":"CommentAction","name":"Comment","target":["https:\/\/bautizoycomunion.com\/index.php\/2015\/10\/01\/vela-personalizada-para-el-bautizo\/#respond"]}]},{"@type":"WebPage","@id":"https:\/\/bautizoycomunion.com\/index.php\/2015\/10\/01\/vela-personalizada-para-el-bautizo\/","url":"https:\/\/bautizoycomunion.com\/index.php\/2015\/10\/01\/vela-personalizada-para-el-bautizo\/","name":"Vela personalizada para el Bautizo &#8211; Bautizo y Comunion","isPartOf":{"@id":"https:\/\/bautizoycomunion.com\/#website"},"primaryImageOfPage":{"@id":"https:\/\/bautizoycomunion.com\/index.php\/2015\/10\/01\/vela-personalizada-para-el-bautizo\/#primaryimage"},"image":{"@id":"https:\/\/bautizoycomunion.com\/index.php\/2015\/10\/01\/vela-personalizada-para-el-bautizo\/#primaryimage"},"thumbnailUrl":"http:\/\/bautizoycomunion.com\/wp-content\/uploads\/2016\/09\/vela-Bautizo-personalizada_zpsaheqdem0.jpg","datePublished":"2015-10-01T15:54:45+00:00","dateModified":"2017-07-20T15:06:16+00:00","breadcrumb":{"@id":"https:\/\/bautizoycomunion.com\/index.php\/2015\/10\/01\/vela-personalizada-para-el-bautizo\/#breadcrumb"},"inLanguage":"es","potentialAction":[{"@type":"ReadAction","target":["https:\/\/bautizoycomunion.com\/index.php\/2015\/10\/01\/vela-personalizada-para-el-bautizo\/"]}]},{"@type":"ImageObject","inLanguage":"es","@id":"https:\/\/bautizoycomunion.com\/index.php\/2015\/10\/01\/vela-personalizada-para-el-bautizo\/#primaryimage","url":"https:\/\/bautizoycomunion.com\/wp-content\/uploads\/2016\/09\/vela-Bautizo-personalizada_zpsaheqdem0.jpg","contentUrl":"https:\/\/bautizoycomunion.com\/wp-content\/uploads\/2016\/09\/vela-Bautizo-personalizada_zpsaheqdem0.jpg","width":1024,"height":1024},{"@type":"BreadcrumbList","@id":"https:\/\/bautizoycomunion.com\/index.php\/2015\/10\/01\/vela-personalizada-para-el-bautizo\/#breadcrumb","itemListElement":[{"@type":"ListItem","position":1,"name":"Portada","item":"https:\/\/bautizoycomunion.com\/"},{"@type":"ListItem","position":2,"name":"Vela personalizada para el Bautizo"}]},{"@type":"WebSite","@id":"https:\/\/bautizoycomunion.com\/#website","url":"https:\/\/bautizoycomunion.com\/","name":"Bautizo y Comunion","description":"","publisher":{"@id":"https:\/\/bautizoycomunion.com\/#organization"},"potentialAction":[{"@type":"SearchAction","target":{"@type":"EntryPoint","urlTemplate":"https:\/\/bautizoycomunion.com\/?s={search_term_string}"},"query-input":{"@type":"PropertyValueSpecification","valueRequired":true,"valueName":"search_term_string"}}],"inLanguage":"es"},{"@type":"Organization","@id":"https:\/\/bautizoycomunion.com\/#organization","name":"Bautizo y Comunion","url":"https:\/\/bautizoycomunion.com\/","logo":{"@type":"ImageObject","inLanguage":"es","@id":"https:\/\/bautizoycomunion.com\/#\/schema\/logo\/image\/","url":"https:\/\/bautizoycomunion.com\/wp-content\/uploads\/2020\/02\/logo-bautizo-y-comunion.jpg","contentUrl":"https:\/\/bautizoycomunion.com\/wp-content\/uploads\/2020\/02\/logo-bautizo-y-comunion.jpg","width":128,"height":128,"caption":"Bautizo y Comunion"},"image":{"@id":"https:\/\/bautizoycomunion.com\/#\/schema\/logo\/image\/"},"sameAs":["https:\/\/www.facebook.com\/BautizosyComuniones","https:\/\/x.com\/BautizoComunion","https:\/\/www.instagram.com\/bautizoycomunion\/","https:\/\/www.pinterest.es\/BautizoComunion\/","https:\/\/www.youtube.com\/user\/BautizoyComunionTV"]},{"@type":"Person","@id":"https:\/\/bautizoycomunion.com\/#\/schema\/person\/71b91ab759bf77b5348a2f95d85e8ba0","name":"publisher","image":{"@type":"ImageObject","inLanguage":"es","@id":"https:\/\/bautizoycomunion.com\/#\/schema\/person\/image\/","url":"https:\/\/secure.gravatar.com\/avatar\/b678a6a8c15d6fa37228489ffa29aff56590dfc95fbec3aa2c2f2cc9013b082f?s=96&d=mm&r=g","contentUrl":"https:\/\/secure.gravatar.com\/avatar\/b678a6a8c15d6fa37228489ffa29aff56590dfc95fbec3aa2c2f2cc9013b082f?s=96&d=mm&r=g","caption":"publisher"}}]}},"_links":{"self":[{"href":"https:\/\/bautizoycomunion.com\/index.php\/wp-json\/wp\/v2\/posts\/7129","targetHints":{"allow":["GET"]}}],"collection":[{"href":"https:\/\/bautizoycomunion.com\/index.php\/wp-json\/wp\/v2\/posts"}],"about":[{"href":"https:\/\/bautizoycomunion.com\/index.php\/wp-json\/wp\/v2\/types\/post"}],"author":[{"embeddable":true,"href":"https:\/\/bautizoycomunion.com\/index.php\/wp-json\/wp\/v2\/users\/3"}],"replies":[{"embeddable":true,"href":"https:\/\/bautizoycomunion.com\/index.php\/wp-json\/wp\/v2\/comments?post=7129"}],"version-history":[{"count":2,"href":"https:\/\/bautizoycomunion.com\/index.php\/wp-json\/wp\/v2\/posts\/7129\/revisions"}],"predecessor-version":[{"id":9075,"href":"https:\/\/bautizoycomunion.com\/index.php\/wp-json\/wp\/v2\/posts\/7129\/revisions\/9075"}],"wp:attachment":[{"href":"https:\/\/bautizoycomunion.com\/index.php\/wp-json\/wp\/v2\/media?parent=7129"}],"wp:term":[{"taxonomy":"category","embeddable":true,"href":"https:\/\/bautizoycomunion.com\/index.php\/wp-json\/wp\/v2\/categories?post=7129"},{"taxonomy":"post_tag","embeddable":true,"href":"https:\/\/bautizoycomunion.com\/index.php\/wp-json\/wp\/v2\/tags?post=7129"}],"curies":[{"name":"wp","href":"https:\/\/api.w.org\/{rel}","templated":true}]}}