{"id":7238,"date":"2015-12-09T12:15:56","date_gmt":"2015-12-09T11:15:56","guid":{"rendered":"http:\/\/bautizoycomunion.com\/?p=7238"},"modified":"2015-12-09T12:15:56","modified_gmt":"2015-12-09T11:15:56","slug":"descubre-los-vestidos-de-comunion-de-mon-air","status":"publish","type":"post","link":"https:\/\/bautizoycomunion.com\/index.php\/2015\/12\/09\/descubre-los-vestidos-de-comunion-de-mon-air\/","title":{"rendered":"Descubre los vestidos de Comuni\u00f3n de Mon Air"},"content":{"rendered":"<p><a href=\"http:\/\/bautizoycomunion.com\/wp-content\/uploads\/2015\/12\/DSC_0098.jpg\"><img loading=\"lazy\" decoding=\"async\" class=\"aligncenter size-large wp-image-7239\" src=\"http:\/\/bautizoycomunion.com\/wp-content\/uploads\/2015\/12\/DSC_0098-1024x685.jpg\" alt=\"DSC_0098\" width=\"640\" height=\"428\" \/><\/a><\/p>\n<p>Seguro que ya estar\u00e9is pensando en los <strong>preparativos de la Primera Comuni\u00f3n<\/strong> de vuestros hijos, y por supuesto\u00a0la elecci\u00f3n del vestido es fundamental,\u00a0por eso\u00a0como siempre, desde <strong>Bautizo y Comuni\u00f3n<\/strong> os traigo los mejores modelitos, para que encontr\u00e9is el vestido perfecto para ese d\u00eda tan especial.<\/p>\n<p>Hoy os quiero ense\u00f1ar los vestidos de la\u00a0firma <strong><a href=\"http:\/\/www.monair.es\/\" target=\"_blank\">Mon Air<\/a>\u00a0<\/strong>muchas de sus prendas tienen un aire vintaje que me encanta. Vestidos con un toque rom\u00e1ntico, elegante, fino&#8230;<\/p>\n<p>Os\u00a0ense\u00f1o algunas fotos preciosas que nos han facilitado para compartir con vosotros.<\/p>\n<p><a href=\"http:\/\/bautizoycomunion.com\/wp-content\/uploads\/2015\/12\/DSC_0260.jpg\"><img loading=\"lazy\" decoding=\"async\" class=\"aligncenter size-large wp-image-7240\" src=\"http:\/\/bautizoycomunion.com\/wp-content\/uploads\/2015\/12\/DSC_0260-1024x685.jpg\" alt=\"vestidos de comunion_mon_Air\" width=\"640\" height=\"428\" \/><\/a> <a href=\"http:\/\/bautizoycomunion.com\/wp-content\/uploads\/2015\/12\/DSC_0810.jpg\"><img loading=\"lazy\" decoding=\"async\" class=\"aligncenter size-large wp-image-7241\" src=\"http:\/\/bautizoycomunion.com\/wp-content\/uploads\/2015\/12\/DSC_0810-685x1024.jpg\" alt=\"DSC_0810\" width=\"640\" height=\"957\" \/><\/a> <a href=\"http:\/\/bautizoycomunion.com\/wp-content\/uploads\/2015\/12\/DSC_0843.jpg\"><img loading=\"lazy\" decoding=\"async\" class=\"aligncenter size-large wp-image-7242\" src=\"http:\/\/bautizoycomunion.com\/wp-content\/uploads\/2015\/12\/DSC_0843-685x1024.jpg\" alt=\"DSC_0843\" width=\"640\" height=\"957\" \/><\/a> <a href=\"http:\/\/bautizoycomunion.com\/wp-content\/uploads\/2015\/12\/FLORES-SECAS-DOBLE-LAZO-MANGA-LARGA.jpg\"><img loading=\"lazy\" decoding=\"async\" class=\"aligncenter size-large wp-image-7243\" src=\"http:\/\/bautizoycomunion.com\/wp-content\/uploads\/2015\/12\/FLORES-SECAS-DOBLE-LAZO-MANGA-LARGA.jpg\" alt=\"FLORES SECAS DOBLE LAZO MANGA LARGA\" width=\"640\" height=\"457\" \/><\/a> <a href=\"http:\/\/bautizoycomunion.com\/wp-content\/uploads\/2015\/12\/lara-tul-corona.jpg\"><br \/>\n<\/a> <a href=\"http:\/\/bautizoycomunion.com\/wp-content\/uploads\/2015\/12\/lara-tul-look-3.jpg\"><img loading=\"lazy\" decoding=\"async\" class=\"aligncenter size-large wp-image-7245\" src=\"http:\/\/bautizoycomunion.com\/wp-content\/uploads\/2015\/12\/lara-tul-look-3-685x1024.jpg\" alt=\"lara tul look (3)\" width=\"640\" height=\"957\" \/><\/a> <a href=\"http:\/\/bautizoycomunion.com\/wp-content\/uploads\/2015\/12\/lara-tul.jpg\"><img loading=\"lazy\" decoding=\"async\" class=\"aligncenter size-large wp-image-7246\" src=\"http:\/\/bautizoycomunion.com\/wp-content\/uploads\/2015\/12\/lara-tul-685x1024.jpg\" alt=\"lara tul\" width=\"640\" height=\"957\" \/><\/a> <a href=\"http:\/\/bautizoycomunion.com\/wp-content\/uploads\/2015\/12\/SEVILLA-052.jpg\"><img loading=\"lazy\" decoding=\"async\" class=\"aligncenter size-large wp-image-7247\" src=\"http:\/\/bautizoycomunion.com\/wp-content\/uploads\/2015\/12\/SEVILLA-052-685x1024.jpg\" alt=\"SEVILLA 052\" width=\"640\" height=\"957\" \/><\/a> <a href=\"http:\/\/bautizoycomunion.com\/wp-content\/uploads\/2015\/12\/titanic-detalles.jpg\"><img loading=\"lazy\" decoding=\"async\" class=\"aligncenter size-large wp-image-7248\" src=\"http:\/\/bautizoycomunion.com\/wp-content\/uploads\/2015\/12\/titanic-detalles-1024x685.jpg\" alt=\"titanic detalles\" width=\"640\" height=\"428\" \/><\/a><\/p>\n<p>Para poder comprar alguno de estos maravillosos vestidos pod\u00e9is contactar con <strong>Mon Air<\/strong> por una de las siguientes v\u00edas:<\/p>\n<p style=\"text-align: center;\"><strong><a href=\"http:\/\/www.monair.es\/\" target=\"_blank\">www.monair.es<\/a><\/strong><\/p>\n<p style=\"text-align: center;\"><strong>Calle de Agreda, 6 Chalet<\/strong><br \/>\n28033 <strong>Madrid<\/strong>\u00a0(zona Arturo Soria-Chamart\u00edn)<\/p>\n<p class=\"alignCenter\" style=\"text-align: center;\">HORARIO de Lunes a Viernes: M<span class=\"font_6\"><span class=\"bold\"><span class=\"color_18\">a\u00f1anas:\u00a010.00-14.00 H Tardes: 16.30-19.00 H<\/span><\/span><\/span><\/p>\n<p class=\"alignCenter\" style=\"text-align: center;\"><span class=\"font_6\"><span class=\"color_18\">Mail: <strong>chiquiluca@gmail.com<\/strong><\/span><\/span><strong><span class=\"font_6\"><span class=\"bold\"><span class=\"color_18\">\u00a0<\/span><\/span><\/span><\/strong><\/p>\n<p class=\"alignCenter\" style=\"text-align: center;\">TEL\u00c9FONO:<\/p>\n<p class=\"alignCenter\" style=\"text-align: center;\">\u00a091-7665614 (solo ma\u00f1anas)<\/p>\n<p class=\"alignCenter\" style=\"text-align: center;\">\u00a0617472842 Chiqui Navarro<\/p>\n<p class=\"alignCenter\" style=\"text-align: center;\">\u00a0655246069 Encarna Giraldez<\/p>\n<p class=\"alignCenter\" style=\"text-align: left;\"><strong>\u00bfQu\u00e9 os parecen?, \u00bfHab\u00e9is decidido ya\u00a0que vestido elegir\u00e9is?<\/strong><\/p>\n","protected":false},"excerpt":{"rendered":"<p>Seguro que ya estar\u00e9is pensando en los preparativos de la Primera Comuni\u00f3n de vuestros hijos, y por supuesto\u00a0la elecci\u00f3n del vestido es fundamental,\u00a0por eso\u00a0como siempre, desde Bautizo y Comuni\u00f3n os traigo los mejores modelitos, para que encontr\u00e9is el vestido perfecto para ese d\u00eda tan especial. Hoy os quiero ense\u00f1ar los &hellip; <a class=\"more-link\" href=\"https:\/\/bautizoycomunion.com\/index.php\/2015\/12\/09\/descubre-los-vestidos-de-comunion-de-mon-air\/\"><span class=\"more-msg\">Sigue leyendo &rarr;<\/span><\/a><\/p>\n","protected":false},"author":3,"featured_media":0,"comment_status":"open","ping_status":"open","sticky":false,"template":"","format":"standard","meta":{"footnotes":""},"categories":[16,19],"tags":[173,175,420,592,903,949,953,957,974],"class_list":["post-7238","post","type-post","status-publish","format-standard","hentry","category-uncategorized","category-vestidos-de-comunion","tag-complementos-comunion","tag-comunion","tag-fotos-primera-comunion","tag-mon-air","tag-trajes-comunion","tag-vestidos-comunion-vintaje","tag-vestidos-de-comunion-2","tag-vestidos-de-comunion-estilo-romantico-vintage","tag-vestidos-vintaje"],"yoast_head":"<!-- This site is optimized with the Yoast SEO plugin v26.1.1 - https:\/\/yoast.com\/wordpress\/plugins\/seo\/ -->\n<title>Descubre los vestidos de Comuni\u00f3n de Mon Air &#8211; Bautizo y Comunion<\/title>\n<meta name=\"robots\" content=\"index, follow, max-snippet:-1, max-image-preview:large, max-video-preview:-1\" \/>\n<link rel=\"canonical\" href=\"https:\/\/bautizoycomunion.com\/index.php\/2015\/12\/09\/descubre-los-vestidos-de-comunion-de-mon-air\/\" \/>\n<meta property=\"og:locale\" content=\"es_ES\" \/>\n<meta property=\"og:type\" content=\"article\" \/>\n<meta property=\"og:title\" content=\"Descubre los vestidos de Comuni\u00f3n de Mon Air &#8211; Bautizo y Comunion\" \/>\n<meta property=\"og:description\" content=\"Seguro que ya estar\u00e9is pensando en los preparativos de la Primera Comuni\u00f3n de vuestros hijos, y por supuesto\u00a0la elecci\u00f3n del vestido es fundamental,\u00a0por eso\u00a0como siempre, desde Bautizo y Comuni\u00f3n os traigo los mejores modelitos, para que encontr\u00e9is el vestido perfecto para ese d\u00eda tan especial. Hoy os quiero ense\u00f1ar los &hellip; Sigue leyendo &rarr;\" \/>\n<meta property=\"og:url\" content=\"https:\/\/bautizoycomunion.com\/index.php\/2015\/12\/09\/descubre-los-vestidos-de-comunion-de-mon-air\/\" \/>\n<meta property=\"og:site_name\" content=\"Bautizo y Comunion\" \/>\n<meta property=\"article:publisher\" content=\"https:\/\/www.facebook.com\/BautizosyComuniones\" \/>\n<meta property=\"article:published_time\" content=\"2015-12-09T11:15:56+00:00\" \/>\n<meta name=\"author\" content=\"publisher\" \/>\n<meta name=\"twitter:card\" content=\"summary_large_image\" \/>\n<meta name=\"twitter:creator\" content=\"@BautizoComunion\" \/>\n<meta name=\"twitter:site\" content=\"@BautizoComunion\" \/>\n<meta name=\"twitter:label1\" content=\"Escrito por\" \/>\n\t<meta name=\"twitter:data1\" content=\"publisher\" \/>\n\t<meta name=\"twitter:label2\" content=\"Tiempo de lectura\" \/>\n\t<meta name=\"twitter:data2\" content=\"1 minuto\" \/>\n<script type=\"application\/ld+json\" class=\"yoast-schema-graph\">{\"@context\":\"https:\/\/schema.org\",\"@graph\":[{\"@type\":\"Article\",\"@id\":\"https:\/\/bautizoycomunion.com\/index.php\/2015\/12\/09\/descubre-los-vestidos-de-comunion-de-mon-air\/#article\",\"isPartOf\":{\"@id\":\"https:\/\/bautizoycomunion.com\/index.php\/2015\/12\/09\/descubre-los-vestidos-de-comunion-de-mon-air\/\"},\"author\":{\"name\":\"publisher\",\"@id\":\"https:\/\/bautizoycomunion.com\/#\/schema\/person\/71b91ab759bf77b5348a2f95d85e8ba0\"},\"headline\":\"Descubre los vestidos de Comuni\u00f3n de Mon Air\",\"datePublished\":\"2015-12-09T11:15:56+00:00\",\"mainEntityOfPage\":{\"@id\":\"https:\/\/bautizoycomunion.com\/index.php\/2015\/12\/09\/descubre-los-vestidos-de-comunion-de-mon-air\/\"},\"wordCount\":179,\"commentCount\":0,\"publisher\":{\"@id\":\"https:\/\/bautizoycomunion.com\/#organization\"},\"image\":{\"@id\":\"https:\/\/bautizoycomunion.com\/index.php\/2015\/12\/09\/descubre-los-vestidos-de-comunion-de-mon-air\/#primaryimage\"},\"thumbnailUrl\":\"http:\/\/bautizoycomunion.com\/wp-content\/uploads\/2015\/12\/DSC_0098-1024x685.jpg\",\"keywords\":[\"complementos Comuni\u00f3n\",\"comunion\",\"fotos primera comunion\",\"mon air\",\"trajes comunion\",\"vestidos comunion vintaje\",\"vestidos de comunion\",\"vestidos de Comuni\u00f3n estilo rom\u00e1ntico vintage\",\"vestidos vintaje\"],\"articleSection\":[\"Todas las entradas\",\"Vestidos, trajes y zapatos de Comuni\u00f3n\"],\"inLanguage\":\"es\",\"potentialAction\":[{\"@type\":\"CommentAction\",\"name\":\"Comment\",\"target\":[\"https:\/\/bautizoycomunion.com\/index.php\/2015\/12\/09\/descubre-los-vestidos-de-comunion-de-mon-air\/#respond\"]}]},{\"@type\":\"WebPage\",\"@id\":\"https:\/\/bautizoycomunion.com\/index.php\/2015\/12\/09\/descubre-los-vestidos-de-comunion-de-mon-air\/\",\"url\":\"https:\/\/bautizoycomunion.com\/index.php\/2015\/12\/09\/descubre-los-vestidos-de-comunion-de-mon-air\/\",\"name\":\"Descubre los vestidos de Comuni\u00f3n de Mon Air &#8211; Bautizo y Comunion\",\"isPartOf\":{\"@id\":\"https:\/\/bautizoycomunion.com\/#website\"},\"primaryImageOfPage\":{\"@id\":\"https:\/\/bautizoycomunion.com\/index.php\/2015\/12\/09\/descubre-los-vestidos-de-comunion-de-mon-air\/#primaryimage\"},\"image\":{\"@id\":\"https:\/\/bautizoycomunion.com\/index.php\/2015\/12\/09\/descubre-los-vestidos-de-comunion-de-mon-air\/#primaryimage\"},\"thumbnailUrl\":\"http:\/\/bautizoycomunion.com\/wp-content\/uploads\/2015\/12\/DSC_0098-1024x685.jpg\",\"datePublished\":\"2015-12-09T11:15:56+00:00\",\"breadcrumb\":{\"@id\":\"https:\/\/bautizoycomunion.com\/index.php\/2015\/12\/09\/descubre-los-vestidos-de-comunion-de-mon-air\/#breadcrumb\"},\"inLanguage\":\"es\",\"potentialAction\":[{\"@type\":\"ReadAction\",\"target\":[\"https:\/\/bautizoycomunion.com\/index.php\/2015\/12\/09\/descubre-los-vestidos-de-comunion-de-mon-air\/\"]}]},{\"@type\":\"ImageObject\",\"inLanguage\":\"es\",\"@id\":\"https:\/\/bautizoycomunion.com\/index.php\/2015\/12\/09\/descubre-los-vestidos-de-comunion-de-mon-air\/#primaryimage\",\"url\":\"\",\"contentUrl\":\"\"},{\"@type\":\"BreadcrumbList\",\"@id\":\"https:\/\/bautizoycomunion.com\/index.php\/2015\/12\/09\/descubre-los-vestidos-de-comunion-de-mon-air\/#breadcrumb\",\"itemListElement\":[{\"@type\":\"ListItem\",\"position\":1,\"name\":\"Portada\",\"item\":\"https:\/\/bautizoycomunion.com\/\"},{\"@type\":\"ListItem\",\"position\":2,\"name\":\"Descubre los vestidos de Comuni\u00f3n de Mon Air\"}]},{\"@type\":\"WebSite\",\"@id\":\"https:\/\/bautizoycomunion.com\/#website\",\"url\":\"https:\/\/bautizoycomunion.com\/\",\"name\":\"Bautizo y Comunion\",\"description\":\"\",\"publisher\":{\"@id\":\"https:\/\/bautizoycomunion.com\/#organization\"},\"potentialAction\":[{\"@type\":\"SearchAction\",\"target\":{\"@type\":\"EntryPoint\",\"urlTemplate\":\"https:\/\/bautizoycomunion.com\/?s={search_term_string}\"},\"query-input\":{\"@type\":\"PropertyValueSpecification\",\"valueRequired\":true,\"valueName\":\"search_term_string\"}}],\"inLanguage\":\"es\"},{\"@type\":\"Organization\",\"@id\":\"https:\/\/bautizoycomunion.com\/#organization\",\"name\":\"Bautizo y Comunion\",\"url\":\"https:\/\/bautizoycomunion.com\/\",\"logo\":{\"@type\":\"ImageObject\",\"inLanguage\":\"es\",\"@id\":\"https:\/\/bautizoycomunion.com\/#\/schema\/logo\/image\/\",\"url\":\"https:\/\/bautizoycomunion.com\/wp-content\/uploads\/2020\/02\/logo-bautizo-y-comunion.jpg\",\"contentUrl\":\"https:\/\/bautizoycomunion.com\/wp-content\/uploads\/2020\/02\/logo-bautizo-y-comunion.jpg\",\"width\":128,\"height\":128,\"caption\":\"Bautizo y Comunion\"},\"image\":{\"@id\":\"https:\/\/bautizoycomunion.com\/#\/schema\/logo\/image\/\"},\"sameAs\":[\"https:\/\/www.facebook.com\/BautizosyComuniones\",\"https:\/\/x.com\/BautizoComunion\",\"https:\/\/www.instagram.com\/bautizoycomunion\/\",\"https:\/\/www.pinterest.es\/BautizoComunion\/\",\"https:\/\/www.youtube.com\/user\/BautizoyComunionTV\"]},{\"@type\":\"Person\",\"@id\":\"https:\/\/bautizoycomunion.com\/#\/schema\/person\/71b91ab759bf77b5348a2f95d85e8ba0\",\"name\":\"publisher\",\"image\":{\"@type\":\"ImageObject\",\"inLanguage\":\"es\",\"@id\":\"https:\/\/bautizoycomunion.com\/#\/schema\/person\/image\/\",\"url\":\"https:\/\/secure.gravatar.com\/avatar\/b678a6a8c15d6fa37228489ffa29aff56590dfc95fbec3aa2c2f2cc9013b082f?s=96&d=mm&r=g\",\"contentUrl\":\"https:\/\/secure.gravatar.com\/avatar\/b678a6a8c15d6fa37228489ffa29aff56590dfc95fbec3aa2c2f2cc9013b082f?s=96&d=mm&r=g\",\"caption\":\"publisher\"}}]}<\/script>\n<!-- \/ Yoast SEO plugin. -->","yoast_head_json":{"title":"Descubre los vestidos de Comuni\u00f3n de Mon Air &#8211; Bautizo y Comunion","robots":{"index":"index","follow":"follow","max-snippet":"max-snippet:-1","max-image-preview":"max-image-preview:large","max-video-preview":"max-video-preview:-1"},"canonical":"https:\/\/bautizoycomunion.com\/index.php\/2015\/12\/09\/descubre-los-vestidos-de-comunion-de-mon-air\/","og_locale":"es_ES","og_type":"article","og_title":"Descubre los vestidos de Comuni\u00f3n de Mon Air &#8211; Bautizo y Comunion","og_description":"Seguro que ya estar\u00e9is pensando en los preparativos de la Primera Comuni\u00f3n de vuestros hijos, y por supuesto\u00a0la elecci\u00f3n del vestido es fundamental,\u00a0por eso\u00a0como siempre, desde Bautizo y Comuni\u00f3n os traigo los mejores modelitos, para que encontr\u00e9is el vestido perfecto para ese d\u00eda tan especial. Hoy os quiero ense\u00f1ar los &hellip; Sigue leyendo &rarr;","og_url":"https:\/\/bautizoycomunion.com\/index.php\/2015\/12\/09\/descubre-los-vestidos-de-comunion-de-mon-air\/","og_site_name":"Bautizo y Comunion","article_publisher":"https:\/\/www.facebook.com\/BautizosyComuniones","article_published_time":"2015-12-09T11:15:56+00:00","author":"publisher","twitter_card":"summary_large_image","twitter_creator":"@BautizoComunion","twitter_site":"@BautizoComunion","twitter_misc":{"Escrito por":"publisher","Tiempo de lectura":"1 minuto"},"schema":{"@context":"https:\/\/schema.org","@graph":[{"@type":"Article","@id":"https:\/\/bautizoycomunion.com\/index.php\/2015\/12\/09\/descubre-los-vestidos-de-comunion-de-mon-air\/#article","isPartOf":{"@id":"https:\/\/bautizoycomunion.com\/index.php\/2015\/12\/09\/descubre-los-vestidos-de-comunion-de-mon-air\/"},"author":{"name":"publisher","@id":"https:\/\/bautizoycomunion.com\/#\/schema\/person\/71b91ab759bf77b5348a2f95d85e8ba0"},"headline":"Descubre los vestidos de Comuni\u00f3n de Mon Air","datePublished":"2015-12-09T11:15:56+00:00","mainEntityOfPage":{"@id":"https:\/\/bautizoycomunion.com\/index.php\/2015\/12\/09\/descubre-los-vestidos-de-comunion-de-mon-air\/"},"wordCount":179,"commentCount":0,"publisher":{"@id":"https:\/\/bautizoycomunion.com\/#organization"},"image":{"@id":"https:\/\/bautizoycomunion.com\/index.php\/2015\/12\/09\/descubre-los-vestidos-de-comunion-de-mon-air\/#primaryimage"},"thumbnailUrl":"http:\/\/bautizoycomunion.com\/wp-content\/uploads\/2015\/12\/DSC_0098-1024x685.jpg","keywords":["complementos Comuni\u00f3n","comunion","fotos primera comunion","mon air","trajes comunion","vestidos comunion vintaje","vestidos de comunion","vestidos de Comuni\u00f3n estilo rom\u00e1ntico vintage","vestidos vintaje"],"articleSection":["Todas las entradas","Vestidos, trajes y zapatos de Comuni\u00f3n"],"inLanguage":"es","potentialAction":[{"@type":"CommentAction","name":"Comment","target":["https:\/\/bautizoycomunion.com\/index.php\/2015\/12\/09\/descubre-los-vestidos-de-comunion-de-mon-air\/#respond"]}]},{"@type":"WebPage","@id":"https:\/\/bautizoycomunion.com\/index.php\/2015\/12\/09\/descubre-los-vestidos-de-comunion-de-mon-air\/","url":"https:\/\/bautizoycomunion.com\/index.php\/2015\/12\/09\/descubre-los-vestidos-de-comunion-de-mon-air\/","name":"Descubre los vestidos de Comuni\u00f3n de Mon Air &#8211; Bautizo y Comunion","isPartOf":{"@id":"https:\/\/bautizoycomunion.com\/#website"},"primaryImageOfPage":{"@id":"https:\/\/bautizoycomunion.com\/index.php\/2015\/12\/09\/descubre-los-vestidos-de-comunion-de-mon-air\/#primaryimage"},"image":{"@id":"https:\/\/bautizoycomunion.com\/index.php\/2015\/12\/09\/descubre-los-vestidos-de-comunion-de-mon-air\/#primaryimage"},"thumbnailUrl":"http:\/\/bautizoycomunion.com\/wp-content\/uploads\/2015\/12\/DSC_0098-1024x685.jpg","datePublished":"2015-12-09T11:15:56+00:00","breadcrumb":{"@id":"https:\/\/bautizoycomunion.com\/index.php\/2015\/12\/09\/descubre-los-vestidos-de-comunion-de-mon-air\/#breadcrumb"},"inLanguage":"es","potentialAction":[{"@type":"ReadAction","target":["https:\/\/bautizoycomunion.com\/index.php\/2015\/12\/09\/descubre-los-vestidos-de-comunion-de-mon-air\/"]}]},{"@type":"ImageObject","inLanguage":"es","@id":"https:\/\/bautizoycomunion.com\/index.php\/2015\/12\/09\/descubre-los-vestidos-de-comunion-de-mon-air\/#primaryimage","url":"","contentUrl":""},{"@type":"BreadcrumbList","@id":"https:\/\/bautizoycomunion.com\/index.php\/2015\/12\/09\/descubre-los-vestidos-de-comunion-de-mon-air\/#breadcrumb","itemListElement":[{"@type":"ListItem","position":1,"name":"Portada","item":"https:\/\/bautizoycomunion.com\/"},{"@type":"ListItem","position":2,"name":"Descubre los vestidos de Comuni\u00f3n de Mon Air"}]},{"@type":"WebSite","@id":"https:\/\/bautizoycomunion.com\/#website","url":"https:\/\/bautizoycomunion.com\/","name":"Bautizo y Comunion","description":"","publisher":{"@id":"https:\/\/bautizoycomunion.com\/#organization"},"potentialAction":[{"@type":"SearchAction","target":{"@type":"EntryPoint","urlTemplate":"https:\/\/bautizoycomunion.com\/?s={search_term_string}"},"query-input":{"@type":"PropertyValueSpecification","valueRequired":true,"valueName":"search_term_string"}}],"inLanguage":"es"},{"@type":"Organization","@id":"https:\/\/bautizoycomunion.com\/#organization","name":"Bautizo y Comunion","url":"https:\/\/bautizoycomunion.com\/","logo":{"@type":"ImageObject","inLanguage":"es","@id":"https:\/\/bautizoycomunion.com\/#\/schema\/logo\/image\/","url":"https:\/\/bautizoycomunion.com\/wp-content\/uploads\/2020\/02\/logo-bautizo-y-comunion.jpg","contentUrl":"https:\/\/bautizoycomunion.com\/wp-content\/uploads\/2020\/02\/logo-bautizo-y-comunion.jpg","width":128,"height":128,"caption":"Bautizo y Comunion"},"image":{"@id":"https:\/\/bautizoycomunion.com\/#\/schema\/logo\/image\/"},"sameAs":["https:\/\/www.facebook.com\/BautizosyComuniones","https:\/\/x.com\/BautizoComunion","https:\/\/www.instagram.com\/bautizoycomunion\/","https:\/\/www.pinterest.es\/BautizoComunion\/","https:\/\/www.youtube.com\/user\/BautizoyComunionTV"]},{"@type":"Person","@id":"https:\/\/bautizoycomunion.com\/#\/schema\/person\/71b91ab759bf77b5348a2f95d85e8ba0","name":"publisher","image":{"@type":"ImageObject","inLanguage":"es","@id":"https:\/\/bautizoycomunion.com\/#\/schema\/person\/image\/","url":"https:\/\/secure.gravatar.com\/avatar\/b678a6a8c15d6fa37228489ffa29aff56590dfc95fbec3aa2c2f2cc9013b082f?s=96&d=mm&r=g","contentUrl":"https:\/\/secure.gravatar.com\/avatar\/b678a6a8c15d6fa37228489ffa29aff56590dfc95fbec3aa2c2f2cc9013b082f?s=96&d=mm&r=g","caption":"publisher"}}]}},"_links":{"self":[{"href":"https:\/\/bautizoycomunion.com\/index.php\/wp-json\/wp\/v2\/posts\/7238","targetHints":{"allow":["GET"]}}],"collection":[{"href":"https:\/\/bautizoycomunion.com\/index.php\/wp-json\/wp\/v2\/posts"}],"about":[{"href":"https:\/\/bautizoycomunion.com\/index.php\/wp-json\/wp\/v2\/types\/post"}],"author":[{"embeddable":true,"href":"https:\/\/bautizoycomunion.com\/index.php\/wp-json\/wp\/v2\/users\/3"}],"replies":[{"embeddable":true,"href":"https:\/\/bautizoycomunion.com\/index.php\/wp-json\/wp\/v2\/comments?post=7238"}],"version-history":[{"count":0,"href":"https:\/\/bautizoycomunion.com\/index.php\/wp-json\/wp\/v2\/posts\/7238\/revisions"}],"wp:attachment":[{"href":"https:\/\/bautizoycomunion.com\/index.php\/wp-json\/wp\/v2\/media?parent=7238"}],"wp:term":[{"taxonomy":"category","embeddable":true,"href":"https:\/\/bautizoycomunion.com\/index.php\/wp-json\/wp\/v2\/categories?post=7238"},{"taxonomy":"post_tag","embeddable":true,"href":"https:\/\/bautizoycomunion.com\/index.php\/wp-json\/wp\/v2\/tags?post=7238"}],"curies":[{"name":"wp","href":"https:\/\/api.w.org\/{rel}","templated":true}]}}