{"id":7463,"date":"2016-02-16T18:11:49","date_gmt":"2016-02-16T17:11:49","guid":{"rendered":"http:\/\/bautizoycomunion.com\/?p=7463"},"modified":"2017-07-10T15:47:51","modified_gmt":"2017-07-10T13:47:51","slug":"inspiracion-para-una-primera-comunion-vestidos-tocados-bailarinas-cruces-de-plata-fotografos","status":"publish","type":"post","link":"https:\/\/bautizoycomunion.com\/index.php\/2016\/02\/16\/inspiracion-para-una-primera-comunion-vestidos-tocados-bailarinas-cruces-de-plata-fotografos\/","title":{"rendered":"Inspiraci\u00f3n para una Primera Comuni\u00f3n: vestidos, tocados, bailarinas, cruces de plata, fot\u00f3grafos"},"content":{"rendered":"<p>Que ganas ten\u00edamos de ense\u00f1aros esta producci\u00f3n que hicimos hace unas semanas en una casa palacio del viejo Madrid. <strong>Bautizo y\u00a0<\/strong><b>Comuni\u00f3n<\/b>\u00a0organiz\u00f3 a varios colaboradores:\u00a0vestidos de Primera Comuni\u00f3n de <a href=\"http:\/\/www.teresaleticia.com\/\" target=\"_blank\" rel=\"noopener\">Teresa y Leticia<\/a>, bailarina de <a href=\"http:\/\/bellechiara.com\/\" target=\"_blank\" rel=\"noopener\">Bellechiara<\/a>, medallas cruces de plata y recordatorios de Comuni\u00f3n de <a href=\"http:\/\/limonae.com\/es\/16-comunion\" target=\"_blank\" rel=\"noopener\">Limonae<\/a>, tocados, coronas de flores de <a href=\"http:\/\/anetarosmund.es\/\" target=\"_blank\" rel=\"noopener\">Aneta Rosmund<\/a>, peluquer\u00eda y maquillaje <a href=\"http:\/\/www.martafrutos.es\/\" target=\"_blank\" rel=\"noopener\">Marta Frutos<\/a>\u00a0y con nuestra fot\u00f3grafa favorita <a href=\"http:\/\/patriciasemir.es\/\" target=\"_blank\" rel=\"noopener\">Patricia Semir<\/a>.<\/p>\n<p><a href=\"http:\/\/bellechiara.com\/\" target=\"_blank\" rel=\"noopener\"><img loading=\"lazy\" decoding=\"async\" class=\"aligncenter wp-image-8963 size-full\" title=\"Bailarinas de comuni\u00f3n \" src=\"http:\/\/bautizoycomunion.com\/wp-content\/uploads\/2016\/02\/zapatos-bailarinas-primera-comunion_zpsblgmauan.jpg\" alt=\"zapatos ni\u00f1a de comuni\u00f3n \" width=\"683\" height=\"1024\" srcset=\"https:\/\/bautizoycomunion.com\/wp-content\/uploads\/2016\/02\/zapatos-bailarinas-primera-comunion_zpsblgmauan.jpg 683w, https:\/\/bautizoycomunion.com\/wp-content\/uploads\/2016\/02\/zapatos-bailarinas-primera-comunion_zpsblgmauan-200x300.jpg 200w\" sizes=\"auto, (max-width: 683px) 100vw, 683px\" \/><\/a><\/p>\n<p>El resultado, un reportaje precioso y muy extenso, por eso os iremos ense\u00f1ando en varios posts todas las fotos, para que pod\u00e1is coger muchas ideas para ese d\u00eda tan especial de la Comuni\u00f3n de vuestra hija.<\/p>\n<p><a href=\"http:\/\/www.martafrutos.es\/\" target=\"_blank\" rel=\"noopener\"><img loading=\"lazy\" decoding=\"async\" class=\"aligncenter wp-image-8957 size-full\" title=\"tocado de flores espectacular comuniones\" src=\"http:\/\/bautizoycomunion.com\/wp-content\/uploads\/2016\/02\/medallas-yjoyas-para-primera-comunion_zpskuzelyzp.jpg\" alt=\"tocado de flores espectacular comuniones\" width=\"683\" height=\"1024\" srcset=\"https:\/\/bautizoycomunion.com\/wp-content\/uploads\/2016\/02\/medallas-yjoyas-para-primera-comunion_zpskuzelyzp.jpg 683w, https:\/\/bautizoycomunion.com\/wp-content\/uploads\/2016\/02\/medallas-yjoyas-para-primera-comunion_zpskuzelyzp-200x300.jpg 200w\" sizes=\"auto, (max-width: 683px) 100vw, 683px\" \/><\/a><\/p>\n<p>En esta foto In\u00e9s luce una estrella de plata con medalla en cord\u00f3n de terciopelo de <strong><a href=\"http:\/\/limonae.com\/16-regalos-de-comunion\">Limonae.<\/a><\/strong><\/p>\n<p>El trabajo de maquillaje y peluquer\u00eda que hizo Marta Frutos con las ni\u00f1as, fu\u00e9 muy delicado y natural. \u00a1Nos encant\u00f3!.<\/p>\n<p><a href=\"http:\/\/www.teresaleticia.com\/\" target=\"_blank\" rel=\"noopener\"><img loading=\"lazy\" decoding=\"async\" class=\"aligncenter wp-image-8984 size-full\" title=\"Vestidos primera comuni\u00f3n\" src=\"http:\/\/bautizoycomunion.com\/wp-content\/uploads\/2016\/02\/vestidos-primeras-comuniones_zpsvu1ssp7u.jpg\" alt=\"vestidos comuni\u00f3n ni\u00f1a\" width=\"683\" height=\"1024\" srcset=\"https:\/\/bautizoycomunion.com\/wp-content\/uploads\/2016\/02\/vestidos-primeras-comuniones_zpsvu1ssp7u.jpg 683w, https:\/\/bautizoycomunion.com\/wp-content\/uploads\/2016\/02\/vestidos-primeras-comuniones_zpsvu1ssp7u-200x300.jpg 200w\" sizes=\"auto, (max-width: 683px) 100vw, 683px\" \/><\/a><\/p>\n<p>Los vestidos de Teresa y Leticia,\u00a0favorecen a todo tipo de ni\u00f1as.<\/p>\n<p><a href=\"http:\/\/limonae.com\/81-detalles-comunion\" target=\"_blank\" rel=\"noopener\"><img loading=\"lazy\" decoding=\"async\" class=\"aligncenter wp-image-8985 size-full\" title=\"recordatorios originales primera comunion\" src=\"http:\/\/bautizoycomunion.com\/wp-content\/uploads\/2016\/02\/detalles-recordatorios-vinatge-para-invitados_zps968z6tmd.jpg\" alt=\"recordatorios estilo vintage primera comuni\u00f3n\" width=\"850\" height=\"567\" srcset=\"https:\/\/bautizoycomunion.com\/wp-content\/uploads\/2016\/02\/detalles-recordatorios-vinatge-para-invitados_zps968z6tmd.jpg 850w, https:\/\/bautizoycomunion.com\/wp-content\/uploads\/2016\/02\/detalles-recordatorios-vinatge-para-invitados_zps968z6tmd-300x200.jpg 300w, https:\/\/bautizoycomunion.com\/wp-content\/uploads\/2016\/02\/detalles-recordatorios-vinatge-para-invitados_zps968z6tmd-768x512.jpg 768w\" sizes=\"auto, (max-width: 850px) 100vw, 850px\" \/><\/a><\/p>\n<p>Estos recordatorios tipo vintage nos parecieron muy originales, los puedes encontrar en la web de Limonae.<\/p>\n<p><a href=\"http:\/\/www.teresaleticia.com\/\" target=\"_blank\" rel=\"noopener\"><img loading=\"lazy\" decoding=\"async\" class=\"aligncenter wp-image-8986 size-full\" title=\"vestidos primera comuni\u00f3n\" src=\"http:\/\/bautizoycomunion.com\/wp-content\/uploads\/2016\/02\/vestidos-de-comunion-teresa-y-leticia_zpskzfchrhi.jpg\" alt=\"ropa ni\u00f1as primera comuni\u00f3n\" width=\"683\" height=\"1024\" srcset=\"https:\/\/bautizoycomunion.com\/wp-content\/uploads\/2016\/02\/vestidos-de-comunion-teresa-y-leticia_zpskzfchrhi.jpg 683w, https:\/\/bautizoycomunion.com\/wp-content\/uploads\/2016\/02\/vestidos-de-comunion-teresa-y-leticia_zpskzfchrhi-200x300.jpg 200w\" sizes=\"auto, (max-width: 683px) 100vw, 683px\" \/><\/a><\/p>\n<p><a href=\"http:\/\/anetarosmund.es\/\" target=\"_blank\" rel=\"noopener\"><img loading=\"lazy\" decoding=\"async\" class=\"aligncenter wp-image-8987 size-full\" title=\"coronas de flores para primera comunion\" src=\"http:\/\/bautizoycomunion.com\/wp-content\/uploads\/2016\/02\/tocados-y-coronas-de-flores-comunion_zpsyyqzwgek.jpg\" alt=\"coronas de flores para primera comunion\" width=\"850\" height=\"478\" srcset=\"https:\/\/bautizoycomunion.com\/wp-content\/uploads\/2016\/02\/tocados-y-coronas-de-flores-comunion_zpsyyqzwgek.jpg 850w, https:\/\/bautizoycomunion.com\/wp-content\/uploads\/2016\/02\/tocados-y-coronas-de-flores-comunion_zpsyyqzwgek-300x169.jpg 300w, https:\/\/bautizoycomunion.com\/wp-content\/uploads\/2016\/02\/tocados-y-coronas-de-flores-comunion_zpsyyqzwgek-768x432.jpg 768w\" sizes=\"auto, (max-width: 850px) 100vw, 850px\" \/><\/a><\/p>\n<p>Maravillosas coronas de flores de\u00a0Aneta Rosmund.<\/p>\n<p><a href=\"http:\/\/patriciasemir.es\/\" target=\"_blank\" rel=\"noopener\"><img loading=\"lazy\" decoding=\"async\" class=\"aligncenter wp-image-8988 size-full\" title=\"fotograf\u00eda primera comuni\u00f3n\" src=\"http:\/\/bautizoycomunion.com\/wp-content\/uploads\/2016\/02\/inspiracion-primera-comunion_zpsufugylnt.jpg\" alt=\"sesiones de fotos de primera comuni\u00f3n baratas\" width=\"850\" height=\"453\" srcset=\"https:\/\/bautizoycomunion.com\/wp-content\/uploads\/2016\/02\/inspiracion-primera-comunion_zpsufugylnt.jpg 850w, https:\/\/bautizoycomunion.com\/wp-content\/uploads\/2016\/02\/inspiracion-primera-comunion_zpsufugylnt-300x160.jpg 300w, https:\/\/bautizoycomunion.com\/wp-content\/uploads\/2016\/02\/inspiracion-primera-comunion_zpsufugylnt-768x409.jpg 768w\" sizes=\"auto, (max-width: 850px) 100vw, 850px\" \/><\/a><\/p>\n<p><a href=\"http:\/\/limonae.com\/16-regalos-de-comunion\" target=\"_blank\" rel=\"noopener\"><img loading=\"lazy\" decoding=\"async\" class=\"aligncenter wp-image-8989 size-full\" title=\"tocados-especiales-comunion-cruz-nacar\" src=\"http:\/\/bautizoycomunion.com\/wp-content\/uploads\/2016\/02\/tocados-especiales-comunion-cruz-nacar_zpson2faqem.jpg\" alt=\"vestidos comunion con fajin tocado vintage\" width=\"683\" height=\"1024\" srcset=\"https:\/\/bautizoycomunion.com\/wp-content\/uploads\/2016\/02\/tocados-especiales-comunion-cruz-nacar_zpson2faqem.jpg 683w, https:\/\/bautizoycomunion.com\/wp-content\/uploads\/2016\/02\/tocados-especiales-comunion-cruz-nacar_zpson2faqem-200x300.jpg 200w\" sizes=\"auto, (max-width: 683px) 100vw, 683px\" \/><\/a><\/p>\n<p><a href=\"http:\/\/patriciasemir.es\/\" target=\"_blank\" rel=\"noopener\"><img loading=\"lazy\" decoding=\"async\" class=\"aligncenter wp-image-8990 size-full\" title=\"fotograf\u00edas especiales comuni\u00f3n\" src=\"http:\/\/bautizoycomunion.com\/wp-content\/uploads\/2016\/02\/fotografos-madrid-primera-comunion-patricia-semir_zpsvxsg8ekw.jpg\" alt=\"fotograf\u00edas especiales comuni\u00f3n\" width=\"683\" height=\"1024\" srcset=\"https:\/\/bautizoycomunion.com\/wp-content\/uploads\/2016\/02\/fotografos-madrid-primera-comunion-patricia-semir_zpsvxsg8ekw.jpg 683w, https:\/\/bautizoycomunion.com\/wp-content\/uploads\/2016\/02\/fotografos-madrid-primera-comunion-patricia-semir_zpsvxsg8ekw-200x300.jpg 200w\" sizes=\"auto, (max-width: 683px) 100vw, 683px\" \/><\/a><\/p>\n<p>Espero que os haya gustado, tanto como a nosotros prepararlo.<\/p>\n<p>Muchas gracias a:<\/p>\n<p>Vestidos de Primera Comuni\u00f3n de <a href=\"http:\/\/www.teresaleticia.com\/\" target=\"_blank\" rel=\"noopener\">Teresa y Leticia<\/a><br \/>\nBailarina de <a href=\"https:\/\/www.facebook.com\/Belle-Chiara-231527803667016\/\" target=\"_blank\" rel=\"noopener\">Bellechiara<\/a><br \/>\nMedallas cruces de plata y recordatorios de Comuni\u00f3n de <a href=\"http:\/\/limonae.com\/es\/16-comunion\" target=\"_blank\" rel=\"noopener\">Limonae<\/a><br \/>\nTocados, coronas de flores de <a href=\"https:\/\/www.instagram.com\/anetarosmund_\/\" target=\"_blank\" rel=\"noopener\">Aneta Rosmund<\/a><br \/>\nPeluquer\u00eda y maquillaje <a href=\"https:\/\/www.instagram.com\/marta_frutos\/\" target=\"_blank\" rel=\"noopener\">Marta Frutos<\/a><br \/>\nFot\u00f3graf\u00eda <a href=\"http:\/\/patriciasemir.es\/\" target=\"_blank\" rel=\"noopener\">Patricia Semir<\/a>.<\/p>\n","protected":false},"excerpt":{"rendered":"<p>Que ganas ten\u00edamos de ense\u00f1aros esta producci\u00f3n que hicimos hace unas semanas en una casa palacio del viejo Madrid. Bautizo y\u00a0Comuni\u00f3n\u00a0organiz\u00f3 a varios colaboradores:\u00a0vestidos de Primera Comuni\u00f3n de Teresa y Leticia, bailarina de Bellechiara, medallas cruces de plata y recordatorios de Comuni\u00f3n de Limonae, tocados, coronas de flores de Aneta &hellip; <a class=\"more-link\" href=\"https:\/\/bautizoycomunion.com\/index.php\/2016\/02\/16\/inspiracion-para-una-primera-comunion-vestidos-tocados-bailarinas-cruces-de-plata-fotografos\/\"><span class=\"more-msg\">Sigue leyendo &rarr;<\/span><\/a><\/p>\n","protected":false},"author":3,"featured_media":0,"comment_status":"open","ping_status":"open","sticky":false,"template":"","format":"standard","meta":{"footnotes":""},"categories":[11,15,16,19],"tags":[54,204,305,403,553,648,719,877,905,953],"class_list":["post-7463","post","type-post","status-publish","format-standard","hentry","category-detalles-para-invitados-y-recordatorios","category-tocados-y-coronas","category-uncategorized","category-vestidos-de-comunion","tag-bailarinas","tag-corona-de-flores","tag-detalles-para-invitados","tag-fotografo","tag-maquillaje","tag-peluqueria","tag-recordatorios","tag-tocados","tag-trajes-de-comunion","tag-vestidos-de-comunion-2"],"yoast_head":"<!-- This site is optimized with the Yoast SEO plugin v26.1.1 - https:\/\/yoast.com\/wordpress\/plugins\/seo\/ -->\n<title>Inspiraci\u00f3n para una Primera Comuni\u00f3n: vestidos, tocados, bailarinas, cruces de plata, fot\u00f3grafos &#8211; Bautizo y Comunion<\/title>\n<meta name=\"robots\" content=\"index, follow, max-snippet:-1, max-image-preview:large, max-video-preview:-1\" \/>\n<link rel=\"canonical\" href=\"https:\/\/bautizoycomunion.com\/index.php\/2016\/02\/16\/inspiracion-para-una-primera-comunion-vestidos-tocados-bailarinas-cruces-de-plata-fotografos\/\" \/>\n<meta property=\"og:locale\" content=\"es_ES\" \/>\n<meta property=\"og:type\" content=\"article\" \/>\n<meta property=\"og:title\" content=\"Inspiraci\u00f3n para una Primera Comuni\u00f3n: vestidos, tocados, bailarinas, cruces de plata, fot\u00f3grafos &#8211; Bautizo y Comunion\" \/>\n<meta property=\"og:description\" content=\"Que ganas ten\u00edamos de ense\u00f1aros esta producci\u00f3n que hicimos hace unas semanas en una casa palacio del viejo Madrid. Bautizo y\u00a0Comuni\u00f3n\u00a0organiz\u00f3 a varios colaboradores:\u00a0vestidos de Primera Comuni\u00f3n de Teresa y Leticia, bailarina de Bellechiara, medallas cruces de plata y recordatorios de Comuni\u00f3n de Limonae, tocados, coronas de flores de Aneta &hellip; Sigue leyendo &rarr;\" \/>\n<meta property=\"og:url\" content=\"https:\/\/bautizoycomunion.com\/index.php\/2016\/02\/16\/inspiracion-para-una-primera-comunion-vestidos-tocados-bailarinas-cruces-de-plata-fotografos\/\" \/>\n<meta property=\"og:site_name\" content=\"Bautizo y Comunion\" \/>\n<meta property=\"article:publisher\" content=\"https:\/\/www.facebook.com\/BautizosyComuniones\" \/>\n<meta property=\"article:published_time\" content=\"2016-02-16T17:11:49+00:00\" \/>\n<meta property=\"article:modified_time\" content=\"2017-07-10T13:47:51+00:00\" \/>\n<meta property=\"og:image\" content=\"https:\/\/bautizoycomunion.com\/wp-content\/uploads\/2016\/02\/zapatos-bailarinas-primera-comunion_zpsblgmauan.jpg\" \/>\n\t<meta property=\"og:image:width\" content=\"683\" \/>\n\t<meta property=\"og:image:height\" content=\"1024\" \/>\n\t<meta property=\"og:image:type\" content=\"image\/jpeg\" \/>\n<meta name=\"author\" content=\"publisher\" \/>\n<meta name=\"twitter:card\" content=\"summary_large_image\" \/>\n<meta name=\"twitter:creator\" content=\"@BautizoComunion\" \/>\n<meta name=\"twitter:site\" content=\"@BautizoComunion\" \/>\n<meta name=\"twitter:label1\" content=\"Escrito por\" \/>\n\t<meta name=\"twitter:data1\" content=\"publisher\" \/>\n\t<meta name=\"twitter:label2\" content=\"Tiempo de lectura\" \/>\n\t<meta name=\"twitter:data2\" content=\"1 minuto\" \/>\n<script type=\"application\/ld+json\" class=\"yoast-schema-graph\">{\"@context\":\"https:\/\/schema.org\",\"@graph\":[{\"@type\":\"Article\",\"@id\":\"https:\/\/bautizoycomunion.com\/index.php\/2016\/02\/16\/inspiracion-para-una-primera-comunion-vestidos-tocados-bailarinas-cruces-de-plata-fotografos\/#article\",\"isPartOf\":{\"@id\":\"https:\/\/bautizoycomunion.com\/index.php\/2016\/02\/16\/inspiracion-para-una-primera-comunion-vestidos-tocados-bailarinas-cruces-de-plata-fotografos\/\"},\"author\":{\"name\":\"publisher\",\"@id\":\"https:\/\/bautizoycomunion.com\/#\/schema\/person\/71b91ab759bf77b5348a2f95d85e8ba0\"},\"headline\":\"Inspiraci\u00f3n para una Primera Comuni\u00f3n: vestidos, tocados, bailarinas, cruces de plata, fot\u00f3grafos\",\"datePublished\":\"2016-02-16T17:11:49+00:00\",\"dateModified\":\"2017-07-10T13:47:51+00:00\",\"mainEntityOfPage\":{\"@id\":\"https:\/\/bautizoycomunion.com\/index.php\/2016\/02\/16\/inspiracion-para-una-primera-comunion-vestidos-tocados-bailarinas-cruces-de-plata-fotografos\/\"},\"wordCount\":260,\"commentCount\":0,\"publisher\":{\"@id\":\"https:\/\/bautizoycomunion.com\/#organization\"},\"image\":{\"@id\":\"https:\/\/bautizoycomunion.com\/index.php\/2016\/02\/16\/inspiracion-para-una-primera-comunion-vestidos-tocados-bailarinas-cruces-de-plata-fotografos\/#primaryimage\"},\"thumbnailUrl\":\"http:\/\/bautizoycomunion.com\/wp-content\/uploads\/2016\/02\/zapatos-bailarinas-primera-comunion_zpsblgmauan.jpg\",\"keywords\":[\"bailarinas\",\"corona de flores\",\"detalles para invitados\",\"fotografo\",\"maquillaje\",\"peluqueria\",\"recordatorios\",\"tocados\",\"Trajes de Comuni\u00f3n\",\"vestidos de comunion\"],\"articleSection\":[\"Detalles para invitados y recordatorios de Comuni\u00f3n\",\"Tocados, diademas, coronas de flores y peinados Comuni\u00f3n\",\"Todas las entradas\",\"Vestidos, trajes y zapatos de Comuni\u00f3n\"],\"inLanguage\":\"es\",\"potentialAction\":[{\"@type\":\"CommentAction\",\"name\":\"Comment\",\"target\":[\"https:\/\/bautizoycomunion.com\/index.php\/2016\/02\/16\/inspiracion-para-una-primera-comunion-vestidos-tocados-bailarinas-cruces-de-plata-fotografos\/#respond\"]}]},{\"@type\":\"WebPage\",\"@id\":\"https:\/\/bautizoycomunion.com\/index.php\/2016\/02\/16\/inspiracion-para-una-primera-comunion-vestidos-tocados-bailarinas-cruces-de-plata-fotografos\/\",\"url\":\"https:\/\/bautizoycomunion.com\/index.php\/2016\/02\/16\/inspiracion-para-una-primera-comunion-vestidos-tocados-bailarinas-cruces-de-plata-fotografos\/\",\"name\":\"Inspiraci\u00f3n para una Primera Comuni\u00f3n: vestidos, tocados, bailarinas, cruces de plata, fot\u00f3grafos &#8211; Bautizo y Comunion\",\"isPartOf\":{\"@id\":\"https:\/\/bautizoycomunion.com\/#website\"},\"primaryImageOfPage\":{\"@id\":\"https:\/\/bautizoycomunion.com\/index.php\/2016\/02\/16\/inspiracion-para-una-primera-comunion-vestidos-tocados-bailarinas-cruces-de-plata-fotografos\/#primaryimage\"},\"image\":{\"@id\":\"https:\/\/bautizoycomunion.com\/index.php\/2016\/02\/16\/inspiracion-para-una-primera-comunion-vestidos-tocados-bailarinas-cruces-de-plata-fotografos\/#primaryimage\"},\"thumbnailUrl\":\"http:\/\/bautizoycomunion.com\/wp-content\/uploads\/2016\/02\/zapatos-bailarinas-primera-comunion_zpsblgmauan.jpg\",\"datePublished\":\"2016-02-16T17:11:49+00:00\",\"dateModified\":\"2017-07-10T13:47:51+00:00\",\"breadcrumb\":{\"@id\":\"https:\/\/bautizoycomunion.com\/index.php\/2016\/02\/16\/inspiracion-para-una-primera-comunion-vestidos-tocados-bailarinas-cruces-de-plata-fotografos\/#breadcrumb\"},\"inLanguage\":\"es\",\"potentialAction\":[{\"@type\":\"ReadAction\",\"target\":[\"https:\/\/bautizoycomunion.com\/index.php\/2016\/02\/16\/inspiracion-para-una-primera-comunion-vestidos-tocados-bailarinas-cruces-de-plata-fotografos\/\"]}]},{\"@type\":\"ImageObject\",\"inLanguage\":\"es\",\"@id\":\"https:\/\/bautizoycomunion.com\/index.php\/2016\/02\/16\/inspiracion-para-una-primera-comunion-vestidos-tocados-bailarinas-cruces-de-plata-fotografos\/#primaryimage\",\"url\":\"https:\/\/bautizoycomunion.com\/wp-content\/uploads\/2016\/02\/zapatos-bailarinas-primera-comunion_zpsblgmauan.jpg\",\"contentUrl\":\"https:\/\/bautizoycomunion.com\/wp-content\/uploads\/2016\/02\/zapatos-bailarinas-primera-comunion_zpsblgmauan.jpg\",\"width\":683,\"height\":1024},{\"@type\":\"BreadcrumbList\",\"@id\":\"https:\/\/bautizoycomunion.com\/index.php\/2016\/02\/16\/inspiracion-para-una-primera-comunion-vestidos-tocados-bailarinas-cruces-de-plata-fotografos\/#breadcrumb\",\"itemListElement\":[{\"@type\":\"ListItem\",\"position\":1,\"name\":\"Portada\",\"item\":\"https:\/\/bautizoycomunion.com\/\"},{\"@type\":\"ListItem\",\"position\":2,\"name\":\"Inspiraci\u00f3n para una Primera Comuni\u00f3n: vestidos, tocados, bailarinas, cruces de plata, fot\u00f3grafos\"}]},{\"@type\":\"WebSite\",\"@id\":\"https:\/\/bautizoycomunion.com\/#website\",\"url\":\"https:\/\/bautizoycomunion.com\/\",\"name\":\"Bautizo y Comunion\",\"description\":\"\",\"publisher\":{\"@id\":\"https:\/\/bautizoycomunion.com\/#organization\"},\"potentialAction\":[{\"@type\":\"SearchAction\",\"target\":{\"@type\":\"EntryPoint\",\"urlTemplate\":\"https:\/\/bautizoycomunion.com\/?s={search_term_string}\"},\"query-input\":{\"@type\":\"PropertyValueSpecification\",\"valueRequired\":true,\"valueName\":\"search_term_string\"}}],\"inLanguage\":\"es\"},{\"@type\":\"Organization\",\"@id\":\"https:\/\/bautizoycomunion.com\/#organization\",\"name\":\"Bautizo y Comunion\",\"url\":\"https:\/\/bautizoycomunion.com\/\",\"logo\":{\"@type\":\"ImageObject\",\"inLanguage\":\"es\",\"@id\":\"https:\/\/bautizoycomunion.com\/#\/schema\/logo\/image\/\",\"url\":\"https:\/\/bautizoycomunion.com\/wp-content\/uploads\/2020\/02\/logo-bautizo-y-comunion.jpg\",\"contentUrl\":\"https:\/\/bautizoycomunion.com\/wp-content\/uploads\/2020\/02\/logo-bautizo-y-comunion.jpg\",\"width\":128,\"height\":128,\"caption\":\"Bautizo y Comunion\"},\"image\":{\"@id\":\"https:\/\/bautizoycomunion.com\/#\/schema\/logo\/image\/\"},\"sameAs\":[\"https:\/\/www.facebook.com\/BautizosyComuniones\",\"https:\/\/x.com\/BautizoComunion\",\"https:\/\/www.instagram.com\/bautizoycomunion\/\",\"https:\/\/www.pinterest.es\/BautizoComunion\/\",\"https:\/\/www.youtube.com\/user\/BautizoyComunionTV\"]},{\"@type\":\"Person\",\"@id\":\"https:\/\/bautizoycomunion.com\/#\/schema\/person\/71b91ab759bf77b5348a2f95d85e8ba0\",\"name\":\"publisher\",\"image\":{\"@type\":\"ImageObject\",\"inLanguage\":\"es\",\"@id\":\"https:\/\/bautizoycomunion.com\/#\/schema\/person\/image\/\",\"url\":\"https:\/\/secure.gravatar.com\/avatar\/b678a6a8c15d6fa37228489ffa29aff56590dfc95fbec3aa2c2f2cc9013b082f?s=96&d=mm&r=g\",\"contentUrl\":\"https:\/\/secure.gravatar.com\/avatar\/b678a6a8c15d6fa37228489ffa29aff56590dfc95fbec3aa2c2f2cc9013b082f?s=96&d=mm&r=g\",\"caption\":\"publisher\"}}]}<\/script>\n<!-- \/ Yoast SEO plugin. -->","yoast_head_json":{"title":"Inspiraci\u00f3n para una Primera Comuni\u00f3n: vestidos, tocados, bailarinas, cruces de plata, fot\u00f3grafos &#8211; Bautizo y Comunion","robots":{"index":"index","follow":"follow","max-snippet":"max-snippet:-1","max-image-preview":"max-image-preview:large","max-video-preview":"max-video-preview:-1"},"canonical":"https:\/\/bautizoycomunion.com\/index.php\/2016\/02\/16\/inspiracion-para-una-primera-comunion-vestidos-tocados-bailarinas-cruces-de-plata-fotografos\/","og_locale":"es_ES","og_type":"article","og_title":"Inspiraci\u00f3n para una Primera Comuni\u00f3n: vestidos, tocados, bailarinas, cruces de plata, fot\u00f3grafos &#8211; Bautizo y Comunion","og_description":"Que ganas ten\u00edamos de ense\u00f1aros esta producci\u00f3n que hicimos hace unas semanas en una casa palacio del viejo Madrid. Bautizo y\u00a0Comuni\u00f3n\u00a0organiz\u00f3 a varios colaboradores:\u00a0vestidos de Primera Comuni\u00f3n de Teresa y Leticia, bailarina de Bellechiara, medallas cruces de plata y recordatorios de Comuni\u00f3n de Limonae, tocados, coronas de flores de Aneta &hellip; Sigue leyendo &rarr;","og_url":"https:\/\/bautizoycomunion.com\/index.php\/2016\/02\/16\/inspiracion-para-una-primera-comunion-vestidos-tocados-bailarinas-cruces-de-plata-fotografos\/","og_site_name":"Bautizo y Comunion","article_publisher":"https:\/\/www.facebook.com\/BautizosyComuniones","article_published_time":"2016-02-16T17:11:49+00:00","article_modified_time":"2017-07-10T13:47:51+00:00","og_image":[{"width":683,"height":1024,"url":"https:\/\/bautizoycomunion.com\/wp-content\/uploads\/2016\/02\/zapatos-bailarinas-primera-comunion_zpsblgmauan.jpg","type":"image\/jpeg"}],"author":"publisher","twitter_card":"summary_large_image","twitter_creator":"@BautizoComunion","twitter_site":"@BautizoComunion","twitter_misc":{"Escrito por":"publisher","Tiempo de lectura":"1 minuto"},"schema":{"@context":"https:\/\/schema.org","@graph":[{"@type":"Article","@id":"https:\/\/bautizoycomunion.com\/index.php\/2016\/02\/16\/inspiracion-para-una-primera-comunion-vestidos-tocados-bailarinas-cruces-de-plata-fotografos\/#article","isPartOf":{"@id":"https:\/\/bautizoycomunion.com\/index.php\/2016\/02\/16\/inspiracion-para-una-primera-comunion-vestidos-tocados-bailarinas-cruces-de-plata-fotografos\/"},"author":{"name":"publisher","@id":"https:\/\/bautizoycomunion.com\/#\/schema\/person\/71b91ab759bf77b5348a2f95d85e8ba0"},"headline":"Inspiraci\u00f3n para una Primera Comuni\u00f3n: vestidos, tocados, bailarinas, cruces de plata, fot\u00f3grafos","datePublished":"2016-02-16T17:11:49+00:00","dateModified":"2017-07-10T13:47:51+00:00","mainEntityOfPage":{"@id":"https:\/\/bautizoycomunion.com\/index.php\/2016\/02\/16\/inspiracion-para-una-primera-comunion-vestidos-tocados-bailarinas-cruces-de-plata-fotografos\/"},"wordCount":260,"commentCount":0,"publisher":{"@id":"https:\/\/bautizoycomunion.com\/#organization"},"image":{"@id":"https:\/\/bautizoycomunion.com\/index.php\/2016\/02\/16\/inspiracion-para-una-primera-comunion-vestidos-tocados-bailarinas-cruces-de-plata-fotografos\/#primaryimage"},"thumbnailUrl":"http:\/\/bautizoycomunion.com\/wp-content\/uploads\/2016\/02\/zapatos-bailarinas-primera-comunion_zpsblgmauan.jpg","keywords":["bailarinas","corona de flores","detalles para invitados","fotografo","maquillaje","peluqueria","recordatorios","tocados","Trajes de Comuni\u00f3n","vestidos de comunion"],"articleSection":["Detalles para invitados y recordatorios de Comuni\u00f3n","Tocados, diademas, coronas de flores y peinados Comuni\u00f3n","Todas las entradas","Vestidos, trajes y zapatos de Comuni\u00f3n"],"inLanguage":"es","potentialAction":[{"@type":"CommentAction","name":"Comment","target":["https:\/\/bautizoycomunion.com\/index.php\/2016\/02\/16\/inspiracion-para-una-primera-comunion-vestidos-tocados-bailarinas-cruces-de-plata-fotografos\/#respond"]}]},{"@type":"WebPage","@id":"https:\/\/bautizoycomunion.com\/index.php\/2016\/02\/16\/inspiracion-para-una-primera-comunion-vestidos-tocados-bailarinas-cruces-de-plata-fotografos\/","url":"https:\/\/bautizoycomunion.com\/index.php\/2016\/02\/16\/inspiracion-para-una-primera-comunion-vestidos-tocados-bailarinas-cruces-de-plata-fotografos\/","name":"Inspiraci\u00f3n para una Primera Comuni\u00f3n: vestidos, tocados, bailarinas, cruces de plata, fot\u00f3grafos &#8211; Bautizo y Comunion","isPartOf":{"@id":"https:\/\/bautizoycomunion.com\/#website"},"primaryImageOfPage":{"@id":"https:\/\/bautizoycomunion.com\/index.php\/2016\/02\/16\/inspiracion-para-una-primera-comunion-vestidos-tocados-bailarinas-cruces-de-plata-fotografos\/#primaryimage"},"image":{"@id":"https:\/\/bautizoycomunion.com\/index.php\/2016\/02\/16\/inspiracion-para-una-primera-comunion-vestidos-tocados-bailarinas-cruces-de-plata-fotografos\/#primaryimage"},"thumbnailUrl":"http:\/\/bautizoycomunion.com\/wp-content\/uploads\/2016\/02\/zapatos-bailarinas-primera-comunion_zpsblgmauan.jpg","datePublished":"2016-02-16T17:11:49+00:00","dateModified":"2017-07-10T13:47:51+00:00","breadcrumb":{"@id":"https:\/\/bautizoycomunion.com\/index.php\/2016\/02\/16\/inspiracion-para-una-primera-comunion-vestidos-tocados-bailarinas-cruces-de-plata-fotografos\/#breadcrumb"},"inLanguage":"es","potentialAction":[{"@type":"ReadAction","target":["https:\/\/bautizoycomunion.com\/index.php\/2016\/02\/16\/inspiracion-para-una-primera-comunion-vestidos-tocados-bailarinas-cruces-de-plata-fotografos\/"]}]},{"@type":"ImageObject","inLanguage":"es","@id":"https:\/\/bautizoycomunion.com\/index.php\/2016\/02\/16\/inspiracion-para-una-primera-comunion-vestidos-tocados-bailarinas-cruces-de-plata-fotografos\/#primaryimage","url":"https:\/\/bautizoycomunion.com\/wp-content\/uploads\/2016\/02\/zapatos-bailarinas-primera-comunion_zpsblgmauan.jpg","contentUrl":"https:\/\/bautizoycomunion.com\/wp-content\/uploads\/2016\/02\/zapatos-bailarinas-primera-comunion_zpsblgmauan.jpg","width":683,"height":1024},{"@type":"BreadcrumbList","@id":"https:\/\/bautizoycomunion.com\/index.php\/2016\/02\/16\/inspiracion-para-una-primera-comunion-vestidos-tocados-bailarinas-cruces-de-plata-fotografos\/#breadcrumb","itemListElement":[{"@type":"ListItem","position":1,"name":"Portada","item":"https:\/\/bautizoycomunion.com\/"},{"@type":"ListItem","position":2,"name":"Inspiraci\u00f3n para una Primera Comuni\u00f3n: vestidos, tocados, bailarinas, cruces de plata, fot\u00f3grafos"}]},{"@type":"WebSite","@id":"https:\/\/bautizoycomunion.com\/#website","url":"https:\/\/bautizoycomunion.com\/","name":"Bautizo y Comunion","description":"","publisher":{"@id":"https:\/\/bautizoycomunion.com\/#organization"},"potentialAction":[{"@type":"SearchAction","target":{"@type":"EntryPoint","urlTemplate":"https:\/\/bautizoycomunion.com\/?s={search_term_string}"},"query-input":{"@type":"PropertyValueSpecification","valueRequired":true,"valueName":"search_term_string"}}],"inLanguage":"es"},{"@type":"Organization","@id":"https:\/\/bautizoycomunion.com\/#organization","name":"Bautizo y Comunion","url":"https:\/\/bautizoycomunion.com\/","logo":{"@type":"ImageObject","inLanguage":"es","@id":"https:\/\/bautizoycomunion.com\/#\/schema\/logo\/image\/","url":"https:\/\/bautizoycomunion.com\/wp-content\/uploads\/2020\/02\/logo-bautizo-y-comunion.jpg","contentUrl":"https:\/\/bautizoycomunion.com\/wp-content\/uploads\/2020\/02\/logo-bautizo-y-comunion.jpg","width":128,"height":128,"caption":"Bautizo y Comunion"},"image":{"@id":"https:\/\/bautizoycomunion.com\/#\/schema\/logo\/image\/"},"sameAs":["https:\/\/www.facebook.com\/BautizosyComuniones","https:\/\/x.com\/BautizoComunion","https:\/\/www.instagram.com\/bautizoycomunion\/","https:\/\/www.pinterest.es\/BautizoComunion\/","https:\/\/www.youtube.com\/user\/BautizoyComunionTV"]},{"@type":"Person","@id":"https:\/\/bautizoycomunion.com\/#\/schema\/person\/71b91ab759bf77b5348a2f95d85e8ba0","name":"publisher","image":{"@type":"ImageObject","inLanguage":"es","@id":"https:\/\/bautizoycomunion.com\/#\/schema\/person\/image\/","url":"https:\/\/secure.gravatar.com\/avatar\/b678a6a8c15d6fa37228489ffa29aff56590dfc95fbec3aa2c2f2cc9013b082f?s=96&d=mm&r=g","contentUrl":"https:\/\/secure.gravatar.com\/avatar\/b678a6a8c15d6fa37228489ffa29aff56590dfc95fbec3aa2c2f2cc9013b082f?s=96&d=mm&r=g","caption":"publisher"}}]}},"_links":{"self":[{"href":"https:\/\/bautizoycomunion.com\/index.php\/wp-json\/wp\/v2\/posts\/7463","targetHints":{"allow":["GET"]}}],"collection":[{"href":"https:\/\/bautizoycomunion.com\/index.php\/wp-json\/wp\/v2\/posts"}],"about":[{"href":"https:\/\/bautizoycomunion.com\/index.php\/wp-json\/wp\/v2\/types\/post"}],"author":[{"embeddable":true,"href":"https:\/\/bautizoycomunion.com\/index.php\/wp-json\/wp\/v2\/users\/3"}],"replies":[{"embeddable":true,"href":"https:\/\/bautizoycomunion.com\/index.php\/wp-json\/wp\/v2\/comments?post=7463"}],"version-history":[{"count":5,"href":"https:\/\/bautizoycomunion.com\/index.php\/wp-json\/wp\/v2\/posts\/7463\/revisions"}],"predecessor-version":[{"id":8982,"href":"https:\/\/bautizoycomunion.com\/index.php\/wp-json\/wp\/v2\/posts\/7463\/revisions\/8982"}],"wp:attachment":[{"href":"https:\/\/bautizoycomunion.com\/index.php\/wp-json\/wp\/v2\/media?parent=7463"}],"wp:term":[{"taxonomy":"category","embeddable":true,"href":"https:\/\/bautizoycomunion.com\/index.php\/wp-json\/wp\/v2\/categories?post=7463"},{"taxonomy":"post_tag","embeddable":true,"href":"https:\/\/bautizoycomunion.com\/index.php\/wp-json\/wp\/v2\/tags?post=7463"}],"curies":[{"name":"wp","href":"https:\/\/api.w.org\/{rel}","templated":true}]}}