{"id":7864,"date":"2016-10-18T17:36:06","date_gmt":"2016-10-18T15:36:06","guid":{"rendered":"http:\/\/bautizoycomunion.com\/?p=7864"},"modified":"2017-06-28T16:13:32","modified_gmt":"2017-06-28T14:13:32","slug":"vestidos-para-bautizos","status":"publish","type":"post","link":"https:\/\/bautizoycomunion.com\/index.php\/2016\/10\/18\/vestidos-para-bautizos\/","title":{"rendered":"Vestidos para bautizos"},"content":{"rendered":"<div class=\"rsSlide rsActiveSlide\">\n<div class=\"horizontal imageFormat\" data-titlehtml=\"Vestidos para bautizo: ideas para ni\u00f1o y ni\u00f1a (Foto) | Ella Hoy\">\n<div class=\"fixedText\">\n<p id=\"anteprima_0\" class=\"anteprima\"><a href=\"http:\/\/www.elreciennacido.com\">En El Reci\u00e9n Nacido\u00a0<\/a>te proponemos algunas ideas de vestidos para los bautizos de ni\u00f1o o ni\u00f1o, con propuestas cl\u00e1sicas, sencillas y elegantes. Para una fecha tan se\u00f1alada es <strong>importante prestar atenci\u00f3n tanto al vestido como a los detalles que acompa\u00f1an a la ceremonia.<\/strong> Estos son algunos de los dise\u00f1os que te proponemos, todos especiales y \u00fanicos tanto en su su formas, su tejido y sus suaves colores.<\/p>\n<\/div>\n<\/div>\n<\/div>\n<div class=\"rsSlide \"><\/div>\n<h1>Fald\u00f3n de Bautizo C\u00f3rdoba con capota<\/h1>\n<p>Este precioso<strong> fald\u00f3n para el Bautizo<\/strong> incluye una capota a juego. Es un fald\u00f3n de cristal\u00a0en color crema, adornado ricamente <strong>con bodoques, encajes y lazos<\/strong>. Est\u00e1 fabricado en Espa\u00f1a.\u00a0Largo: 65\u00a0cm. A un precio realmente asequible. Lo mejor de estos faldones son<strong> su precio tan barato.<\/strong><\/p>\n<p><a href=\"http:\/\/www.elreciennacido.com\/vestidos-para-bautizo\" target=\"_blank\" rel=\"noopener\"><img loading=\"lazy\" decoding=\"async\" class=\"aligncenter wp-image-8765 size-full\" title=\"Patucos bautizo\" src=\"http:\/\/bautizoycomunion.com\/wp-content\/uploads\/2016\/10\/vestidos-bautizo_zpst7ka0mbu.jpg\" alt=\"vestidos bautizo\" width=\"850\" height=\"563\" srcset=\"https:\/\/bautizoycomunion.com\/wp-content\/uploads\/2016\/10\/vestidos-bautizo_zpst7ka0mbu.jpg 850w, https:\/\/bautizoycomunion.com\/wp-content\/uploads\/2016\/10\/vestidos-bautizo_zpst7ka0mbu-300x199.jpg 300w, https:\/\/bautizoycomunion.com\/wp-content\/uploads\/2016\/10\/vestidos-bautizo_zpst7ka0mbu-768x509.jpg 768w\" sizes=\"auto, (max-width: 850px) 100vw, 850px\" \/><\/a><\/p>\n<p>Tu beb\u00e9 estar\u00e1 precioso ese d\u00eda tan especial&#8230; recuerda esa fecha con un detalle inolvidable, <strong>como esta vela personalizada<\/strong>\u00a0que lleva el nombre del beb\u00e9 y la fecha de su Bautismo.<\/p>\n<p><a href=\"http:\/\/www.elreciennacido.com\/vestidos-para-bautizo\" target=\"_blank\" rel=\"noopener\"><img loading=\"lazy\" decoding=\"async\" class=\"aligncenter wp-image-8764 size-full\" title=\"Velas para bautizo\" src=\"http:\/\/bautizoycomunion.com\/wp-content\/uploads\/2016\/10\/velas-para-bautizos_zpsfwagn05s-1.jpg\" alt=\"faldones cristianar\" width=\"850\" height=\"382\" srcset=\"https:\/\/bautizoycomunion.com\/wp-content\/uploads\/2016\/10\/velas-para-bautizos_zpsfwagn05s-1.jpg 850w, https:\/\/bautizoycomunion.com\/wp-content\/uploads\/2016\/10\/velas-para-bautizos_zpsfwagn05s-1-300x135.jpg 300w, https:\/\/bautizoycomunion.com\/wp-content\/uploads\/2016\/10\/velas-para-bautizos_zpsfwagn05s-1-768x345.jpg 768w\" sizes=\"auto, (max-width: 850px) 100vw, 850px\" \/><\/a><\/p>\n<h1>Fald\u00f3n de Bautizo Sevilla con capota<\/h1>\n<div id=\"short_description_block\">\n<div id=\"short_description_content\" class=\"rte align_justify\">\n<p>Este Fald\u00f3n de cristal\u00a0en beige con <strong>peque\u00f1os bodoques y encajes<\/strong> es perfecto para un Bautismo.\u00a0Incluye <strong>capota a juego<\/strong>.\u00a0Largo: 65\u00a0cm.<\/p>\n<p><a href=\"http:\/\/www.elreciennacido.com\/vestidos-para-bautizo\" target=\"_blank\" rel=\"noopener\"><img loading=\"lazy\" decoding=\"async\" class=\"aligncenter wp-image-8761 size-full\" title=\"Fald\u00f3n de bautismo\" src=\"http:\/\/bautizoycomunion.com\/wp-content\/uploads\/2016\/10\/cuerpo-faldon-sevilla_zpsivvy1nlu.jpg\" alt=\"traje bautizo ni\u00f1a\" width=\"1024\" height=\"1024\" srcset=\"https:\/\/bautizoycomunion.com\/wp-content\/uploads\/2016\/10\/cuerpo-faldon-sevilla_zpsivvy1nlu.jpg 1024w, https:\/\/bautizoycomunion.com\/wp-content\/uploads\/2016\/10\/cuerpo-faldon-sevilla_zpsivvy1nlu-150x150.jpg 150w, https:\/\/bautizoycomunion.com\/wp-content\/uploads\/2016\/10\/cuerpo-faldon-sevilla_zpsivvy1nlu-300x300.jpg 300w, https:\/\/bautizoycomunion.com\/wp-content\/uploads\/2016\/10\/cuerpo-faldon-sevilla_zpsivvy1nlu-768x768.jpg 768w\" sizes=\"auto, (max-width: 1024px) 100vw, 1024px\" \/><\/a><\/p>\n<\/div>\n<\/div>\n<p>&nbsp;<\/p>\n<p><strong>El vestido es uno de los detalles m\u00e1s importantes<\/strong> a tener en cuenta cuando organizamos un evento tan especial como es el Bautizo. Todos los ojos estar\u00e1n puestos en \u00e9l, y ser\u00e1 un recuerdo inolvidable con el paso de los a\u00f1os.<\/p>\n<p><a href=\"http:\/\/www.elreciennacido.com\/vestidos-para-bautizo\" target=\"_blank\" rel=\"noopener\"><img loading=\"lazy\" decoding=\"async\" class=\"aligncenter wp-image-8770 size-full\" title=\"vestido bautizo ni\u00f1a\" src=\"http:\/\/bautizoycomunion.com\/wp-content\/uploads\/2016\/10\/faldon-bautizo_zpsa4kvemr9.jpg\" alt=\"fald\u00f3n bautizo\" width=\"850\" height=\"563\" srcset=\"https:\/\/bautizoycomunion.com\/wp-content\/uploads\/2016\/10\/faldon-bautizo_zpsa4kvemr9.jpg 850w, https:\/\/bautizoycomunion.com\/wp-content\/uploads\/2016\/10\/faldon-bautizo_zpsa4kvemr9-300x199.jpg 300w, https:\/\/bautizoycomunion.com\/wp-content\/uploads\/2016\/10\/faldon-bautizo_zpsa4kvemr9-768x509.jpg 768w\" sizes=\"auto, (max-width: 850px) 100vw, 850px\" \/><\/a><\/p>\n<p><strong>Los\u00a0<\/strong><b>detalles<\/b>\u00a0siempre son importantes en todas las celebraciones y mucho m\u00e1s en esta ocasi\u00f3n. <strong>Estos encajes<\/strong> adornan el vestido del Bautizo d\u00e1ndole un toque de distinci\u00f3n y elegancia.<\/p>\n<p><a href=\"http:\/\/www.elreciennacido.com\/vestidos-para-bautizo\" target=\"_blank\" rel=\"noopener\"><img loading=\"lazy\" decoding=\"async\" class=\"aligncenter wp-image-8768 size-full\" title=\"detalle encaje fald\u00f3n ni\u00f1a\" src=\"http:\/\/bautizoycomunion.com\/wp-content\/uploads\/2016\/10\/encajes-vestido-bebe_zpsmlrf23mt.jpg\" alt=\"vestidos ni\u00f1as bautizo\" width=\"850\" height=\"435\" srcset=\"https:\/\/bautizoycomunion.com\/wp-content\/uploads\/2016\/10\/encajes-vestido-bebe_zpsmlrf23mt.jpg 850w, https:\/\/bautizoycomunion.com\/wp-content\/uploads\/2016\/10\/encajes-vestido-bebe_zpsmlrf23mt-300x154.jpg 300w, https:\/\/bautizoycomunion.com\/wp-content\/uploads\/2016\/10\/encajes-vestido-bebe_zpsmlrf23mt-768x393.jpg 768w\" sizes=\"auto, (max-width: 850px) 100vw, 850px\" \/><\/a><\/p>\n<p>&nbsp;<\/p>\n<h1>Concha bautismal con nombre del beb\u00e9<\/h1>\n<div id=\"short_description_block\">\n<div id=\"short_description_content\" class=\"rte align_justify\">\n<p><strong>Concha de bautizo<\/strong>, de cristal con un medall\u00f3n plateado en el que <strong>grabamos el nombre del beb\u00e9 en el momento. <\/strong>Es un regalo muy especial para regalar a un beb\u00e9 para su bautizo, especialmente pensado<strong> para madrinas y padrinos.\u00a0<\/strong>Viene presentado en una bonita caja.<\/p>\n<p><a href=\"http:\/\/www.elreciennacido.com\/vestidos-para-bautizo\" target=\"_blank\" rel=\"noopener\"><img loading=\"lazy\" decoding=\"async\" class=\"aligncenter wp-image-8769 size-full\" title=\"Concha bautizo\" src=\"http:\/\/bautizoycomunion.com\/wp-content\/uploads\/2016\/10\/concha-bautismo-madreperla_zpsr16scf53.jpg\" alt=\"regalos bautizo \" width=\"850\" height=\"488\" srcset=\"https:\/\/bautizoycomunion.com\/wp-content\/uploads\/2016\/10\/concha-bautismo-madreperla_zpsr16scf53.jpg 850w, https:\/\/bautizoycomunion.com\/wp-content\/uploads\/2016\/10\/concha-bautismo-madreperla_zpsr16scf53-300x172.jpg 300w, https:\/\/bautizoycomunion.com\/wp-content\/uploads\/2016\/10\/concha-bautismo-madreperla_zpsr16scf53-768x441.jpg 768w\" sizes=\"auto, (max-width: 850px) 100vw, 850px\" \/><\/a><\/p>\n<\/div>\n<\/div>\n<p>&nbsp;<\/p>\n<p>Puedes encargar estos vestidos y regalos para Bautizo en nuestra tienda online de <a href=\"http:\/\/www.elreciennacido.com\">El recien nacido<\/a><br \/>\n<strong>Tel\u00e9fono\u00a0915 99 14 36<\/strong><\/p>\n","protected":false},"excerpt":{"rendered":"<p>En El Reci\u00e9n Nacido\u00a0te proponemos algunas ideas de vestidos para los bautizos de ni\u00f1o o ni\u00f1o, con propuestas cl\u00e1sicas, sencillas y elegantes. Para una fecha tan se\u00f1alada es importante prestar atenci\u00f3n tanto al vestido como a los detalles que acompa\u00f1an a la ceremonia. Estos son algunos de los dise\u00f1os que &hellip; <a class=\"more-link\" href=\"https:\/\/bautizoycomunion.com\/index.php\/2016\/10\/18\/vestidos-para-bautizos\/\"><span class=\"more-msg\">Sigue leyendo &rarr;<\/span><\/a><\/p>\n","protected":false},"author":3,"featured_media":0,"comment_status":"open","ping_status":"open","sticky":false,"template":"","format":"standard","meta":{"footnotes":""},"categories":[12,16,18],"tags":[25,91,190,351,938],"class_list":["post-7864","post","type-post","status-publish","format-standard","hentry","category-regalos-para-bautizo","category-uncategorized","category-vestido-bautizo","tag-adornos-bautizo","tag-bordados-y-encajes","tag-concha-de-bautismo","tag-faldon-bautizo","tag-vestidos-bautizo"],"yoast_head":"<!-- This site is optimized with the Yoast SEO plugin v26.1.1 - https:\/\/yoast.com\/wordpress\/plugins\/seo\/ -->\n<title>Vestidos para bautizos &#8211; Bautizo y Comunion<\/title>\n<meta name=\"robots\" content=\"index, follow, max-snippet:-1, max-image-preview:large, max-video-preview:-1\" \/>\n<link rel=\"canonical\" href=\"https:\/\/bautizoycomunion.com\/index.php\/2016\/10\/18\/vestidos-para-bautizos\/\" \/>\n<meta property=\"og:locale\" content=\"es_ES\" \/>\n<meta property=\"og:type\" content=\"article\" \/>\n<meta property=\"og:title\" content=\"Vestidos para bautizos &#8211; Bautizo y Comunion\" \/>\n<meta property=\"og:description\" content=\"En El Reci\u00e9n Nacido\u00a0te proponemos algunas ideas de vestidos para los bautizos de ni\u00f1o o ni\u00f1o, con propuestas cl\u00e1sicas, sencillas y elegantes. Para una fecha tan se\u00f1alada es importante prestar atenci\u00f3n tanto al vestido como a los detalles que acompa\u00f1an a la ceremonia. Estos son algunos de los dise\u00f1os que &hellip; Sigue leyendo &rarr;\" \/>\n<meta property=\"og:url\" content=\"https:\/\/bautizoycomunion.com\/index.php\/2016\/10\/18\/vestidos-para-bautizos\/\" \/>\n<meta property=\"og:site_name\" content=\"Bautizo y Comunion\" \/>\n<meta property=\"article:publisher\" content=\"https:\/\/www.facebook.com\/BautizosyComuniones\" \/>\n<meta property=\"article:published_time\" content=\"2016-10-18T15:36:06+00:00\" \/>\n<meta property=\"article:modified_time\" content=\"2017-06-28T14:13:32+00:00\" \/>\n<meta property=\"og:image\" content=\"https:\/\/bautizoycomunion.com\/wp-content\/uploads\/2016\/10\/vestidos-bautizo_zpst7ka0mbu.jpg\" \/>\n\t<meta property=\"og:image:width\" content=\"850\" \/>\n\t<meta property=\"og:image:height\" content=\"563\" \/>\n\t<meta property=\"og:image:type\" content=\"image\/jpeg\" \/>\n<meta name=\"author\" content=\"publisher\" \/>\n<meta name=\"twitter:card\" content=\"summary_large_image\" \/>\n<meta name=\"twitter:creator\" content=\"@BautizoComunion\" \/>\n<meta name=\"twitter:site\" content=\"@BautizoComunion\" \/>\n<meta name=\"twitter:label1\" content=\"Escrito por\" \/>\n\t<meta name=\"twitter:data1\" content=\"publisher\" \/>\n\t<meta name=\"twitter:label2\" content=\"Tiempo de lectura\" \/>\n\t<meta name=\"twitter:data2\" content=\"2 minutos\" \/>\n<script type=\"application\/ld+json\" class=\"yoast-schema-graph\">{\"@context\":\"https:\/\/schema.org\",\"@graph\":[{\"@type\":\"Article\",\"@id\":\"https:\/\/bautizoycomunion.com\/index.php\/2016\/10\/18\/vestidos-para-bautizos\/#article\",\"isPartOf\":{\"@id\":\"https:\/\/bautizoycomunion.com\/index.php\/2016\/10\/18\/vestidos-para-bautizos\/\"},\"author\":{\"name\":\"publisher\",\"@id\":\"https:\/\/bautizoycomunion.com\/#\/schema\/person\/71b91ab759bf77b5348a2f95d85e8ba0\"},\"headline\":\"Vestidos para bautizos\",\"datePublished\":\"2016-10-18T15:36:06+00:00\",\"dateModified\":\"2017-06-28T14:13:32+00:00\",\"mainEntityOfPage\":{\"@id\":\"https:\/\/bautizoycomunion.com\/index.php\/2016\/10\/18\/vestidos-para-bautizos\/\"},\"wordCount\":350,\"commentCount\":0,\"publisher\":{\"@id\":\"https:\/\/bautizoycomunion.com\/#organization\"},\"image\":{\"@id\":\"https:\/\/bautizoycomunion.com\/index.php\/2016\/10\/18\/vestidos-para-bautizos\/#primaryimage\"},\"thumbnailUrl\":\"http:\/\/bautizoycomunion.com\/wp-content\/uploads\/2016\/10\/vestidos-bautizo_zpst7ka0mbu.jpg\",\"keywords\":[\"Adornos bautizo\",\"bordados y encajes\",\"Concha de Bautismo\",\"faldon bautizo\",\"vestidos bautizo\"],\"articleSection\":[\"Regalos para Bautizo\",\"Todas las entradas\",\"Vestidos y faldones para Bautizo\"],\"inLanguage\":\"es\",\"potentialAction\":[{\"@type\":\"CommentAction\",\"name\":\"Comment\",\"target\":[\"https:\/\/bautizoycomunion.com\/index.php\/2016\/10\/18\/vestidos-para-bautizos\/#respond\"]}]},{\"@type\":\"WebPage\",\"@id\":\"https:\/\/bautizoycomunion.com\/index.php\/2016\/10\/18\/vestidos-para-bautizos\/\",\"url\":\"https:\/\/bautizoycomunion.com\/index.php\/2016\/10\/18\/vestidos-para-bautizos\/\",\"name\":\"Vestidos para bautizos &#8211; Bautizo y Comunion\",\"isPartOf\":{\"@id\":\"https:\/\/bautizoycomunion.com\/#website\"},\"primaryImageOfPage\":{\"@id\":\"https:\/\/bautizoycomunion.com\/index.php\/2016\/10\/18\/vestidos-para-bautizos\/#primaryimage\"},\"image\":{\"@id\":\"https:\/\/bautizoycomunion.com\/index.php\/2016\/10\/18\/vestidos-para-bautizos\/#primaryimage\"},\"thumbnailUrl\":\"http:\/\/bautizoycomunion.com\/wp-content\/uploads\/2016\/10\/vestidos-bautizo_zpst7ka0mbu.jpg\",\"datePublished\":\"2016-10-18T15:36:06+00:00\",\"dateModified\":\"2017-06-28T14:13:32+00:00\",\"breadcrumb\":{\"@id\":\"https:\/\/bautizoycomunion.com\/index.php\/2016\/10\/18\/vestidos-para-bautizos\/#breadcrumb\"},\"inLanguage\":\"es\",\"potentialAction\":[{\"@type\":\"ReadAction\",\"target\":[\"https:\/\/bautizoycomunion.com\/index.php\/2016\/10\/18\/vestidos-para-bautizos\/\"]}]},{\"@type\":\"ImageObject\",\"inLanguage\":\"es\",\"@id\":\"https:\/\/bautizoycomunion.com\/index.php\/2016\/10\/18\/vestidos-para-bautizos\/#primaryimage\",\"url\":\"https:\/\/bautizoycomunion.com\/wp-content\/uploads\/2016\/10\/vestidos-bautizo_zpst7ka0mbu.jpg\",\"contentUrl\":\"https:\/\/bautizoycomunion.com\/wp-content\/uploads\/2016\/10\/vestidos-bautizo_zpst7ka0mbu.jpg\",\"width\":850,\"height\":563},{\"@type\":\"BreadcrumbList\",\"@id\":\"https:\/\/bautizoycomunion.com\/index.php\/2016\/10\/18\/vestidos-para-bautizos\/#breadcrumb\",\"itemListElement\":[{\"@type\":\"ListItem\",\"position\":1,\"name\":\"Portada\",\"item\":\"https:\/\/bautizoycomunion.com\/\"},{\"@type\":\"ListItem\",\"position\":2,\"name\":\"Vestidos para bautizos\"}]},{\"@type\":\"WebSite\",\"@id\":\"https:\/\/bautizoycomunion.com\/#website\",\"url\":\"https:\/\/bautizoycomunion.com\/\",\"name\":\"Bautizo y Comunion\",\"description\":\"\",\"publisher\":{\"@id\":\"https:\/\/bautizoycomunion.com\/#organization\"},\"potentialAction\":[{\"@type\":\"SearchAction\",\"target\":{\"@type\":\"EntryPoint\",\"urlTemplate\":\"https:\/\/bautizoycomunion.com\/?s={search_term_string}\"},\"query-input\":{\"@type\":\"PropertyValueSpecification\",\"valueRequired\":true,\"valueName\":\"search_term_string\"}}],\"inLanguage\":\"es\"},{\"@type\":\"Organization\",\"@id\":\"https:\/\/bautizoycomunion.com\/#organization\",\"name\":\"Bautizo y Comunion\",\"url\":\"https:\/\/bautizoycomunion.com\/\",\"logo\":{\"@type\":\"ImageObject\",\"inLanguage\":\"es\",\"@id\":\"https:\/\/bautizoycomunion.com\/#\/schema\/logo\/image\/\",\"url\":\"https:\/\/bautizoycomunion.com\/wp-content\/uploads\/2020\/02\/logo-bautizo-y-comunion.jpg\",\"contentUrl\":\"https:\/\/bautizoycomunion.com\/wp-content\/uploads\/2020\/02\/logo-bautizo-y-comunion.jpg\",\"width\":128,\"height\":128,\"caption\":\"Bautizo y Comunion\"},\"image\":{\"@id\":\"https:\/\/bautizoycomunion.com\/#\/schema\/logo\/image\/\"},\"sameAs\":[\"https:\/\/www.facebook.com\/BautizosyComuniones\",\"https:\/\/x.com\/BautizoComunion\",\"https:\/\/www.instagram.com\/bautizoycomunion\/\",\"https:\/\/www.pinterest.es\/BautizoComunion\/\",\"https:\/\/www.youtube.com\/user\/BautizoyComunionTV\"]},{\"@type\":\"Person\",\"@id\":\"https:\/\/bautizoycomunion.com\/#\/schema\/person\/71b91ab759bf77b5348a2f95d85e8ba0\",\"name\":\"publisher\",\"image\":{\"@type\":\"ImageObject\",\"inLanguage\":\"es\",\"@id\":\"https:\/\/bautizoycomunion.com\/#\/schema\/person\/image\/\",\"url\":\"https:\/\/secure.gravatar.com\/avatar\/b678a6a8c15d6fa37228489ffa29aff56590dfc95fbec3aa2c2f2cc9013b082f?s=96&d=mm&r=g\",\"contentUrl\":\"https:\/\/secure.gravatar.com\/avatar\/b678a6a8c15d6fa37228489ffa29aff56590dfc95fbec3aa2c2f2cc9013b082f?s=96&d=mm&r=g\",\"caption\":\"publisher\"}}]}<\/script>\n<!-- \/ Yoast SEO plugin. -->","yoast_head_json":{"title":"Vestidos para bautizos &#8211; Bautizo y Comunion","robots":{"index":"index","follow":"follow","max-snippet":"max-snippet:-1","max-image-preview":"max-image-preview:large","max-video-preview":"max-video-preview:-1"},"canonical":"https:\/\/bautizoycomunion.com\/index.php\/2016\/10\/18\/vestidos-para-bautizos\/","og_locale":"es_ES","og_type":"article","og_title":"Vestidos para bautizos &#8211; Bautizo y Comunion","og_description":"En El Reci\u00e9n Nacido\u00a0te proponemos algunas ideas de vestidos para los bautizos de ni\u00f1o o ni\u00f1o, con propuestas cl\u00e1sicas, sencillas y elegantes. Para una fecha tan se\u00f1alada es importante prestar atenci\u00f3n tanto al vestido como a los detalles que acompa\u00f1an a la ceremonia. Estos son algunos de los dise\u00f1os que &hellip; Sigue leyendo &rarr;","og_url":"https:\/\/bautizoycomunion.com\/index.php\/2016\/10\/18\/vestidos-para-bautizos\/","og_site_name":"Bautizo y Comunion","article_publisher":"https:\/\/www.facebook.com\/BautizosyComuniones","article_published_time":"2016-10-18T15:36:06+00:00","article_modified_time":"2017-06-28T14:13:32+00:00","og_image":[{"width":850,"height":563,"url":"https:\/\/bautizoycomunion.com\/wp-content\/uploads\/2016\/10\/vestidos-bautizo_zpst7ka0mbu.jpg","type":"image\/jpeg"}],"author":"publisher","twitter_card":"summary_large_image","twitter_creator":"@BautizoComunion","twitter_site":"@BautizoComunion","twitter_misc":{"Escrito por":"publisher","Tiempo de lectura":"2 minutos"},"schema":{"@context":"https:\/\/schema.org","@graph":[{"@type":"Article","@id":"https:\/\/bautizoycomunion.com\/index.php\/2016\/10\/18\/vestidos-para-bautizos\/#article","isPartOf":{"@id":"https:\/\/bautizoycomunion.com\/index.php\/2016\/10\/18\/vestidos-para-bautizos\/"},"author":{"name":"publisher","@id":"https:\/\/bautizoycomunion.com\/#\/schema\/person\/71b91ab759bf77b5348a2f95d85e8ba0"},"headline":"Vestidos para bautizos","datePublished":"2016-10-18T15:36:06+00:00","dateModified":"2017-06-28T14:13:32+00:00","mainEntityOfPage":{"@id":"https:\/\/bautizoycomunion.com\/index.php\/2016\/10\/18\/vestidos-para-bautizos\/"},"wordCount":350,"commentCount":0,"publisher":{"@id":"https:\/\/bautizoycomunion.com\/#organization"},"image":{"@id":"https:\/\/bautizoycomunion.com\/index.php\/2016\/10\/18\/vestidos-para-bautizos\/#primaryimage"},"thumbnailUrl":"http:\/\/bautizoycomunion.com\/wp-content\/uploads\/2016\/10\/vestidos-bautizo_zpst7ka0mbu.jpg","keywords":["Adornos bautizo","bordados y encajes","Concha de Bautismo","faldon bautizo","vestidos bautizo"],"articleSection":["Regalos para Bautizo","Todas las entradas","Vestidos y faldones para Bautizo"],"inLanguage":"es","potentialAction":[{"@type":"CommentAction","name":"Comment","target":["https:\/\/bautizoycomunion.com\/index.php\/2016\/10\/18\/vestidos-para-bautizos\/#respond"]}]},{"@type":"WebPage","@id":"https:\/\/bautizoycomunion.com\/index.php\/2016\/10\/18\/vestidos-para-bautizos\/","url":"https:\/\/bautizoycomunion.com\/index.php\/2016\/10\/18\/vestidos-para-bautizos\/","name":"Vestidos para bautizos &#8211; Bautizo y Comunion","isPartOf":{"@id":"https:\/\/bautizoycomunion.com\/#website"},"primaryImageOfPage":{"@id":"https:\/\/bautizoycomunion.com\/index.php\/2016\/10\/18\/vestidos-para-bautizos\/#primaryimage"},"image":{"@id":"https:\/\/bautizoycomunion.com\/index.php\/2016\/10\/18\/vestidos-para-bautizos\/#primaryimage"},"thumbnailUrl":"http:\/\/bautizoycomunion.com\/wp-content\/uploads\/2016\/10\/vestidos-bautizo_zpst7ka0mbu.jpg","datePublished":"2016-10-18T15:36:06+00:00","dateModified":"2017-06-28T14:13:32+00:00","breadcrumb":{"@id":"https:\/\/bautizoycomunion.com\/index.php\/2016\/10\/18\/vestidos-para-bautizos\/#breadcrumb"},"inLanguage":"es","potentialAction":[{"@type":"ReadAction","target":["https:\/\/bautizoycomunion.com\/index.php\/2016\/10\/18\/vestidos-para-bautizos\/"]}]},{"@type":"ImageObject","inLanguage":"es","@id":"https:\/\/bautizoycomunion.com\/index.php\/2016\/10\/18\/vestidos-para-bautizos\/#primaryimage","url":"https:\/\/bautizoycomunion.com\/wp-content\/uploads\/2016\/10\/vestidos-bautizo_zpst7ka0mbu.jpg","contentUrl":"https:\/\/bautizoycomunion.com\/wp-content\/uploads\/2016\/10\/vestidos-bautizo_zpst7ka0mbu.jpg","width":850,"height":563},{"@type":"BreadcrumbList","@id":"https:\/\/bautizoycomunion.com\/index.php\/2016\/10\/18\/vestidos-para-bautizos\/#breadcrumb","itemListElement":[{"@type":"ListItem","position":1,"name":"Portada","item":"https:\/\/bautizoycomunion.com\/"},{"@type":"ListItem","position":2,"name":"Vestidos para bautizos"}]},{"@type":"WebSite","@id":"https:\/\/bautizoycomunion.com\/#website","url":"https:\/\/bautizoycomunion.com\/","name":"Bautizo y Comunion","description":"","publisher":{"@id":"https:\/\/bautizoycomunion.com\/#organization"},"potentialAction":[{"@type":"SearchAction","target":{"@type":"EntryPoint","urlTemplate":"https:\/\/bautizoycomunion.com\/?s={search_term_string}"},"query-input":{"@type":"PropertyValueSpecification","valueRequired":true,"valueName":"search_term_string"}}],"inLanguage":"es"},{"@type":"Organization","@id":"https:\/\/bautizoycomunion.com\/#organization","name":"Bautizo y Comunion","url":"https:\/\/bautizoycomunion.com\/","logo":{"@type":"ImageObject","inLanguage":"es","@id":"https:\/\/bautizoycomunion.com\/#\/schema\/logo\/image\/","url":"https:\/\/bautizoycomunion.com\/wp-content\/uploads\/2020\/02\/logo-bautizo-y-comunion.jpg","contentUrl":"https:\/\/bautizoycomunion.com\/wp-content\/uploads\/2020\/02\/logo-bautizo-y-comunion.jpg","width":128,"height":128,"caption":"Bautizo y Comunion"},"image":{"@id":"https:\/\/bautizoycomunion.com\/#\/schema\/logo\/image\/"},"sameAs":["https:\/\/www.facebook.com\/BautizosyComuniones","https:\/\/x.com\/BautizoComunion","https:\/\/www.instagram.com\/bautizoycomunion\/","https:\/\/www.pinterest.es\/BautizoComunion\/","https:\/\/www.youtube.com\/user\/BautizoyComunionTV"]},{"@type":"Person","@id":"https:\/\/bautizoycomunion.com\/#\/schema\/person\/71b91ab759bf77b5348a2f95d85e8ba0","name":"publisher","image":{"@type":"ImageObject","inLanguage":"es","@id":"https:\/\/bautizoycomunion.com\/#\/schema\/person\/image\/","url":"https:\/\/secure.gravatar.com\/avatar\/b678a6a8c15d6fa37228489ffa29aff56590dfc95fbec3aa2c2f2cc9013b082f?s=96&d=mm&r=g","contentUrl":"https:\/\/secure.gravatar.com\/avatar\/b678a6a8c15d6fa37228489ffa29aff56590dfc95fbec3aa2c2f2cc9013b082f?s=96&d=mm&r=g","caption":"publisher"}}]}},"_links":{"self":[{"href":"https:\/\/bautizoycomunion.com\/index.php\/wp-json\/wp\/v2\/posts\/7864","targetHints":{"allow":["GET"]}}],"collection":[{"href":"https:\/\/bautizoycomunion.com\/index.php\/wp-json\/wp\/v2\/posts"}],"about":[{"href":"https:\/\/bautizoycomunion.com\/index.php\/wp-json\/wp\/v2\/types\/post"}],"author":[{"embeddable":true,"href":"https:\/\/bautizoycomunion.com\/index.php\/wp-json\/wp\/v2\/users\/3"}],"replies":[{"embeddable":true,"href":"https:\/\/bautizoycomunion.com\/index.php\/wp-json\/wp\/v2\/comments?post=7864"}],"version-history":[{"count":2,"href":"https:\/\/bautizoycomunion.com\/index.php\/wp-json\/wp\/v2\/posts\/7864\/revisions"}],"predecessor-version":[{"id":8771,"href":"https:\/\/bautizoycomunion.com\/index.php\/wp-json\/wp\/v2\/posts\/7864\/revisions\/8771"}],"wp:attachment":[{"href":"https:\/\/bautizoycomunion.com\/index.php\/wp-json\/wp\/v2\/media?parent=7864"}],"wp:term":[{"taxonomy":"category","embeddable":true,"href":"https:\/\/bautizoycomunion.com\/index.php\/wp-json\/wp\/v2\/categories?post=7864"},{"taxonomy":"post_tag","embeddable":true,"href":"https:\/\/bautizoycomunion.com\/index.php\/wp-json\/wp\/v2\/tags?post=7864"}],"curies":[{"name":"wp","href":"https:\/\/api.w.org\/{rel}","templated":true}]}}