{"id":7937,"date":"2016-11-23T18:23:27","date_gmt":"2016-11-23T18:23:27","guid":{"rendered":"http:\/\/bautizoycomunion.com\/?p=7937"},"modified":"2017-06-28T15:51:52","modified_gmt":"2017-06-28T13:51:52","slug":"pijamas-la-piyama","status":"publish","type":"post","link":"https:\/\/bautizoycomunion.com\/index.php\/2016\/11\/23\/pijamas-la-piyama\/","title":{"rendered":"Pijamas La Piyama"},"content":{"rendered":"<h1>Regalos tradicionales para una Primera Comuni\u00f3n<\/h1>\n<p>A veces es dif\u00edcil pensar en qu\u00e9 regalarle a una ni\u00f1a que ha hecho su Primera Comuni\u00f3n. Una idea de toda la vida\u00a0y pr\u00e1ctica, es regalarle un camis\u00f3n con bata para que estrene esa primera noche del d\u00eda de su Comuni\u00f3n.<\/p>\n<p>Y si hablamos de pijamas infantiles, tenemos que ense\u00f1aros la preciosa colecci\u00f3n de Comuni\u00f3n de <a href=\"http:\/\/www.pijamasinfantiles.es\/\" target=\"_blank\" rel=\"noopener\">LaPiyama<\/a><\/p>\n<p><a href=\"http:\/\/www.pijamasinfantiles.es\/\" target=\"_blank\" rel=\"noopener\"><img loading=\"lazy\" decoding=\"async\" class=\"aligncenter wp-image-8749 size-full\" title=\"Camisones de ni\u00f1a-La Piyama\" src=\"http:\/\/bautizoycomunion.com\/wp-content\/uploads\/2016\/11\/camisones-infantiles_zpsfwocfikf.jpg\" alt=\"camisones infantiles\" width=\"850\" height=\"500\" srcset=\"https:\/\/bautizoycomunion.com\/wp-content\/uploads\/2016\/11\/camisones-infantiles_zpsfwocfikf.jpg 850w, https:\/\/bautizoycomunion.com\/wp-content\/uploads\/2016\/11\/camisones-infantiles_zpsfwocfikf-300x176.jpg 300w, https:\/\/bautizoycomunion.com\/wp-content\/uploads\/2016\/11\/camisones-infantiles_zpsfwocfikf-768x452.jpg 768w\" sizes=\"auto, (max-width: 850px) 100vw, 850px\" \/><\/a><\/p>\n<p><a href=\"http:\/\/www.pijamasinfantiles.es\/\" target=\"_blank\" rel=\"noopener\">LaPiyama<\/a> es una marca espa\u00f1ola, que desde hace cuatro a\u00f1os se dedica\u00a0al dise\u00f1o, confecci\u00f3n y distribuci\u00f3n de pijamas infantiles de edades comprendidas entre 2-14 a\u00f1os.<br \/>\nDesde Marbella, ciudad que inspira sus\u00a0colecciones con su luz y esencia mediterr\u00e1nea.<\/p>\n<p><a href=\"http:\/\/www.pijamasinfantiles.es\/\" target=\"_blank\" rel=\"noopener\"><img loading=\"lazy\" decoding=\"async\" class=\"aligncenter wp-image-8750 size-full\" title=\"Camis\u00f3n blanco\" src=\"http:\/\/bautizoycomunion.com\/wp-content\/uploads\/2016\/11\/camison-blanco-nintildea_zpstklmsxlo.jpg\" alt=\"camisones para ni\u00f1as\" width=\"950\" height=\"619\" srcset=\"https:\/\/bautizoycomunion.com\/wp-content\/uploads\/2016\/11\/camison-blanco-nintildea_zpstklmsxlo.jpg 950w, https:\/\/bautizoycomunion.com\/wp-content\/uploads\/2016\/11\/camison-blanco-nintildea_zpstklmsxlo-300x195.jpg 300w, https:\/\/bautizoycomunion.com\/wp-content\/uploads\/2016\/11\/camison-blanco-nintildea_zpstklmsxlo-768x500.jpg 768w\" sizes=\"auto, (max-width: 950px) 100vw, 950px\" \/><\/a><\/p>\n<p>&nbsp;<\/p>\n<p><a href=\"http:\/\/www.pijamasinfantiles.es\/\" target=\"_blank\" rel=\"noopener\"><img loading=\"lazy\" decoding=\"async\" class=\"aligncenter wp-image-8751 size-full\" title=\"Camisones y batas para ni\u00f1as\" src=\"http:\/\/bautizoycomunion.com\/wp-content\/uploads\/2016\/11\/camisones-y-batas-infantiles_zps3wxgxupa.jpg\" alt=\"ropa de dormir para ni\u00f1as\" width=\"850\" height=\"410\" srcset=\"https:\/\/bautizoycomunion.com\/wp-content\/uploads\/2016\/11\/camisones-y-batas-infantiles_zps3wxgxupa.jpg 850w, https:\/\/bautizoycomunion.com\/wp-content\/uploads\/2016\/11\/camisones-y-batas-infantiles_zps3wxgxupa-300x145.jpg 300w, https:\/\/bautizoycomunion.com\/wp-content\/uploads\/2016\/11\/camisones-y-batas-infantiles_zps3wxgxupa-768x370.jpg 768w\" sizes=\"auto, (max-width: 850px) 100vw, 850px\" \/><\/a><\/p>\n<p>Todos los pijamas y camisones son confeccionados con tejidos naturales de excelente calidad, tanto nacionales como importados, especialmente algod\u00f3n 100% y algod\u00f3n-lino.<br \/>\nApuestan por estilo m\u00e1s que por moda, por calidad m\u00e1s que por cantidad y creemos que los peque\u00f1os detalles importan mucho.<\/p>\n<p><a href=\"http:\/\/www.pijamasinfantiles.es\/\" target=\"_blank\" rel=\"noopener\"><img loading=\"lazy\" decoding=\"async\" class=\"aligncenter wp-image-8752 size-full\" title=\"Camis\u00f3n tradicional\" src=\"http:\/\/bautizoycomunion.com\/wp-content\/uploads\/2016\/11\/que-regalar-a-una-nintildea-en-una-comunion_zpsqkkvgomj.jpg\" alt=\"regalos para comuni\u00f3n de ni\u00f1a\" width=\"718\" height=\"1024\" srcset=\"https:\/\/bautizoycomunion.com\/wp-content\/uploads\/2016\/11\/que-regalar-a-una-nintildea-en-una-comunion_zpsqkkvgomj.jpg 718w, https:\/\/bautizoycomunion.com\/wp-content\/uploads\/2016\/11\/que-regalar-a-una-nintildea-en-una-comunion_zpsqkkvgomj-210x300.jpg 210w\" sizes=\"auto, (max-width: 718px) 100vw, 718px\" \/><\/a><\/p>\n<p>Tienen una gran variedad de modelos, desde los tradicionales camisones y batas en color blanco. Hasta camisones como el que vemos en la foto de arriba, el modelo Lula Aqua, en color verde agua que combina muy bien con la bata estampada. Tambi\u00e9n puedes encontra en su web <a href=\"http:\/\/www.pijamasinfantiles.es\/\" target=\"_blank\" rel=\"noopener\">www.pijamasinfantiles.es<\/a> pijamas cuello mao para ni\u00f1as. \u00bfNo os parecen ideales?<\/p>\n<p><a href=\"http:\/\/www.pijamasinfantiles.es\/\" target=\"_blank\" rel=\"noopener\"><img loading=\"lazy\" decoding=\"async\" class=\"aligncenter wp-image-8753 size-full\" title=\"Pijama ni\u00f1as cuello mao\" src=\"http:\/\/bautizoycomunion.com\/wp-content\/uploads\/2016\/11\/pijama-nintildea-cuello-mao_zpsxxxdttoz.jpg\" alt=\"pijamas y camisones infantiles \" width=\"598\" height=\"1024\" srcset=\"https:\/\/bautizoycomunion.com\/wp-content\/uploads\/2016\/11\/pijama-nintildea-cuello-mao_zpsxxxdttoz.jpg 598w, https:\/\/bautizoycomunion.com\/wp-content\/uploads\/2016\/11\/pijama-nintildea-cuello-mao_zpsxxxdttoz-175x300.jpg 175w\" sizes=\"auto, (max-width: 598px) 100vw, 598px\" \/><\/a><\/p>\n<p>&nbsp;<\/p>\n<p>Felices sue\u00f1os!<\/p>\n","protected":false},"excerpt":{"rendered":"<p>Regalos tradicionales para una Primera Comuni\u00f3n A veces es dif\u00edcil pensar en qu\u00e9 regalarle a una ni\u00f1a que ha hecho su Primera Comuni\u00f3n. Una idea de toda la vida\u00a0y pr\u00e1ctica, es regalarle un camis\u00f3n con bata para que estrene esa primera noche del d\u00eda de su Comuni\u00f3n. Y si hablamos &hellip; <a class=\"more-link\" href=\"https:\/\/bautizoycomunion.com\/index.php\/2016\/11\/23\/pijamas-la-piyama\/\"><span class=\"more-msg\">Sigue leyendo &rarr;<\/span><\/a><\/p>\n","protected":false},"author":1,"featured_media":0,"comment_status":"open","ping_status":"open","sticky":false,"template":"","format":"standard","meta":{"footnotes":""},"categories":[13,16],"tags":[1012,1013,1011,1014,751],"class_list":["post-7937","post","type-post","status-publish","format-standard","hentry","category-regalos-para-comunion","category-uncategorized","tag-batas","tag-camisones","tag-pijamas","tag-pijamas-infantiles","tag-regalos-comunion"],"yoast_head":"<!-- This site is optimized with the Yoast SEO plugin v26.1.1 - https:\/\/yoast.com\/wordpress\/plugins\/seo\/ -->\n<title>Pijamas La Piyama &#8211; Bautizo y Comunion<\/title>\n<meta name=\"robots\" content=\"index, follow, max-snippet:-1, max-image-preview:large, max-video-preview:-1\" \/>\n<link rel=\"canonical\" href=\"https:\/\/bautizoycomunion.com\/index.php\/2016\/11\/23\/pijamas-la-piyama\/\" \/>\n<meta property=\"og:locale\" content=\"es_ES\" \/>\n<meta property=\"og:type\" content=\"article\" \/>\n<meta property=\"og:title\" content=\"Pijamas La Piyama &#8211; Bautizo y Comunion\" \/>\n<meta property=\"og:description\" content=\"Regalos tradicionales para una Primera Comuni\u00f3n A veces es dif\u00edcil pensar en qu\u00e9 regalarle a una ni\u00f1a que ha hecho su Primera Comuni\u00f3n. Una idea de toda la vida\u00a0y pr\u00e1ctica, es regalarle un camis\u00f3n con bata para que estrene esa primera noche del d\u00eda de su Comuni\u00f3n. Y si hablamos &hellip; Sigue leyendo &rarr;\" \/>\n<meta property=\"og:url\" content=\"https:\/\/bautizoycomunion.com\/index.php\/2016\/11\/23\/pijamas-la-piyama\/\" \/>\n<meta property=\"og:site_name\" content=\"Bautizo y Comunion\" \/>\n<meta property=\"article:publisher\" content=\"https:\/\/www.facebook.com\/BautizosyComuniones\" \/>\n<meta property=\"article:published_time\" content=\"2016-11-23T18:23:27+00:00\" \/>\n<meta property=\"article:modified_time\" content=\"2017-06-28T13:51:52+00:00\" \/>\n<meta property=\"og:image\" content=\"https:\/\/bautizoycomunion.com\/wp-content\/uploads\/2016\/11\/camisones-infantiles_zpsfwocfikf.jpg\" \/>\n\t<meta property=\"og:image:width\" content=\"850\" \/>\n\t<meta property=\"og:image:height\" content=\"500\" \/>\n\t<meta property=\"og:image:type\" content=\"image\/jpeg\" \/>\n<meta name=\"author\" content=\"Mar\" \/>\n<meta name=\"twitter:card\" content=\"summary_large_image\" \/>\n<meta name=\"twitter:creator\" content=\"@BautizoComunion\" \/>\n<meta name=\"twitter:site\" content=\"@BautizoComunion\" \/>\n<meta name=\"twitter:label1\" content=\"Escrito por\" \/>\n\t<meta name=\"twitter:data1\" content=\"Mar\" \/>\n\t<meta name=\"twitter:label2\" content=\"Tiempo de lectura\" \/>\n\t<meta name=\"twitter:data2\" content=\"1 minuto\" \/>\n<script type=\"application\/ld+json\" class=\"yoast-schema-graph\">{\"@context\":\"https:\/\/schema.org\",\"@graph\":[{\"@type\":\"Article\",\"@id\":\"https:\/\/bautizoycomunion.com\/index.php\/2016\/11\/23\/pijamas-la-piyama\/#article\",\"isPartOf\":{\"@id\":\"https:\/\/bautizoycomunion.com\/index.php\/2016\/11\/23\/pijamas-la-piyama\/\"},\"author\":{\"name\":\"Mar\",\"@id\":\"https:\/\/bautizoycomunion.com\/#\/schema\/person\/12e57d2607b3ab06cbc6c8a7f65949d6\"},\"headline\":\"Pijamas La Piyama\",\"datePublished\":\"2016-11-23T18:23:27+00:00\",\"dateModified\":\"2017-06-28T13:51:52+00:00\",\"mainEntityOfPage\":{\"@id\":\"https:\/\/bautizoycomunion.com\/index.php\/2016\/11\/23\/pijamas-la-piyama\/\"},\"wordCount\":238,\"commentCount\":0,\"publisher\":{\"@id\":\"https:\/\/bautizoycomunion.com\/#organization\"},\"image\":{\"@id\":\"https:\/\/bautizoycomunion.com\/index.php\/2016\/11\/23\/pijamas-la-piyama\/#primaryimage\"},\"thumbnailUrl\":\"http:\/\/bautizoycomunion.com\/wp-content\/uploads\/2016\/11\/camisones-infantiles_zpsfwocfikf.jpg\",\"keywords\":[\"batas\",\"camisones\",\"pijamas\",\"pijamas infantiles\",\"regalos comuni\u00f3n\"],\"articleSection\":[\"Regalos para Comuni\u00f3n\",\"Todas las entradas\"],\"inLanguage\":\"es\",\"potentialAction\":[{\"@type\":\"CommentAction\",\"name\":\"Comment\",\"target\":[\"https:\/\/bautizoycomunion.com\/index.php\/2016\/11\/23\/pijamas-la-piyama\/#respond\"]}]},{\"@type\":\"WebPage\",\"@id\":\"https:\/\/bautizoycomunion.com\/index.php\/2016\/11\/23\/pijamas-la-piyama\/\",\"url\":\"https:\/\/bautizoycomunion.com\/index.php\/2016\/11\/23\/pijamas-la-piyama\/\",\"name\":\"Pijamas La Piyama &#8211; Bautizo y Comunion\",\"isPartOf\":{\"@id\":\"https:\/\/bautizoycomunion.com\/#website\"},\"primaryImageOfPage\":{\"@id\":\"https:\/\/bautizoycomunion.com\/index.php\/2016\/11\/23\/pijamas-la-piyama\/#primaryimage\"},\"image\":{\"@id\":\"https:\/\/bautizoycomunion.com\/index.php\/2016\/11\/23\/pijamas-la-piyama\/#primaryimage\"},\"thumbnailUrl\":\"http:\/\/bautizoycomunion.com\/wp-content\/uploads\/2016\/11\/camisones-infantiles_zpsfwocfikf.jpg\",\"datePublished\":\"2016-11-23T18:23:27+00:00\",\"dateModified\":\"2017-06-28T13:51:52+00:00\",\"breadcrumb\":{\"@id\":\"https:\/\/bautizoycomunion.com\/index.php\/2016\/11\/23\/pijamas-la-piyama\/#breadcrumb\"},\"inLanguage\":\"es\",\"potentialAction\":[{\"@type\":\"ReadAction\",\"target\":[\"https:\/\/bautizoycomunion.com\/index.php\/2016\/11\/23\/pijamas-la-piyama\/\"]}]},{\"@type\":\"ImageObject\",\"inLanguage\":\"es\",\"@id\":\"https:\/\/bautizoycomunion.com\/index.php\/2016\/11\/23\/pijamas-la-piyama\/#primaryimage\",\"url\":\"https:\/\/bautizoycomunion.com\/wp-content\/uploads\/2016\/11\/camisones-infantiles_zpsfwocfikf.jpg\",\"contentUrl\":\"https:\/\/bautizoycomunion.com\/wp-content\/uploads\/2016\/11\/camisones-infantiles_zpsfwocfikf.jpg\",\"width\":850,\"height\":500},{\"@type\":\"BreadcrumbList\",\"@id\":\"https:\/\/bautizoycomunion.com\/index.php\/2016\/11\/23\/pijamas-la-piyama\/#breadcrumb\",\"itemListElement\":[{\"@type\":\"ListItem\",\"position\":1,\"name\":\"Portada\",\"item\":\"https:\/\/bautizoycomunion.com\/\"},{\"@type\":\"ListItem\",\"position\":2,\"name\":\"Pijamas La Piyama\"}]},{\"@type\":\"WebSite\",\"@id\":\"https:\/\/bautizoycomunion.com\/#website\",\"url\":\"https:\/\/bautizoycomunion.com\/\",\"name\":\"Bautizo y Comunion\",\"description\":\"\",\"publisher\":{\"@id\":\"https:\/\/bautizoycomunion.com\/#organization\"},\"potentialAction\":[{\"@type\":\"SearchAction\",\"target\":{\"@type\":\"EntryPoint\",\"urlTemplate\":\"https:\/\/bautizoycomunion.com\/?s={search_term_string}\"},\"query-input\":{\"@type\":\"PropertyValueSpecification\",\"valueRequired\":true,\"valueName\":\"search_term_string\"}}],\"inLanguage\":\"es\"},{\"@type\":\"Organization\",\"@id\":\"https:\/\/bautizoycomunion.com\/#organization\",\"name\":\"Bautizo y Comunion\",\"url\":\"https:\/\/bautizoycomunion.com\/\",\"logo\":{\"@type\":\"ImageObject\",\"inLanguage\":\"es\",\"@id\":\"https:\/\/bautizoycomunion.com\/#\/schema\/logo\/image\/\",\"url\":\"https:\/\/bautizoycomunion.com\/wp-content\/uploads\/2020\/02\/logo-bautizo-y-comunion.jpg\",\"contentUrl\":\"https:\/\/bautizoycomunion.com\/wp-content\/uploads\/2020\/02\/logo-bautizo-y-comunion.jpg\",\"width\":128,\"height\":128,\"caption\":\"Bautizo y Comunion\"},\"image\":{\"@id\":\"https:\/\/bautizoycomunion.com\/#\/schema\/logo\/image\/\"},\"sameAs\":[\"https:\/\/www.facebook.com\/BautizosyComuniones\",\"https:\/\/x.com\/BautizoComunion\",\"https:\/\/www.instagram.com\/bautizoycomunion\/\",\"https:\/\/www.pinterest.es\/BautizoComunion\/\",\"https:\/\/www.youtube.com\/user\/BautizoyComunionTV\"]},{\"@type\":\"Person\",\"@id\":\"https:\/\/bautizoycomunion.com\/#\/schema\/person\/12e57d2607b3ab06cbc6c8a7f65949d6\",\"name\":\"Mar\",\"image\":{\"@type\":\"ImageObject\",\"inLanguage\":\"es\",\"@id\":\"https:\/\/bautizoycomunion.com\/#\/schema\/person\/image\/\",\"url\":\"https:\/\/secure.gravatar.com\/avatar\/71e69d02c62d24b5ab647c982f7ab3d63ba828e112128713a54d5890a8fa5610?s=96&d=mm&r=g\",\"contentUrl\":\"https:\/\/secure.gravatar.com\/avatar\/71e69d02c62d24b5ab647c982f7ab3d63ba828e112128713a54d5890a8fa5610?s=96&d=mm&r=g\",\"caption\":\"Mar\"}}]}<\/script>\n<!-- \/ Yoast SEO plugin. -->","yoast_head_json":{"title":"Pijamas La Piyama &#8211; Bautizo y Comunion","robots":{"index":"index","follow":"follow","max-snippet":"max-snippet:-1","max-image-preview":"max-image-preview:large","max-video-preview":"max-video-preview:-1"},"canonical":"https:\/\/bautizoycomunion.com\/index.php\/2016\/11\/23\/pijamas-la-piyama\/","og_locale":"es_ES","og_type":"article","og_title":"Pijamas La Piyama &#8211; Bautizo y Comunion","og_description":"Regalos tradicionales para una Primera Comuni\u00f3n A veces es dif\u00edcil pensar en qu\u00e9 regalarle a una ni\u00f1a que ha hecho su Primera Comuni\u00f3n. Una idea de toda la vida\u00a0y pr\u00e1ctica, es regalarle un camis\u00f3n con bata para que estrene esa primera noche del d\u00eda de su Comuni\u00f3n. Y si hablamos &hellip; Sigue leyendo &rarr;","og_url":"https:\/\/bautizoycomunion.com\/index.php\/2016\/11\/23\/pijamas-la-piyama\/","og_site_name":"Bautizo y Comunion","article_publisher":"https:\/\/www.facebook.com\/BautizosyComuniones","article_published_time":"2016-11-23T18:23:27+00:00","article_modified_time":"2017-06-28T13:51:52+00:00","og_image":[{"width":850,"height":500,"url":"https:\/\/bautizoycomunion.com\/wp-content\/uploads\/2016\/11\/camisones-infantiles_zpsfwocfikf.jpg","type":"image\/jpeg"}],"author":"Mar","twitter_card":"summary_large_image","twitter_creator":"@BautizoComunion","twitter_site":"@BautizoComunion","twitter_misc":{"Escrito por":"Mar","Tiempo de lectura":"1 minuto"},"schema":{"@context":"https:\/\/schema.org","@graph":[{"@type":"Article","@id":"https:\/\/bautizoycomunion.com\/index.php\/2016\/11\/23\/pijamas-la-piyama\/#article","isPartOf":{"@id":"https:\/\/bautizoycomunion.com\/index.php\/2016\/11\/23\/pijamas-la-piyama\/"},"author":{"name":"Mar","@id":"https:\/\/bautizoycomunion.com\/#\/schema\/person\/12e57d2607b3ab06cbc6c8a7f65949d6"},"headline":"Pijamas La Piyama","datePublished":"2016-11-23T18:23:27+00:00","dateModified":"2017-06-28T13:51:52+00:00","mainEntityOfPage":{"@id":"https:\/\/bautizoycomunion.com\/index.php\/2016\/11\/23\/pijamas-la-piyama\/"},"wordCount":238,"commentCount":0,"publisher":{"@id":"https:\/\/bautizoycomunion.com\/#organization"},"image":{"@id":"https:\/\/bautizoycomunion.com\/index.php\/2016\/11\/23\/pijamas-la-piyama\/#primaryimage"},"thumbnailUrl":"http:\/\/bautizoycomunion.com\/wp-content\/uploads\/2016\/11\/camisones-infantiles_zpsfwocfikf.jpg","keywords":["batas","camisones","pijamas","pijamas infantiles","regalos comuni\u00f3n"],"articleSection":["Regalos para Comuni\u00f3n","Todas las entradas"],"inLanguage":"es","potentialAction":[{"@type":"CommentAction","name":"Comment","target":["https:\/\/bautizoycomunion.com\/index.php\/2016\/11\/23\/pijamas-la-piyama\/#respond"]}]},{"@type":"WebPage","@id":"https:\/\/bautizoycomunion.com\/index.php\/2016\/11\/23\/pijamas-la-piyama\/","url":"https:\/\/bautizoycomunion.com\/index.php\/2016\/11\/23\/pijamas-la-piyama\/","name":"Pijamas La Piyama &#8211; Bautizo y Comunion","isPartOf":{"@id":"https:\/\/bautizoycomunion.com\/#website"},"primaryImageOfPage":{"@id":"https:\/\/bautizoycomunion.com\/index.php\/2016\/11\/23\/pijamas-la-piyama\/#primaryimage"},"image":{"@id":"https:\/\/bautizoycomunion.com\/index.php\/2016\/11\/23\/pijamas-la-piyama\/#primaryimage"},"thumbnailUrl":"http:\/\/bautizoycomunion.com\/wp-content\/uploads\/2016\/11\/camisones-infantiles_zpsfwocfikf.jpg","datePublished":"2016-11-23T18:23:27+00:00","dateModified":"2017-06-28T13:51:52+00:00","breadcrumb":{"@id":"https:\/\/bautizoycomunion.com\/index.php\/2016\/11\/23\/pijamas-la-piyama\/#breadcrumb"},"inLanguage":"es","potentialAction":[{"@type":"ReadAction","target":["https:\/\/bautizoycomunion.com\/index.php\/2016\/11\/23\/pijamas-la-piyama\/"]}]},{"@type":"ImageObject","inLanguage":"es","@id":"https:\/\/bautizoycomunion.com\/index.php\/2016\/11\/23\/pijamas-la-piyama\/#primaryimage","url":"https:\/\/bautizoycomunion.com\/wp-content\/uploads\/2016\/11\/camisones-infantiles_zpsfwocfikf.jpg","contentUrl":"https:\/\/bautizoycomunion.com\/wp-content\/uploads\/2016\/11\/camisones-infantiles_zpsfwocfikf.jpg","width":850,"height":500},{"@type":"BreadcrumbList","@id":"https:\/\/bautizoycomunion.com\/index.php\/2016\/11\/23\/pijamas-la-piyama\/#breadcrumb","itemListElement":[{"@type":"ListItem","position":1,"name":"Portada","item":"https:\/\/bautizoycomunion.com\/"},{"@type":"ListItem","position":2,"name":"Pijamas La Piyama"}]},{"@type":"WebSite","@id":"https:\/\/bautizoycomunion.com\/#website","url":"https:\/\/bautizoycomunion.com\/","name":"Bautizo y Comunion","description":"","publisher":{"@id":"https:\/\/bautizoycomunion.com\/#organization"},"potentialAction":[{"@type":"SearchAction","target":{"@type":"EntryPoint","urlTemplate":"https:\/\/bautizoycomunion.com\/?s={search_term_string}"},"query-input":{"@type":"PropertyValueSpecification","valueRequired":true,"valueName":"search_term_string"}}],"inLanguage":"es"},{"@type":"Organization","@id":"https:\/\/bautizoycomunion.com\/#organization","name":"Bautizo y Comunion","url":"https:\/\/bautizoycomunion.com\/","logo":{"@type":"ImageObject","inLanguage":"es","@id":"https:\/\/bautizoycomunion.com\/#\/schema\/logo\/image\/","url":"https:\/\/bautizoycomunion.com\/wp-content\/uploads\/2020\/02\/logo-bautizo-y-comunion.jpg","contentUrl":"https:\/\/bautizoycomunion.com\/wp-content\/uploads\/2020\/02\/logo-bautizo-y-comunion.jpg","width":128,"height":128,"caption":"Bautizo y Comunion"},"image":{"@id":"https:\/\/bautizoycomunion.com\/#\/schema\/logo\/image\/"},"sameAs":["https:\/\/www.facebook.com\/BautizosyComuniones","https:\/\/x.com\/BautizoComunion","https:\/\/www.instagram.com\/bautizoycomunion\/","https:\/\/www.pinterest.es\/BautizoComunion\/","https:\/\/www.youtube.com\/user\/BautizoyComunionTV"]},{"@type":"Person","@id":"https:\/\/bautizoycomunion.com\/#\/schema\/person\/12e57d2607b3ab06cbc6c8a7f65949d6","name":"Mar","image":{"@type":"ImageObject","inLanguage":"es","@id":"https:\/\/bautizoycomunion.com\/#\/schema\/person\/image\/","url":"https:\/\/secure.gravatar.com\/avatar\/71e69d02c62d24b5ab647c982f7ab3d63ba828e112128713a54d5890a8fa5610?s=96&d=mm&r=g","contentUrl":"https:\/\/secure.gravatar.com\/avatar\/71e69d02c62d24b5ab647c982f7ab3d63ba828e112128713a54d5890a8fa5610?s=96&d=mm&r=g","caption":"Mar"}}]}},"_links":{"self":[{"href":"https:\/\/bautizoycomunion.com\/index.php\/wp-json\/wp\/v2\/posts\/7937","targetHints":{"allow":["GET"]}}],"collection":[{"href":"https:\/\/bautizoycomunion.com\/index.php\/wp-json\/wp\/v2\/posts"}],"about":[{"href":"https:\/\/bautizoycomunion.com\/index.php\/wp-json\/wp\/v2\/types\/post"}],"author":[{"embeddable":true,"href":"https:\/\/bautizoycomunion.com\/index.php\/wp-json\/wp\/v2\/users\/1"}],"replies":[{"embeddable":true,"href":"https:\/\/bautizoycomunion.com\/index.php\/wp-json\/wp\/v2\/comments?post=7937"}],"version-history":[{"count":11,"href":"https:\/\/bautizoycomunion.com\/index.php\/wp-json\/wp\/v2\/posts\/7937\/revisions"}],"predecessor-version":[{"id":8755,"href":"https:\/\/bautizoycomunion.com\/index.php\/wp-json\/wp\/v2\/posts\/7937\/revisions\/8755"}],"wp:attachment":[{"href":"https:\/\/bautizoycomunion.com\/index.php\/wp-json\/wp\/v2\/media?parent=7937"}],"wp:term":[{"taxonomy":"category","embeddable":true,"href":"https:\/\/bautizoycomunion.com\/index.php\/wp-json\/wp\/v2\/categories?post=7937"},{"taxonomy":"post_tag","embeddable":true,"href":"https:\/\/bautizoycomunion.com\/index.php\/wp-json\/wp\/v2\/tags?post=7937"}],"curies":[{"name":"wp","href":"https:\/\/api.w.org\/{rel}","templated":true}]}}