{"id":7946,"date":"2016-12-01T09:51:07","date_gmt":"2016-12-01T08:51:07","guid":{"rendered":"http:\/\/bautizoycomunion.com\/?p=7946"},"modified":"2018-10-17T20:01:46","modified_gmt":"2018-10-17T18:01:46","slug":"navascues-vestidos-para-la-primera-comunion","status":"publish","type":"post","link":"https:\/\/bautizoycomunion.com\/index.php\/2016\/12\/01\/navascues-vestidos-para-la-primera-comunion\/","title":{"rendered":"Navascu\u00e9s: Vestidos para la Primera Comuni\u00f3n"},"content":{"rendered":"<p>&nbsp;<\/p>\n<p>Ya est\u00e1n aqu\u00ed los vestidos para la Primera Comuni\u00f3n de\u00a0Navascu\u00e9s. Aqu\u00ed encontrar\u00e1s los vestidos de comuni\u00f3n m\u00e1s novedosos para esta nueva temporada 2017.<\/p>\n<p>Solo decirte que hemos elegido como marca a<a href=\"http:\/\/nnavascues.com\/ninos\/comunion\/\">\u00a0<\/a><strong><a href=\"http:\/\/nnavascues.com\/ninos\/comunion\/\">Navascu\u00e9s<\/a>\u00a0<\/strong>por su profesionalidad y personalidad que marca en cada uno de sus vestidos. Define el resultado de sus vestidos as\u00ed: \u00a0<em>\u201cUn vestido tiene que emocionar a quien lo lleva\u201d<\/em>. Aqu\u00ed puedes saber m\u00e1s de\u00a0<strong><a href=\"http:\/\/nnavascues.com\/historia\/\">Navascu\u00e9s<\/a>.\u00a0<\/strong>Y as\u00ed es, ver\u00e1s el resultado de cada uno de sus dise\u00f1os de esta <strong>Nueva\u00a0Temporada de Vestidos de Comuni\u00f3n 2017<\/strong> en estas siguientes fotos que te\u00a0mostramos a continuaci\u00f3n:<\/p>\n<p><a href=\"http:\/\/nnavascues.com\/ninos\/comunion\/\" target=\"_blank\" rel=\"noopener\"><img loading=\"lazy\" decoding=\"async\" class=\"aligncenter wp-image-8741 size-full\" title=\"Vestido Comuni\u00f3n y Corona flores\" src=\"http:\/\/bautizoycomunion.com\/wp-content\/uploads\/2016\/12\/corona-flore-ssally-y-vestido-comunion-navascues_zpsgkyfevj6.jpg\" alt=\"vestidos comuni\u00f3n Navascu\u00e9s\" width=\"683\" height=\"1024\" srcset=\"https:\/\/bautizoycomunion.com\/wp-content\/uploads\/2016\/12\/corona-flore-ssally-y-vestido-comunion-navascues_zpsgkyfevj6.jpg 683w, https:\/\/bautizoycomunion.com\/wp-content\/uploads\/2016\/12\/corona-flore-ssally-y-vestido-comunion-navascues_zpsgkyfevj6-200x300.jpg 200w\" sizes=\"auto, (max-width: 683px) 100vw, 683px\" \/><\/a><\/p>\n<p>Nuestra primera modelo luce un hermoso vestido de gasa color blanco de manga corta con un detalle que marca la silueta de nuestra preciosa protagonista: un lazo color burdeos. \u00bfTe gusta?<\/p>\n<p>La Corona de flores que lucen las ni\u00f1as est\u00e1n realizadas por la creativa\u00a0<strong><a href=\"http:\/\/sallyhambleton.com\/\">Sally Hambelton<\/a>.<\/strong><\/p>\n<p><a href=\"http:\/\/nnavascues.com\/ninos\/comunion\/\" target=\"_blank\" rel=\"noopener\"><img loading=\"lazy\" decoding=\"async\" class=\"aligncenter wp-image-8742 size-full\" title=\"Vestidos Comuni\u00f3n 2017\" src=\"http:\/\/bautizoycomunion.com\/wp-content\/uploads\/2016\/12\/comunion-navascues-2017_zpssogfeez5.jpg\" alt=\"Comuniones Navascu\u00e9s\" width=\"683\" height=\"1024\" srcset=\"https:\/\/bautizoycomunion.com\/wp-content\/uploads\/2016\/12\/comunion-navascues-2017_zpssogfeez5.jpg 683w, https:\/\/bautizoycomunion.com\/wp-content\/uploads\/2016\/12\/comunion-navascues-2017_zpssogfeez5-200x300.jpg 200w\" sizes=\"auto, (max-width: 683px) 100vw, 683px\" \/><\/a><\/p>\n<p>Seguimos con las Novedades en Primera Comuni\u00f3n para este 2017, en esta ocasi\u00f3n\u00a0es un vestido de gasa blanca completo con un gran lazo en combinaci\u00f3n con la falda del mismo color.<\/p>\n<p><a href=\"http:\/\/nnavascues.com\/ninos\/comunion\/\" target=\"_blank\" rel=\"noopener\"><img loading=\"lazy\" decoding=\"async\" class=\"aligncenter wp-image-8743 size-full\" title=\"Vestido Navascu\u00e9s Comuni\u00f3n\" src=\"http:\/\/bautizoycomunion.com\/wp-content\/uploads\/2016\/12\/vestido-comunion-2017-navascues_zpspc4y8waq.jpg\" alt=\"trajes primera comuni\u00f3n Navascu\u00e9s\" width=\"950\" height=\"633\" srcset=\"https:\/\/bautizoycomunion.com\/wp-content\/uploads\/2016\/12\/vestido-comunion-2017-navascues_zpspc4y8waq.jpg 950w, https:\/\/bautizoycomunion.com\/wp-content\/uploads\/2016\/12\/vestido-comunion-2017-navascues_zpspc4y8waq-300x200.jpg 300w, https:\/\/bautizoycomunion.com\/wp-content\/uploads\/2016\/12\/vestido-comunion-2017-navascues_zpspc4y8waq-768x512.jpg 768w\" sizes=\"auto, (max-width: 950px) 100vw, 950px\" \/><\/a><\/p>\n<p>Vestido largo de cuello redondo, amplio rematado con un volante de encaje del mismo color y cuerpo de encaje luce esta modelo.<\/p>\n<p><a href=\"http:\/\/nnavascues.com\/ninos\/comunion\/\" target=\"_blank\" rel=\"noopener\"><img loading=\"lazy\" decoding=\"async\" class=\"aligncenter wp-image-8744 size-full\" title=\"Detalle manga \" src=\"http:\/\/bautizoycomunion.com\/wp-content\/uploads\/2016\/12\/detalle-manga-vestido-primera-comunion_zpssqeegf0h.jpg\" alt=\"vestidos a mano Navacues\" width=\"950\" height=\"633\" srcset=\"https:\/\/bautizoycomunion.com\/wp-content\/uploads\/2016\/12\/detalle-manga-vestido-primera-comunion_zpssqeegf0h.jpg 950w, https:\/\/bautizoycomunion.com\/wp-content\/uploads\/2016\/12\/detalle-manga-vestido-primera-comunion_zpssqeegf0h-300x200.jpg 300w, https:\/\/bautizoycomunion.com\/wp-content\/uploads\/2016\/12\/detalle-manga-vestido-primera-comunion_zpssqeegf0h-768x512.jpg 768w\" sizes=\"auto, (max-width: 950px) 100vw, 950px\" \/><\/a><\/p>\n<p>Esta obra de arte nos ense\u00f1a la media manga del vestido bordado en blanco, en el mismo tono que el vestido.<\/p>\n<p><a href=\"http:\/\/nnavascues.com\/ninos\/comunion\/\" target=\"_blank\" rel=\"noopener\"><img loading=\"lazy\" decoding=\"async\" class=\"aligncenter wp-image-8745 size-full\" title=\"Detalle cuello vestido Navascu\u00e9s\" src=\"http:\/\/bautizoycomunion.com\/wp-content\/uploads\/2016\/12\/detalle-cuello-vestido-de-comunion_zpsyxcnwwz4.jpg\" alt=\"moda comuniones 2017 Navascu\u00e9s\" width=\"950\" height=\"633\" srcset=\"https:\/\/bautizoycomunion.com\/wp-content\/uploads\/2016\/12\/detalle-cuello-vestido-de-comunion_zpsyxcnwwz4.jpg 950w, https:\/\/bautizoycomunion.com\/wp-content\/uploads\/2016\/12\/detalle-cuello-vestido-de-comunion_zpsyxcnwwz4-300x200.jpg 300w, https:\/\/bautizoycomunion.com\/wp-content\/uploads\/2016\/12\/detalle-cuello-vestido-de-comunion_zpsyxcnwwz4-768x512.jpg 768w\" sizes=\"auto, (max-width: 950px) 100vw, 950px\" \/><\/a><\/p>\n<p>Cuello de lino blanco con bordados del mismo tono.<\/p>\n<p>Si pudi\u00e9ramos darte alg\u00fan consejo te dir\u00edamos como experiencia propia, que reserves cuanto antes tu cita en la tienda y poder ver as\u00ed los trajes de Primera Comuni\u00f3n que con tanto cari\u00f1o ha realizado<strong>\u00a0<a href=\"http:\/\/nnavascues.com\/ninos\/comunion\/\">Navascu\u00e9s<\/a>\u00a0<\/strong>para que junto a tu peque\u00f1a pod\u00e1is seleccionar el que m\u00e1s os guste.<\/p>\n<p>Este pr\u00f3ximo 2017 ser\u00e1 un a\u00f1o m\u00e1s especial por la Celebraci\u00f3n de la Primera Comuni\u00f3n de tu hija: disfrutad de cada momento con paciencia para poder recordar Siempre todos esos momentos anteriores a ese d\u00eda\u00a0tan importante.<\/p>\n<p>Las fotos est\u00e1n hechas en \u00a0<strong><a href=\"https:\/\/www.ruevintage74.com\/\">Rue Vintage<\/a>\u00a0. <\/strong>Son de <strong><a href=\"http:\/\/www.click10.net\/\">Click 10<\/a>\u00a0<\/strong>Fot\u00f3grafos\u00a0que miran de forma singular. Su \u00abmirada social\u00bb, como ellos lo llaman.\u00a1Les delata su\u00a0pasi\u00f3n!. Son fant\u00e1sticos<\/p>\n<p>Los peinados, realizados por <strong><a href=\"http:\/\/marietahairstyle.com\/about-me\">Marieta Hair Style<\/a>.\u00a0<\/strong>Maravillosa profesional, donde la creatividad y su buen hacer desde que era una ni\u00f1a se ven reflejados en su trabajo. No dej\u00e9is de visitarla: es extraordinaria.<\/p>\n<p>Los tocados son de\u00a0<strong><a href=\"http:\/\/mimoki.es\/\">Mimoki<\/a>.\u00a0<\/strong>Saben lo que te enamora, lo que te sienta bien y te aconsejan inspir\u00e1ndose en el cliente. \u00a1Inmejorables!.<\/p>\n<p>&nbsp;<\/p>\n<p><strong><a href=\"http:\/\/www.elreciennacido.com\/\">El Reci\u00e9n Nacido<\/a>\u00a0<\/strong><\/p>\n<p>Tel\u00e9fono <strong>91 599 14 36<\/strong> \u00f3<strong> 625 500 000<\/strong><\/p>\n<p><strong>pedidos@elreciennacido.com<\/strong><\/p>\n","protected":false},"excerpt":{"rendered":"<p>&nbsp; Ya est\u00e1n aqu\u00ed los vestidos para la Primera Comuni\u00f3n de\u00a0Navascu\u00e9s. Aqu\u00ed encontrar\u00e1s los vestidos de comuni\u00f3n m\u00e1s novedosos para esta nueva temporada 2017. Solo decirte que hemos elegido como marca a\u00a0Navascu\u00e9s\u00a0por su profesionalidad y personalidad que marca en cada uno de sus vestidos. Define el resultado de sus vestidos &hellip; <a class=\"more-link\" href=\"https:\/\/bautizoycomunion.com\/index.php\/2016\/12\/01\/navascues-vestidos-para-la-primera-comunion\/\"><span class=\"more-msg\">Sigue leyendo &rarr;<\/span><\/a><\/p>\n","protected":false},"author":3,"featured_media":0,"comment_status":"open","ping_status":"open","sticky":false,"template":"","format":"standard","meta":{"footnotes":""},"categories":[15,16,19],"tags":[175,184,312,672,877,931,969],"class_list":["post-7946","post","type-post","status-publish","format-standard","hentry","category-tocados-y-coronas","category-uncategorized","category-vestidos-de-comunion","tag-comunion","tag-comuniones","tag-diademas","tag-primera-comunion","tag-tocados","tag-vestido-comunion","tag-vestidos-ninas"],"yoast_head":"<!-- This site is optimized with the Yoast SEO plugin v26.1.1 - https:\/\/yoast.com\/wordpress\/plugins\/seo\/ -->\n<title>Navascu\u00e9s: Vestidos para la Primera Comuni\u00f3n &#8211; Bautizo y Comunion<\/title>\n<meta name=\"robots\" content=\"index, follow, max-snippet:-1, max-image-preview:large, max-video-preview:-1\" \/>\n<link rel=\"canonical\" href=\"https:\/\/bautizoycomunion.com\/index.php\/2016\/12\/01\/navascues-vestidos-para-la-primera-comunion\/\" \/>\n<meta property=\"og:locale\" content=\"es_ES\" \/>\n<meta property=\"og:type\" content=\"article\" \/>\n<meta property=\"og:title\" content=\"Navascu\u00e9s: Vestidos para la Primera Comuni\u00f3n &#8211; Bautizo y Comunion\" \/>\n<meta property=\"og:description\" content=\"&nbsp; Ya est\u00e1n aqu\u00ed los vestidos para la Primera Comuni\u00f3n de\u00a0Navascu\u00e9s. Aqu\u00ed encontrar\u00e1s los vestidos de comuni\u00f3n m\u00e1s novedosos para esta nueva temporada 2017. Solo decirte que hemos elegido como marca a\u00a0Navascu\u00e9s\u00a0por su profesionalidad y personalidad que marca en cada uno de sus vestidos. Define el resultado de sus vestidos &hellip; Sigue leyendo &rarr;\" \/>\n<meta property=\"og:url\" content=\"https:\/\/bautizoycomunion.com\/index.php\/2016\/12\/01\/navascues-vestidos-para-la-primera-comunion\/\" \/>\n<meta property=\"og:site_name\" content=\"Bautizo y Comunion\" \/>\n<meta property=\"article:publisher\" content=\"https:\/\/www.facebook.com\/BautizosyComuniones\" \/>\n<meta property=\"article:published_time\" content=\"2016-12-01T08:51:07+00:00\" \/>\n<meta property=\"article:modified_time\" content=\"2018-10-17T18:01:46+00:00\" \/>\n<meta property=\"og:image\" content=\"https:\/\/bautizoycomunion.com\/wp-content\/uploads\/2016\/12\/corona-flore-ssally-y-vestido-comunion-navascues_zpsgkyfevj6.jpg\" \/>\n\t<meta property=\"og:image:width\" content=\"683\" \/>\n\t<meta property=\"og:image:height\" content=\"1024\" \/>\n\t<meta property=\"og:image:type\" content=\"image\/jpeg\" \/>\n<meta name=\"author\" content=\"publisher\" \/>\n<meta name=\"twitter:card\" content=\"summary_large_image\" \/>\n<meta name=\"twitter:creator\" content=\"@BautizoComunion\" \/>\n<meta name=\"twitter:site\" content=\"@BautizoComunion\" \/>\n<meta name=\"twitter:label1\" content=\"Escrito por\" \/>\n\t<meta name=\"twitter:data1\" content=\"publisher\" \/>\n\t<meta name=\"twitter:label2\" content=\"Tiempo de lectura\" \/>\n\t<meta name=\"twitter:data2\" content=\"2 minutos\" \/>\n<script type=\"application\/ld+json\" class=\"yoast-schema-graph\">{\"@context\":\"https:\/\/schema.org\",\"@graph\":[{\"@type\":\"Article\",\"@id\":\"https:\/\/bautizoycomunion.com\/index.php\/2016\/12\/01\/navascues-vestidos-para-la-primera-comunion\/#article\",\"isPartOf\":{\"@id\":\"https:\/\/bautizoycomunion.com\/index.php\/2016\/12\/01\/navascues-vestidos-para-la-primera-comunion\/\"},\"author\":{\"name\":\"publisher\",\"@id\":\"https:\/\/bautizoycomunion.com\/#\/schema\/person\/71b91ab759bf77b5348a2f95d85e8ba0\"},\"headline\":\"Navascu\u00e9s: Vestidos para la Primera Comuni\u00f3n\",\"datePublished\":\"2016-12-01T08:51:07+00:00\",\"dateModified\":\"2018-10-17T18:01:46+00:00\",\"mainEntityOfPage\":{\"@id\":\"https:\/\/bautizoycomunion.com\/index.php\/2016\/12\/01\/navascues-vestidos-para-la-primera-comunion\/\"},\"wordCount\":454,\"commentCount\":0,\"publisher\":{\"@id\":\"https:\/\/bautizoycomunion.com\/#organization\"},\"image\":{\"@id\":\"https:\/\/bautizoycomunion.com\/index.php\/2016\/12\/01\/navascues-vestidos-para-la-primera-comunion\/#primaryimage\"},\"thumbnailUrl\":\"http:\/\/bautizoycomunion.com\/wp-content\/uploads\/2016\/12\/corona-flore-ssally-y-vestido-comunion-navascues_zpsgkyfevj6.jpg\",\"keywords\":[\"comunion\",\"comuniones\",\"diademas\",\"primera comunion\",\"tocados\",\"vestido comunion\",\"vestidos ni\u00f1as\"],\"articleSection\":[\"Tocados, diademas, coronas de flores y peinados Comuni\u00f3n\",\"Todas las entradas\",\"Vestidos, trajes y zapatos de Comuni\u00f3n\"],\"inLanguage\":\"es\",\"potentialAction\":[{\"@type\":\"CommentAction\",\"name\":\"Comment\",\"target\":[\"https:\/\/bautizoycomunion.com\/index.php\/2016\/12\/01\/navascues-vestidos-para-la-primera-comunion\/#respond\"]}]},{\"@type\":\"WebPage\",\"@id\":\"https:\/\/bautizoycomunion.com\/index.php\/2016\/12\/01\/navascues-vestidos-para-la-primera-comunion\/\",\"url\":\"https:\/\/bautizoycomunion.com\/index.php\/2016\/12\/01\/navascues-vestidos-para-la-primera-comunion\/\",\"name\":\"Navascu\u00e9s: Vestidos para la Primera Comuni\u00f3n &#8211; Bautizo y Comunion\",\"isPartOf\":{\"@id\":\"https:\/\/bautizoycomunion.com\/#website\"},\"primaryImageOfPage\":{\"@id\":\"https:\/\/bautizoycomunion.com\/index.php\/2016\/12\/01\/navascues-vestidos-para-la-primera-comunion\/#primaryimage\"},\"image\":{\"@id\":\"https:\/\/bautizoycomunion.com\/index.php\/2016\/12\/01\/navascues-vestidos-para-la-primera-comunion\/#primaryimage\"},\"thumbnailUrl\":\"http:\/\/bautizoycomunion.com\/wp-content\/uploads\/2016\/12\/corona-flore-ssally-y-vestido-comunion-navascues_zpsgkyfevj6.jpg\",\"datePublished\":\"2016-12-01T08:51:07+00:00\",\"dateModified\":\"2018-10-17T18:01:46+00:00\",\"breadcrumb\":{\"@id\":\"https:\/\/bautizoycomunion.com\/index.php\/2016\/12\/01\/navascues-vestidos-para-la-primera-comunion\/#breadcrumb\"},\"inLanguage\":\"es\",\"potentialAction\":[{\"@type\":\"ReadAction\",\"target\":[\"https:\/\/bautizoycomunion.com\/index.php\/2016\/12\/01\/navascues-vestidos-para-la-primera-comunion\/\"]}]},{\"@type\":\"ImageObject\",\"inLanguage\":\"es\",\"@id\":\"https:\/\/bautizoycomunion.com\/index.php\/2016\/12\/01\/navascues-vestidos-para-la-primera-comunion\/#primaryimage\",\"url\":\"https:\/\/bautizoycomunion.com\/wp-content\/uploads\/2016\/12\/corona-flore-ssally-y-vestido-comunion-navascues_zpsgkyfevj6.jpg\",\"contentUrl\":\"https:\/\/bautizoycomunion.com\/wp-content\/uploads\/2016\/12\/corona-flore-ssally-y-vestido-comunion-navascues_zpsgkyfevj6.jpg\",\"width\":683,\"height\":1024},{\"@type\":\"BreadcrumbList\",\"@id\":\"https:\/\/bautizoycomunion.com\/index.php\/2016\/12\/01\/navascues-vestidos-para-la-primera-comunion\/#breadcrumb\",\"itemListElement\":[{\"@type\":\"ListItem\",\"position\":1,\"name\":\"Portada\",\"item\":\"https:\/\/bautizoycomunion.com\/\"},{\"@type\":\"ListItem\",\"position\":2,\"name\":\"Navascu\u00e9s: Vestidos para la Primera Comuni\u00f3n\"}]},{\"@type\":\"WebSite\",\"@id\":\"https:\/\/bautizoycomunion.com\/#website\",\"url\":\"https:\/\/bautizoycomunion.com\/\",\"name\":\"Bautizo y Comunion\",\"description\":\"\",\"publisher\":{\"@id\":\"https:\/\/bautizoycomunion.com\/#organization\"},\"potentialAction\":[{\"@type\":\"SearchAction\",\"target\":{\"@type\":\"EntryPoint\",\"urlTemplate\":\"https:\/\/bautizoycomunion.com\/?s={search_term_string}\"},\"query-input\":{\"@type\":\"PropertyValueSpecification\",\"valueRequired\":true,\"valueName\":\"search_term_string\"}}],\"inLanguage\":\"es\"},{\"@type\":\"Organization\",\"@id\":\"https:\/\/bautizoycomunion.com\/#organization\",\"name\":\"Bautizo y Comunion\",\"url\":\"https:\/\/bautizoycomunion.com\/\",\"logo\":{\"@type\":\"ImageObject\",\"inLanguage\":\"es\",\"@id\":\"https:\/\/bautizoycomunion.com\/#\/schema\/logo\/image\/\",\"url\":\"https:\/\/bautizoycomunion.com\/wp-content\/uploads\/2020\/02\/logo-bautizo-y-comunion.jpg\",\"contentUrl\":\"https:\/\/bautizoycomunion.com\/wp-content\/uploads\/2020\/02\/logo-bautizo-y-comunion.jpg\",\"width\":128,\"height\":128,\"caption\":\"Bautizo y Comunion\"},\"image\":{\"@id\":\"https:\/\/bautizoycomunion.com\/#\/schema\/logo\/image\/\"},\"sameAs\":[\"https:\/\/www.facebook.com\/BautizosyComuniones\",\"https:\/\/x.com\/BautizoComunion\",\"https:\/\/www.instagram.com\/bautizoycomunion\/\",\"https:\/\/www.pinterest.es\/BautizoComunion\/\",\"https:\/\/www.youtube.com\/user\/BautizoyComunionTV\"]},{\"@type\":\"Person\",\"@id\":\"https:\/\/bautizoycomunion.com\/#\/schema\/person\/71b91ab759bf77b5348a2f95d85e8ba0\",\"name\":\"publisher\",\"image\":{\"@type\":\"ImageObject\",\"inLanguage\":\"es\",\"@id\":\"https:\/\/bautizoycomunion.com\/#\/schema\/person\/image\/\",\"url\":\"https:\/\/secure.gravatar.com\/avatar\/b678a6a8c15d6fa37228489ffa29aff56590dfc95fbec3aa2c2f2cc9013b082f?s=96&d=mm&r=g\",\"contentUrl\":\"https:\/\/secure.gravatar.com\/avatar\/b678a6a8c15d6fa37228489ffa29aff56590dfc95fbec3aa2c2f2cc9013b082f?s=96&d=mm&r=g\",\"caption\":\"publisher\"}}]}<\/script>\n<!-- \/ Yoast SEO plugin. -->","yoast_head_json":{"title":"Navascu\u00e9s: Vestidos para la Primera Comuni\u00f3n &#8211; Bautizo y Comunion","robots":{"index":"index","follow":"follow","max-snippet":"max-snippet:-1","max-image-preview":"max-image-preview:large","max-video-preview":"max-video-preview:-1"},"canonical":"https:\/\/bautizoycomunion.com\/index.php\/2016\/12\/01\/navascues-vestidos-para-la-primera-comunion\/","og_locale":"es_ES","og_type":"article","og_title":"Navascu\u00e9s: Vestidos para la Primera Comuni\u00f3n &#8211; Bautizo y Comunion","og_description":"&nbsp; Ya est\u00e1n aqu\u00ed los vestidos para la Primera Comuni\u00f3n de\u00a0Navascu\u00e9s. Aqu\u00ed encontrar\u00e1s los vestidos de comuni\u00f3n m\u00e1s novedosos para esta nueva temporada 2017. Solo decirte que hemos elegido como marca a\u00a0Navascu\u00e9s\u00a0por su profesionalidad y personalidad que marca en cada uno de sus vestidos. Define el resultado de sus vestidos &hellip; Sigue leyendo &rarr;","og_url":"https:\/\/bautizoycomunion.com\/index.php\/2016\/12\/01\/navascues-vestidos-para-la-primera-comunion\/","og_site_name":"Bautizo y Comunion","article_publisher":"https:\/\/www.facebook.com\/BautizosyComuniones","article_published_time":"2016-12-01T08:51:07+00:00","article_modified_time":"2018-10-17T18:01:46+00:00","og_image":[{"width":683,"height":1024,"url":"https:\/\/bautizoycomunion.com\/wp-content\/uploads\/2016\/12\/corona-flore-ssally-y-vestido-comunion-navascues_zpsgkyfevj6.jpg","type":"image\/jpeg"}],"author":"publisher","twitter_card":"summary_large_image","twitter_creator":"@BautizoComunion","twitter_site":"@BautizoComunion","twitter_misc":{"Escrito por":"publisher","Tiempo de lectura":"2 minutos"},"schema":{"@context":"https:\/\/schema.org","@graph":[{"@type":"Article","@id":"https:\/\/bautizoycomunion.com\/index.php\/2016\/12\/01\/navascues-vestidos-para-la-primera-comunion\/#article","isPartOf":{"@id":"https:\/\/bautizoycomunion.com\/index.php\/2016\/12\/01\/navascues-vestidos-para-la-primera-comunion\/"},"author":{"name":"publisher","@id":"https:\/\/bautizoycomunion.com\/#\/schema\/person\/71b91ab759bf77b5348a2f95d85e8ba0"},"headline":"Navascu\u00e9s: Vestidos para la Primera Comuni\u00f3n","datePublished":"2016-12-01T08:51:07+00:00","dateModified":"2018-10-17T18:01:46+00:00","mainEntityOfPage":{"@id":"https:\/\/bautizoycomunion.com\/index.php\/2016\/12\/01\/navascues-vestidos-para-la-primera-comunion\/"},"wordCount":454,"commentCount":0,"publisher":{"@id":"https:\/\/bautizoycomunion.com\/#organization"},"image":{"@id":"https:\/\/bautizoycomunion.com\/index.php\/2016\/12\/01\/navascues-vestidos-para-la-primera-comunion\/#primaryimage"},"thumbnailUrl":"http:\/\/bautizoycomunion.com\/wp-content\/uploads\/2016\/12\/corona-flore-ssally-y-vestido-comunion-navascues_zpsgkyfevj6.jpg","keywords":["comunion","comuniones","diademas","primera comunion","tocados","vestido comunion","vestidos ni\u00f1as"],"articleSection":["Tocados, diademas, coronas de flores y peinados Comuni\u00f3n","Todas las entradas","Vestidos, trajes y zapatos de Comuni\u00f3n"],"inLanguage":"es","potentialAction":[{"@type":"CommentAction","name":"Comment","target":["https:\/\/bautizoycomunion.com\/index.php\/2016\/12\/01\/navascues-vestidos-para-la-primera-comunion\/#respond"]}]},{"@type":"WebPage","@id":"https:\/\/bautizoycomunion.com\/index.php\/2016\/12\/01\/navascues-vestidos-para-la-primera-comunion\/","url":"https:\/\/bautizoycomunion.com\/index.php\/2016\/12\/01\/navascues-vestidos-para-la-primera-comunion\/","name":"Navascu\u00e9s: Vestidos para la Primera Comuni\u00f3n &#8211; Bautizo y Comunion","isPartOf":{"@id":"https:\/\/bautizoycomunion.com\/#website"},"primaryImageOfPage":{"@id":"https:\/\/bautizoycomunion.com\/index.php\/2016\/12\/01\/navascues-vestidos-para-la-primera-comunion\/#primaryimage"},"image":{"@id":"https:\/\/bautizoycomunion.com\/index.php\/2016\/12\/01\/navascues-vestidos-para-la-primera-comunion\/#primaryimage"},"thumbnailUrl":"http:\/\/bautizoycomunion.com\/wp-content\/uploads\/2016\/12\/corona-flore-ssally-y-vestido-comunion-navascues_zpsgkyfevj6.jpg","datePublished":"2016-12-01T08:51:07+00:00","dateModified":"2018-10-17T18:01:46+00:00","breadcrumb":{"@id":"https:\/\/bautizoycomunion.com\/index.php\/2016\/12\/01\/navascues-vestidos-para-la-primera-comunion\/#breadcrumb"},"inLanguage":"es","potentialAction":[{"@type":"ReadAction","target":["https:\/\/bautizoycomunion.com\/index.php\/2016\/12\/01\/navascues-vestidos-para-la-primera-comunion\/"]}]},{"@type":"ImageObject","inLanguage":"es","@id":"https:\/\/bautizoycomunion.com\/index.php\/2016\/12\/01\/navascues-vestidos-para-la-primera-comunion\/#primaryimage","url":"https:\/\/bautizoycomunion.com\/wp-content\/uploads\/2016\/12\/corona-flore-ssally-y-vestido-comunion-navascues_zpsgkyfevj6.jpg","contentUrl":"https:\/\/bautizoycomunion.com\/wp-content\/uploads\/2016\/12\/corona-flore-ssally-y-vestido-comunion-navascues_zpsgkyfevj6.jpg","width":683,"height":1024},{"@type":"BreadcrumbList","@id":"https:\/\/bautizoycomunion.com\/index.php\/2016\/12\/01\/navascues-vestidos-para-la-primera-comunion\/#breadcrumb","itemListElement":[{"@type":"ListItem","position":1,"name":"Portada","item":"https:\/\/bautizoycomunion.com\/"},{"@type":"ListItem","position":2,"name":"Navascu\u00e9s: Vestidos para la Primera Comuni\u00f3n"}]},{"@type":"WebSite","@id":"https:\/\/bautizoycomunion.com\/#website","url":"https:\/\/bautizoycomunion.com\/","name":"Bautizo y Comunion","description":"","publisher":{"@id":"https:\/\/bautizoycomunion.com\/#organization"},"potentialAction":[{"@type":"SearchAction","target":{"@type":"EntryPoint","urlTemplate":"https:\/\/bautizoycomunion.com\/?s={search_term_string}"},"query-input":{"@type":"PropertyValueSpecification","valueRequired":true,"valueName":"search_term_string"}}],"inLanguage":"es"},{"@type":"Organization","@id":"https:\/\/bautizoycomunion.com\/#organization","name":"Bautizo y Comunion","url":"https:\/\/bautizoycomunion.com\/","logo":{"@type":"ImageObject","inLanguage":"es","@id":"https:\/\/bautizoycomunion.com\/#\/schema\/logo\/image\/","url":"https:\/\/bautizoycomunion.com\/wp-content\/uploads\/2020\/02\/logo-bautizo-y-comunion.jpg","contentUrl":"https:\/\/bautizoycomunion.com\/wp-content\/uploads\/2020\/02\/logo-bautizo-y-comunion.jpg","width":128,"height":128,"caption":"Bautizo y Comunion"},"image":{"@id":"https:\/\/bautizoycomunion.com\/#\/schema\/logo\/image\/"},"sameAs":["https:\/\/www.facebook.com\/BautizosyComuniones","https:\/\/x.com\/BautizoComunion","https:\/\/www.instagram.com\/bautizoycomunion\/","https:\/\/www.pinterest.es\/BautizoComunion\/","https:\/\/www.youtube.com\/user\/BautizoyComunionTV"]},{"@type":"Person","@id":"https:\/\/bautizoycomunion.com\/#\/schema\/person\/71b91ab759bf77b5348a2f95d85e8ba0","name":"publisher","image":{"@type":"ImageObject","inLanguage":"es","@id":"https:\/\/bautizoycomunion.com\/#\/schema\/person\/image\/","url":"https:\/\/secure.gravatar.com\/avatar\/b678a6a8c15d6fa37228489ffa29aff56590dfc95fbec3aa2c2f2cc9013b082f?s=96&d=mm&r=g","contentUrl":"https:\/\/secure.gravatar.com\/avatar\/b678a6a8c15d6fa37228489ffa29aff56590dfc95fbec3aa2c2f2cc9013b082f?s=96&d=mm&r=g","caption":"publisher"}}]}},"_links":{"self":[{"href":"https:\/\/bautizoycomunion.com\/index.php\/wp-json\/wp\/v2\/posts\/7946","targetHints":{"allow":["GET"]}}],"collection":[{"href":"https:\/\/bautizoycomunion.com\/index.php\/wp-json\/wp\/v2\/posts"}],"about":[{"href":"https:\/\/bautizoycomunion.com\/index.php\/wp-json\/wp\/v2\/types\/post"}],"author":[{"embeddable":true,"href":"https:\/\/bautizoycomunion.com\/index.php\/wp-json\/wp\/v2\/users\/3"}],"replies":[{"embeddable":true,"href":"https:\/\/bautizoycomunion.com\/index.php\/wp-json\/wp\/v2\/comments?post=7946"}],"version-history":[{"count":15,"href":"https:\/\/bautizoycomunion.com\/index.php\/wp-json\/wp\/v2\/posts\/7946\/revisions"}],"predecessor-version":[{"id":9941,"href":"https:\/\/bautizoycomunion.com\/index.php\/wp-json\/wp\/v2\/posts\/7946\/revisions\/9941"}],"wp:attachment":[{"href":"https:\/\/bautizoycomunion.com\/index.php\/wp-json\/wp\/v2\/media?parent=7946"}],"wp:term":[{"taxonomy":"category","embeddable":true,"href":"https:\/\/bautizoycomunion.com\/index.php\/wp-json\/wp\/v2\/categories?post=7946"},{"taxonomy":"post_tag","embeddable":true,"href":"https:\/\/bautizoycomunion.com\/index.php\/wp-json\/wp\/v2\/tags?post=7946"}],"curies":[{"name":"wp","href":"https:\/\/api.w.org\/{rel}","templated":true}]}}