{"id":8141,"date":"2017-02-13T13:45:10","date_gmt":"2017-02-13T12:45:10","guid":{"rendered":"http:\/\/bautizoycomunion.com\/?p=8141"},"modified":"2017-06-28T14:07:40","modified_gmt":"2017-06-28T12:07:40","slug":"detalles-de-bautizo","status":"publish","type":"post","link":"https:\/\/bautizoycomunion.com\/index.php\/2017\/02\/13\/detalles-de-bautizo\/","title":{"rendered":"Detalles de Bautizo"},"content":{"rendered":"<h1>El bautizo de tu beb\u00e9<\/h1>\n<p><img loading=\"lazy\" decoding=\"async\" class=\"aligncenter wp-image-8702 size-full\" title=\"Faldones Bautizo\" src=\"http:\/\/bautizoycomunion.com\/wp-content\/uploads\/2017\/02\/bautizos-de-famosos_zpskxu1471h-1.jpg\" alt=\"bautizos de famosos\" width=\"850\" height=\"546\" srcset=\"https:\/\/bautizoycomunion.com\/wp-content\/uploads\/2017\/02\/bautizos-de-famosos_zpskxu1471h-1.jpg 850w, https:\/\/bautizoycomunion.com\/wp-content\/uploads\/2017\/02\/bautizos-de-famosos_zpskxu1471h-1-300x193.jpg 300w, https:\/\/bautizoycomunion.com\/wp-content\/uploads\/2017\/02\/bautizos-de-famosos_zpskxu1471h-1-768x493.jpg 768w\" sizes=\"auto, (max-width: 850px) 100vw, 850px\" \/><\/p>\n<p>Ya ten\u00edamos muchas ganas de ense\u00f1aros esta producci\u00f3n que hicimos de Bautizo en el palacio March, con la idea de poder ofreceros muchas ideas de celebraci\u00f3n, detalles, faldones&#8230; para ese d\u00eda especial para vosotros y vuestro beb\u00e9.<\/p>\n<p>Para el shooting contamos con la colaboraci\u00f3n de nuestra guap\u00edsima modelo <strong>Carolina L\u00f3pez<\/strong>, mujer del ex jugador de baloncesto Fran Murcia, que luce un mono precioso de <a href=\"http:\/\/www.bygimenagaray.com\/\" target=\"_blank\" rel=\"noopener\">By\u00a0Gimena Garay<\/a>.<\/p>\n<p>Todos los <strong>faldones de Bautizo<\/strong> que aparecen en \u00e9ste post son verdaderas obras de arte que podeis encontrar en <a href=\"http:\/\/www.elreciennacido.com\/vestidos-para-bautizo\" target=\"_blank\" rel=\"noopener\">El Recien Nacido<\/a>.<\/p>\n<p><a href=\"http:\/\/www.elreciennacido.com\/regalos-personalizados-bautizo\" target=\"_blank\" rel=\"noopener\"><img loading=\"lazy\" decoding=\"async\" class=\"aligncenter wp-image-8703 size-full\" title=\"sonajero de plata\" src=\"http:\/\/bautizoycomunion.com\/wp-content\/uploads\/2017\/02\/regalos-para-bebes-en-bautizos_zpskgtozevj.jpg\" alt=\"qu\u00e9 regalar por bautizo\" width=\"1024\" height=\"1024\" srcset=\"https:\/\/bautizoycomunion.com\/wp-content\/uploads\/2017\/02\/regalos-para-bebes-en-bautizos_zpskgtozevj.jpg 1024w, https:\/\/bautizoycomunion.com\/wp-content\/uploads\/2017\/02\/regalos-para-bebes-en-bautizos_zpskgtozevj-150x150.jpg 150w, https:\/\/bautizoycomunion.com\/wp-content\/uploads\/2017\/02\/regalos-para-bebes-en-bautizos_zpskgtozevj-300x300.jpg 300w, https:\/\/bautizoycomunion.com\/wp-content\/uploads\/2017\/02\/regalos-para-bebes-en-bautizos_zpskgtozevj-768x768.jpg 768w\" sizes=\"auto, (max-width: 1024px) 100vw, 1024px\" \/><\/a><\/p>\n<p>Mientras vestimos al beb\u00e9, Carolina lo distrae con esta preciosidad de sonajero de plata y lo peinamos con \u00e9ste cepillo de pelo para beb\u00e9. Todos estos accesorios son ideales como <strong>regalos para Bautizo<\/strong>. Pod\u00e9is\u00a0encontrarlos en la web\u00a0de <a href=\"http:\/\/www.elreciennacido.com\/regalos-personalizados-bautizo\" target=\"_blank\" rel=\"noopener\">El Recien Nacido<\/a>. Al hacer el pedido online podemos elegir la opci\u00f3n de entrega inmediata y tenerlo en casa en 24 horas.<\/p>\n<p><a href=\"http:\/\/www.elreciennacido.com\/regalos-personalizados-bautizo\" target=\"_blank\" rel=\"noopener\"><img loading=\"lazy\" decoding=\"async\" class=\"aligncenter wp-image-8704 size-full\" title=\"Bandeja de plata\" src=\"http:\/\/bautizoycomunion.com\/wp-content\/uploads\/2017\/02\/regalos-bautizo-bandeja-plata_zps19hsbyy0-1.jpg\" alt=\"regalos bautizo\" width=\"850\" height=\"476\" srcset=\"https:\/\/bautizoycomunion.com\/wp-content\/uploads\/2017\/02\/regalos-bautizo-bandeja-plata_zps19hsbyy0-1.jpg 850w, https:\/\/bautizoycomunion.com\/wp-content\/uploads\/2017\/02\/regalos-bautizo-bandeja-plata_zps19hsbyy0-1-300x168.jpg 300w, https:\/\/bautizoycomunion.com\/wp-content\/uploads\/2017\/02\/regalos-bautizo-bandeja-plata_zps19hsbyy0-1-768x430.jpg 768w\" sizes=\"auto, (max-width: 850px) 100vw, 850px\" \/><\/a><\/p>\n<p><a href=\"http:\/\/www.elreciennacido.com\/regalos-personalizados-bautizo\"><img loading=\"lazy\" decoding=\"async\" class=\"aligncenter wp-image-8705 size-full\" title=\"Regalo para beb\u00e9 bautizo\" src=\"http:\/\/bautizoycomunion.com\/wp-content\/uploads\/2017\/02\/bautizos-bebes_zpswx0kfpru.jpg\" alt=\"regalos bautismo\" width=\"850\" height=\"648\" srcset=\"https:\/\/bautizoycomunion.com\/wp-content\/uploads\/2017\/02\/bautizos-bebes_zpswx0kfpru.jpg 850w, https:\/\/bautizoycomunion.com\/wp-content\/uploads\/2017\/02\/bautizos-bebes_zpswx0kfpru-300x229.jpg 300w, https:\/\/bautizoycomunion.com\/wp-content\/uploads\/2017\/02\/bautizos-bebes_zpswx0kfpru-768x585.jpg 768w\" sizes=\"auto, (max-width: 850px) 100vw, 850px\" \/><\/a><\/p>\n<p>A la hora de elegir como vestir a nuestro beb\u00e9 para el d\u00eda de su <strong>Bautismo<\/strong>, podemos elegir entre un <strong>pelele<\/strong>, sobretodo para chico o un <strong>fald\u00f3n<\/strong> de cristianar que sirve igual para el <strong>Bautizo de un ni\u00f1o o<\/strong> para el de una <strong>ni\u00f1a<\/strong>.<\/p>\n<p><a href=\"http:\/\/www.elreciennacido.com\/vestidos-para-bautizo\" target=\"_blank\" rel=\"noopener\"><img loading=\"lazy\" decoding=\"async\" class=\"aligncenter wp-image-8706 size-full\" title=\"Vestidos de Bautizo\" src=\"http:\/\/bautizoycomunion.com\/wp-content\/uploads\/2017\/02\/ideas-para-bautizos_zpseuikowdm-1.jpg\" alt=\"traje de cristianar\" width=\"850\" height=\"760\" srcset=\"https:\/\/bautizoycomunion.com\/wp-content\/uploads\/2017\/02\/ideas-para-bautizos_zpseuikowdm-1.jpg 850w, https:\/\/bautizoycomunion.com\/wp-content\/uploads\/2017\/02\/ideas-para-bautizos_zpseuikowdm-1-300x268.jpg 300w, https:\/\/bautizoycomunion.com\/wp-content\/uploads\/2017\/02\/ideas-para-bautizos_zpseuikowdm-1-768x687.jpg 768w\" sizes=\"auto, (max-width: 850px) 100vw, 850px\" \/><\/a><\/p>\n<p>Las <strong>capotas de beb\u00e9<\/strong>\u00a0son siempre muy favorecedoras y protegen al beb\u00e9 del viento, el fr\u00edo y tambi\u00e9n del sol.<br \/>\n<a href=\"http:\/\/www.elreciennacido.com\/vestidos-para-bautizo\" target=\"_blank\" rel=\"noopener\"><img loading=\"lazy\" decoding=\"async\" class=\"aligncenter wp-image-8707 size-full\" title=\"Capota beb\u00e9 bautizo\" src=\"http:\/\/bautizoycomunion.com\/wp-content\/uploads\/2017\/02\/faldones-bautizo_zps5bikvnqj.jpg\" alt=\"pelele de bautizo\" width=\"850\" height=\"679\" srcset=\"https:\/\/bautizoycomunion.com\/wp-content\/uploads\/2017\/02\/faldones-bautizo_zps5bikvnqj.jpg 850w, https:\/\/bautizoycomunion.com\/wp-content\/uploads\/2017\/02\/faldones-bautizo_zps5bikvnqj-300x240.jpg 300w, https:\/\/bautizoycomunion.com\/wp-content\/uploads\/2017\/02\/faldones-bautizo_zps5bikvnqj-768x613.jpg 768w\" sizes=\"auto, (max-width: 850px) 100vw, 850px\" \/><\/a><\/p>\n<p>Las preciosas im\u00e1genes que os estamos ense\u00f1ando son de <a href=\"http:\/\/www.bibianafierro.com\/\" target=\"_blank\" rel=\"noopener\"><strong>Bibiana Fierro<\/strong><\/a>, fot\u00f3grafa madrile\u00f1a de renombre.<\/p>\n<p>Como nos gusta su estilo en la composici\u00f3n de la imagen y los juegos de claro oscuro de las luces.<\/p>\n<p>Nuestro agradecimiento tambi\u00e9n a los padres de nuestro regordete beb\u00e9 que se port\u00f3 fenomenal.<\/p>\n<p><a href=\"http:\/\/www.elreciennacido.com\/vestidos-para-bautizo\" target=\"_blank\" rel=\"noopener\"><img loading=\"lazy\" decoding=\"async\" class=\"aligncenter wp-image-8709 size-full\" title=\"Faldones de Cristianar\" src=\"http:\/\/bautizoycomunion.com\/wp-content\/uploads\/2017\/02\/faldones-de-bautizo_zpsuypisnde.jpg\" alt=\"faldones bautizo\" width=\"823\" height=\"1024\" srcset=\"https:\/\/bautizoycomunion.com\/wp-content\/uploads\/2017\/02\/faldones-de-bautizo_zpsuypisnde.jpg 823w, https:\/\/bautizoycomunion.com\/wp-content\/uploads\/2017\/02\/faldones-de-bautizo_zpsuypisnde-241x300.jpg 241w, https:\/\/bautizoycomunion.com\/wp-content\/uploads\/2017\/02\/faldones-de-bautizo_zpsuypisnde-768x956.jpg 768w\" sizes=\"auto, (max-width: 823px) 100vw, 823px\" \/><\/a><\/p>\n<p>&nbsp;<\/p>\n<p>\u00a1\u00a1Espero que os haya gustado el post y os haya inspirado!!<\/p>\n<p>&nbsp;<\/p>\n<p>Producci\u00f3n: <strong>Bautizo y Comunion<\/strong><\/p>\n<p>Fotograf\u00eda: <a href=\"http:\/\/www.bibianafierro.com\/\" target=\"_blank\" rel=\"noopener\"><strong>Bibiana Fierro<\/strong><\/a><\/p>\n<p>Vestuario beb\u00e9s: <a href=\"http:\/\/www.elreciennacido.com\/vestidos-para-bautizo\" target=\"_blank\" rel=\"noopener\"><strong>El Recien Nacido<\/strong><\/a><\/p>\n<p>Vestuario adultos: <a href=\"http:\/\/www.bygimenagaray.com\/\" target=\"_blank\" rel=\"noopener\"><strong>by Gimena Garay<\/strong><\/a><\/p>\n<p>Regalos de Bautizo: <a href=\"http:\/\/www.elreciennacido.com\/regalos-personalizados-bautizo\" target=\"_blank\" rel=\"noopener\"><strong>El Recien Nacido<\/strong><\/a><\/p>\n<p>Localizaci\u00f3n: <strong>Palacio March<\/strong><\/p>\n","protected":false},"excerpt":{"rendered":"<p>El bautizo de tu beb\u00e9 Ya ten\u00edamos muchas ganas de ense\u00f1aros esta producci\u00f3n que hicimos de Bautizo en el palacio March, con la idea de poder ofreceros muchas ideas de celebraci\u00f3n, detalles, faldones&#8230; para ese d\u00eda especial para vosotros y vuestro beb\u00e9. Para el shooting contamos con la colaboraci\u00f3n de &hellip; <a class=\"more-link\" href=\"https:\/\/bautizoycomunion.com\/index.php\/2017\/02\/13\/detalles-de-bautizo\/\"><span class=\"more-msg\">Sigue leyendo &rarr;<\/span><\/a><\/p>\n","protected":false},"author":1,"featured_media":0,"comment_status":"open","ping_status":"open","sticky":false,"template":"","format":"standard","meta":{"footnotes":""},"categories":[12,16,18],"tags":[63,1033,263,333,351,357,1031,362,1027,1029,411,1030,1032,1028,769,970],"class_list":["post-8141","post","type-post","status-publish","format-standard","hentry","category-regalos-para-bautizo","category-uncategorized","category-vestido-bautizo","tag-bautizo","tag-carolina-lopez","tag-decoracion-bautizo","tag-el-recien-nacido","tag-faldon-bautizo","tag-faldones-2","tag-faldones-antiguos","tag-faldones-cristianar","tag-faldones-para-bautizo","tag-fotografia-bautizo","tag-fotos-bautizo","tag-fotos-bebes-bautizo","tag-gimena-garay","tag-ideas-bautizo","tag-regalos-para-bautizo-2","tag-vestidos-para-bautizo"],"yoast_head":"<!-- This site is optimized with the Yoast SEO plugin v26.1.1 - https:\/\/yoast.com\/wordpress\/plugins\/seo\/ -->\n<title>Detalles de Bautizo &#8211; Bautizo y Comunion<\/title>\n<meta name=\"robots\" content=\"index, follow, max-snippet:-1, max-image-preview:large, max-video-preview:-1\" \/>\n<link rel=\"canonical\" href=\"https:\/\/bautizoycomunion.com\/index.php\/2017\/02\/13\/detalles-de-bautizo\/\" \/>\n<meta property=\"og:locale\" content=\"es_ES\" \/>\n<meta property=\"og:type\" content=\"article\" \/>\n<meta property=\"og:title\" content=\"Detalles de Bautizo &#8211; Bautizo y Comunion\" \/>\n<meta property=\"og:description\" content=\"El bautizo de tu beb\u00e9 Ya ten\u00edamos muchas ganas de ense\u00f1aros esta producci\u00f3n que hicimos de Bautizo en el palacio March, con la idea de poder ofreceros muchas ideas de celebraci\u00f3n, detalles, faldones&#8230; para ese d\u00eda especial para vosotros y vuestro beb\u00e9. Para el shooting contamos con la colaboraci\u00f3n de &hellip; Sigue leyendo &rarr;\" \/>\n<meta property=\"og:url\" content=\"https:\/\/bautizoycomunion.com\/index.php\/2017\/02\/13\/detalles-de-bautizo\/\" \/>\n<meta property=\"og:site_name\" content=\"Bautizo y Comunion\" \/>\n<meta property=\"article:publisher\" content=\"https:\/\/www.facebook.com\/BautizosyComuniones\" \/>\n<meta property=\"article:published_time\" content=\"2017-02-13T12:45:10+00:00\" \/>\n<meta property=\"article:modified_time\" content=\"2017-06-28T12:07:40+00:00\" \/>\n<meta property=\"og:image\" content=\"https:\/\/bautizoycomunion.com\/wp-content\/uploads\/2017\/02\/bautizos-de-famosos_zpskxu1471h-1.jpg\" \/>\n\t<meta property=\"og:image:width\" content=\"850\" \/>\n\t<meta property=\"og:image:height\" content=\"546\" \/>\n\t<meta property=\"og:image:type\" content=\"image\/jpeg\" \/>\n<meta name=\"author\" content=\"Mar\" \/>\n<meta name=\"twitter:card\" content=\"summary_large_image\" \/>\n<meta name=\"twitter:creator\" content=\"@BautizoComunion\" \/>\n<meta name=\"twitter:site\" content=\"@BautizoComunion\" \/>\n<meta name=\"twitter:label1\" content=\"Escrito por\" \/>\n\t<meta name=\"twitter:data1\" content=\"Mar\" \/>\n\t<meta name=\"twitter:label2\" content=\"Tiempo de lectura\" \/>\n\t<meta name=\"twitter:data2\" content=\"2 minutos\" \/>\n<script type=\"application\/ld+json\" class=\"yoast-schema-graph\">{\"@context\":\"https:\/\/schema.org\",\"@graph\":[{\"@type\":\"Article\",\"@id\":\"https:\/\/bautizoycomunion.com\/index.php\/2017\/02\/13\/detalles-de-bautizo\/#article\",\"isPartOf\":{\"@id\":\"https:\/\/bautizoycomunion.com\/index.php\/2017\/02\/13\/detalles-de-bautizo\/\"},\"author\":{\"name\":\"Mar\",\"@id\":\"https:\/\/bautizoycomunion.com\/#\/schema\/person\/12e57d2607b3ab06cbc6c8a7f65949d6\"},\"headline\":\"Detalles de Bautizo\",\"datePublished\":\"2017-02-13T12:45:10+00:00\",\"dateModified\":\"2017-06-28T12:07:40+00:00\",\"mainEntityOfPage\":{\"@id\":\"https:\/\/bautizoycomunion.com\/index.php\/2017\/02\/13\/detalles-de-bautizo\/\"},\"wordCount\":335,\"commentCount\":0,\"publisher\":{\"@id\":\"https:\/\/bautizoycomunion.com\/#organization\"},\"image\":{\"@id\":\"https:\/\/bautizoycomunion.com\/index.php\/2017\/02\/13\/detalles-de-bautizo\/#primaryimage\"},\"thumbnailUrl\":\"http:\/\/bautizoycomunion.com\/wp-content\/uploads\/2017\/02\/bautizos-de-famosos_zpskxu1471h-1.jpg\",\"keywords\":[\"bautizo\",\"carolina lopez\",\"decoracion bautizo\",\"el recien nacido\",\"faldon bautizo\",\"faldones\",\"faldones antiguos\",\"faldones cristianar\",\"faldones para bautizo\",\"fotografia bautizo\",\"fotos bautizo\",\"fotos bebes bautizo\",\"gimena garay\",\"ideas bautizo\",\"regalos para Bautizo\",\"vestidos para bautizo\"],\"articleSection\":[\"Regalos para Bautizo\",\"Todas las entradas\",\"Vestidos y faldones para Bautizo\"],\"inLanguage\":\"es\",\"potentialAction\":[{\"@type\":\"CommentAction\",\"name\":\"Comment\",\"target\":[\"https:\/\/bautizoycomunion.com\/index.php\/2017\/02\/13\/detalles-de-bautizo\/#respond\"]}]},{\"@type\":\"WebPage\",\"@id\":\"https:\/\/bautizoycomunion.com\/index.php\/2017\/02\/13\/detalles-de-bautizo\/\",\"url\":\"https:\/\/bautizoycomunion.com\/index.php\/2017\/02\/13\/detalles-de-bautizo\/\",\"name\":\"Detalles de Bautizo &#8211; Bautizo y Comunion\",\"isPartOf\":{\"@id\":\"https:\/\/bautizoycomunion.com\/#website\"},\"primaryImageOfPage\":{\"@id\":\"https:\/\/bautizoycomunion.com\/index.php\/2017\/02\/13\/detalles-de-bautizo\/#primaryimage\"},\"image\":{\"@id\":\"https:\/\/bautizoycomunion.com\/index.php\/2017\/02\/13\/detalles-de-bautizo\/#primaryimage\"},\"thumbnailUrl\":\"http:\/\/bautizoycomunion.com\/wp-content\/uploads\/2017\/02\/bautizos-de-famosos_zpskxu1471h-1.jpg\",\"datePublished\":\"2017-02-13T12:45:10+00:00\",\"dateModified\":\"2017-06-28T12:07:40+00:00\",\"breadcrumb\":{\"@id\":\"https:\/\/bautizoycomunion.com\/index.php\/2017\/02\/13\/detalles-de-bautizo\/#breadcrumb\"},\"inLanguage\":\"es\",\"potentialAction\":[{\"@type\":\"ReadAction\",\"target\":[\"https:\/\/bautizoycomunion.com\/index.php\/2017\/02\/13\/detalles-de-bautizo\/\"]}]},{\"@type\":\"ImageObject\",\"inLanguage\":\"es\",\"@id\":\"https:\/\/bautizoycomunion.com\/index.php\/2017\/02\/13\/detalles-de-bautizo\/#primaryimage\",\"url\":\"https:\/\/bautizoycomunion.com\/wp-content\/uploads\/2017\/02\/bautizos-de-famosos_zpskxu1471h-1.jpg\",\"contentUrl\":\"https:\/\/bautizoycomunion.com\/wp-content\/uploads\/2017\/02\/bautizos-de-famosos_zpskxu1471h-1.jpg\",\"width\":850,\"height\":546},{\"@type\":\"BreadcrumbList\",\"@id\":\"https:\/\/bautizoycomunion.com\/index.php\/2017\/02\/13\/detalles-de-bautizo\/#breadcrumb\",\"itemListElement\":[{\"@type\":\"ListItem\",\"position\":1,\"name\":\"Portada\",\"item\":\"https:\/\/bautizoycomunion.com\/\"},{\"@type\":\"ListItem\",\"position\":2,\"name\":\"Detalles de Bautizo\"}]},{\"@type\":\"WebSite\",\"@id\":\"https:\/\/bautizoycomunion.com\/#website\",\"url\":\"https:\/\/bautizoycomunion.com\/\",\"name\":\"Bautizo y Comunion\",\"description\":\"\",\"publisher\":{\"@id\":\"https:\/\/bautizoycomunion.com\/#organization\"},\"potentialAction\":[{\"@type\":\"SearchAction\",\"target\":{\"@type\":\"EntryPoint\",\"urlTemplate\":\"https:\/\/bautizoycomunion.com\/?s={search_term_string}\"},\"query-input\":{\"@type\":\"PropertyValueSpecification\",\"valueRequired\":true,\"valueName\":\"search_term_string\"}}],\"inLanguage\":\"es\"},{\"@type\":\"Organization\",\"@id\":\"https:\/\/bautizoycomunion.com\/#organization\",\"name\":\"Bautizo y Comunion\",\"url\":\"https:\/\/bautizoycomunion.com\/\",\"logo\":{\"@type\":\"ImageObject\",\"inLanguage\":\"es\",\"@id\":\"https:\/\/bautizoycomunion.com\/#\/schema\/logo\/image\/\",\"url\":\"https:\/\/bautizoycomunion.com\/wp-content\/uploads\/2020\/02\/logo-bautizo-y-comunion.jpg\",\"contentUrl\":\"https:\/\/bautizoycomunion.com\/wp-content\/uploads\/2020\/02\/logo-bautizo-y-comunion.jpg\",\"width\":128,\"height\":128,\"caption\":\"Bautizo y Comunion\"},\"image\":{\"@id\":\"https:\/\/bautizoycomunion.com\/#\/schema\/logo\/image\/\"},\"sameAs\":[\"https:\/\/www.facebook.com\/BautizosyComuniones\",\"https:\/\/x.com\/BautizoComunion\",\"https:\/\/www.instagram.com\/bautizoycomunion\/\",\"https:\/\/www.pinterest.es\/BautizoComunion\/\",\"https:\/\/www.youtube.com\/user\/BautizoyComunionTV\"]},{\"@type\":\"Person\",\"@id\":\"https:\/\/bautizoycomunion.com\/#\/schema\/person\/12e57d2607b3ab06cbc6c8a7f65949d6\",\"name\":\"Mar\",\"image\":{\"@type\":\"ImageObject\",\"inLanguage\":\"es\",\"@id\":\"https:\/\/bautizoycomunion.com\/#\/schema\/person\/image\/\",\"url\":\"https:\/\/secure.gravatar.com\/avatar\/71e69d02c62d24b5ab647c982f7ab3d63ba828e112128713a54d5890a8fa5610?s=96&d=mm&r=g\",\"contentUrl\":\"https:\/\/secure.gravatar.com\/avatar\/71e69d02c62d24b5ab647c982f7ab3d63ba828e112128713a54d5890a8fa5610?s=96&d=mm&r=g\",\"caption\":\"Mar\"}}]}<\/script>\n<!-- \/ Yoast SEO plugin. -->","yoast_head_json":{"title":"Detalles de Bautizo &#8211; Bautizo y Comunion","robots":{"index":"index","follow":"follow","max-snippet":"max-snippet:-1","max-image-preview":"max-image-preview:large","max-video-preview":"max-video-preview:-1"},"canonical":"https:\/\/bautizoycomunion.com\/index.php\/2017\/02\/13\/detalles-de-bautizo\/","og_locale":"es_ES","og_type":"article","og_title":"Detalles de Bautizo &#8211; Bautizo y Comunion","og_description":"El bautizo de tu beb\u00e9 Ya ten\u00edamos muchas ganas de ense\u00f1aros esta producci\u00f3n que hicimos de Bautizo en el palacio March, con la idea de poder ofreceros muchas ideas de celebraci\u00f3n, detalles, faldones&#8230; para ese d\u00eda especial para vosotros y vuestro beb\u00e9. Para el shooting contamos con la colaboraci\u00f3n de &hellip; Sigue leyendo &rarr;","og_url":"https:\/\/bautizoycomunion.com\/index.php\/2017\/02\/13\/detalles-de-bautizo\/","og_site_name":"Bautizo y Comunion","article_publisher":"https:\/\/www.facebook.com\/BautizosyComuniones","article_published_time":"2017-02-13T12:45:10+00:00","article_modified_time":"2017-06-28T12:07:40+00:00","og_image":[{"width":850,"height":546,"url":"https:\/\/bautizoycomunion.com\/wp-content\/uploads\/2017\/02\/bautizos-de-famosos_zpskxu1471h-1.jpg","type":"image\/jpeg"}],"author":"Mar","twitter_card":"summary_large_image","twitter_creator":"@BautizoComunion","twitter_site":"@BautizoComunion","twitter_misc":{"Escrito por":"Mar","Tiempo de lectura":"2 minutos"},"schema":{"@context":"https:\/\/schema.org","@graph":[{"@type":"Article","@id":"https:\/\/bautizoycomunion.com\/index.php\/2017\/02\/13\/detalles-de-bautizo\/#article","isPartOf":{"@id":"https:\/\/bautizoycomunion.com\/index.php\/2017\/02\/13\/detalles-de-bautizo\/"},"author":{"name":"Mar","@id":"https:\/\/bautizoycomunion.com\/#\/schema\/person\/12e57d2607b3ab06cbc6c8a7f65949d6"},"headline":"Detalles de Bautizo","datePublished":"2017-02-13T12:45:10+00:00","dateModified":"2017-06-28T12:07:40+00:00","mainEntityOfPage":{"@id":"https:\/\/bautizoycomunion.com\/index.php\/2017\/02\/13\/detalles-de-bautizo\/"},"wordCount":335,"commentCount":0,"publisher":{"@id":"https:\/\/bautizoycomunion.com\/#organization"},"image":{"@id":"https:\/\/bautizoycomunion.com\/index.php\/2017\/02\/13\/detalles-de-bautizo\/#primaryimage"},"thumbnailUrl":"http:\/\/bautizoycomunion.com\/wp-content\/uploads\/2017\/02\/bautizos-de-famosos_zpskxu1471h-1.jpg","keywords":["bautizo","carolina lopez","decoracion bautizo","el recien nacido","faldon bautizo","faldones","faldones antiguos","faldones cristianar","faldones para bautizo","fotografia bautizo","fotos bautizo","fotos bebes bautizo","gimena garay","ideas bautizo","regalos para Bautizo","vestidos para bautizo"],"articleSection":["Regalos para Bautizo","Todas las entradas","Vestidos y faldones para Bautizo"],"inLanguage":"es","potentialAction":[{"@type":"CommentAction","name":"Comment","target":["https:\/\/bautizoycomunion.com\/index.php\/2017\/02\/13\/detalles-de-bautizo\/#respond"]}]},{"@type":"WebPage","@id":"https:\/\/bautizoycomunion.com\/index.php\/2017\/02\/13\/detalles-de-bautizo\/","url":"https:\/\/bautizoycomunion.com\/index.php\/2017\/02\/13\/detalles-de-bautizo\/","name":"Detalles de Bautizo &#8211; Bautizo y Comunion","isPartOf":{"@id":"https:\/\/bautizoycomunion.com\/#website"},"primaryImageOfPage":{"@id":"https:\/\/bautizoycomunion.com\/index.php\/2017\/02\/13\/detalles-de-bautizo\/#primaryimage"},"image":{"@id":"https:\/\/bautizoycomunion.com\/index.php\/2017\/02\/13\/detalles-de-bautizo\/#primaryimage"},"thumbnailUrl":"http:\/\/bautizoycomunion.com\/wp-content\/uploads\/2017\/02\/bautizos-de-famosos_zpskxu1471h-1.jpg","datePublished":"2017-02-13T12:45:10+00:00","dateModified":"2017-06-28T12:07:40+00:00","breadcrumb":{"@id":"https:\/\/bautizoycomunion.com\/index.php\/2017\/02\/13\/detalles-de-bautizo\/#breadcrumb"},"inLanguage":"es","potentialAction":[{"@type":"ReadAction","target":["https:\/\/bautizoycomunion.com\/index.php\/2017\/02\/13\/detalles-de-bautizo\/"]}]},{"@type":"ImageObject","inLanguage":"es","@id":"https:\/\/bautizoycomunion.com\/index.php\/2017\/02\/13\/detalles-de-bautizo\/#primaryimage","url":"https:\/\/bautizoycomunion.com\/wp-content\/uploads\/2017\/02\/bautizos-de-famosos_zpskxu1471h-1.jpg","contentUrl":"https:\/\/bautizoycomunion.com\/wp-content\/uploads\/2017\/02\/bautizos-de-famosos_zpskxu1471h-1.jpg","width":850,"height":546},{"@type":"BreadcrumbList","@id":"https:\/\/bautizoycomunion.com\/index.php\/2017\/02\/13\/detalles-de-bautizo\/#breadcrumb","itemListElement":[{"@type":"ListItem","position":1,"name":"Portada","item":"https:\/\/bautizoycomunion.com\/"},{"@type":"ListItem","position":2,"name":"Detalles de Bautizo"}]},{"@type":"WebSite","@id":"https:\/\/bautizoycomunion.com\/#website","url":"https:\/\/bautizoycomunion.com\/","name":"Bautizo y Comunion","description":"","publisher":{"@id":"https:\/\/bautizoycomunion.com\/#organization"},"potentialAction":[{"@type":"SearchAction","target":{"@type":"EntryPoint","urlTemplate":"https:\/\/bautizoycomunion.com\/?s={search_term_string}"},"query-input":{"@type":"PropertyValueSpecification","valueRequired":true,"valueName":"search_term_string"}}],"inLanguage":"es"},{"@type":"Organization","@id":"https:\/\/bautizoycomunion.com\/#organization","name":"Bautizo y Comunion","url":"https:\/\/bautizoycomunion.com\/","logo":{"@type":"ImageObject","inLanguage":"es","@id":"https:\/\/bautizoycomunion.com\/#\/schema\/logo\/image\/","url":"https:\/\/bautizoycomunion.com\/wp-content\/uploads\/2020\/02\/logo-bautizo-y-comunion.jpg","contentUrl":"https:\/\/bautizoycomunion.com\/wp-content\/uploads\/2020\/02\/logo-bautizo-y-comunion.jpg","width":128,"height":128,"caption":"Bautizo y Comunion"},"image":{"@id":"https:\/\/bautizoycomunion.com\/#\/schema\/logo\/image\/"},"sameAs":["https:\/\/www.facebook.com\/BautizosyComuniones","https:\/\/x.com\/BautizoComunion","https:\/\/www.instagram.com\/bautizoycomunion\/","https:\/\/www.pinterest.es\/BautizoComunion\/","https:\/\/www.youtube.com\/user\/BautizoyComunionTV"]},{"@type":"Person","@id":"https:\/\/bautizoycomunion.com\/#\/schema\/person\/12e57d2607b3ab06cbc6c8a7f65949d6","name":"Mar","image":{"@type":"ImageObject","inLanguage":"es","@id":"https:\/\/bautizoycomunion.com\/#\/schema\/person\/image\/","url":"https:\/\/secure.gravatar.com\/avatar\/71e69d02c62d24b5ab647c982f7ab3d63ba828e112128713a54d5890a8fa5610?s=96&d=mm&r=g","contentUrl":"https:\/\/secure.gravatar.com\/avatar\/71e69d02c62d24b5ab647c982f7ab3d63ba828e112128713a54d5890a8fa5610?s=96&d=mm&r=g","caption":"Mar"}}]}},"_links":{"self":[{"href":"https:\/\/bautizoycomunion.com\/index.php\/wp-json\/wp\/v2\/posts\/8141","targetHints":{"allow":["GET"]}}],"collection":[{"href":"https:\/\/bautizoycomunion.com\/index.php\/wp-json\/wp\/v2\/posts"}],"about":[{"href":"https:\/\/bautizoycomunion.com\/index.php\/wp-json\/wp\/v2\/types\/post"}],"author":[{"embeddable":true,"href":"https:\/\/bautizoycomunion.com\/index.php\/wp-json\/wp\/v2\/users\/1"}],"replies":[{"embeddable":true,"href":"https:\/\/bautizoycomunion.com\/index.php\/wp-json\/wp\/v2\/comments?post=8141"}],"version-history":[{"count":8,"href":"https:\/\/bautizoycomunion.com\/index.php\/wp-json\/wp\/v2\/posts\/8141\/revisions"}],"predecessor-version":[{"id":8701,"href":"https:\/\/bautizoycomunion.com\/index.php\/wp-json\/wp\/v2\/posts\/8141\/revisions\/8701"}],"wp:attachment":[{"href":"https:\/\/bautizoycomunion.com\/index.php\/wp-json\/wp\/v2\/media?parent=8141"}],"wp:term":[{"taxonomy":"category","embeddable":true,"href":"https:\/\/bautizoycomunion.com\/index.php\/wp-json\/wp\/v2\/categories?post=8141"},{"taxonomy":"post_tag","embeddable":true,"href":"https:\/\/bautizoycomunion.com\/index.php\/wp-json\/wp\/v2\/tags?post=8141"}],"curies":[{"name":"wp","href":"https:\/\/api.w.org\/{rel}","templated":true}]}}