{"id":8263,"date":"2017-03-22T15:51:55","date_gmt":"2017-03-22T14:51:55","guid":{"rendered":"http:\/\/bautizoycomunion.com\/?p=8263"},"modified":"2017-06-28T13:05:44","modified_gmt":"2017-06-28T11:05:44","slug":"coronas-de-flores-para-comunion","status":"publish","type":"post","link":"https:\/\/bautizoycomunion.com\/index.php\/2017\/03\/22\/coronas-de-flores-para-comunion\/","title":{"rendered":"Coronas de flores para Comuni\u00f3n"},"content":{"rendered":"<h1>Tocados o diademas de flores de Aquilea<\/h1>\n<p>El tiempo vuela y un a\u00f1o mas llega la \u00e9poca de Comuniones. Con mucha ilusi\u00f3n vemos las nuevas colecciones de trajes y tramamos y pensamos en las coronitas de flores naturales que ser\u00e1n el complemento ideal para fecha tan se\u00f1alada.<\/p>\n<p>Las coronitas este a\u00f1o se llevan mas bien finas y monocrom\u00e1ticas. Un a\u00f1o mas los tonos por los que apostamos son los blancos, rosas y por supuesto verdes&#8230; Dicho esto, a nosotras nos encantan las coronas de flores desbordantes y grandes, as\u00ed que no podemos dejar de proponeros una tambi\u00e9n esta temporada.<\/p>\n<p><a href=\"http:\/\/eaquilea.com\/\" target=\"_blank\" rel=\"noopener\"><img loading=\"lazy\" decoding=\"async\" class=\"alignnone wp-image-8676 size-full\" title=\"diadema flores frescas\" src=\"http:\/\/bautizoycomunion.com\/wp-content\/uploads\/2017\/03\/corona-de-flores-pelo_zpsszf6nf6h.jpg\" alt=\"tocados naturales\" width=\"1024\" height=\"614\" srcset=\"https:\/\/bautizoycomunion.com\/wp-content\/uploads\/2017\/03\/corona-de-flores-pelo_zpsszf6nf6h.jpg 1024w, https:\/\/bautizoycomunion.com\/wp-content\/uploads\/2017\/03\/corona-de-flores-pelo_zpsszf6nf6h-300x180.jpg 300w, https:\/\/bautizoycomunion.com\/wp-content\/uploads\/2017\/03\/corona-de-flores-pelo_zpsszf6nf6h-768x461.jpg 768w\" sizes=\"auto, (max-width: 1024px) 100vw, 1024px\" \/><\/a><\/p>\n<p>La primera Coronita que os ense\u00f1amos es de flor de cera rosa. Es una flor peque\u00f1a y silvestre que aguanta muy bien sin agua por lo que es la elecci\u00f3n natural si quieres que est\u00e9 perfecta todo el d\u00eda. Existe tambi\u00e9n la posibilidad de hacerla en tonos blancos.<\/p>\n<p><a href=\"http:\/\/eaquilea.com\/\" target=\"_blank\" rel=\"noopener\"><img loading=\"lazy\" decoding=\"async\" class=\"aligncenter wp-image-8677 size-full\" title=\"corona flores comuni\u00f3n\" src=\"http:\/\/bautizoycomunion.com\/wp-content\/uploads\/2017\/03\/diademas-de-flores-para-comunion_zpsflbidazu.jpg\" alt=\"adornos naturales para el pelo\" width=\"1024\" height=\"459\" srcset=\"https:\/\/bautizoycomunion.com\/wp-content\/uploads\/2017\/03\/diademas-de-flores-para-comunion_zpsflbidazu.jpg 1024w, https:\/\/bautizoycomunion.com\/wp-content\/uploads\/2017\/03\/diademas-de-flores-para-comunion_zpsflbidazu-300x134.jpg 300w, https:\/\/bautizoycomunion.com\/wp-content\/uploads\/2017\/03\/diademas-de-flores-para-comunion_zpsflbidazu-768x344.jpg 768w\" sizes=\"auto, (max-width: 1024px) 100vw, 1024px\" \/><\/a><\/p>\n<p>La segunda es de Salix con brote (Pussy Willow). Esta coronita se elabora a base de palo natural y tiene unos brotecitos blancos. Es muy sutil. Se mimetiza con el pelo pero a la vez aporta luz a la cara. Es muy resistente y cuando se seque apenas se apreciar\u00e1 la diferencia con su estado fresco!<\/p>\n<p><a href=\"http:\/\/eaquilea.com\/\" target=\"_blank\" rel=\"noopener\"><img loading=\"lazy\" decoding=\"async\" class=\"aligncenter wp-image-8679 size-full\" title=\"corona de flores comuni\u00f3n\" src=\"http:\/\/bautizoycomunion.com\/wp-content\/uploads\/2017\/03\/comunion-coronas-flores_zpseh6lccno.jpg\" alt=\"coronas flores novia\" width=\"1024\" height=\"569\" srcset=\"https:\/\/bautizoycomunion.com\/wp-content\/uploads\/2017\/03\/comunion-coronas-flores_zpseh6lccno.jpg 1024w, https:\/\/bautizoycomunion.com\/wp-content\/uploads\/2017\/03\/comunion-coronas-flores_zpseh6lccno-300x167.jpg 300w, https:\/\/bautizoycomunion.com\/wp-content\/uploads\/2017\/03\/comunion-coronas-flores_zpseh6lccno-768x427.jpg 768w\" sizes=\"auto, (max-width: 1024px) 100vw, 1024px\" \/><\/a><\/p>\n<p>La tercera es de tuya verde. Las coronitas verdes son siempre un acierto. Se pueden elaborar mas finas o m\u00e1s contundentes y siempre aportan un aire natural y sencillo.<\/p>\n<p><a href=\"http:\/\/eaquilea.com\/\" target=\"_blank\" rel=\"noopener\"><img loading=\"lazy\" decoding=\"async\" class=\"aligncenter wp-image-8678 size-full\" title=\"corona de flores naturales\" src=\"http:\/\/bautizoycomunion.com\/wp-content\/uploads\/2017\/03\/coronas-de-flores-para-comunion_zpshzqg7kqd.jpg\" alt=\"tocados para ni\u00f1as\" width=\"1024\" height=\"451\" srcset=\"https:\/\/bautizoycomunion.com\/wp-content\/uploads\/2017\/03\/coronas-de-flores-para-comunion_zpshzqg7kqd.jpg 1024w, https:\/\/bautizoycomunion.com\/wp-content\/uploads\/2017\/03\/coronas-de-flores-para-comunion_zpshzqg7kqd-300x132.jpg 300w, https:\/\/bautizoycomunion.com\/wp-content\/uploads\/2017\/03\/coronas-de-flores-para-comunion_zpshzqg7kqd-768x338.jpg 768w\" sizes=\"auto, (max-width: 1024px) 100vw, 1024px\" \/><\/a><\/p>\n<p>Por \u00faltimo os proponemos una corona de francesillas y narcisos, en la gama de los rosas y llegando hasta el granate. Resulta muy favorecedora y ser\u00e1 de lo m\u00e1s comentada. Atr\u00e9vete!<\/p>\n<p><strong>Aquilea Flores &amp; Eventos<\/strong>. Marta, Cristina y Maria Barreiros. Tres hermanas que deciden dar un giro a sus vidas en 2001, dejan sus carreras profesionales y ocupaciones y montan un taller de flores \u00aba medida\u00bb y especializado en eventos.<\/p>\n<p>La pasi\u00f3n por las flores la heredan de su madre que fund\u00f3 <strong>Aquilea<\/strong> en los a\u00f1os 90 y marc\u00f3 tendencia decorando las fiestas y bodas m\u00e1s emblem\u00e1ticas del momento. Trabajando con ella, en \u00e9poca de estudiantes, se formaron en todas las t\u00e9cnicas&#8230; Se mantienen a la \u00faltima, viajando y siguiendo a los floristas Internacionales de mayor renombre &#8230; Nada se les resiste y elaboran hasta los arreglos m\u00e1s incre\u00edbles y sorprendentes.<\/p>\n<p><a href=\"http:\/\/eaquilea.com\/\" target=\"_blank\" rel=\"noopener\"><img loading=\"lazy\" decoding=\"async\" class=\"aligncenter wp-image-8680 size-full\" title=\"coronitas de flores ni\u00f1as\" src=\"http:\/\/bautizoycomunion.com\/wp-content\/uploads\/2017\/03\/coronitas-de-flores-comunion_zpsundiv4wj.jpg\" alt=\"corona flor natural\" width=\"1024\" height=\"475\" srcset=\"https:\/\/bautizoycomunion.com\/wp-content\/uploads\/2017\/03\/coronitas-de-flores-comunion_zpsundiv4wj.jpg 1024w, https:\/\/bautizoycomunion.com\/wp-content\/uploads\/2017\/03\/coronitas-de-flores-comunion_zpsundiv4wj-300x139.jpg 300w, https:\/\/bautizoycomunion.com\/wp-content\/uploads\/2017\/03\/coronitas-de-flores-comunion_zpsundiv4wj-768x356.jpg 768w\" sizes=\"auto, (max-width: 1024px) 100vw, 1024px\" \/><\/a><\/p>\n<p>16 a\u00f1os despu\u00e9s se enorgullecen de decorar cerca de 100 eventos al a\u00f1o de todo tipo, y por toda la geograf\u00eda nacional: Bodas, Comuniones, peticiones de mano, eventos de empresa, clubs, casas particulares, presentaciones de Producto, Hoteles, Restaurantes. Desde 2013 tambi\u00e9n env\u00edan centros de flores en Madrid a trav\u00e9s de su <a href=\"http:\/\/eaquilea.com\/\" target=\"_blank\" rel=\"noopener\">tienda-on-line<\/a>.<\/p>\n<p>Se consideran unas afortunadas y su pasi\u00f3n por las flores, la est\u00e9tica, la innovaci\u00f3n e inquietud por hacer realidad los sue\u00f1os de sus clientes, no tiene limites&#8230;.<\/p>\n<p><a href=\"http:\/\/eaquilea.com\/\" target=\"_blank\" rel=\"noopener\">www.eaquilea.com<\/a><\/p>\n<p>&nbsp;<\/p>\n","protected":false},"excerpt":{"rendered":"<p>Tocados o diademas de flores de Aquilea El tiempo vuela y un a\u00f1o mas llega la \u00e9poca de Comuniones. Con mucha ilusi\u00f3n vemos las nuevas colecciones de trajes y tramamos y pensamos en las coronitas de flores naturales que ser\u00e1n el complemento ideal para fecha tan se\u00f1alada. Las coronitas este &hellip; <a class=\"more-link\" href=\"https:\/\/bautizoycomunion.com\/index.php\/2017\/03\/22\/coronas-de-flores-para-comunion\/\"><span class=\"more-msg\">Sigue leyendo &rarr;<\/span><\/a><\/p>\n","protected":false},"author":1,"featured_media":0,"comment_status":"open","ping_status":"open","sticky":false,"template":"","format":"standard","meta":{"footnotes":""},"categories":[7,16],"tags":[204,1067,1069,1064,1066,1068,1065],"class_list":["post-8263","post","type-post","status-publish","format-standard","hentry","category-flores","category-uncategorized","tag-corona-de-flores","tag-coronas-de-flores-naturales","tag-coronas-flores-comunion","tag-diadema-de-flores","tag-flores-comunion","tag-flores-naturales","tag-tocado-de-flores"],"yoast_head":"<!-- This site is optimized with the Yoast SEO plugin v26.1.1 - https:\/\/yoast.com\/wordpress\/plugins\/seo\/ -->\n<title>Coronas de flores para Comuni\u00f3n &#8211; Bautizo y Comunion<\/title>\n<meta name=\"robots\" content=\"index, follow, max-snippet:-1, max-image-preview:large, max-video-preview:-1\" \/>\n<link rel=\"canonical\" href=\"https:\/\/bautizoycomunion.com\/index.php\/2017\/03\/22\/coronas-de-flores-para-comunion\/\" \/>\n<meta property=\"og:locale\" content=\"es_ES\" \/>\n<meta property=\"og:type\" content=\"article\" \/>\n<meta property=\"og:title\" content=\"Coronas de flores para Comuni\u00f3n &#8211; Bautizo y Comunion\" \/>\n<meta property=\"og:description\" content=\"Tocados o diademas de flores de Aquilea El tiempo vuela y un a\u00f1o mas llega la \u00e9poca de Comuniones. Con mucha ilusi\u00f3n vemos las nuevas colecciones de trajes y tramamos y pensamos en las coronitas de flores naturales que ser\u00e1n el complemento ideal para fecha tan se\u00f1alada. Las coronitas este &hellip; Sigue leyendo &rarr;\" \/>\n<meta property=\"og:url\" content=\"https:\/\/bautizoycomunion.com\/index.php\/2017\/03\/22\/coronas-de-flores-para-comunion\/\" \/>\n<meta property=\"og:site_name\" content=\"Bautizo y Comunion\" \/>\n<meta property=\"article:publisher\" content=\"https:\/\/www.facebook.com\/BautizosyComuniones\" \/>\n<meta property=\"article:published_time\" content=\"2017-03-22T14:51:55+00:00\" \/>\n<meta property=\"article:modified_time\" content=\"2017-06-28T11:05:44+00:00\" \/>\n<meta property=\"og:image\" content=\"https:\/\/bautizoycomunion.com\/wp-content\/uploads\/2017\/03\/corona-de-flores-pelo_zpsszf6nf6h.jpg\" \/>\n\t<meta property=\"og:image:width\" content=\"1024\" \/>\n\t<meta property=\"og:image:height\" content=\"614\" \/>\n\t<meta property=\"og:image:type\" content=\"image\/jpeg\" \/>\n<meta name=\"author\" content=\"Mar\" \/>\n<meta name=\"twitter:card\" content=\"summary_large_image\" \/>\n<meta name=\"twitter:creator\" content=\"@BautizoComunion\" \/>\n<meta name=\"twitter:site\" content=\"@BautizoComunion\" \/>\n<meta name=\"twitter:label1\" content=\"Escrito por\" \/>\n\t<meta name=\"twitter:data1\" content=\"Mar\" \/>\n\t<meta name=\"twitter:label2\" content=\"Tiempo de lectura\" \/>\n\t<meta name=\"twitter:data2\" content=\"2 minutos\" \/>\n<script type=\"application\/ld+json\" class=\"yoast-schema-graph\">{\"@context\":\"https:\/\/schema.org\",\"@graph\":[{\"@type\":\"Article\",\"@id\":\"https:\/\/bautizoycomunion.com\/index.php\/2017\/03\/22\/coronas-de-flores-para-comunion\/#article\",\"isPartOf\":{\"@id\":\"https:\/\/bautizoycomunion.com\/index.php\/2017\/03\/22\/coronas-de-flores-para-comunion\/\"},\"author\":{\"name\":\"Mar\",\"@id\":\"https:\/\/bautizoycomunion.com\/#\/schema\/person\/12e57d2607b3ab06cbc6c8a7f65949d6\"},\"headline\":\"Coronas de flores para Comuni\u00f3n\",\"datePublished\":\"2017-03-22T14:51:55+00:00\",\"dateModified\":\"2017-06-28T11:05:44+00:00\",\"mainEntityOfPage\":{\"@id\":\"https:\/\/bautizoycomunion.com\/index.php\/2017\/03\/22\/coronas-de-flores-para-comunion\/\"},\"wordCount\":490,\"commentCount\":0,\"publisher\":{\"@id\":\"https:\/\/bautizoycomunion.com\/#organization\"},\"image\":{\"@id\":\"https:\/\/bautizoycomunion.com\/index.php\/2017\/03\/22\/coronas-de-flores-para-comunion\/#primaryimage\"},\"thumbnailUrl\":\"http:\/\/bautizoycomunion.com\/wp-content\/uploads\/2017\/03\/corona-de-flores-pelo_zpsszf6nf6h.jpg\",\"keywords\":[\"corona de flores\",\"coronas de flores naturales\",\"coronas flores comunion\",\"diadema de flores\",\"flores comunion\",\"flores naturales\",\"tocado de flores\"],\"articleSection\":[\"Flores\",\"Todas las entradas\"],\"inLanguage\":\"es\",\"potentialAction\":[{\"@type\":\"CommentAction\",\"name\":\"Comment\",\"target\":[\"https:\/\/bautizoycomunion.com\/index.php\/2017\/03\/22\/coronas-de-flores-para-comunion\/#respond\"]}]},{\"@type\":\"WebPage\",\"@id\":\"https:\/\/bautizoycomunion.com\/index.php\/2017\/03\/22\/coronas-de-flores-para-comunion\/\",\"url\":\"https:\/\/bautizoycomunion.com\/index.php\/2017\/03\/22\/coronas-de-flores-para-comunion\/\",\"name\":\"Coronas de flores para Comuni\u00f3n &#8211; Bautizo y Comunion\",\"isPartOf\":{\"@id\":\"https:\/\/bautizoycomunion.com\/#website\"},\"primaryImageOfPage\":{\"@id\":\"https:\/\/bautizoycomunion.com\/index.php\/2017\/03\/22\/coronas-de-flores-para-comunion\/#primaryimage\"},\"image\":{\"@id\":\"https:\/\/bautizoycomunion.com\/index.php\/2017\/03\/22\/coronas-de-flores-para-comunion\/#primaryimage\"},\"thumbnailUrl\":\"http:\/\/bautizoycomunion.com\/wp-content\/uploads\/2017\/03\/corona-de-flores-pelo_zpsszf6nf6h.jpg\",\"datePublished\":\"2017-03-22T14:51:55+00:00\",\"dateModified\":\"2017-06-28T11:05:44+00:00\",\"breadcrumb\":{\"@id\":\"https:\/\/bautizoycomunion.com\/index.php\/2017\/03\/22\/coronas-de-flores-para-comunion\/#breadcrumb\"},\"inLanguage\":\"es\",\"potentialAction\":[{\"@type\":\"ReadAction\",\"target\":[\"https:\/\/bautizoycomunion.com\/index.php\/2017\/03\/22\/coronas-de-flores-para-comunion\/\"]}]},{\"@type\":\"ImageObject\",\"inLanguage\":\"es\",\"@id\":\"https:\/\/bautizoycomunion.com\/index.php\/2017\/03\/22\/coronas-de-flores-para-comunion\/#primaryimage\",\"url\":\"https:\/\/bautizoycomunion.com\/wp-content\/uploads\/2017\/03\/corona-de-flores-pelo_zpsszf6nf6h.jpg\",\"contentUrl\":\"https:\/\/bautizoycomunion.com\/wp-content\/uploads\/2017\/03\/corona-de-flores-pelo_zpsszf6nf6h.jpg\",\"width\":1024,\"height\":614},{\"@type\":\"BreadcrumbList\",\"@id\":\"https:\/\/bautizoycomunion.com\/index.php\/2017\/03\/22\/coronas-de-flores-para-comunion\/#breadcrumb\",\"itemListElement\":[{\"@type\":\"ListItem\",\"position\":1,\"name\":\"Portada\",\"item\":\"https:\/\/bautizoycomunion.com\/\"},{\"@type\":\"ListItem\",\"position\":2,\"name\":\"Coronas de flores para Comuni\u00f3n\"}]},{\"@type\":\"WebSite\",\"@id\":\"https:\/\/bautizoycomunion.com\/#website\",\"url\":\"https:\/\/bautizoycomunion.com\/\",\"name\":\"Bautizo y Comunion\",\"description\":\"\",\"publisher\":{\"@id\":\"https:\/\/bautizoycomunion.com\/#organization\"},\"potentialAction\":[{\"@type\":\"SearchAction\",\"target\":{\"@type\":\"EntryPoint\",\"urlTemplate\":\"https:\/\/bautizoycomunion.com\/?s={search_term_string}\"},\"query-input\":{\"@type\":\"PropertyValueSpecification\",\"valueRequired\":true,\"valueName\":\"search_term_string\"}}],\"inLanguage\":\"es\"},{\"@type\":\"Organization\",\"@id\":\"https:\/\/bautizoycomunion.com\/#organization\",\"name\":\"Bautizo y Comunion\",\"url\":\"https:\/\/bautizoycomunion.com\/\",\"logo\":{\"@type\":\"ImageObject\",\"inLanguage\":\"es\",\"@id\":\"https:\/\/bautizoycomunion.com\/#\/schema\/logo\/image\/\",\"url\":\"https:\/\/bautizoycomunion.com\/wp-content\/uploads\/2020\/02\/logo-bautizo-y-comunion.jpg\",\"contentUrl\":\"https:\/\/bautizoycomunion.com\/wp-content\/uploads\/2020\/02\/logo-bautizo-y-comunion.jpg\",\"width\":128,\"height\":128,\"caption\":\"Bautizo y Comunion\"},\"image\":{\"@id\":\"https:\/\/bautizoycomunion.com\/#\/schema\/logo\/image\/\"},\"sameAs\":[\"https:\/\/www.facebook.com\/BautizosyComuniones\",\"https:\/\/x.com\/BautizoComunion\",\"https:\/\/www.instagram.com\/bautizoycomunion\/\",\"https:\/\/www.pinterest.es\/BautizoComunion\/\",\"https:\/\/www.youtube.com\/user\/BautizoyComunionTV\"]},{\"@type\":\"Person\",\"@id\":\"https:\/\/bautizoycomunion.com\/#\/schema\/person\/12e57d2607b3ab06cbc6c8a7f65949d6\",\"name\":\"Mar\",\"image\":{\"@type\":\"ImageObject\",\"inLanguage\":\"es\",\"@id\":\"https:\/\/bautizoycomunion.com\/#\/schema\/person\/image\/\",\"url\":\"https:\/\/secure.gravatar.com\/avatar\/71e69d02c62d24b5ab647c982f7ab3d63ba828e112128713a54d5890a8fa5610?s=96&d=mm&r=g\",\"contentUrl\":\"https:\/\/secure.gravatar.com\/avatar\/71e69d02c62d24b5ab647c982f7ab3d63ba828e112128713a54d5890a8fa5610?s=96&d=mm&r=g\",\"caption\":\"Mar\"}}]}<\/script>\n<!-- \/ Yoast SEO plugin. -->","yoast_head_json":{"title":"Coronas de flores para Comuni\u00f3n &#8211; Bautizo y Comunion","robots":{"index":"index","follow":"follow","max-snippet":"max-snippet:-1","max-image-preview":"max-image-preview:large","max-video-preview":"max-video-preview:-1"},"canonical":"https:\/\/bautizoycomunion.com\/index.php\/2017\/03\/22\/coronas-de-flores-para-comunion\/","og_locale":"es_ES","og_type":"article","og_title":"Coronas de flores para Comuni\u00f3n &#8211; Bautizo y Comunion","og_description":"Tocados o diademas de flores de Aquilea El tiempo vuela y un a\u00f1o mas llega la \u00e9poca de Comuniones. Con mucha ilusi\u00f3n vemos las nuevas colecciones de trajes y tramamos y pensamos en las coronitas de flores naturales que ser\u00e1n el complemento ideal para fecha tan se\u00f1alada. Las coronitas este &hellip; Sigue leyendo &rarr;","og_url":"https:\/\/bautizoycomunion.com\/index.php\/2017\/03\/22\/coronas-de-flores-para-comunion\/","og_site_name":"Bautizo y Comunion","article_publisher":"https:\/\/www.facebook.com\/BautizosyComuniones","article_published_time":"2017-03-22T14:51:55+00:00","article_modified_time":"2017-06-28T11:05:44+00:00","og_image":[{"width":1024,"height":614,"url":"https:\/\/bautizoycomunion.com\/wp-content\/uploads\/2017\/03\/corona-de-flores-pelo_zpsszf6nf6h.jpg","type":"image\/jpeg"}],"author":"Mar","twitter_card":"summary_large_image","twitter_creator":"@BautizoComunion","twitter_site":"@BautizoComunion","twitter_misc":{"Escrito por":"Mar","Tiempo de lectura":"2 minutos"},"schema":{"@context":"https:\/\/schema.org","@graph":[{"@type":"Article","@id":"https:\/\/bautizoycomunion.com\/index.php\/2017\/03\/22\/coronas-de-flores-para-comunion\/#article","isPartOf":{"@id":"https:\/\/bautizoycomunion.com\/index.php\/2017\/03\/22\/coronas-de-flores-para-comunion\/"},"author":{"name":"Mar","@id":"https:\/\/bautizoycomunion.com\/#\/schema\/person\/12e57d2607b3ab06cbc6c8a7f65949d6"},"headline":"Coronas de flores para Comuni\u00f3n","datePublished":"2017-03-22T14:51:55+00:00","dateModified":"2017-06-28T11:05:44+00:00","mainEntityOfPage":{"@id":"https:\/\/bautizoycomunion.com\/index.php\/2017\/03\/22\/coronas-de-flores-para-comunion\/"},"wordCount":490,"commentCount":0,"publisher":{"@id":"https:\/\/bautizoycomunion.com\/#organization"},"image":{"@id":"https:\/\/bautizoycomunion.com\/index.php\/2017\/03\/22\/coronas-de-flores-para-comunion\/#primaryimage"},"thumbnailUrl":"http:\/\/bautizoycomunion.com\/wp-content\/uploads\/2017\/03\/corona-de-flores-pelo_zpsszf6nf6h.jpg","keywords":["corona de flores","coronas de flores naturales","coronas flores comunion","diadema de flores","flores comunion","flores naturales","tocado de flores"],"articleSection":["Flores","Todas las entradas"],"inLanguage":"es","potentialAction":[{"@type":"CommentAction","name":"Comment","target":["https:\/\/bautizoycomunion.com\/index.php\/2017\/03\/22\/coronas-de-flores-para-comunion\/#respond"]}]},{"@type":"WebPage","@id":"https:\/\/bautizoycomunion.com\/index.php\/2017\/03\/22\/coronas-de-flores-para-comunion\/","url":"https:\/\/bautizoycomunion.com\/index.php\/2017\/03\/22\/coronas-de-flores-para-comunion\/","name":"Coronas de flores para Comuni\u00f3n &#8211; Bautizo y Comunion","isPartOf":{"@id":"https:\/\/bautizoycomunion.com\/#website"},"primaryImageOfPage":{"@id":"https:\/\/bautizoycomunion.com\/index.php\/2017\/03\/22\/coronas-de-flores-para-comunion\/#primaryimage"},"image":{"@id":"https:\/\/bautizoycomunion.com\/index.php\/2017\/03\/22\/coronas-de-flores-para-comunion\/#primaryimage"},"thumbnailUrl":"http:\/\/bautizoycomunion.com\/wp-content\/uploads\/2017\/03\/corona-de-flores-pelo_zpsszf6nf6h.jpg","datePublished":"2017-03-22T14:51:55+00:00","dateModified":"2017-06-28T11:05:44+00:00","breadcrumb":{"@id":"https:\/\/bautizoycomunion.com\/index.php\/2017\/03\/22\/coronas-de-flores-para-comunion\/#breadcrumb"},"inLanguage":"es","potentialAction":[{"@type":"ReadAction","target":["https:\/\/bautizoycomunion.com\/index.php\/2017\/03\/22\/coronas-de-flores-para-comunion\/"]}]},{"@type":"ImageObject","inLanguage":"es","@id":"https:\/\/bautizoycomunion.com\/index.php\/2017\/03\/22\/coronas-de-flores-para-comunion\/#primaryimage","url":"https:\/\/bautizoycomunion.com\/wp-content\/uploads\/2017\/03\/corona-de-flores-pelo_zpsszf6nf6h.jpg","contentUrl":"https:\/\/bautizoycomunion.com\/wp-content\/uploads\/2017\/03\/corona-de-flores-pelo_zpsszf6nf6h.jpg","width":1024,"height":614},{"@type":"BreadcrumbList","@id":"https:\/\/bautizoycomunion.com\/index.php\/2017\/03\/22\/coronas-de-flores-para-comunion\/#breadcrumb","itemListElement":[{"@type":"ListItem","position":1,"name":"Portada","item":"https:\/\/bautizoycomunion.com\/"},{"@type":"ListItem","position":2,"name":"Coronas de flores para Comuni\u00f3n"}]},{"@type":"WebSite","@id":"https:\/\/bautizoycomunion.com\/#website","url":"https:\/\/bautizoycomunion.com\/","name":"Bautizo y Comunion","description":"","publisher":{"@id":"https:\/\/bautizoycomunion.com\/#organization"},"potentialAction":[{"@type":"SearchAction","target":{"@type":"EntryPoint","urlTemplate":"https:\/\/bautizoycomunion.com\/?s={search_term_string}"},"query-input":{"@type":"PropertyValueSpecification","valueRequired":true,"valueName":"search_term_string"}}],"inLanguage":"es"},{"@type":"Organization","@id":"https:\/\/bautizoycomunion.com\/#organization","name":"Bautizo y Comunion","url":"https:\/\/bautizoycomunion.com\/","logo":{"@type":"ImageObject","inLanguage":"es","@id":"https:\/\/bautizoycomunion.com\/#\/schema\/logo\/image\/","url":"https:\/\/bautizoycomunion.com\/wp-content\/uploads\/2020\/02\/logo-bautizo-y-comunion.jpg","contentUrl":"https:\/\/bautizoycomunion.com\/wp-content\/uploads\/2020\/02\/logo-bautizo-y-comunion.jpg","width":128,"height":128,"caption":"Bautizo y Comunion"},"image":{"@id":"https:\/\/bautizoycomunion.com\/#\/schema\/logo\/image\/"},"sameAs":["https:\/\/www.facebook.com\/BautizosyComuniones","https:\/\/x.com\/BautizoComunion","https:\/\/www.instagram.com\/bautizoycomunion\/","https:\/\/www.pinterest.es\/BautizoComunion\/","https:\/\/www.youtube.com\/user\/BautizoyComunionTV"]},{"@type":"Person","@id":"https:\/\/bautizoycomunion.com\/#\/schema\/person\/12e57d2607b3ab06cbc6c8a7f65949d6","name":"Mar","image":{"@type":"ImageObject","inLanguage":"es","@id":"https:\/\/bautizoycomunion.com\/#\/schema\/person\/image\/","url":"https:\/\/secure.gravatar.com\/avatar\/71e69d02c62d24b5ab647c982f7ab3d63ba828e112128713a54d5890a8fa5610?s=96&d=mm&r=g","contentUrl":"https:\/\/secure.gravatar.com\/avatar\/71e69d02c62d24b5ab647c982f7ab3d63ba828e112128713a54d5890a8fa5610?s=96&d=mm&r=g","caption":"Mar"}}]}},"_links":{"self":[{"href":"https:\/\/bautizoycomunion.com\/index.php\/wp-json\/wp\/v2\/posts\/8263","targetHints":{"allow":["GET"]}}],"collection":[{"href":"https:\/\/bautizoycomunion.com\/index.php\/wp-json\/wp\/v2\/posts"}],"about":[{"href":"https:\/\/bautizoycomunion.com\/index.php\/wp-json\/wp\/v2\/types\/post"}],"author":[{"embeddable":true,"href":"https:\/\/bautizoycomunion.com\/index.php\/wp-json\/wp\/v2\/users\/1"}],"replies":[{"embeddable":true,"href":"https:\/\/bautizoycomunion.com\/index.php\/wp-json\/wp\/v2\/comments?post=8263"}],"version-history":[{"count":5,"href":"https:\/\/bautizoycomunion.com\/index.php\/wp-json\/wp\/v2\/posts\/8263\/revisions"}],"predecessor-version":[{"id":8675,"href":"https:\/\/bautizoycomunion.com\/index.php\/wp-json\/wp\/v2\/posts\/8263\/revisions\/8675"}],"wp:attachment":[{"href":"https:\/\/bautizoycomunion.com\/index.php\/wp-json\/wp\/v2\/media?parent=8263"}],"wp:term":[{"taxonomy":"category","embeddable":true,"href":"https:\/\/bautizoycomunion.com\/index.php\/wp-json\/wp\/v2\/categories?post=8263"},{"taxonomy":"post_tag","embeddable":true,"href":"https:\/\/bautizoycomunion.com\/index.php\/wp-json\/wp\/v2\/tags?post=8263"}],"curies":[{"name":"wp","href":"https:\/\/api.w.org\/{rel}","templated":true}]}}