{"id":8493,"date":"2017-06-27T09:30:19","date_gmt":"2017-06-27T07:30:19","guid":{"rendered":"http:\/\/bautizoycomunion.com\/?p=8493"},"modified":"2017-06-23T16:17:11","modified_gmt":"2017-06-23T14:17:11","slug":"video-ninas-arras","status":"publish","type":"post","link":"https:\/\/bautizoycomunion.com\/index.php\/2017\/06\/27\/video-ninas-arras\/","title":{"rendered":"Video Ni\u00f1as Arras"},"content":{"rendered":"<h1>Video del \u00abcomo se hizo\u00bb nuestro editorial de vestidos de Arras<\/h1>\n<p>Lo prometido es deuda, aqu\u00ed teneis el video del \u00abmaking of\u00bb de nuestra sesi\u00f3n de fotos de vestidos de ceremonia para ni\u00f1as. Espero que os guste tanto como a nosotros.<\/p>\n<p><iframe loading=\"lazy\" src=\"https:\/\/www.youtube.com\/embed\/IVOe_sePy7I?rel=0\" width=\"560\" height=\"315\" frameborder=\"0\" allowfullscreen=\"allowfullscreen\"><\/iframe><\/p>\n<p>En \u00e9ste proyecto participaron las siguientes empresas:<\/p>\n<p>Organizaci\u00f3n: Bautizo y Comunion <u><a href=\"http:\/\/www.bautizoycomunion.com\/\">www.bautizoycomunion.com<\/a><\/u><\/p>\n<p>Flores: Aquilea <u><a href=\"http:\/\/www.eaquilea.com\/\">http:\/\/www.eaquilea.com\/<\/a><\/u><\/p>\n<p>Fotograf\u00eda: Bibiana Fierro <u><a href=\"http:\/\/www.bibianafierro.com\/es\/\">http:\/\/www.bibianafierro.com\/es\/<\/a><\/u><\/p>\n<p>Video: Felix Mayoral <u><a href=\"http:\/\/felixmayoral.com\/\">http:\/\/felixmayoral.com\/<\/a><\/u><\/p>\n<p>Maquillaje: Sara del carmen <u><a href=\"http:\/\/www.saramaquilladora.com\/\">http:\/\/www.saramaquilladora.com\/<\/a><\/u><\/p>\n<p>Vestido novia: Laure de Sagazan <u><a href=\"https:\/\/www.lauredesagazan.fr\/es\/\">https:\/\/www.lauredesagazan.fr\/es\/<\/a><\/u><\/p>\n<p>Vestidos de arras y tocados: Limonae <u><a href=\"http:\/\/limonae.com\/\">http:\/\/limonae.com\/<\/a><\/u><\/p>\n<p>Modelo: Carlota Per\u00e1n<\/p>\n","protected":false},"excerpt":{"rendered":"<p>Video del \u00abcomo se hizo\u00bb nuestro editorial de vestidos de Arras Lo prometido es deuda, aqu\u00ed teneis el video del \u00abmaking of\u00bb de nuestra sesi\u00f3n de fotos de vestidos de ceremonia para ni\u00f1as. Espero que os guste tanto como a nosotros. En \u00e9ste proyecto participaron las siguientes empresas: Organizaci\u00f3n: Bautizo &hellip; <a class=\"more-link\" href=\"https:\/\/bautizoycomunion.com\/index.php\/2017\/06\/27\/video-ninas-arras\/\"><span class=\"more-msg\">Sigue leyendo &rarr;<\/span><\/a><\/p>\n","protected":false},"author":1,"featured_media":0,"comment_status":"open","ping_status":"open","sticky":false,"template":"","format":"standard","meta":{"footnotes":""},"categories":[1090,16,20],"tags":[1019,1092,1037,1097,1100,1099,526,601,1101,1103,1104,1094,1105,1106,1102],"class_list":["post-8493","post","type-post","status-publish","format-standard","hentry","category-arras","category-uncategorized","category-videos","tag-aquilea-flores","tag-arras-boda","tag-bibiana-fierro","tag-diadema-nina-arras","tag-felix-mayoral","tag-laure-de-sagazan","tag-limonae","tag-ninas-arras","tag-sara-del-carmen","tag-tocado-ninas-arras","tag-tocado-novia","tag-vestido-ceremonia-nina","tag-vestidos-nina-boda","tag-vestidos-para-ninas-de-arras","tag-video-arras"],"yoast_head":"<!-- This site is optimized with the Yoast SEO plugin v26.1.1 - https:\/\/yoast.com\/wordpress\/plugins\/seo\/ -->\n<title>Video Ni\u00f1as Arras &#8211; Bautizo y Comunion<\/title>\n<meta name=\"robots\" content=\"index, follow, max-snippet:-1, max-image-preview:large, max-video-preview:-1\" \/>\n<link rel=\"canonical\" href=\"https:\/\/bautizoycomunion.com\/index.php\/2017\/06\/27\/video-ninas-arras\/\" \/>\n<meta property=\"og:locale\" content=\"es_ES\" \/>\n<meta property=\"og:type\" content=\"article\" \/>\n<meta property=\"og:title\" content=\"Video Ni\u00f1as Arras &#8211; Bautizo y Comunion\" \/>\n<meta property=\"og:description\" content=\"Video del \u00abcomo se hizo\u00bb nuestro editorial de vestidos de Arras Lo prometido es deuda, aqu\u00ed teneis el video del \u00abmaking of\u00bb de nuestra sesi\u00f3n de fotos de vestidos de ceremonia para ni\u00f1as. Espero que os guste tanto como a nosotros. En \u00e9ste proyecto participaron las siguientes empresas: Organizaci\u00f3n: Bautizo &hellip; Sigue leyendo &rarr;\" \/>\n<meta property=\"og:url\" content=\"https:\/\/bautizoycomunion.com\/index.php\/2017\/06\/27\/video-ninas-arras\/\" \/>\n<meta property=\"og:site_name\" content=\"Bautizo y Comunion\" \/>\n<meta property=\"article:publisher\" content=\"https:\/\/www.facebook.com\/BautizosyComuniones\" \/>\n<meta property=\"article:published_time\" content=\"2017-06-27T07:30:19+00:00\" \/>\n<meta name=\"author\" content=\"Mar\" \/>\n<meta name=\"twitter:card\" content=\"summary_large_image\" \/>\n<meta name=\"twitter:creator\" content=\"@BautizoComunion\" \/>\n<meta name=\"twitter:site\" content=\"@BautizoComunion\" \/>\n<meta name=\"twitter:label1\" content=\"Escrito por\" \/>\n\t<meta name=\"twitter:data1\" content=\"Mar\" \/>\n\t<meta name=\"twitter:label2\" content=\"Tiempo de lectura\" \/>\n\t<meta name=\"twitter:data2\" content=\"1 minuto\" \/>\n<script type=\"application\/ld+json\" class=\"yoast-schema-graph\">{\"@context\":\"https:\/\/schema.org\",\"@graph\":[{\"@type\":\"Article\",\"@id\":\"https:\/\/bautizoycomunion.com\/index.php\/2017\/06\/27\/video-ninas-arras\/#article\",\"isPartOf\":{\"@id\":\"https:\/\/bautizoycomunion.com\/index.php\/2017\/06\/27\/video-ninas-arras\/\"},\"author\":{\"name\":\"Mar\",\"@id\":\"https:\/\/bautizoycomunion.com\/#\/schema\/person\/12e57d2607b3ab06cbc6c8a7f65949d6\"},\"headline\":\"Video Ni\u00f1as Arras\",\"datePublished\":\"2017-06-27T07:30:19+00:00\",\"mainEntityOfPage\":{\"@id\":\"https:\/\/bautizoycomunion.com\/index.php\/2017\/06\/27\/video-ninas-arras\/\"},\"wordCount\":114,\"commentCount\":0,\"publisher\":{\"@id\":\"https:\/\/bautizoycomunion.com\/#organization\"},\"keywords\":[\"aquilea flores\",\"arras boda\",\"bibiana fierro\",\"diadema ni\u00f1a arras\",\"felix mayoral\",\"laure de sagazan\",\"limonae\",\"ni\u00f1as arras\",\"sara del carmen\",\"tocado ni\u00f1as arras\",\"tocado novia\",\"vestido ceremonia ni\u00f1a\",\"vestidos ni\u00f1a boda\",\"vestidos para ni\u00f1as de arras\",\"video arras\"],\"articleSection\":[\"Arras\",\"Todas las entradas\",\"Videos\"],\"inLanguage\":\"es\",\"potentialAction\":[{\"@type\":\"CommentAction\",\"name\":\"Comment\",\"target\":[\"https:\/\/bautizoycomunion.com\/index.php\/2017\/06\/27\/video-ninas-arras\/#respond\"]}]},{\"@type\":\"WebPage\",\"@id\":\"https:\/\/bautizoycomunion.com\/index.php\/2017\/06\/27\/video-ninas-arras\/\",\"url\":\"https:\/\/bautizoycomunion.com\/index.php\/2017\/06\/27\/video-ninas-arras\/\",\"name\":\"Video Ni\u00f1as Arras &#8211; Bautizo y Comunion\",\"isPartOf\":{\"@id\":\"https:\/\/bautizoycomunion.com\/#website\"},\"datePublished\":\"2017-06-27T07:30:19+00:00\",\"breadcrumb\":{\"@id\":\"https:\/\/bautizoycomunion.com\/index.php\/2017\/06\/27\/video-ninas-arras\/#breadcrumb\"},\"inLanguage\":\"es\",\"potentialAction\":[{\"@type\":\"ReadAction\",\"target\":[\"https:\/\/bautizoycomunion.com\/index.php\/2017\/06\/27\/video-ninas-arras\/\"]}]},{\"@type\":\"BreadcrumbList\",\"@id\":\"https:\/\/bautizoycomunion.com\/index.php\/2017\/06\/27\/video-ninas-arras\/#breadcrumb\",\"itemListElement\":[{\"@type\":\"ListItem\",\"position\":1,\"name\":\"Portada\",\"item\":\"https:\/\/bautizoycomunion.com\/\"},{\"@type\":\"ListItem\",\"position\":2,\"name\":\"Video Ni\u00f1as Arras\"}]},{\"@type\":\"WebSite\",\"@id\":\"https:\/\/bautizoycomunion.com\/#website\",\"url\":\"https:\/\/bautizoycomunion.com\/\",\"name\":\"Bautizo y Comunion\",\"description\":\"\",\"publisher\":{\"@id\":\"https:\/\/bautizoycomunion.com\/#organization\"},\"potentialAction\":[{\"@type\":\"SearchAction\",\"target\":{\"@type\":\"EntryPoint\",\"urlTemplate\":\"https:\/\/bautizoycomunion.com\/?s={search_term_string}\"},\"query-input\":{\"@type\":\"PropertyValueSpecification\",\"valueRequired\":true,\"valueName\":\"search_term_string\"}}],\"inLanguage\":\"es\"},{\"@type\":\"Organization\",\"@id\":\"https:\/\/bautizoycomunion.com\/#organization\",\"name\":\"Bautizo y Comunion\",\"url\":\"https:\/\/bautizoycomunion.com\/\",\"logo\":{\"@type\":\"ImageObject\",\"inLanguage\":\"es\",\"@id\":\"https:\/\/bautizoycomunion.com\/#\/schema\/logo\/image\/\",\"url\":\"https:\/\/bautizoycomunion.com\/wp-content\/uploads\/2020\/02\/logo-bautizo-y-comunion.jpg\",\"contentUrl\":\"https:\/\/bautizoycomunion.com\/wp-content\/uploads\/2020\/02\/logo-bautizo-y-comunion.jpg\",\"width\":128,\"height\":128,\"caption\":\"Bautizo y Comunion\"},\"image\":{\"@id\":\"https:\/\/bautizoycomunion.com\/#\/schema\/logo\/image\/\"},\"sameAs\":[\"https:\/\/www.facebook.com\/BautizosyComuniones\",\"https:\/\/x.com\/BautizoComunion\",\"https:\/\/www.instagram.com\/bautizoycomunion\/\",\"https:\/\/www.pinterest.es\/BautizoComunion\/\",\"https:\/\/www.youtube.com\/user\/BautizoyComunionTV\"]},{\"@type\":\"Person\",\"@id\":\"https:\/\/bautizoycomunion.com\/#\/schema\/person\/12e57d2607b3ab06cbc6c8a7f65949d6\",\"name\":\"Mar\",\"image\":{\"@type\":\"ImageObject\",\"inLanguage\":\"es\",\"@id\":\"https:\/\/bautizoycomunion.com\/#\/schema\/person\/image\/\",\"url\":\"https:\/\/secure.gravatar.com\/avatar\/71e69d02c62d24b5ab647c982f7ab3d63ba828e112128713a54d5890a8fa5610?s=96&d=mm&r=g\",\"contentUrl\":\"https:\/\/secure.gravatar.com\/avatar\/71e69d02c62d24b5ab647c982f7ab3d63ba828e112128713a54d5890a8fa5610?s=96&d=mm&r=g\",\"caption\":\"Mar\"}}]}<\/script>\n<!-- \/ Yoast SEO plugin. -->","yoast_head_json":{"title":"Video Ni\u00f1as Arras &#8211; Bautizo y Comunion","robots":{"index":"index","follow":"follow","max-snippet":"max-snippet:-1","max-image-preview":"max-image-preview:large","max-video-preview":"max-video-preview:-1"},"canonical":"https:\/\/bautizoycomunion.com\/index.php\/2017\/06\/27\/video-ninas-arras\/","og_locale":"es_ES","og_type":"article","og_title":"Video Ni\u00f1as Arras &#8211; Bautizo y Comunion","og_description":"Video del \u00abcomo se hizo\u00bb nuestro editorial de vestidos de Arras Lo prometido es deuda, aqu\u00ed teneis el video del \u00abmaking of\u00bb de nuestra sesi\u00f3n de fotos de vestidos de ceremonia para ni\u00f1as. Espero que os guste tanto como a nosotros. En \u00e9ste proyecto participaron las siguientes empresas: Organizaci\u00f3n: Bautizo &hellip; Sigue leyendo &rarr;","og_url":"https:\/\/bautizoycomunion.com\/index.php\/2017\/06\/27\/video-ninas-arras\/","og_site_name":"Bautizo y Comunion","article_publisher":"https:\/\/www.facebook.com\/BautizosyComuniones","article_published_time":"2017-06-27T07:30:19+00:00","author":"Mar","twitter_card":"summary_large_image","twitter_creator":"@BautizoComunion","twitter_site":"@BautizoComunion","twitter_misc":{"Escrito por":"Mar","Tiempo de lectura":"1 minuto"},"schema":{"@context":"https:\/\/schema.org","@graph":[{"@type":"Article","@id":"https:\/\/bautizoycomunion.com\/index.php\/2017\/06\/27\/video-ninas-arras\/#article","isPartOf":{"@id":"https:\/\/bautizoycomunion.com\/index.php\/2017\/06\/27\/video-ninas-arras\/"},"author":{"name":"Mar","@id":"https:\/\/bautizoycomunion.com\/#\/schema\/person\/12e57d2607b3ab06cbc6c8a7f65949d6"},"headline":"Video Ni\u00f1as Arras","datePublished":"2017-06-27T07:30:19+00:00","mainEntityOfPage":{"@id":"https:\/\/bautizoycomunion.com\/index.php\/2017\/06\/27\/video-ninas-arras\/"},"wordCount":114,"commentCount":0,"publisher":{"@id":"https:\/\/bautizoycomunion.com\/#organization"},"keywords":["aquilea flores","arras boda","bibiana fierro","diadema ni\u00f1a arras","felix mayoral","laure de sagazan","limonae","ni\u00f1as arras","sara del carmen","tocado ni\u00f1as arras","tocado novia","vestido ceremonia ni\u00f1a","vestidos ni\u00f1a boda","vestidos para ni\u00f1as de arras","video arras"],"articleSection":["Arras","Todas las entradas","Videos"],"inLanguage":"es","potentialAction":[{"@type":"CommentAction","name":"Comment","target":["https:\/\/bautizoycomunion.com\/index.php\/2017\/06\/27\/video-ninas-arras\/#respond"]}]},{"@type":"WebPage","@id":"https:\/\/bautizoycomunion.com\/index.php\/2017\/06\/27\/video-ninas-arras\/","url":"https:\/\/bautizoycomunion.com\/index.php\/2017\/06\/27\/video-ninas-arras\/","name":"Video Ni\u00f1as Arras &#8211; Bautizo y Comunion","isPartOf":{"@id":"https:\/\/bautizoycomunion.com\/#website"},"datePublished":"2017-06-27T07:30:19+00:00","breadcrumb":{"@id":"https:\/\/bautizoycomunion.com\/index.php\/2017\/06\/27\/video-ninas-arras\/#breadcrumb"},"inLanguage":"es","potentialAction":[{"@type":"ReadAction","target":["https:\/\/bautizoycomunion.com\/index.php\/2017\/06\/27\/video-ninas-arras\/"]}]},{"@type":"BreadcrumbList","@id":"https:\/\/bautizoycomunion.com\/index.php\/2017\/06\/27\/video-ninas-arras\/#breadcrumb","itemListElement":[{"@type":"ListItem","position":1,"name":"Portada","item":"https:\/\/bautizoycomunion.com\/"},{"@type":"ListItem","position":2,"name":"Video Ni\u00f1as Arras"}]},{"@type":"WebSite","@id":"https:\/\/bautizoycomunion.com\/#website","url":"https:\/\/bautizoycomunion.com\/","name":"Bautizo y Comunion","description":"","publisher":{"@id":"https:\/\/bautizoycomunion.com\/#organization"},"potentialAction":[{"@type":"SearchAction","target":{"@type":"EntryPoint","urlTemplate":"https:\/\/bautizoycomunion.com\/?s={search_term_string}"},"query-input":{"@type":"PropertyValueSpecification","valueRequired":true,"valueName":"search_term_string"}}],"inLanguage":"es"},{"@type":"Organization","@id":"https:\/\/bautizoycomunion.com\/#organization","name":"Bautizo y Comunion","url":"https:\/\/bautizoycomunion.com\/","logo":{"@type":"ImageObject","inLanguage":"es","@id":"https:\/\/bautizoycomunion.com\/#\/schema\/logo\/image\/","url":"https:\/\/bautizoycomunion.com\/wp-content\/uploads\/2020\/02\/logo-bautizo-y-comunion.jpg","contentUrl":"https:\/\/bautizoycomunion.com\/wp-content\/uploads\/2020\/02\/logo-bautizo-y-comunion.jpg","width":128,"height":128,"caption":"Bautizo y Comunion"},"image":{"@id":"https:\/\/bautizoycomunion.com\/#\/schema\/logo\/image\/"},"sameAs":["https:\/\/www.facebook.com\/BautizosyComuniones","https:\/\/x.com\/BautizoComunion","https:\/\/www.instagram.com\/bautizoycomunion\/","https:\/\/www.pinterest.es\/BautizoComunion\/","https:\/\/www.youtube.com\/user\/BautizoyComunionTV"]},{"@type":"Person","@id":"https:\/\/bautizoycomunion.com\/#\/schema\/person\/12e57d2607b3ab06cbc6c8a7f65949d6","name":"Mar","image":{"@type":"ImageObject","inLanguage":"es","@id":"https:\/\/bautizoycomunion.com\/#\/schema\/person\/image\/","url":"https:\/\/secure.gravatar.com\/avatar\/71e69d02c62d24b5ab647c982f7ab3d63ba828e112128713a54d5890a8fa5610?s=96&d=mm&r=g","contentUrl":"https:\/\/secure.gravatar.com\/avatar\/71e69d02c62d24b5ab647c982f7ab3d63ba828e112128713a54d5890a8fa5610?s=96&d=mm&r=g","caption":"Mar"}}]}},"_links":{"self":[{"href":"https:\/\/bautizoycomunion.com\/index.php\/wp-json\/wp\/v2\/posts\/8493","targetHints":{"allow":["GET"]}}],"collection":[{"href":"https:\/\/bautizoycomunion.com\/index.php\/wp-json\/wp\/v2\/posts"}],"about":[{"href":"https:\/\/bautizoycomunion.com\/index.php\/wp-json\/wp\/v2\/types\/post"}],"author":[{"embeddable":true,"href":"https:\/\/bautizoycomunion.com\/index.php\/wp-json\/wp\/v2\/users\/1"}],"replies":[{"embeddable":true,"href":"https:\/\/bautizoycomunion.com\/index.php\/wp-json\/wp\/v2\/comments?post=8493"}],"version-history":[{"count":3,"href":"https:\/\/bautizoycomunion.com\/index.php\/wp-json\/wp\/v2\/posts\/8493\/revisions"}],"predecessor-version":[{"id":8496,"href":"https:\/\/bautizoycomunion.com\/index.php\/wp-json\/wp\/v2\/posts\/8493\/revisions\/8496"}],"wp:attachment":[{"href":"https:\/\/bautizoycomunion.com\/index.php\/wp-json\/wp\/v2\/media?parent=8493"}],"wp:term":[{"taxonomy":"category","embeddable":true,"href":"https:\/\/bautizoycomunion.com\/index.php\/wp-json\/wp\/v2\/categories?post=8493"},{"taxonomy":"post_tag","embeddable":true,"href":"https:\/\/bautizoycomunion.com\/index.php\/wp-json\/wp\/v2\/tags?post=8493"}],"curies":[{"name":"wp","href":"https:\/\/api.w.org\/{rel}","templated":true}]}}