{"id":9486,"date":"2018-01-31T09:00:57","date_gmt":"2018-01-31T08:00:57","guid":{"rendered":"http:\/\/bautizoycomunion.com\/?p=9486"},"modified":"2026-01-15T11:16:37","modified_gmt":"2026-01-15T10:16:37","slug":"empieza-la-temporada-de-comuniones-2018-ideas-de-tocados-diademas-y-regalos-personalizados","status":"publish","type":"post","link":"https:\/\/bautizoycomunion.com\/index.php\/2018\/01\/31\/empieza-la-temporada-de-comuniones-2018-ideas-de-tocados-diademas-y-regalos-personalizados\/","title":{"rendered":"Empieza la temporada de Comuniones 2018! Ideas de tocados, diademas y regalos personalizados"},"content":{"rendered":"<p>Se acerca ya la temporada de <strong>Comuniones 2018<\/strong>. Si empiezas a estar nerviosa porque tu hija hace la Primera Comuni\u00f3n este a\u00f1o, respira profundo y \u00e9chale un vistazo a las propuestas que te vamos a ir haciendo desde nuestro blog.<\/p>\n<h2>Tocados<\/h2>\n<p>Hoy hablaremos del pelo y c\u00f3mo llevarlo ese d\u00eda tan especial. \u00bfRecogido, suelto? \u00bfTrenza, lazo? ayyy, cu\u00e1nta indecisi\u00f3n. Nosotras te proponemos algunas ideas de <strong>tocados y diademas para Comuni\u00f3n<\/strong>, con las que tu hija estar\u00e1 preciosa.<\/p>\n<p>En <a href=\"https:\/\/limonae.com\/96-tocados\"><span style=\"color: #00ffff;\"><strong>Limonae<\/strong><\/span><\/a> hemos visto unos adornos para el pelo ideales.<\/p>\n<p>Esta <a href=\"https:\/\/limonae.com\/96-tocados\"><strong>cinta\u00a0diadema de estilo boho chic<\/strong><\/a>, mantendr\u00e1 todos los pelos en su sitio y adornar\u00e1 su linda cabecita.<\/p>\n<p><a href=\"https:\/\/limonae.com\/96-tocados\" target=\"_blank\" rel=\"noopener\"><img loading=\"lazy\" decoding=\"async\" class=\"aligncenter wp-image-9488 size-full\" title=\"cinta diadema encaje Comuni\u00f3n\" src=\"http:\/\/bautizoycomunion.com\/wp-content\/uploads\/2018\/01\/diademas-originales-de-comunion.jpg\" alt=\"cinta diadema boho chic\" width=\"1100\" height=\"1275\" srcset=\"https:\/\/bautizoycomunion.com\/wp-content\/uploads\/2018\/01\/diademas-originales-de-comunion.jpg 1100w, https:\/\/bautizoycomunion.com\/wp-content\/uploads\/2018\/01\/diademas-originales-de-comunion-259x300.jpg 259w, https:\/\/bautizoycomunion.com\/wp-content\/uploads\/2018\/01\/diademas-originales-de-comunion-768x890.jpg 768w, https:\/\/bautizoycomunion.com\/wp-content\/uploads\/2018\/01\/diademas-originales-de-comunion-883x1024.jpg 883w\" sizes=\"auto, (max-width: 1100px) 100vw, 1100px\" \/><\/a><\/p>\n<p>Al m\u00e1s puro estilo princesa rom\u00e1ntica ir\u00e1 con esta <a href=\"https:\/\/limonae.com\/96-tocados\"><strong>cl\u00e1sica diadema de flores dorada<\/strong><\/a>. El complemento perfecto para el vestido de Comuni\u00f3n.<\/p>\n<p>Esta <a href=\"https:\/\/limonae.com\/96-tocados\"><strong>corona de hojas doradas y perlas<\/strong> <\/a>puesta de este modo \u00aba la romana\u00bb, es s\u00faper estilosa. Queda ideal para una Primera Comuni\u00f3n y tambi\u00e9n para una boda u otras celebraciones.<\/p>\n<p><a href=\"https:\/\/limonae.com\/96-tocados\" target=\"_blank\" rel=\"noopener\"><img loading=\"lazy\" decoding=\"async\" class=\"aligncenter wp-image-9489 size-full\" title=\"tocados de primera comunion\" src=\"http:\/\/bautizoycomunion.com\/wp-content\/uploads\/2018\/01\/diademas-y-tocados-para-comunion.jpg\" alt=\"corona de hojas doradas\" width=\"1025\" height=\"1025\" srcset=\"https:\/\/bautizoycomunion.com\/wp-content\/uploads\/2018\/01\/diademas-y-tocados-para-comunion.jpg 1025w, https:\/\/bautizoycomunion.com\/wp-content\/uploads\/2018\/01\/diademas-y-tocados-para-comunion-150x150.jpg 150w, https:\/\/bautizoycomunion.com\/wp-content\/uploads\/2018\/01\/diademas-y-tocados-para-comunion-300x300.jpg 300w, https:\/\/bautizoycomunion.com\/wp-content\/uploads\/2018\/01\/diademas-y-tocados-para-comunion-768x768.jpg 768w, https:\/\/bautizoycomunion.com\/wp-content\/uploads\/2018\/01\/diademas-y-tocados-para-comunion-1024x1024.jpg 1024w\" sizes=\"auto, (max-width: 1025px) 100vw, 1025px\" \/><\/a><\/p>\n<p>\u00bfYa te imaginas a tu hija con alg\u00fan tocado de Comuni\u00f3n? Puedes ver m\u00e1s <span style=\"color: #33cccc;\"><a href=\"https:\/\/limonae.com\/96-tocados\"><strong>AQU\u00cd.<\/strong><\/a><\/span><\/p>\n<h2>Regalos personalizados<\/h2>\n<p>Y si adem\u00e1s del tema adornos para el pelo, est\u00e1s pensando qu\u00e9 regalarle a tu hija, o si le tienes que hacer un regalo de Primera Comuni\u00f3n a tu ahijada, nieta, sobrina, hija de amigos&#8230;..tambi\u00e9n hemos visto en <a href=\"https:\/\/limonae.com\/80-regalos-personalizados-para-comuniones\"><span style=\"color: #33cccc;\"><strong>Limonae<\/strong><\/span><\/a> algunas cositas mon\u00edsimas y sobre todo, muy especiales porque se pueden personalizar con el nombre de la protagonista.<\/p>\n<p>Mira esta preciosa <a href=\"https:\/\/limonae.com\/80-regalos-personalizados-para-comuniones\"><strong>cruz de n\u00e1car montada<\/strong><\/a> con otra m\u00e1s peque\u00f1a de plata en la que se graba el nombre de la ni\u00f1a.<\/p>\n<p><a href=\"https:\/\/limonae.com\/80-regalos-personalizados-para-comuniones\" target=\"_blank\" rel=\"noopener\"><img loading=\"lazy\" decoding=\"async\" class=\"aligncenter wp-image-9487 size-full\" title=\"regalos de Comuni\u00f3n para ni\u00f1as\" src=\"http:\/\/bautizoycomunion.com\/wp-content\/uploads\/2018\/01\/cruz-de-plata-grabada-y-cruz-de-nacar.jpg\" alt=\"cruz de n\u00e1car para comuni\u00f3n\" width=\"1200\" height=\"801\" srcset=\"https:\/\/bautizoycomunion.com\/wp-content\/uploads\/2018\/01\/cruz-de-plata-grabada-y-cruz-de-nacar.jpg 1200w, https:\/\/bautizoycomunion.com\/wp-content\/uploads\/2018\/01\/cruz-de-plata-grabada-y-cruz-de-nacar-300x200.jpg 300w, https:\/\/bautizoycomunion.com\/wp-content\/uploads\/2018\/01\/cruz-de-plata-grabada-y-cruz-de-nacar-768x513.jpg 768w, https:\/\/bautizoycomunion.com\/wp-content\/uploads\/2018\/01\/cruz-de-plata-grabada-y-cruz-de-nacar-1024x684.jpg 1024w\" sizes=\"auto, (max-width: 1200px) 100vw, 1200px\" \/><\/a><\/p>\n<p>O puede ser un detalle tan delicado como este <a href=\"https:\/\/limonae.com\/80-regalos-personalizados-para-comuniones\"><strong>colgante con medalla de cruz calada<\/strong><\/a>, todo en plata y una perlita.En la medalla se graba el nombre que quieras. Ideal para regalar en Comuniones o en Confirmaci\u00f3n.<\/p>\n<p><img loading=\"lazy\" decoding=\"async\" class=\"alignnone size-full wp-image-9491\" src=\"http:\/\/bautizoycomunion.com\/wp-content\/uploads\/2018\/01\/medalla-de-plata-con-cruz-calada-regalos-comunion.jpg\" alt=\"\" width=\"1200\" height=\"801\" srcset=\"https:\/\/bautizoycomunion.com\/wp-content\/uploads\/2018\/01\/medalla-de-plata-con-cruz-calada-regalos-comunion.jpg 1200w, https:\/\/bautizoycomunion.com\/wp-content\/uploads\/2018\/01\/medalla-de-plata-con-cruz-calada-regalos-comunion-300x200.jpg 300w, https:\/\/bautizoycomunion.com\/wp-content\/uploads\/2018\/01\/medalla-de-plata-con-cruz-calada-regalos-comunion-768x513.jpg 768w, https:\/\/bautizoycomunion.com\/wp-content\/uploads\/2018\/01\/medalla-de-plata-con-cruz-calada-regalos-comunion-1024x684.jpg 1024w\" sizes=\"auto, (max-width: 1200px) 100vw, 1200px\" \/><\/p>\n<p>Un regalo de Comuni\u00f3n estupendo para que lo hagan los padrinos, es una<a href=\"https:\/\/limonae.com\/80-regalos-personalizados-para-comuniones\"><strong> vela cristiana<\/strong><\/a>, que puedes personalizarla con los datos de\u00a0la ni\u00f1a y que viene\u00a0con el dibujo de una ni\u00f1a vestido de Comuni\u00f3n.\u00a0 <a href=\"https:\/\/limonae.com\/80-regalos-personalizados-para-comuniones\" target=\"_blank\" rel=\"noopener\"><img loading=\"lazy\" decoding=\"async\" class=\"aligncenter wp-image-9492 size-full\" title=\"regalos de padrinos en primera comuni\u00f3n\" src=\"http:\/\/bautizoycomunion.com\/wp-content\/uploads\/2018\/01\/regalos-comunion-vela-personalizada.jpg\" alt=\"vela cristiana\" width=\"1100\" height=\"734\" srcset=\"https:\/\/bautizoycomunion.com\/wp-content\/uploads\/2018\/01\/regalos-comunion-vela-personalizada.jpg 1100w, https:\/\/bautizoycomunion.com\/wp-content\/uploads\/2018\/01\/regalos-comunion-vela-personalizada-300x200.jpg 300w, https:\/\/bautizoycomunion.com\/wp-content\/uploads\/2018\/01\/regalos-comunion-vela-personalizada-768x512.jpg 768w, https:\/\/bautizoycomunion.com\/wp-content\/uploads\/2018\/01\/regalos-comunion-vela-personalizada-1024x683.jpg 1024w\" sizes=\"auto, (max-width: 1100px) 100vw, 1100px\" \/><\/a><\/p>\n<p>Y si lo que quieres es tener un <strong>detalle con los invitados a la Comuni\u00f3n<\/strong> de tu hija, los imprescindibles <strong><a href=\"https:\/\/limonae.com\/80-regalos-personalizados-para-comuniones\">recordatorios<\/a>. <\/strong>Estos son de papel kraft con una cruz colgante y van personalizados con el nombre y la fecha del evento. Vienen en pack de 6 uds.<\/p>\n<p>Pues lo dicho, que te te puedes relajar porque te lo ponemos muy f\u00e1cil para que el d\u00eda de la Primera Comuni\u00f3n de tu hija, tengas todo listo.<\/p>\n<p>Las preciosas im\u00e1genes que ilustran nuestro reportaje de hoy son obra de <a href=\"https:\/\/www.instagram.com\/taillefer_fotografia\/?hl=es\">Taillefer Fotograf\u00eda.<\/a><\/p>\n<p>Y si quieres ver m\u00e1s cosas, pincha <strong><a href=\"https:\/\/limonae.com\/80-regalos-personalizados-para-comuniones\">AQU\u00cd<\/a>,<\/strong> o llama al\u00a0625 50 00 00.<\/p>\n","protected":false},"excerpt":{"rendered":"<p>Se acerca ya la temporada de Comuniones 2018. Si empiezas a estar nerviosa porque tu hija hace la Primera Comuni\u00f3n este a\u00f1o, respira profundo y \u00e9chale un vistazo a las propuestas que te vamos a ir haciendo desde nuestro blog. Tocados Hoy hablaremos del pelo y c\u00f3mo llevarlo ese d\u00eda &hellip; <a class=\"more-link\" href=\"https:\/\/bautizoycomunion.com\/index.php\/2018\/01\/31\/empieza-la-temporada-de-comuniones-2018-ideas-de-tocados-diademas-y-regalos-personalizados\/\"><span class=\"more-msg\">Sigue leyendo &rarr;<\/span><\/a><\/p>\n","protected":false},"author":3,"featured_media":0,"comment_status":"open","ping_status":"open","sticky":false,"template":"","format":"standard","meta":{"footnotes":""},"categories":[11,1111,13,15,16],"tags":[29,159,168,1130,1055,229,299,311,312,317,466,718,751,752,753,877,882,883,919,926],"class_list":["post-9486","post","type-post","status-publish","format-standard","hentry","category-detalles-para-invitados-y-recordatorios","category-diademas-bautizo","category-regalos-para-comunion","category-tocados-y-coronas","category-uncategorized","tag-adornos-peinados-comuniones","tag-collar-cruz","tag-como-hacer-fotos-bonitas-de-comunion","tag-comuniones-2018","tag-cruz-comunion","tag-cruz-grabada-con-nombre","tag-detalles-comunion","tag-diadema-comunion","tag-diademas","tag-diademas-primera-comunion","tag-ideas-peinados-comunion","tag-recordatorio-comunion","tag-regalos-comunion","tag-regalos-comunion-ninas","tag-regalos-comunion-personalizado","tag-tocados","tag-tocados-comunion","tag-tocados-comuniones","tag-vela-personalizada","tag-velas-personalizadas"],"yoast_head":"<!-- This site is optimized with the Yoast SEO plugin v26.1.1 - https:\/\/yoast.com\/wordpress\/plugins\/seo\/ -->\n<title>Empieza la temporada de Comuniones 2018! Ideas de tocados, diademas y regalos personalizados &#8211; Bautizo y Comunion<\/title>\n<meta name=\"robots\" content=\"index, follow, max-snippet:-1, max-image-preview:large, max-video-preview:-1\" \/>\n<link rel=\"canonical\" href=\"https:\/\/bautizoycomunion.com\/index.php\/2018\/01\/31\/empieza-la-temporada-de-comuniones-2018-ideas-de-tocados-diademas-y-regalos-personalizados\/\" \/>\n<meta property=\"og:locale\" content=\"es_ES\" \/>\n<meta property=\"og:type\" content=\"article\" \/>\n<meta property=\"og:title\" content=\"Empieza la temporada de Comuniones 2018! Ideas de tocados, diademas y regalos personalizados &#8211; Bautizo y Comunion\" \/>\n<meta property=\"og:description\" content=\"Se acerca ya la temporada de Comuniones 2018. Si empiezas a estar nerviosa porque tu hija hace la Primera Comuni\u00f3n este a\u00f1o, respira profundo y \u00e9chale un vistazo a las propuestas que te vamos a ir haciendo desde nuestro blog. Tocados Hoy hablaremos del pelo y c\u00f3mo llevarlo ese d\u00eda &hellip; Sigue leyendo &rarr;\" \/>\n<meta property=\"og:url\" content=\"https:\/\/bautizoycomunion.com\/index.php\/2018\/01\/31\/empieza-la-temporada-de-comuniones-2018-ideas-de-tocados-diademas-y-regalos-personalizados\/\" \/>\n<meta property=\"og:site_name\" content=\"Bautizo y Comunion\" \/>\n<meta property=\"article:publisher\" content=\"https:\/\/www.facebook.com\/BautizosyComuniones\" \/>\n<meta property=\"article:published_time\" content=\"2018-01-31T08:00:57+00:00\" \/>\n<meta property=\"article:modified_time\" content=\"2026-01-15T10:16:37+00:00\" \/>\n<meta property=\"og:image\" content=\"https:\/\/bautizoycomunion.com\/wp-content\/uploads\/2018\/01\/diademas-originales-de-comunion.jpg\" \/>\n\t<meta property=\"og:image:width\" content=\"1100\" \/>\n\t<meta property=\"og:image:height\" content=\"1275\" \/>\n\t<meta property=\"og:image:type\" content=\"image\/jpeg\" \/>\n<meta name=\"author\" content=\"publisher\" \/>\n<meta name=\"twitter:card\" content=\"summary_large_image\" \/>\n<meta name=\"twitter:creator\" content=\"@BautizoComunion\" \/>\n<meta name=\"twitter:site\" content=\"@BautizoComunion\" \/>\n<meta name=\"twitter:label1\" content=\"Escrito por\" \/>\n\t<meta name=\"twitter:data1\" content=\"publisher\" \/>\n\t<meta name=\"twitter:label2\" content=\"Tiempo de lectura\" \/>\n\t<meta name=\"twitter:data2\" content=\"4 minutos\" \/>\n<script type=\"application\/ld+json\" class=\"yoast-schema-graph\">{\"@context\":\"https:\/\/schema.org\",\"@graph\":[{\"@type\":\"Article\",\"@id\":\"https:\/\/bautizoycomunion.com\/index.php\/2018\/01\/31\/empieza-la-temporada-de-comuniones-2018-ideas-de-tocados-diademas-y-regalos-personalizados\/#article\",\"isPartOf\":{\"@id\":\"https:\/\/bautizoycomunion.com\/index.php\/2018\/01\/31\/empieza-la-temporada-de-comuniones-2018-ideas-de-tocados-diademas-y-regalos-personalizados\/\"},\"author\":{\"name\":\"publisher\",\"@id\":\"https:\/\/bautizoycomunion.com\/#\/schema\/person\/71b91ab759bf77b5348a2f95d85e8ba0\"},\"headline\":\"Empieza la temporada de Comuniones 2018! Ideas de tocados, diademas y regalos personalizados\",\"datePublished\":\"2018-01-31T08:00:57+00:00\",\"dateModified\":\"2026-01-15T10:16:37+00:00\",\"mainEntityOfPage\":{\"@id\":\"https:\/\/bautizoycomunion.com\/index.php\/2018\/01\/31\/empieza-la-temporada-de-comuniones-2018-ideas-de-tocados-diademas-y-regalos-personalizados\/\"},\"wordCount\":479,\"commentCount\":0,\"publisher\":{\"@id\":\"https:\/\/bautizoycomunion.com\/#organization\"},\"image\":{\"@id\":\"https:\/\/bautizoycomunion.com\/index.php\/2018\/01\/31\/empieza-la-temporada-de-comuniones-2018-ideas-de-tocados-diademas-y-regalos-personalizados\/#primaryimage\"},\"thumbnailUrl\":\"http:\/\/bautizoycomunion.com\/wp-content\/uploads\/2018\/01\/diademas-originales-de-comunion.jpg\",\"keywords\":[\"Adornos peinados comuniones\",\"Collar Cruz\",\"como hacer fotos bonitas de comunion\",\"comuniones 2018\",\"cruz comunion\",\"cruz grabada con nombre\",\"detalles comunion\",\"diadema comunion\",\"diademas\",\"diademas primera comunion\",\"ideas peinados comuni\u00f3n\",\"recordatorio comunion\",\"regalos comuni\u00f3n\",\"Regalos Comuni\u00f3n Ni\u00f1as\",\"regalos comunion personalizado\",\"tocados\",\"tocados comunion\",\"Tocados Comuniones\",\"vela personalizada\",\"Velas personalizadas\"],\"articleSection\":[\"Detalles para invitados y recordatorios de Comuni\u00f3n\",\"Diademas para Bautizo\",\"Regalos para Comuni\u00f3n\",\"Tocados, diademas, coronas de flores y peinados Comuni\u00f3n\",\"Todas las entradas\"],\"inLanguage\":\"es\",\"potentialAction\":[{\"@type\":\"CommentAction\",\"name\":\"Comment\",\"target\":[\"https:\/\/bautizoycomunion.com\/index.php\/2018\/01\/31\/empieza-la-temporada-de-comuniones-2018-ideas-de-tocados-diademas-y-regalos-personalizados\/#respond\"]}]},{\"@type\":\"WebPage\",\"@id\":\"https:\/\/bautizoycomunion.com\/index.php\/2018\/01\/31\/empieza-la-temporada-de-comuniones-2018-ideas-de-tocados-diademas-y-regalos-personalizados\/\",\"url\":\"https:\/\/bautizoycomunion.com\/index.php\/2018\/01\/31\/empieza-la-temporada-de-comuniones-2018-ideas-de-tocados-diademas-y-regalos-personalizados\/\",\"name\":\"Empieza la temporada de Comuniones 2018! Ideas de tocados, diademas y regalos personalizados &#8211; Bautizo y Comunion\",\"isPartOf\":{\"@id\":\"https:\/\/bautizoycomunion.com\/#website\"},\"primaryImageOfPage\":{\"@id\":\"https:\/\/bautizoycomunion.com\/index.php\/2018\/01\/31\/empieza-la-temporada-de-comuniones-2018-ideas-de-tocados-diademas-y-regalos-personalizados\/#primaryimage\"},\"image\":{\"@id\":\"https:\/\/bautizoycomunion.com\/index.php\/2018\/01\/31\/empieza-la-temporada-de-comuniones-2018-ideas-de-tocados-diademas-y-regalos-personalizados\/#primaryimage\"},\"thumbnailUrl\":\"http:\/\/bautizoycomunion.com\/wp-content\/uploads\/2018\/01\/diademas-originales-de-comunion.jpg\",\"datePublished\":\"2018-01-31T08:00:57+00:00\",\"dateModified\":\"2026-01-15T10:16:37+00:00\",\"breadcrumb\":{\"@id\":\"https:\/\/bautizoycomunion.com\/index.php\/2018\/01\/31\/empieza-la-temporada-de-comuniones-2018-ideas-de-tocados-diademas-y-regalos-personalizados\/#breadcrumb\"},\"inLanguage\":\"es\",\"potentialAction\":[{\"@type\":\"ReadAction\",\"target\":[\"https:\/\/bautizoycomunion.com\/index.php\/2018\/01\/31\/empieza-la-temporada-de-comuniones-2018-ideas-de-tocados-diademas-y-regalos-personalizados\/\"]}]},{\"@type\":\"ImageObject\",\"inLanguage\":\"es\",\"@id\":\"https:\/\/bautizoycomunion.com\/index.php\/2018\/01\/31\/empieza-la-temporada-de-comuniones-2018-ideas-de-tocados-diademas-y-regalos-personalizados\/#primaryimage\",\"url\":\"https:\/\/bautizoycomunion.com\/wp-content\/uploads\/2018\/01\/diademas-originales-de-comunion.jpg\",\"contentUrl\":\"https:\/\/bautizoycomunion.com\/wp-content\/uploads\/2018\/01\/diademas-originales-de-comunion.jpg\",\"width\":1100,\"height\":1275},{\"@type\":\"BreadcrumbList\",\"@id\":\"https:\/\/bautizoycomunion.com\/index.php\/2018\/01\/31\/empieza-la-temporada-de-comuniones-2018-ideas-de-tocados-diademas-y-regalos-personalizados\/#breadcrumb\",\"itemListElement\":[{\"@type\":\"ListItem\",\"position\":1,\"name\":\"Portada\",\"item\":\"https:\/\/bautizoycomunion.com\/\"},{\"@type\":\"ListItem\",\"position\":2,\"name\":\"Empieza la temporada de Comuniones 2018! Ideas de tocados, diademas y regalos personalizados\"}]},{\"@type\":\"WebSite\",\"@id\":\"https:\/\/bautizoycomunion.com\/#website\",\"url\":\"https:\/\/bautizoycomunion.com\/\",\"name\":\"Bautizo y Comunion\",\"description\":\"\",\"publisher\":{\"@id\":\"https:\/\/bautizoycomunion.com\/#organization\"},\"potentialAction\":[{\"@type\":\"SearchAction\",\"target\":{\"@type\":\"EntryPoint\",\"urlTemplate\":\"https:\/\/bautizoycomunion.com\/?s={search_term_string}\"},\"query-input\":{\"@type\":\"PropertyValueSpecification\",\"valueRequired\":true,\"valueName\":\"search_term_string\"}}],\"inLanguage\":\"es\"},{\"@type\":\"Organization\",\"@id\":\"https:\/\/bautizoycomunion.com\/#organization\",\"name\":\"Bautizo y Comunion\",\"url\":\"https:\/\/bautizoycomunion.com\/\",\"logo\":{\"@type\":\"ImageObject\",\"inLanguage\":\"es\",\"@id\":\"https:\/\/bautizoycomunion.com\/#\/schema\/logo\/image\/\",\"url\":\"https:\/\/bautizoycomunion.com\/wp-content\/uploads\/2020\/02\/logo-bautizo-y-comunion.jpg\",\"contentUrl\":\"https:\/\/bautizoycomunion.com\/wp-content\/uploads\/2020\/02\/logo-bautizo-y-comunion.jpg\",\"width\":128,\"height\":128,\"caption\":\"Bautizo y Comunion\"},\"image\":{\"@id\":\"https:\/\/bautizoycomunion.com\/#\/schema\/logo\/image\/\"},\"sameAs\":[\"https:\/\/www.facebook.com\/BautizosyComuniones\",\"https:\/\/x.com\/BautizoComunion\",\"https:\/\/www.instagram.com\/bautizoycomunion\/\",\"https:\/\/www.pinterest.es\/BautizoComunion\/\",\"https:\/\/www.youtube.com\/user\/BautizoyComunionTV\"]},{\"@type\":\"Person\",\"@id\":\"https:\/\/bautizoycomunion.com\/#\/schema\/person\/71b91ab759bf77b5348a2f95d85e8ba0\",\"name\":\"publisher\",\"image\":{\"@type\":\"ImageObject\",\"inLanguage\":\"es\",\"@id\":\"https:\/\/bautizoycomunion.com\/#\/schema\/person\/image\/\",\"url\":\"https:\/\/secure.gravatar.com\/avatar\/b678a6a8c15d6fa37228489ffa29aff56590dfc95fbec3aa2c2f2cc9013b082f?s=96&d=mm&r=g\",\"contentUrl\":\"https:\/\/secure.gravatar.com\/avatar\/b678a6a8c15d6fa37228489ffa29aff56590dfc95fbec3aa2c2f2cc9013b082f?s=96&d=mm&r=g\",\"caption\":\"publisher\"}}]}<\/script>\n<!-- \/ Yoast SEO plugin. -->","yoast_head_json":{"title":"Empieza la temporada de Comuniones 2018! Ideas de tocados, diademas y regalos personalizados &#8211; Bautizo y Comunion","robots":{"index":"index","follow":"follow","max-snippet":"max-snippet:-1","max-image-preview":"max-image-preview:large","max-video-preview":"max-video-preview:-1"},"canonical":"https:\/\/bautizoycomunion.com\/index.php\/2018\/01\/31\/empieza-la-temporada-de-comuniones-2018-ideas-de-tocados-diademas-y-regalos-personalizados\/","og_locale":"es_ES","og_type":"article","og_title":"Empieza la temporada de Comuniones 2018! Ideas de tocados, diademas y regalos personalizados &#8211; Bautizo y Comunion","og_description":"Se acerca ya la temporada de Comuniones 2018. Si empiezas a estar nerviosa porque tu hija hace la Primera Comuni\u00f3n este a\u00f1o, respira profundo y \u00e9chale un vistazo a las propuestas que te vamos a ir haciendo desde nuestro blog. Tocados Hoy hablaremos del pelo y c\u00f3mo llevarlo ese d\u00eda &hellip; Sigue leyendo &rarr;","og_url":"https:\/\/bautizoycomunion.com\/index.php\/2018\/01\/31\/empieza-la-temporada-de-comuniones-2018-ideas-de-tocados-diademas-y-regalos-personalizados\/","og_site_name":"Bautizo y Comunion","article_publisher":"https:\/\/www.facebook.com\/BautizosyComuniones","article_published_time":"2018-01-31T08:00:57+00:00","article_modified_time":"2026-01-15T10:16:37+00:00","og_image":[{"width":1100,"height":1275,"url":"https:\/\/bautizoycomunion.com\/wp-content\/uploads\/2018\/01\/diademas-originales-de-comunion.jpg","type":"image\/jpeg"}],"author":"publisher","twitter_card":"summary_large_image","twitter_creator":"@BautizoComunion","twitter_site":"@BautizoComunion","twitter_misc":{"Escrito por":"publisher","Tiempo de lectura":"4 minutos"},"schema":{"@context":"https:\/\/schema.org","@graph":[{"@type":"Article","@id":"https:\/\/bautizoycomunion.com\/index.php\/2018\/01\/31\/empieza-la-temporada-de-comuniones-2018-ideas-de-tocados-diademas-y-regalos-personalizados\/#article","isPartOf":{"@id":"https:\/\/bautizoycomunion.com\/index.php\/2018\/01\/31\/empieza-la-temporada-de-comuniones-2018-ideas-de-tocados-diademas-y-regalos-personalizados\/"},"author":{"name":"publisher","@id":"https:\/\/bautizoycomunion.com\/#\/schema\/person\/71b91ab759bf77b5348a2f95d85e8ba0"},"headline":"Empieza la temporada de Comuniones 2018! Ideas de tocados, diademas y regalos personalizados","datePublished":"2018-01-31T08:00:57+00:00","dateModified":"2026-01-15T10:16:37+00:00","mainEntityOfPage":{"@id":"https:\/\/bautizoycomunion.com\/index.php\/2018\/01\/31\/empieza-la-temporada-de-comuniones-2018-ideas-de-tocados-diademas-y-regalos-personalizados\/"},"wordCount":479,"commentCount":0,"publisher":{"@id":"https:\/\/bautizoycomunion.com\/#organization"},"image":{"@id":"https:\/\/bautizoycomunion.com\/index.php\/2018\/01\/31\/empieza-la-temporada-de-comuniones-2018-ideas-de-tocados-diademas-y-regalos-personalizados\/#primaryimage"},"thumbnailUrl":"http:\/\/bautizoycomunion.com\/wp-content\/uploads\/2018\/01\/diademas-originales-de-comunion.jpg","keywords":["Adornos peinados comuniones","Collar Cruz","como hacer fotos bonitas de comunion","comuniones 2018","cruz comunion","cruz grabada con nombre","detalles comunion","diadema comunion","diademas","diademas primera comunion","ideas peinados comuni\u00f3n","recordatorio comunion","regalos comuni\u00f3n","Regalos Comuni\u00f3n Ni\u00f1as","regalos comunion personalizado","tocados","tocados comunion","Tocados Comuniones","vela personalizada","Velas personalizadas"],"articleSection":["Detalles para invitados y recordatorios de Comuni\u00f3n","Diademas para Bautizo","Regalos para Comuni\u00f3n","Tocados, diademas, coronas de flores y peinados Comuni\u00f3n","Todas las entradas"],"inLanguage":"es","potentialAction":[{"@type":"CommentAction","name":"Comment","target":["https:\/\/bautizoycomunion.com\/index.php\/2018\/01\/31\/empieza-la-temporada-de-comuniones-2018-ideas-de-tocados-diademas-y-regalos-personalizados\/#respond"]}]},{"@type":"WebPage","@id":"https:\/\/bautizoycomunion.com\/index.php\/2018\/01\/31\/empieza-la-temporada-de-comuniones-2018-ideas-de-tocados-diademas-y-regalos-personalizados\/","url":"https:\/\/bautizoycomunion.com\/index.php\/2018\/01\/31\/empieza-la-temporada-de-comuniones-2018-ideas-de-tocados-diademas-y-regalos-personalizados\/","name":"Empieza la temporada de Comuniones 2018! Ideas de tocados, diademas y regalos personalizados &#8211; Bautizo y Comunion","isPartOf":{"@id":"https:\/\/bautizoycomunion.com\/#website"},"primaryImageOfPage":{"@id":"https:\/\/bautizoycomunion.com\/index.php\/2018\/01\/31\/empieza-la-temporada-de-comuniones-2018-ideas-de-tocados-diademas-y-regalos-personalizados\/#primaryimage"},"image":{"@id":"https:\/\/bautizoycomunion.com\/index.php\/2018\/01\/31\/empieza-la-temporada-de-comuniones-2018-ideas-de-tocados-diademas-y-regalos-personalizados\/#primaryimage"},"thumbnailUrl":"http:\/\/bautizoycomunion.com\/wp-content\/uploads\/2018\/01\/diademas-originales-de-comunion.jpg","datePublished":"2018-01-31T08:00:57+00:00","dateModified":"2026-01-15T10:16:37+00:00","breadcrumb":{"@id":"https:\/\/bautizoycomunion.com\/index.php\/2018\/01\/31\/empieza-la-temporada-de-comuniones-2018-ideas-de-tocados-diademas-y-regalos-personalizados\/#breadcrumb"},"inLanguage":"es","potentialAction":[{"@type":"ReadAction","target":["https:\/\/bautizoycomunion.com\/index.php\/2018\/01\/31\/empieza-la-temporada-de-comuniones-2018-ideas-de-tocados-diademas-y-regalos-personalizados\/"]}]},{"@type":"ImageObject","inLanguage":"es","@id":"https:\/\/bautizoycomunion.com\/index.php\/2018\/01\/31\/empieza-la-temporada-de-comuniones-2018-ideas-de-tocados-diademas-y-regalos-personalizados\/#primaryimage","url":"https:\/\/bautizoycomunion.com\/wp-content\/uploads\/2018\/01\/diademas-originales-de-comunion.jpg","contentUrl":"https:\/\/bautizoycomunion.com\/wp-content\/uploads\/2018\/01\/diademas-originales-de-comunion.jpg","width":1100,"height":1275},{"@type":"BreadcrumbList","@id":"https:\/\/bautizoycomunion.com\/index.php\/2018\/01\/31\/empieza-la-temporada-de-comuniones-2018-ideas-de-tocados-diademas-y-regalos-personalizados\/#breadcrumb","itemListElement":[{"@type":"ListItem","position":1,"name":"Portada","item":"https:\/\/bautizoycomunion.com\/"},{"@type":"ListItem","position":2,"name":"Empieza la temporada de Comuniones 2018! Ideas de tocados, diademas y regalos personalizados"}]},{"@type":"WebSite","@id":"https:\/\/bautizoycomunion.com\/#website","url":"https:\/\/bautizoycomunion.com\/","name":"Bautizo y Comunion","description":"","publisher":{"@id":"https:\/\/bautizoycomunion.com\/#organization"},"potentialAction":[{"@type":"SearchAction","target":{"@type":"EntryPoint","urlTemplate":"https:\/\/bautizoycomunion.com\/?s={search_term_string}"},"query-input":{"@type":"PropertyValueSpecification","valueRequired":true,"valueName":"search_term_string"}}],"inLanguage":"es"},{"@type":"Organization","@id":"https:\/\/bautizoycomunion.com\/#organization","name":"Bautizo y Comunion","url":"https:\/\/bautizoycomunion.com\/","logo":{"@type":"ImageObject","inLanguage":"es","@id":"https:\/\/bautizoycomunion.com\/#\/schema\/logo\/image\/","url":"https:\/\/bautizoycomunion.com\/wp-content\/uploads\/2020\/02\/logo-bautizo-y-comunion.jpg","contentUrl":"https:\/\/bautizoycomunion.com\/wp-content\/uploads\/2020\/02\/logo-bautizo-y-comunion.jpg","width":128,"height":128,"caption":"Bautizo y Comunion"},"image":{"@id":"https:\/\/bautizoycomunion.com\/#\/schema\/logo\/image\/"},"sameAs":["https:\/\/www.facebook.com\/BautizosyComuniones","https:\/\/x.com\/BautizoComunion","https:\/\/www.instagram.com\/bautizoycomunion\/","https:\/\/www.pinterest.es\/BautizoComunion\/","https:\/\/www.youtube.com\/user\/BautizoyComunionTV"]},{"@type":"Person","@id":"https:\/\/bautizoycomunion.com\/#\/schema\/person\/71b91ab759bf77b5348a2f95d85e8ba0","name":"publisher","image":{"@type":"ImageObject","inLanguage":"es","@id":"https:\/\/bautizoycomunion.com\/#\/schema\/person\/image\/","url":"https:\/\/secure.gravatar.com\/avatar\/b678a6a8c15d6fa37228489ffa29aff56590dfc95fbec3aa2c2f2cc9013b082f?s=96&d=mm&r=g","contentUrl":"https:\/\/secure.gravatar.com\/avatar\/b678a6a8c15d6fa37228489ffa29aff56590dfc95fbec3aa2c2f2cc9013b082f?s=96&d=mm&r=g","caption":"publisher"}}]}},"_links":{"self":[{"href":"https:\/\/bautizoycomunion.com\/index.php\/wp-json\/wp\/v2\/posts\/9486","targetHints":{"allow":["GET"]}}],"collection":[{"href":"https:\/\/bautizoycomunion.com\/index.php\/wp-json\/wp\/v2\/posts"}],"about":[{"href":"https:\/\/bautizoycomunion.com\/index.php\/wp-json\/wp\/v2\/types\/post"}],"author":[{"embeddable":true,"href":"https:\/\/bautizoycomunion.com\/index.php\/wp-json\/wp\/v2\/users\/3"}],"replies":[{"embeddable":true,"href":"https:\/\/bautizoycomunion.com\/index.php\/wp-json\/wp\/v2\/comments?post=9486"}],"version-history":[{"count":11,"href":"https:\/\/bautizoycomunion.com\/index.php\/wp-json\/wp\/v2\/posts\/9486\/revisions"}],"predecessor-version":[{"id":11783,"href":"https:\/\/bautizoycomunion.com\/index.php\/wp-json\/wp\/v2\/posts\/9486\/revisions\/11783"}],"wp:attachment":[{"href":"https:\/\/bautizoycomunion.com\/index.php\/wp-json\/wp\/v2\/media?parent=9486"}],"wp:term":[{"taxonomy":"category","embeddable":true,"href":"https:\/\/bautizoycomunion.com\/index.php\/wp-json\/wp\/v2\/categories?post=9486"},{"taxonomy":"post_tag","embeddable":true,"href":"https:\/\/bautizoycomunion.com\/index.php\/wp-json\/wp\/v2\/tags?post=9486"}],"curies":[{"name":"wp","href":"https:\/\/api.w.org\/{rel}","templated":true}]}}