{"id":9736,"date":"2018-03-28T13:15:26","date_gmt":"2018-03-28T11:15:26","guid":{"rendered":"http:\/\/bautizoycomunion.com\/?p=9736"},"modified":"2018-03-21T15:16:16","modified_gmt":"2018-03-21T14:16:16","slug":"coronas-de-flores-naturales-de-patricia-llobera","status":"publish","type":"post","link":"https:\/\/bautizoycomunion.com\/index.php\/2018\/03\/28\/coronas-de-flores-naturales-de-patricia-llobera\/","title":{"rendered":"Coronas de flores naturales de Patricia Llobera"},"content":{"rendered":"<h2>Flores naturales para ni\u00f1as de Primera Comuni\u00f3n<\/h2>\n<p><strong>Patricia Llobera es dise\u00f1adora floral y de interiores<\/strong> y a parte de decorar casas, cenas, espacios y eventos e impartir talleres florales, es una <strong>especialista en la elaboraci\u00f3n de coronas de flores<\/strong>.<\/p>\n<p><img loading=\"lazy\" decoding=\"async\" class=\"alignnone size-full wp-image-9740\" style=\"font-size: 0.875em;\" src=\"http:\/\/bautizoycomunion.com\/wp-content\/uploads\/2018\/03\/corona-natural-para-comunion.jpg\" alt=\"\" width=\"1025\" height=\"1538\" srcset=\"https:\/\/bautizoycomunion.com\/wp-content\/uploads\/2018\/03\/corona-natural-para-comunion.jpg 1025w, https:\/\/bautizoycomunion.com\/wp-content\/uploads\/2018\/03\/corona-natural-para-comunion-200x300.jpg 200w, https:\/\/bautizoycomunion.com\/wp-content\/uploads\/2018\/03\/corona-natural-para-comunion-768x1152.jpg 768w, https:\/\/bautizoycomunion.com\/wp-content\/uploads\/2018\/03\/corona-natural-para-comunion-682x1024.jpg 682w\" sizes=\"auto, (max-width: 1025px) 100vw, 1025px\" \/><\/p>\n<p>Para nuestro Shooting en Aquaflor, Patricia nos prepar\u00f3 2 coronas de flores naturales y 1 tocado que combinaba hojas frescas con una peon\u00eda liofilizada, una peque\u00f1a obra de arte.<\/p>\n<p>Las <strong>coronas eran preciosas, grandes y abundantes<\/strong> &#8211; como est\u00e1 de moda ahora &#8211; combinando flores y hojas verdes. La corona que lleva nuestra modelo Claudia era en tonos rosas, blancos y verdes con fresias y peon\u00edas.<img loading=\"lazy\" decoding=\"async\" class=\"alignnone size-full wp-image-9738\" style=\"font-size: 0.875em;\" src=\"http:\/\/bautizoycomunion.com\/wp-content\/uploads\/2018\/03\/corona-de-flores.jpg\" alt=\"\" width=\"1025\" height=\"684\" srcset=\"https:\/\/bautizoycomunion.com\/wp-content\/uploads\/2018\/03\/corona-de-flores.jpg 1025w, https:\/\/bautizoycomunion.com\/wp-content\/uploads\/2018\/03\/corona-de-flores-300x200.jpg 300w, https:\/\/bautizoycomunion.com\/wp-content\/uploads\/2018\/03\/corona-de-flores-768x512.jpg 768w, https:\/\/bautizoycomunion.com\/wp-content\/uploads\/2018\/03\/corona-de-flores-1024x683.jpg 1024w\" sizes=\"auto, (max-width: 1025px) 100vw, 1025px\" \/><img loading=\"lazy\" decoding=\"async\" class=\"alignnone size-full wp-image-9737\" style=\"font-size: 0.875em;\" src=\"http:\/\/bautizoycomunion.com\/wp-content\/uploads\/2018\/03\/corona-azul.jpg\" alt=\"Coronas de flores Patricia Llobera\" width=\"1025\" height=\"763\" srcset=\"https:\/\/bautizoycomunion.com\/wp-content\/uploads\/2018\/03\/corona-azul.jpg 1025w, https:\/\/bautizoycomunion.com\/wp-content\/uploads\/2018\/03\/corona-azul-300x223.jpg 300w, https:\/\/bautizoycomunion.com\/wp-content\/uploads\/2018\/03\/corona-azul-768x572.jpg 768w, https:\/\/bautizoycomunion.com\/wp-content\/uploads\/2018\/03\/corona-azul-1024x762.jpg 1024w\" sizes=\"auto, (max-width: 1025px) 100vw, 1025px\" \/><\/p>\n<p>En esta foto Carlota lleva la segunda corona de flores, en tonos azules y verdes con hortensias y otras florecitas en los mismo tonos. La corona combina con la cinta azul y la cruz de Primera Comuni\u00f3n de Limonae.<img loading=\"lazy\" decoding=\"async\" class=\"alignnone size-full wp-image-9741\" style=\"font-size: 0.875em;\" src=\"http:\/\/bautizoycomunion.com\/wp-content\/uploads\/2018\/03\/coronas.jpg\" alt=\"\" width=\"1025\" height=\"691\" srcset=\"https:\/\/bautizoycomunion.com\/wp-content\/uploads\/2018\/03\/coronas.jpg 1025w, https:\/\/bautizoycomunion.com\/wp-content\/uploads\/2018\/03\/coronas-300x202.jpg 300w, https:\/\/bautizoycomunion.com\/wp-content\/uploads\/2018\/03\/coronas-768x518.jpg 768w, https:\/\/bautizoycomunion.com\/wp-content\/uploads\/2018\/03\/coronas-1024x690.jpg 1024w\" sizes=\"auto, (max-width: 1025px) 100vw, 1025px\" \/><img loading=\"lazy\" decoding=\"async\" class=\"alignnone size-full wp-image-9739\" style=\"font-size: 0.875em;\" src=\"http:\/\/bautizoycomunion.com\/wp-content\/uploads\/2018\/03\/corona-en-tonos-azules.jpg\" alt=\"\" width=\"1025\" height=\"1537\" srcset=\"https:\/\/bautizoycomunion.com\/wp-content\/uploads\/2018\/03\/corona-en-tonos-azules.jpg 1025w, https:\/\/bautizoycomunion.com\/wp-content\/uploads\/2018\/03\/corona-en-tonos-azules-200x300.jpg 200w, https:\/\/bautizoycomunion.com\/wp-content\/uploads\/2018\/03\/corona-en-tonos-azules-768x1152.jpg 768w, https:\/\/bautizoycomunion.com\/wp-content\/uploads\/2018\/03\/corona-en-tonos-azules-683x1024.jpg 683w\" sizes=\"auto, (max-width: 1025px) 100vw, 1025px\" \/><\/p>\n<p>Las <strong>coronas de flores naturales y los tocados de flores se llevan cada vez m\u00e1s<\/strong> y la verdad es que favorecen a las ni\u00f1as much\u00edsimo. Adem\u00e1s son sencillas de poner y no hace falta elaborar peinados muy complicados, con llevar el pelo suelto y peinado es suficiente. Se sujetan con unas pinzas y ya est\u00e1, listas para el gran d\u00eda.<\/p>\n<p>Os recomendamos que contact\u00e9is con Patricia con suficiente tiempo, para <strong>definir juntas la corona<\/strong>, elegir los tonos que m\u00e1s os gusten y seguro que tambi\u00e9n podr\u00e9is elegir las flores que m\u00e1s os gusten. Seguro que a la peque\u00f1a protagonista le har\u00e1 mucha ilusi\u00f3n todo este proceso de preparaci\u00f3n hasta que por fin llegue este <strong>d\u00eda tan esperado, la Primera Comuni\u00f3n<\/strong>.<img loading=\"lazy\" decoding=\"async\" class=\"alignnone size-full wp-image-9742\" style=\"font-size: 0.875em;\" src=\"http:\/\/bautizoycomunion.com\/wp-content\/uploads\/2018\/03\/coronas-con-flores-secas.jpg\" alt=\"\" width=\"1025\" height=\"1540\" srcset=\"https:\/\/bautizoycomunion.com\/wp-content\/uploads\/2018\/03\/coronas-con-flores-secas.jpg 1025w, https:\/\/bautizoycomunion.com\/wp-content\/uploads\/2018\/03\/coronas-con-flores-secas-200x300.jpg 200w, https:\/\/bautizoycomunion.com\/wp-content\/uploads\/2018\/03\/coronas-con-flores-secas-768x1154.jpg 768w, https:\/\/bautizoycomunion.com\/wp-content\/uploads\/2018\/03\/coronas-con-flores-secas-682x1024.jpg 682w\" sizes=\"auto, (max-width: 1025px) 100vw, 1025px\" \/><\/p>\n<p>Pod\u00e9is contactar con Patricia por mail en <a href=\"mailto:pata20@icloud.com\" target=\"_blank\" rel=\"noopener\">pata20@icloud.com<\/a> o directamente por tel\u00e9fono en el +34 636481777.<\/p>\n<p><strong>COLABORADORES<\/strong><br \/>\nVestidos- <a href=\"https:\/\/www.pilicarrera.com\/es\/comunion-coleccion\/\" target=\"_blank\" rel=\"noopener\"><strong>Pili Carrera<\/strong><\/a>.<br \/>\nJoyeria online, joyas personalizadas y detalles para invitados-\u00a0<a href=\"https:\/\/limonae.com\/80-regalos-personalizados-para-comuniones\" target=\"_blank\" rel=\"noopener\"><strong>Limonae<\/strong><\/a><br \/>\nFlores- <a href=\"https:\/\/www.instagram.com\/patallobera\/\" target=\"_blank\" rel=\"noopener\"><strong>Patricia Llobera<\/strong><\/a><br \/>\nZapatos- <strong><a href=\"http:\/\/www.artesaniamarialuisa.com\/\" target=\"_blank\" rel=\"noopener\">Maria Luisa Artesania<\/a><\/strong><br \/>\nFotograf\u00eda y video- <a href=\"http:\/\/silviadecastro.com\/\" target=\"_blank\" rel=\"noopener\">Silvia de Castro<\/a><br \/>\nLocalizaci\u00f3n- <a href=\"https:\/\/www.instagram.com\/aquaflorfirenze_es\/\" target=\"_blank\" rel=\"noopener\"><strong>Aquaflor<\/strong><\/a><\/p>\n","protected":false},"excerpt":{"rendered":"<p>Flores naturales para ni\u00f1as de Primera Comuni\u00f3n Patricia Llobera es dise\u00f1adora floral y de interiores y a parte de decorar casas, cenas, espacios y eventos e impartir talleres florales, es una especialista en la elaboraci\u00f3n de coronas de flores. Para nuestro Shooting en Aquaflor, Patricia nos prepar\u00f3 2 coronas de &hellip; <a class=\"more-link\" href=\"https:\/\/bautizoycomunion.com\/index.php\/2018\/03\/28\/coronas-de-flores-naturales-de-patricia-llobera\/\"><span class=\"more-msg\">Sigue leyendo &rarr;<\/span><\/a><\/p>\n","protected":false},"author":3,"featured_media":0,"comment_status":"closed","ping_status":"open","sticky":false,"template":"","format":"standard","meta":{"footnotes":""},"categories":[1111,7,15,16],"tags":[211,1067,213,1069,1109,1150],"class_list":["post-9736","post","type-post","status-publish","format-standard","hentry","category-diademas-bautizo","category-flores","category-tocados-y-coronas","category-uncategorized","tag-coronas-de-flores","tag-coronas-de-flores-naturales","tag-coronas-flores","tag-coronas-flores-comunion","tag-flores-para-el-pelo","tag-patricia-llobera"],"yoast_head":"<!-- This site is optimized with the Yoast SEO plugin v26.1.1 - https:\/\/yoast.com\/wordpress\/plugins\/seo\/ -->\n<title>Coronas de flores naturales de Patricia Llobera &#8211; Bautizo y Comunion<\/title>\n<meta name=\"robots\" content=\"index, follow, max-snippet:-1, max-image-preview:large, max-video-preview:-1\" \/>\n<link rel=\"canonical\" href=\"https:\/\/bautizoycomunion.com\/index.php\/2018\/03\/28\/coronas-de-flores-naturales-de-patricia-llobera\/\" \/>\n<meta property=\"og:locale\" content=\"es_ES\" \/>\n<meta property=\"og:type\" content=\"article\" \/>\n<meta property=\"og:title\" content=\"Coronas de flores naturales de Patricia Llobera &#8211; Bautizo y Comunion\" \/>\n<meta property=\"og:description\" content=\"Flores naturales para ni\u00f1as de Primera Comuni\u00f3n Patricia Llobera es dise\u00f1adora floral y de interiores y a parte de decorar casas, cenas, espacios y eventos e impartir talleres florales, es una especialista en la elaboraci\u00f3n de coronas de flores. Para nuestro Shooting en Aquaflor, Patricia nos prepar\u00f3 2 coronas de &hellip; Sigue leyendo &rarr;\" \/>\n<meta property=\"og:url\" content=\"https:\/\/bautizoycomunion.com\/index.php\/2018\/03\/28\/coronas-de-flores-naturales-de-patricia-llobera\/\" \/>\n<meta property=\"og:site_name\" content=\"Bautizo y Comunion\" \/>\n<meta property=\"article:publisher\" content=\"https:\/\/www.facebook.com\/BautizosyComuniones\" \/>\n<meta property=\"article:published_time\" content=\"2018-03-28T11:15:26+00:00\" \/>\n<meta property=\"og:image\" content=\"https:\/\/bautizoycomunion.com\/wp-content\/uploads\/2018\/03\/corona-natural-para-comunion.jpg\" \/>\n\t<meta property=\"og:image:width\" content=\"1025\" \/>\n\t<meta property=\"og:image:height\" content=\"1538\" \/>\n\t<meta property=\"og:image:type\" content=\"image\/jpeg\" \/>\n<meta name=\"author\" content=\"publisher\" \/>\n<meta name=\"twitter:card\" content=\"summary_large_image\" \/>\n<meta name=\"twitter:creator\" content=\"@BautizoComunion\" \/>\n<meta name=\"twitter:site\" content=\"@BautizoComunion\" \/>\n<meta name=\"twitter:label1\" content=\"Escrito por\" \/>\n\t<meta name=\"twitter:data1\" content=\"publisher\" \/>\n\t<meta name=\"twitter:label2\" content=\"Tiempo de lectura\" \/>\n\t<meta name=\"twitter:data2\" content=\"2 minutos\" \/>\n<script type=\"application\/ld+json\" class=\"yoast-schema-graph\">{\"@context\":\"https:\/\/schema.org\",\"@graph\":[{\"@type\":\"Article\",\"@id\":\"https:\/\/bautizoycomunion.com\/index.php\/2018\/03\/28\/coronas-de-flores-naturales-de-patricia-llobera\/#article\",\"isPartOf\":{\"@id\":\"https:\/\/bautizoycomunion.com\/index.php\/2018\/03\/28\/coronas-de-flores-naturales-de-patricia-llobera\/\"},\"author\":{\"name\":\"publisher\",\"@id\":\"https:\/\/bautizoycomunion.com\/#\/schema\/person\/71b91ab759bf77b5348a2f95d85e8ba0\"},\"headline\":\"Coronas de flores naturales de Patricia Llobera\",\"datePublished\":\"2018-03-28T11:15:26+00:00\",\"mainEntityOfPage\":{\"@id\":\"https:\/\/bautizoycomunion.com\/index.php\/2018\/03\/28\/coronas-de-flores-naturales-de-patricia-llobera\/\"},\"wordCount\":340,\"publisher\":{\"@id\":\"https:\/\/bautizoycomunion.com\/#organization\"},\"image\":{\"@id\":\"https:\/\/bautizoycomunion.com\/index.php\/2018\/03\/28\/coronas-de-flores-naturales-de-patricia-llobera\/#primaryimage\"},\"thumbnailUrl\":\"http:\/\/bautizoycomunion.com\/wp-content\/uploads\/2018\/03\/corona-natural-para-comunion.jpg\",\"keywords\":[\"coronas de flores\",\"coronas de flores naturales\",\"coronas flores\",\"coronas flores comunion\",\"flores para el pelo\",\"patricia llobera\"],\"articleSection\":[\"Diademas para Bautizo\",\"Flores\",\"Tocados, diademas, coronas de flores y peinados Comuni\u00f3n\",\"Todas las entradas\"],\"inLanguage\":\"es\"},{\"@type\":\"WebPage\",\"@id\":\"https:\/\/bautizoycomunion.com\/index.php\/2018\/03\/28\/coronas-de-flores-naturales-de-patricia-llobera\/\",\"url\":\"https:\/\/bautizoycomunion.com\/index.php\/2018\/03\/28\/coronas-de-flores-naturales-de-patricia-llobera\/\",\"name\":\"Coronas de flores naturales de Patricia Llobera &#8211; Bautizo y Comunion\",\"isPartOf\":{\"@id\":\"https:\/\/bautizoycomunion.com\/#website\"},\"primaryImageOfPage\":{\"@id\":\"https:\/\/bautizoycomunion.com\/index.php\/2018\/03\/28\/coronas-de-flores-naturales-de-patricia-llobera\/#primaryimage\"},\"image\":{\"@id\":\"https:\/\/bautizoycomunion.com\/index.php\/2018\/03\/28\/coronas-de-flores-naturales-de-patricia-llobera\/#primaryimage\"},\"thumbnailUrl\":\"http:\/\/bautizoycomunion.com\/wp-content\/uploads\/2018\/03\/corona-natural-para-comunion.jpg\",\"datePublished\":\"2018-03-28T11:15:26+00:00\",\"breadcrumb\":{\"@id\":\"https:\/\/bautizoycomunion.com\/index.php\/2018\/03\/28\/coronas-de-flores-naturales-de-patricia-llobera\/#breadcrumb\"},\"inLanguage\":\"es\",\"potentialAction\":[{\"@type\":\"ReadAction\",\"target\":[\"https:\/\/bautizoycomunion.com\/index.php\/2018\/03\/28\/coronas-de-flores-naturales-de-patricia-llobera\/\"]}]},{\"@type\":\"ImageObject\",\"inLanguage\":\"es\",\"@id\":\"https:\/\/bautizoycomunion.com\/index.php\/2018\/03\/28\/coronas-de-flores-naturales-de-patricia-llobera\/#primaryimage\",\"url\":\"https:\/\/bautizoycomunion.com\/wp-content\/uploads\/2018\/03\/corona-natural-para-comunion.jpg\",\"contentUrl\":\"https:\/\/bautizoycomunion.com\/wp-content\/uploads\/2018\/03\/corona-natural-para-comunion.jpg\",\"width\":1025,\"height\":1538},{\"@type\":\"BreadcrumbList\",\"@id\":\"https:\/\/bautizoycomunion.com\/index.php\/2018\/03\/28\/coronas-de-flores-naturales-de-patricia-llobera\/#breadcrumb\",\"itemListElement\":[{\"@type\":\"ListItem\",\"position\":1,\"name\":\"Portada\",\"item\":\"https:\/\/bautizoycomunion.com\/\"},{\"@type\":\"ListItem\",\"position\":2,\"name\":\"Coronas de flores naturales de Patricia Llobera\"}]},{\"@type\":\"WebSite\",\"@id\":\"https:\/\/bautizoycomunion.com\/#website\",\"url\":\"https:\/\/bautizoycomunion.com\/\",\"name\":\"Bautizo y Comunion\",\"description\":\"\",\"publisher\":{\"@id\":\"https:\/\/bautizoycomunion.com\/#organization\"},\"potentialAction\":[{\"@type\":\"SearchAction\",\"target\":{\"@type\":\"EntryPoint\",\"urlTemplate\":\"https:\/\/bautizoycomunion.com\/?s={search_term_string}\"},\"query-input\":{\"@type\":\"PropertyValueSpecification\",\"valueRequired\":true,\"valueName\":\"search_term_string\"}}],\"inLanguage\":\"es\"},{\"@type\":\"Organization\",\"@id\":\"https:\/\/bautizoycomunion.com\/#organization\",\"name\":\"Bautizo y Comunion\",\"url\":\"https:\/\/bautizoycomunion.com\/\",\"logo\":{\"@type\":\"ImageObject\",\"inLanguage\":\"es\",\"@id\":\"https:\/\/bautizoycomunion.com\/#\/schema\/logo\/image\/\",\"url\":\"https:\/\/bautizoycomunion.com\/wp-content\/uploads\/2020\/02\/logo-bautizo-y-comunion.jpg\",\"contentUrl\":\"https:\/\/bautizoycomunion.com\/wp-content\/uploads\/2020\/02\/logo-bautizo-y-comunion.jpg\",\"width\":128,\"height\":128,\"caption\":\"Bautizo y Comunion\"},\"image\":{\"@id\":\"https:\/\/bautizoycomunion.com\/#\/schema\/logo\/image\/\"},\"sameAs\":[\"https:\/\/www.facebook.com\/BautizosyComuniones\",\"https:\/\/x.com\/BautizoComunion\",\"https:\/\/www.instagram.com\/bautizoycomunion\/\",\"https:\/\/www.pinterest.es\/BautizoComunion\/\",\"https:\/\/www.youtube.com\/user\/BautizoyComunionTV\"]},{\"@type\":\"Person\",\"@id\":\"https:\/\/bautizoycomunion.com\/#\/schema\/person\/71b91ab759bf77b5348a2f95d85e8ba0\",\"name\":\"publisher\",\"image\":{\"@type\":\"ImageObject\",\"inLanguage\":\"es\",\"@id\":\"https:\/\/bautizoycomunion.com\/#\/schema\/person\/image\/\",\"url\":\"https:\/\/secure.gravatar.com\/avatar\/b678a6a8c15d6fa37228489ffa29aff56590dfc95fbec3aa2c2f2cc9013b082f?s=96&d=mm&r=g\",\"contentUrl\":\"https:\/\/secure.gravatar.com\/avatar\/b678a6a8c15d6fa37228489ffa29aff56590dfc95fbec3aa2c2f2cc9013b082f?s=96&d=mm&r=g\",\"caption\":\"publisher\"}}]}<\/script>\n<!-- \/ Yoast SEO plugin. -->","yoast_head_json":{"title":"Coronas de flores naturales de Patricia Llobera &#8211; Bautizo y Comunion","robots":{"index":"index","follow":"follow","max-snippet":"max-snippet:-1","max-image-preview":"max-image-preview:large","max-video-preview":"max-video-preview:-1"},"canonical":"https:\/\/bautizoycomunion.com\/index.php\/2018\/03\/28\/coronas-de-flores-naturales-de-patricia-llobera\/","og_locale":"es_ES","og_type":"article","og_title":"Coronas de flores naturales de Patricia Llobera &#8211; Bautizo y Comunion","og_description":"Flores naturales para ni\u00f1as de Primera Comuni\u00f3n Patricia Llobera es dise\u00f1adora floral y de interiores y a parte de decorar casas, cenas, espacios y eventos e impartir talleres florales, es una especialista en la elaboraci\u00f3n de coronas de flores. Para nuestro Shooting en Aquaflor, Patricia nos prepar\u00f3 2 coronas de &hellip; Sigue leyendo &rarr;","og_url":"https:\/\/bautizoycomunion.com\/index.php\/2018\/03\/28\/coronas-de-flores-naturales-de-patricia-llobera\/","og_site_name":"Bautizo y Comunion","article_publisher":"https:\/\/www.facebook.com\/BautizosyComuniones","article_published_time":"2018-03-28T11:15:26+00:00","og_image":[{"width":1025,"height":1538,"url":"https:\/\/bautizoycomunion.com\/wp-content\/uploads\/2018\/03\/corona-natural-para-comunion.jpg","type":"image\/jpeg"}],"author":"publisher","twitter_card":"summary_large_image","twitter_creator":"@BautizoComunion","twitter_site":"@BautizoComunion","twitter_misc":{"Escrito por":"publisher","Tiempo de lectura":"2 minutos"},"schema":{"@context":"https:\/\/schema.org","@graph":[{"@type":"Article","@id":"https:\/\/bautizoycomunion.com\/index.php\/2018\/03\/28\/coronas-de-flores-naturales-de-patricia-llobera\/#article","isPartOf":{"@id":"https:\/\/bautizoycomunion.com\/index.php\/2018\/03\/28\/coronas-de-flores-naturales-de-patricia-llobera\/"},"author":{"name":"publisher","@id":"https:\/\/bautizoycomunion.com\/#\/schema\/person\/71b91ab759bf77b5348a2f95d85e8ba0"},"headline":"Coronas de flores naturales de Patricia Llobera","datePublished":"2018-03-28T11:15:26+00:00","mainEntityOfPage":{"@id":"https:\/\/bautizoycomunion.com\/index.php\/2018\/03\/28\/coronas-de-flores-naturales-de-patricia-llobera\/"},"wordCount":340,"publisher":{"@id":"https:\/\/bautizoycomunion.com\/#organization"},"image":{"@id":"https:\/\/bautizoycomunion.com\/index.php\/2018\/03\/28\/coronas-de-flores-naturales-de-patricia-llobera\/#primaryimage"},"thumbnailUrl":"http:\/\/bautizoycomunion.com\/wp-content\/uploads\/2018\/03\/corona-natural-para-comunion.jpg","keywords":["coronas de flores","coronas de flores naturales","coronas flores","coronas flores comunion","flores para el pelo","patricia llobera"],"articleSection":["Diademas para Bautizo","Flores","Tocados, diademas, coronas de flores y peinados Comuni\u00f3n","Todas las entradas"],"inLanguage":"es"},{"@type":"WebPage","@id":"https:\/\/bautizoycomunion.com\/index.php\/2018\/03\/28\/coronas-de-flores-naturales-de-patricia-llobera\/","url":"https:\/\/bautizoycomunion.com\/index.php\/2018\/03\/28\/coronas-de-flores-naturales-de-patricia-llobera\/","name":"Coronas de flores naturales de Patricia Llobera &#8211; Bautizo y Comunion","isPartOf":{"@id":"https:\/\/bautizoycomunion.com\/#website"},"primaryImageOfPage":{"@id":"https:\/\/bautizoycomunion.com\/index.php\/2018\/03\/28\/coronas-de-flores-naturales-de-patricia-llobera\/#primaryimage"},"image":{"@id":"https:\/\/bautizoycomunion.com\/index.php\/2018\/03\/28\/coronas-de-flores-naturales-de-patricia-llobera\/#primaryimage"},"thumbnailUrl":"http:\/\/bautizoycomunion.com\/wp-content\/uploads\/2018\/03\/corona-natural-para-comunion.jpg","datePublished":"2018-03-28T11:15:26+00:00","breadcrumb":{"@id":"https:\/\/bautizoycomunion.com\/index.php\/2018\/03\/28\/coronas-de-flores-naturales-de-patricia-llobera\/#breadcrumb"},"inLanguage":"es","potentialAction":[{"@type":"ReadAction","target":["https:\/\/bautizoycomunion.com\/index.php\/2018\/03\/28\/coronas-de-flores-naturales-de-patricia-llobera\/"]}]},{"@type":"ImageObject","inLanguage":"es","@id":"https:\/\/bautizoycomunion.com\/index.php\/2018\/03\/28\/coronas-de-flores-naturales-de-patricia-llobera\/#primaryimage","url":"https:\/\/bautizoycomunion.com\/wp-content\/uploads\/2018\/03\/corona-natural-para-comunion.jpg","contentUrl":"https:\/\/bautizoycomunion.com\/wp-content\/uploads\/2018\/03\/corona-natural-para-comunion.jpg","width":1025,"height":1538},{"@type":"BreadcrumbList","@id":"https:\/\/bautizoycomunion.com\/index.php\/2018\/03\/28\/coronas-de-flores-naturales-de-patricia-llobera\/#breadcrumb","itemListElement":[{"@type":"ListItem","position":1,"name":"Portada","item":"https:\/\/bautizoycomunion.com\/"},{"@type":"ListItem","position":2,"name":"Coronas de flores naturales de Patricia Llobera"}]},{"@type":"WebSite","@id":"https:\/\/bautizoycomunion.com\/#website","url":"https:\/\/bautizoycomunion.com\/","name":"Bautizo y Comunion","description":"","publisher":{"@id":"https:\/\/bautizoycomunion.com\/#organization"},"potentialAction":[{"@type":"SearchAction","target":{"@type":"EntryPoint","urlTemplate":"https:\/\/bautizoycomunion.com\/?s={search_term_string}"},"query-input":{"@type":"PropertyValueSpecification","valueRequired":true,"valueName":"search_term_string"}}],"inLanguage":"es"},{"@type":"Organization","@id":"https:\/\/bautizoycomunion.com\/#organization","name":"Bautizo y Comunion","url":"https:\/\/bautizoycomunion.com\/","logo":{"@type":"ImageObject","inLanguage":"es","@id":"https:\/\/bautizoycomunion.com\/#\/schema\/logo\/image\/","url":"https:\/\/bautizoycomunion.com\/wp-content\/uploads\/2020\/02\/logo-bautizo-y-comunion.jpg","contentUrl":"https:\/\/bautizoycomunion.com\/wp-content\/uploads\/2020\/02\/logo-bautizo-y-comunion.jpg","width":128,"height":128,"caption":"Bautizo y Comunion"},"image":{"@id":"https:\/\/bautizoycomunion.com\/#\/schema\/logo\/image\/"},"sameAs":["https:\/\/www.facebook.com\/BautizosyComuniones","https:\/\/x.com\/BautizoComunion","https:\/\/www.instagram.com\/bautizoycomunion\/","https:\/\/www.pinterest.es\/BautizoComunion\/","https:\/\/www.youtube.com\/user\/BautizoyComunionTV"]},{"@type":"Person","@id":"https:\/\/bautizoycomunion.com\/#\/schema\/person\/71b91ab759bf77b5348a2f95d85e8ba0","name":"publisher","image":{"@type":"ImageObject","inLanguage":"es","@id":"https:\/\/bautizoycomunion.com\/#\/schema\/person\/image\/","url":"https:\/\/secure.gravatar.com\/avatar\/b678a6a8c15d6fa37228489ffa29aff56590dfc95fbec3aa2c2f2cc9013b082f?s=96&d=mm&r=g","contentUrl":"https:\/\/secure.gravatar.com\/avatar\/b678a6a8c15d6fa37228489ffa29aff56590dfc95fbec3aa2c2f2cc9013b082f?s=96&d=mm&r=g","caption":"publisher"}}]}},"_links":{"self":[{"href":"https:\/\/bautizoycomunion.com\/index.php\/wp-json\/wp\/v2\/posts\/9736","targetHints":{"allow":["GET"]}}],"collection":[{"href":"https:\/\/bautizoycomunion.com\/index.php\/wp-json\/wp\/v2\/posts"}],"about":[{"href":"https:\/\/bautizoycomunion.com\/index.php\/wp-json\/wp\/v2\/types\/post"}],"author":[{"embeddable":true,"href":"https:\/\/bautizoycomunion.com\/index.php\/wp-json\/wp\/v2\/users\/3"}],"replies":[{"embeddable":true,"href":"https:\/\/bautizoycomunion.com\/index.php\/wp-json\/wp\/v2\/comments?post=9736"}],"version-history":[{"count":11,"href":"https:\/\/bautizoycomunion.com\/index.php\/wp-json\/wp\/v2\/posts\/9736\/revisions"}],"predecessor-version":[{"id":9753,"href":"https:\/\/bautizoycomunion.com\/index.php\/wp-json\/wp\/v2\/posts\/9736\/revisions\/9753"}],"wp:attachment":[{"href":"https:\/\/bautizoycomunion.com\/index.php\/wp-json\/wp\/v2\/media?parent=9736"}],"wp:term":[{"taxonomy":"category","embeddable":true,"href":"https:\/\/bautizoycomunion.com\/index.php\/wp-json\/wp\/v2\/categories?post=9736"},{"taxonomy":"post_tag","embeddable":true,"href":"https:\/\/bautizoycomunion.com\/index.php\/wp-json\/wp\/v2\/tags?post=9736"}],"curies":[{"name":"wp","href":"https:\/\/api.w.org\/{rel}","templated":true}]}}