{"id":9890,"date":"2018-10-10T17:47:38","date_gmt":"2018-10-10T15:47:38","guid":{"rendered":"http:\/\/bautizoycomunion.com\/?p=9890"},"modified":"2018-11-14T19:30:34","modified_gmt":"2018-11-14T18:30:34","slug":"coleccion-comunion-2019-hortensia-maeso","status":"publish","type":"post","link":"https:\/\/bautizoycomunion.com\/index.php\/2018\/10\/10\/coleccion-comunion-2019-hortensia-maeso\/","title":{"rendered":"Colecci\u00f3n Comuni\u00f3n 2019 Hortensia Maeso"},"content":{"rendered":"<h1>Vestidos de Primera Comuni\u00f3n para ni\u00f1as<\/h1>\n<p>Si el otro d\u00eda habl\u00e1bamos de los trajes de Comuni\u00f3n para chicos de <strong>Hortensia Maeso<\/strong>, hoy toca ense\u00f1ar los vestidos para ni\u00f1as de la nueva colecci\u00f3n Comuni\u00f3n 2019.<\/p>\n<p><img loading=\"lazy\" decoding=\"async\" class=\"aligncenter size-full wp-image-9891\" src=\"http:\/\/bautizoycomunion.com\/wp-content\/uploads\/2018\/10\/coleccion-comunion-2019-hortensia-Maeso.jpg\" alt=\"nueva coleccion comunion 2019\" width=\"1200\" height=\"800\" srcset=\"https:\/\/bautizoycomunion.com\/wp-content\/uploads\/2018\/10\/coleccion-comunion-2019-hortensia-Maeso.jpg 1200w, https:\/\/bautizoycomunion.com\/wp-content\/uploads\/2018\/10\/coleccion-comunion-2019-hortensia-Maeso-300x200.jpg 300w, https:\/\/bautizoycomunion.com\/wp-content\/uploads\/2018\/10\/coleccion-comunion-2019-hortensia-Maeso-768x512.jpg 768w, https:\/\/bautizoycomunion.com\/wp-content\/uploads\/2018\/10\/coleccion-comunion-2019-hortensia-Maeso-1024x683.jpg 1024w\" sizes=\"auto, (max-width: 1200px) 100vw, 1200px\" \/><\/p>\n<p>Nos hemos quedado impresionados con los maravillosos vestidos y las impresionantes ni\u00f1as y fotos.<\/p>\n<p>Nos ha encantado este vestido con espalda en V combinado con una gran lazada. Cada vez m\u00e1s vemos que la ni\u00f1as llevan alpargatas el dia de su Comuni\u00f3n una alternativa a las bailarinas cl\u00e1sicas, mucho m\u00e1s c\u00f3moda ya que no hace rozaduras!!<\/p>\n<p><img loading=\"lazy\" decoding=\"async\" class=\"aligncenter size-full wp-image-9892\" src=\"http:\/\/bautizoycomunion.com\/wp-content\/uploads\/2018\/10\/fajines-y-lazos-vestidos-de-comunion.jpg\" alt=\"lazada vestido comunion\" width=\"1200\" height=\"800\" srcset=\"https:\/\/bautizoycomunion.com\/wp-content\/uploads\/2018\/10\/fajines-y-lazos-vestidos-de-comunion.jpg 1200w, https:\/\/bautizoycomunion.com\/wp-content\/uploads\/2018\/10\/fajines-y-lazos-vestidos-de-comunion-300x200.jpg 300w, https:\/\/bautizoycomunion.com\/wp-content\/uploads\/2018\/10\/fajines-y-lazos-vestidos-de-comunion-768x512.jpg 768w, https:\/\/bautizoycomunion.com\/wp-content\/uploads\/2018\/10\/fajines-y-lazos-vestidos-de-comunion-1024x683.jpg 1024w\" sizes=\"auto, (max-width: 1200px) 100vw, 1200px\" \/><\/p>\n<p>Este vestido corte imperio queda preciosos combinado con la torera o \u00abscalda cuore\u00bb como dicen los italianos, con transparencias en las mangas.<\/p>\n<p>Sublime el encaje a los pies del vestido.<\/p>\n<p><img loading=\"lazy\" decoding=\"async\" class=\"aligncenter size-full wp-image-9893\" src=\"http:\/\/bautizoycomunion.com\/wp-content\/uploads\/2018\/10\/hortensia-maeso-comunion-2019-vestido.jpg\" alt=\"vestidos de comunion especiales\" width=\"1100\" height=\"1345\" srcset=\"https:\/\/bautizoycomunion.com\/wp-content\/uploads\/2018\/10\/hortensia-maeso-comunion-2019-vestido.jpg 1100w, https:\/\/bautizoycomunion.com\/wp-content\/uploads\/2018\/10\/hortensia-maeso-comunion-2019-vestido-245x300.jpg 245w, https:\/\/bautizoycomunion.com\/wp-content\/uploads\/2018\/10\/hortensia-maeso-comunion-2019-vestido-768x939.jpg 768w, https:\/\/bautizoycomunion.com\/wp-content\/uploads\/2018\/10\/hortensia-maeso-comunion-2019-vestido-837x1024.jpg 837w\" sizes=\"auto, (max-width: 1100px) 100vw, 1100px\" \/><\/p>\n<p>Los que vemos cada vez m\u00e1s en todas las firmas y por supuesto en Hortensia Maeso es como cuidan los accesorios. En esta foto podemos ver un elaborado cintur\u00f3n con flores a juego del tocado.<\/p>\n<p><img loading=\"lazy\" decoding=\"async\" class=\"aligncenter size-full wp-image-9894\" src=\"http:\/\/bautizoycomunion.com\/wp-content\/uploads\/2018\/10\/traje-comunion-ni\u00f1a-hortensia-maeso.jpg\" alt=\"tocados comunion\" width=\"1100\" height=\"1650\" srcset=\"https:\/\/bautizoycomunion.com\/wp-content\/uploads\/2018\/10\/traje-comunion-ni\u00f1a-hortensia-maeso.jpg 1100w, https:\/\/bautizoycomunion.com\/wp-content\/uploads\/2018\/10\/traje-comunion-ni\u00f1a-hortensia-maeso-200x300.jpg 200w, https:\/\/bautizoycomunion.com\/wp-content\/uploads\/2018\/10\/traje-comunion-ni\u00f1a-hortensia-maeso-768x1152.jpg 768w, https:\/\/bautizoycomunion.com\/wp-content\/uploads\/2018\/10\/traje-comunion-ni\u00f1a-hortensia-maeso-683x1024.jpg 683w\" sizes=\"auto, (max-width: 1100px) 100vw, 1100px\" \/><\/p>\n<p>Para el d\u00eda de la Primera Comuni\u00f3n de tu hija, elige un vestido que se adapte a su personalidad, hay ni\u00f1as que son muy movidas y no paran de correr ni de jugar; para \u00e9ste tipo de ni\u00f1as lo ideal es un vestido corto de Comuni\u00f3n. Estos vestidos, adem\u00e1s de igual de bonitos y elegantes son muy c\u00f3modos ya que permite moverse a la ni\u00f1a libremente sin miedo a tropezarse y caerse.<\/p>\n<p><img loading=\"lazy\" decoding=\"async\" class=\"aligncenter size-full wp-image-9895\" src=\"http:\/\/bautizoycomunion.com\/wp-content\/uploads\/2018\/10\/vestidos-cortos-de-comunion-hortensia-maeso.jpg\" alt=\"vestidos cortos de comunion\" width=\"1200\" height=\"1200\" srcset=\"https:\/\/bautizoycomunion.com\/wp-content\/uploads\/2018\/10\/vestidos-cortos-de-comunion-hortensia-maeso.jpg 1200w, https:\/\/bautizoycomunion.com\/wp-content\/uploads\/2018\/10\/vestidos-cortos-de-comunion-hortensia-maeso-150x150.jpg 150w, https:\/\/bautizoycomunion.com\/wp-content\/uploads\/2018\/10\/vestidos-cortos-de-comunion-hortensia-maeso-300x300.jpg 300w, https:\/\/bautizoycomunion.com\/wp-content\/uploads\/2018\/10\/vestidos-cortos-de-comunion-hortensia-maeso-768x768.jpg 768w, https:\/\/bautizoycomunion.com\/wp-content\/uploads\/2018\/10\/vestidos-cortos-de-comunion-hortensia-maeso-1024x1024.jpg 1024w\" sizes=\"auto, (max-width: 1200px) 100vw, 1200px\" \/><\/p>\n<p>Viva ese punto original, divertido y moderno, del detalle del faj\u00edn con print de leopardo. \u00bfNo os parece rompedor?<\/p>\n<p>Los vestidos de Primera Comuni\u00f3n suelen ser conservadores y cl\u00e1sicos. Es divertido a\u00f1adirles alg\u00fan peque\u00f1o detalle que los haga m\u00e1s modernos.<\/p>\n<p><img loading=\"lazy\" decoding=\"async\" class=\"aligncenter size-full wp-image-9896\" src=\"http:\/\/bautizoycomunion.com\/wp-content\/uploads\/2018\/10\/vestidos-de-comunion-especiales-fajines.jpg\" alt=\"fajines para vestidos de comunion\" width=\"1200\" height=\"800\" srcset=\"https:\/\/bautizoycomunion.com\/wp-content\/uploads\/2018\/10\/vestidos-de-comunion-especiales-fajines.jpg 1200w, https:\/\/bautizoycomunion.com\/wp-content\/uploads\/2018\/10\/vestidos-de-comunion-especiales-fajines-300x200.jpg 300w, https:\/\/bautizoycomunion.com\/wp-content\/uploads\/2018\/10\/vestidos-de-comunion-especiales-fajines-768x512.jpg 768w, https:\/\/bautizoycomunion.com\/wp-content\/uploads\/2018\/10\/vestidos-de-comunion-especiales-fajines-1024x683.jpg 1024w\" sizes=\"auto, (max-width: 1200px) 100vw, 1200px\" \/><\/p>\n<p>A mi personalmente me encantan los vestidos rom\u00e1nticos inspirados en un estilo retro. Encajes, balenciens, jaipur&#8230; todo vale si se trata de un vestido para un d\u00eda tan especial.<\/p>\n<p>Este vestido largo con manga francesas calada es espectacular. Me encanta\u00a0 tambi\u00e9n que lo haya combinado con flores de tela que le dan ese aire tan rom\u00e1ntico que tanto me gusta.<\/p>\n<p><img loading=\"lazy\" decoding=\"async\" class=\"aligncenter size-full wp-image-9897\" src=\"http:\/\/bautizoycomunion.com\/wp-content\/uploads\/2018\/10\/vestidos-de-comunion-hortensia-maeso-2019.jpg\" alt=\"vestidos de comunion de encajes\" width=\"1200\" height=\"1200\" srcset=\"https:\/\/bautizoycomunion.com\/wp-content\/uploads\/2018\/10\/vestidos-de-comunion-hortensia-maeso-2019.jpg 1200w, https:\/\/bautizoycomunion.com\/wp-content\/uploads\/2018\/10\/vestidos-de-comunion-hortensia-maeso-2019-150x150.jpg 150w, https:\/\/bautizoycomunion.com\/wp-content\/uploads\/2018\/10\/vestidos-de-comunion-hortensia-maeso-2019-300x300.jpg 300w, https:\/\/bautizoycomunion.com\/wp-content\/uploads\/2018\/10\/vestidos-de-comunion-hortensia-maeso-2019-768x768.jpg 768w, https:\/\/bautizoycomunion.com\/wp-content\/uploads\/2018\/10\/vestidos-de-comunion-hortensia-maeso-2019-1024x1024.jpg 1024w\" sizes=\"auto, (max-width: 1200px) 100vw, 1200px\" \/><\/p>\n<p>Enhorabuena <strong>Hortensia Maeso<\/strong> por \u00e9sta impresionante colecci\u00f3n.<\/p>\n","protected":false},"excerpt":{"rendered":"<p>Vestidos de Primera Comuni\u00f3n para ni\u00f1as Si el otro d\u00eda habl\u00e1bamos de los trajes de Comuni\u00f3n para chicos de Hortensia Maeso, hoy toca ense\u00f1ar los vestidos para ni\u00f1as de la nueva colecci\u00f3n Comuni\u00f3n 2019. Nos hemos quedado impresionados con los maravillosos vestidos y las impresionantes ni\u00f1as y fotos. Nos ha &hellip; <a class=\"more-link\" href=\"https:\/\/bautizoycomunion.com\/index.php\/2018\/10\/10\/coleccion-comunion-2019-hortensia-maeso\/\"><span class=\"more-msg\">Sigue leyendo &rarr;<\/span><\/a><\/p>\n","protected":false},"author":1,"featured_media":0,"comment_status":"closed","ping_status":"open","sticky":false,"template":"","format":"standard","meta":{"footnotes":""},"categories":[16,19],"tags":[1196,1197,1195,455,943,1198],"class_list":["post-9890","post","type-post","status-publish","format-standard","hentry","category-uncategorized","category-vestidos-de-comunion","tag-coleccion-comunion","tag-coleccion-comunion-2019","tag-fajin-vestido-comunion","tag-hortensia-maeso","tag-vestidos-comunion","tag-vestidos-para-comunion"],"yoast_head":"<!-- This site is optimized with the Yoast SEO plugin v26.1.1 - https:\/\/yoast.com\/wordpress\/plugins\/seo\/ -->\n<title>Colecci\u00f3n Comuni\u00f3n 2019 Hortensia Maeso &#8211; Bautizo y Comunion<\/title>\n<meta name=\"robots\" content=\"index, follow, max-snippet:-1, max-image-preview:large, max-video-preview:-1\" \/>\n<link rel=\"canonical\" href=\"https:\/\/bautizoycomunion.com\/index.php\/2018\/10\/10\/coleccion-comunion-2019-hortensia-maeso\/\" \/>\n<meta property=\"og:locale\" content=\"es_ES\" \/>\n<meta property=\"og:type\" content=\"article\" \/>\n<meta property=\"og:title\" content=\"Colecci\u00f3n Comuni\u00f3n 2019 Hortensia Maeso &#8211; Bautizo y Comunion\" \/>\n<meta property=\"og:description\" content=\"Vestidos de Primera Comuni\u00f3n para ni\u00f1as Si el otro d\u00eda habl\u00e1bamos de los trajes de Comuni\u00f3n para chicos de Hortensia Maeso, hoy toca ense\u00f1ar los vestidos para ni\u00f1as de la nueva colecci\u00f3n Comuni\u00f3n 2019. Nos hemos quedado impresionados con los maravillosos vestidos y las impresionantes ni\u00f1as y fotos. Nos ha &hellip; Sigue leyendo &rarr;\" \/>\n<meta property=\"og:url\" content=\"https:\/\/bautizoycomunion.com\/index.php\/2018\/10\/10\/coleccion-comunion-2019-hortensia-maeso\/\" \/>\n<meta property=\"og:site_name\" content=\"Bautizo y Comunion\" \/>\n<meta property=\"article:publisher\" content=\"https:\/\/www.facebook.com\/BautizosyComuniones\" \/>\n<meta property=\"article:published_time\" content=\"2018-10-10T15:47:38+00:00\" \/>\n<meta property=\"article:modified_time\" content=\"2018-11-14T18:30:34+00:00\" \/>\n<meta property=\"og:image\" content=\"https:\/\/bautizoycomunion.com\/wp-content\/uploads\/2018\/10\/coleccion-comunion-2019-hortensia-Maeso.jpg\" \/>\n\t<meta property=\"og:image:width\" content=\"1200\" \/>\n\t<meta property=\"og:image:height\" content=\"800\" \/>\n\t<meta property=\"og:image:type\" content=\"image\/jpeg\" \/>\n<meta name=\"author\" content=\"Mar\" \/>\n<meta name=\"twitter:card\" content=\"summary_large_image\" \/>\n<meta name=\"twitter:creator\" content=\"@BautizoComunion\" \/>\n<meta name=\"twitter:site\" content=\"@BautizoComunion\" \/>\n<meta name=\"twitter:label1\" content=\"Escrito por\" \/>\n\t<meta name=\"twitter:data1\" content=\"Mar\" \/>\n\t<meta name=\"twitter:label2\" content=\"Tiempo de lectura\" \/>\n\t<meta name=\"twitter:data2\" content=\"2 minutos\" \/>\n<script type=\"application\/ld+json\" class=\"yoast-schema-graph\">{\"@context\":\"https:\/\/schema.org\",\"@graph\":[{\"@type\":\"Article\",\"@id\":\"https:\/\/bautizoycomunion.com\/index.php\/2018\/10\/10\/coleccion-comunion-2019-hortensia-maeso\/#article\",\"isPartOf\":{\"@id\":\"https:\/\/bautizoycomunion.com\/index.php\/2018\/10\/10\/coleccion-comunion-2019-hortensia-maeso\/\"},\"author\":{\"name\":\"Mar\",\"@id\":\"https:\/\/bautizoycomunion.com\/#\/schema\/person\/12e57d2607b3ab06cbc6c8a7f65949d6\"},\"headline\":\"Colecci\u00f3n Comuni\u00f3n 2019 Hortensia Maeso\",\"datePublished\":\"2018-10-10T15:47:38+00:00\",\"dateModified\":\"2018-11-14T18:30:34+00:00\",\"mainEntityOfPage\":{\"@id\":\"https:\/\/bautizoycomunion.com\/index.php\/2018\/10\/10\/coleccion-comunion-2019-hortensia-maeso\/\"},\"wordCount\":377,\"publisher\":{\"@id\":\"https:\/\/bautizoycomunion.com\/#organization\"},\"image\":{\"@id\":\"https:\/\/bautizoycomunion.com\/index.php\/2018\/10\/10\/coleccion-comunion-2019-hortensia-maeso\/#primaryimage\"},\"thumbnailUrl\":\"http:\/\/bautizoycomunion.com\/wp-content\/uploads\/2018\/10\/coleccion-comunion-2019-hortensia-Maeso.jpg\",\"keywords\":[\"coleccion comunion\",\"coleccion comunion 2019\",\"fajin vestido comunion\",\"Hortensia Maeso\",\"vestidos comunion\",\"vestidos para comunion\"],\"articleSection\":[\"Todas las entradas\",\"Vestidos, trajes y zapatos de Comuni\u00f3n\"],\"inLanguage\":\"es\"},{\"@type\":\"WebPage\",\"@id\":\"https:\/\/bautizoycomunion.com\/index.php\/2018\/10\/10\/coleccion-comunion-2019-hortensia-maeso\/\",\"url\":\"https:\/\/bautizoycomunion.com\/index.php\/2018\/10\/10\/coleccion-comunion-2019-hortensia-maeso\/\",\"name\":\"Colecci\u00f3n Comuni\u00f3n 2019 Hortensia Maeso &#8211; Bautizo y Comunion\",\"isPartOf\":{\"@id\":\"https:\/\/bautizoycomunion.com\/#website\"},\"primaryImageOfPage\":{\"@id\":\"https:\/\/bautizoycomunion.com\/index.php\/2018\/10\/10\/coleccion-comunion-2019-hortensia-maeso\/#primaryimage\"},\"image\":{\"@id\":\"https:\/\/bautizoycomunion.com\/index.php\/2018\/10\/10\/coleccion-comunion-2019-hortensia-maeso\/#primaryimage\"},\"thumbnailUrl\":\"http:\/\/bautizoycomunion.com\/wp-content\/uploads\/2018\/10\/coleccion-comunion-2019-hortensia-Maeso.jpg\",\"datePublished\":\"2018-10-10T15:47:38+00:00\",\"dateModified\":\"2018-11-14T18:30:34+00:00\",\"breadcrumb\":{\"@id\":\"https:\/\/bautizoycomunion.com\/index.php\/2018\/10\/10\/coleccion-comunion-2019-hortensia-maeso\/#breadcrumb\"},\"inLanguage\":\"es\",\"potentialAction\":[{\"@type\":\"ReadAction\",\"target\":[\"https:\/\/bautizoycomunion.com\/index.php\/2018\/10\/10\/coleccion-comunion-2019-hortensia-maeso\/\"]}]},{\"@type\":\"ImageObject\",\"inLanguage\":\"es\",\"@id\":\"https:\/\/bautizoycomunion.com\/index.php\/2018\/10\/10\/coleccion-comunion-2019-hortensia-maeso\/#primaryimage\",\"url\":\"https:\/\/bautizoycomunion.com\/wp-content\/uploads\/2018\/10\/coleccion-comunion-2019-hortensia-Maeso.jpg\",\"contentUrl\":\"https:\/\/bautizoycomunion.com\/wp-content\/uploads\/2018\/10\/coleccion-comunion-2019-hortensia-Maeso.jpg\",\"width\":1200,\"height\":800,\"caption\":\"nueva coleccion comunion 2019\"},{\"@type\":\"BreadcrumbList\",\"@id\":\"https:\/\/bautizoycomunion.com\/index.php\/2018\/10\/10\/coleccion-comunion-2019-hortensia-maeso\/#breadcrumb\",\"itemListElement\":[{\"@type\":\"ListItem\",\"position\":1,\"name\":\"Portada\",\"item\":\"https:\/\/bautizoycomunion.com\/\"},{\"@type\":\"ListItem\",\"position\":2,\"name\":\"Colecci\u00f3n Comuni\u00f3n 2019 Hortensia Maeso\"}]},{\"@type\":\"WebSite\",\"@id\":\"https:\/\/bautizoycomunion.com\/#website\",\"url\":\"https:\/\/bautizoycomunion.com\/\",\"name\":\"Bautizo y Comunion\",\"description\":\"\",\"publisher\":{\"@id\":\"https:\/\/bautizoycomunion.com\/#organization\"},\"potentialAction\":[{\"@type\":\"SearchAction\",\"target\":{\"@type\":\"EntryPoint\",\"urlTemplate\":\"https:\/\/bautizoycomunion.com\/?s={search_term_string}\"},\"query-input\":{\"@type\":\"PropertyValueSpecification\",\"valueRequired\":true,\"valueName\":\"search_term_string\"}}],\"inLanguage\":\"es\"},{\"@type\":\"Organization\",\"@id\":\"https:\/\/bautizoycomunion.com\/#organization\",\"name\":\"Bautizo y Comunion\",\"url\":\"https:\/\/bautizoycomunion.com\/\",\"logo\":{\"@type\":\"ImageObject\",\"inLanguage\":\"es\",\"@id\":\"https:\/\/bautizoycomunion.com\/#\/schema\/logo\/image\/\",\"url\":\"https:\/\/bautizoycomunion.com\/wp-content\/uploads\/2020\/02\/logo-bautizo-y-comunion.jpg\",\"contentUrl\":\"https:\/\/bautizoycomunion.com\/wp-content\/uploads\/2020\/02\/logo-bautizo-y-comunion.jpg\",\"width\":128,\"height\":128,\"caption\":\"Bautizo y Comunion\"},\"image\":{\"@id\":\"https:\/\/bautizoycomunion.com\/#\/schema\/logo\/image\/\"},\"sameAs\":[\"https:\/\/www.facebook.com\/BautizosyComuniones\",\"https:\/\/x.com\/BautizoComunion\",\"https:\/\/www.instagram.com\/bautizoycomunion\/\",\"https:\/\/www.pinterest.es\/BautizoComunion\/\",\"https:\/\/www.youtube.com\/user\/BautizoyComunionTV\"]},{\"@type\":\"Person\",\"@id\":\"https:\/\/bautizoycomunion.com\/#\/schema\/person\/12e57d2607b3ab06cbc6c8a7f65949d6\",\"name\":\"Mar\",\"image\":{\"@type\":\"ImageObject\",\"inLanguage\":\"es\",\"@id\":\"https:\/\/bautizoycomunion.com\/#\/schema\/person\/image\/\",\"url\":\"https:\/\/secure.gravatar.com\/avatar\/71e69d02c62d24b5ab647c982f7ab3d63ba828e112128713a54d5890a8fa5610?s=96&d=mm&r=g\",\"contentUrl\":\"https:\/\/secure.gravatar.com\/avatar\/71e69d02c62d24b5ab647c982f7ab3d63ba828e112128713a54d5890a8fa5610?s=96&d=mm&r=g\",\"caption\":\"Mar\"}}]}<\/script>\n<!-- \/ Yoast SEO plugin. -->","yoast_head_json":{"title":"Colecci\u00f3n Comuni\u00f3n 2019 Hortensia Maeso &#8211; Bautizo y Comunion","robots":{"index":"index","follow":"follow","max-snippet":"max-snippet:-1","max-image-preview":"max-image-preview:large","max-video-preview":"max-video-preview:-1"},"canonical":"https:\/\/bautizoycomunion.com\/index.php\/2018\/10\/10\/coleccion-comunion-2019-hortensia-maeso\/","og_locale":"es_ES","og_type":"article","og_title":"Colecci\u00f3n Comuni\u00f3n 2019 Hortensia Maeso &#8211; Bautizo y Comunion","og_description":"Vestidos de Primera Comuni\u00f3n para ni\u00f1as Si el otro d\u00eda habl\u00e1bamos de los trajes de Comuni\u00f3n para chicos de Hortensia Maeso, hoy toca ense\u00f1ar los vestidos para ni\u00f1as de la nueva colecci\u00f3n Comuni\u00f3n 2019. Nos hemos quedado impresionados con los maravillosos vestidos y las impresionantes ni\u00f1as y fotos. Nos ha &hellip; Sigue leyendo &rarr;","og_url":"https:\/\/bautizoycomunion.com\/index.php\/2018\/10\/10\/coleccion-comunion-2019-hortensia-maeso\/","og_site_name":"Bautizo y Comunion","article_publisher":"https:\/\/www.facebook.com\/BautizosyComuniones","article_published_time":"2018-10-10T15:47:38+00:00","article_modified_time":"2018-11-14T18:30:34+00:00","og_image":[{"width":1200,"height":800,"url":"https:\/\/bautizoycomunion.com\/wp-content\/uploads\/2018\/10\/coleccion-comunion-2019-hortensia-Maeso.jpg","type":"image\/jpeg"}],"author":"Mar","twitter_card":"summary_large_image","twitter_creator":"@BautizoComunion","twitter_site":"@BautizoComunion","twitter_misc":{"Escrito por":"Mar","Tiempo de lectura":"2 minutos"},"schema":{"@context":"https:\/\/schema.org","@graph":[{"@type":"Article","@id":"https:\/\/bautizoycomunion.com\/index.php\/2018\/10\/10\/coleccion-comunion-2019-hortensia-maeso\/#article","isPartOf":{"@id":"https:\/\/bautizoycomunion.com\/index.php\/2018\/10\/10\/coleccion-comunion-2019-hortensia-maeso\/"},"author":{"name":"Mar","@id":"https:\/\/bautizoycomunion.com\/#\/schema\/person\/12e57d2607b3ab06cbc6c8a7f65949d6"},"headline":"Colecci\u00f3n Comuni\u00f3n 2019 Hortensia Maeso","datePublished":"2018-10-10T15:47:38+00:00","dateModified":"2018-11-14T18:30:34+00:00","mainEntityOfPage":{"@id":"https:\/\/bautizoycomunion.com\/index.php\/2018\/10\/10\/coleccion-comunion-2019-hortensia-maeso\/"},"wordCount":377,"publisher":{"@id":"https:\/\/bautizoycomunion.com\/#organization"},"image":{"@id":"https:\/\/bautizoycomunion.com\/index.php\/2018\/10\/10\/coleccion-comunion-2019-hortensia-maeso\/#primaryimage"},"thumbnailUrl":"http:\/\/bautizoycomunion.com\/wp-content\/uploads\/2018\/10\/coleccion-comunion-2019-hortensia-Maeso.jpg","keywords":["coleccion comunion","coleccion comunion 2019","fajin vestido comunion","Hortensia Maeso","vestidos comunion","vestidos para comunion"],"articleSection":["Todas las entradas","Vestidos, trajes y zapatos de Comuni\u00f3n"],"inLanguage":"es"},{"@type":"WebPage","@id":"https:\/\/bautizoycomunion.com\/index.php\/2018\/10\/10\/coleccion-comunion-2019-hortensia-maeso\/","url":"https:\/\/bautizoycomunion.com\/index.php\/2018\/10\/10\/coleccion-comunion-2019-hortensia-maeso\/","name":"Colecci\u00f3n Comuni\u00f3n 2019 Hortensia Maeso &#8211; Bautizo y Comunion","isPartOf":{"@id":"https:\/\/bautizoycomunion.com\/#website"},"primaryImageOfPage":{"@id":"https:\/\/bautizoycomunion.com\/index.php\/2018\/10\/10\/coleccion-comunion-2019-hortensia-maeso\/#primaryimage"},"image":{"@id":"https:\/\/bautizoycomunion.com\/index.php\/2018\/10\/10\/coleccion-comunion-2019-hortensia-maeso\/#primaryimage"},"thumbnailUrl":"http:\/\/bautizoycomunion.com\/wp-content\/uploads\/2018\/10\/coleccion-comunion-2019-hortensia-Maeso.jpg","datePublished":"2018-10-10T15:47:38+00:00","dateModified":"2018-11-14T18:30:34+00:00","breadcrumb":{"@id":"https:\/\/bautizoycomunion.com\/index.php\/2018\/10\/10\/coleccion-comunion-2019-hortensia-maeso\/#breadcrumb"},"inLanguage":"es","potentialAction":[{"@type":"ReadAction","target":["https:\/\/bautizoycomunion.com\/index.php\/2018\/10\/10\/coleccion-comunion-2019-hortensia-maeso\/"]}]},{"@type":"ImageObject","inLanguage":"es","@id":"https:\/\/bautizoycomunion.com\/index.php\/2018\/10\/10\/coleccion-comunion-2019-hortensia-maeso\/#primaryimage","url":"https:\/\/bautizoycomunion.com\/wp-content\/uploads\/2018\/10\/coleccion-comunion-2019-hortensia-Maeso.jpg","contentUrl":"https:\/\/bautizoycomunion.com\/wp-content\/uploads\/2018\/10\/coleccion-comunion-2019-hortensia-Maeso.jpg","width":1200,"height":800,"caption":"nueva coleccion comunion 2019"},{"@type":"BreadcrumbList","@id":"https:\/\/bautizoycomunion.com\/index.php\/2018\/10\/10\/coleccion-comunion-2019-hortensia-maeso\/#breadcrumb","itemListElement":[{"@type":"ListItem","position":1,"name":"Portada","item":"https:\/\/bautizoycomunion.com\/"},{"@type":"ListItem","position":2,"name":"Colecci\u00f3n Comuni\u00f3n 2019 Hortensia Maeso"}]},{"@type":"WebSite","@id":"https:\/\/bautizoycomunion.com\/#website","url":"https:\/\/bautizoycomunion.com\/","name":"Bautizo y Comunion","description":"","publisher":{"@id":"https:\/\/bautizoycomunion.com\/#organization"},"potentialAction":[{"@type":"SearchAction","target":{"@type":"EntryPoint","urlTemplate":"https:\/\/bautizoycomunion.com\/?s={search_term_string}"},"query-input":{"@type":"PropertyValueSpecification","valueRequired":true,"valueName":"search_term_string"}}],"inLanguage":"es"},{"@type":"Organization","@id":"https:\/\/bautizoycomunion.com\/#organization","name":"Bautizo y Comunion","url":"https:\/\/bautizoycomunion.com\/","logo":{"@type":"ImageObject","inLanguage":"es","@id":"https:\/\/bautizoycomunion.com\/#\/schema\/logo\/image\/","url":"https:\/\/bautizoycomunion.com\/wp-content\/uploads\/2020\/02\/logo-bautizo-y-comunion.jpg","contentUrl":"https:\/\/bautizoycomunion.com\/wp-content\/uploads\/2020\/02\/logo-bautizo-y-comunion.jpg","width":128,"height":128,"caption":"Bautizo y Comunion"},"image":{"@id":"https:\/\/bautizoycomunion.com\/#\/schema\/logo\/image\/"},"sameAs":["https:\/\/www.facebook.com\/BautizosyComuniones","https:\/\/x.com\/BautizoComunion","https:\/\/www.instagram.com\/bautizoycomunion\/","https:\/\/www.pinterest.es\/BautizoComunion\/","https:\/\/www.youtube.com\/user\/BautizoyComunionTV"]},{"@type":"Person","@id":"https:\/\/bautizoycomunion.com\/#\/schema\/person\/12e57d2607b3ab06cbc6c8a7f65949d6","name":"Mar","image":{"@type":"ImageObject","inLanguage":"es","@id":"https:\/\/bautizoycomunion.com\/#\/schema\/person\/image\/","url":"https:\/\/secure.gravatar.com\/avatar\/71e69d02c62d24b5ab647c982f7ab3d63ba828e112128713a54d5890a8fa5610?s=96&d=mm&r=g","contentUrl":"https:\/\/secure.gravatar.com\/avatar\/71e69d02c62d24b5ab647c982f7ab3d63ba828e112128713a54d5890a8fa5610?s=96&d=mm&r=g","caption":"Mar"}}]}},"_links":{"self":[{"href":"https:\/\/bautizoycomunion.com\/index.php\/wp-json\/wp\/v2\/posts\/9890","targetHints":{"allow":["GET"]}}],"collection":[{"href":"https:\/\/bautizoycomunion.com\/index.php\/wp-json\/wp\/v2\/posts"}],"about":[{"href":"https:\/\/bautizoycomunion.com\/index.php\/wp-json\/wp\/v2\/types\/post"}],"author":[{"embeddable":true,"href":"https:\/\/bautizoycomunion.com\/index.php\/wp-json\/wp\/v2\/users\/1"}],"replies":[{"embeddable":true,"href":"https:\/\/bautizoycomunion.com\/index.php\/wp-json\/wp\/v2\/comments?post=9890"}],"version-history":[{"count":3,"href":"https:\/\/bautizoycomunion.com\/index.php\/wp-json\/wp\/v2\/posts\/9890\/revisions"}],"predecessor-version":[{"id":9992,"href":"https:\/\/bautizoycomunion.com\/index.php\/wp-json\/wp\/v2\/posts\/9890\/revisions\/9992"}],"wp:attachment":[{"href":"https:\/\/bautizoycomunion.com\/index.php\/wp-json\/wp\/v2\/media?parent=9890"}],"wp:term":[{"taxonomy":"category","embeddable":true,"href":"https:\/\/bautizoycomunion.com\/index.php\/wp-json\/wp\/v2\/categories?post=9890"},{"taxonomy":"post_tag","embeddable":true,"href":"https:\/\/bautizoycomunion.com\/index.php\/wp-json\/wp\/v2\/tags?post=9890"}],"curies":[{"name":"wp","href":"https:\/\/api.w.org\/{rel}","templated":true}]}}